{"id":6492,"date":"2023-03-31T16:58:40","date_gmt":"2023-03-31T22:58:40","guid":{"rendered":"https:\/\/elpuucnoticias.com\/?p=6492"},"modified":"2023-03-31T16:58:41","modified_gmt":"2023-03-31T22:58:41","slug":"arranca-sict-operativo-vacacional-de-semana-santa-en-carreteras-y-terminales-de-autobuses","status":"publish","type":"post","link":"https:\/\/elpuucnoticias.com\/?p=6492","title":{"rendered":"Arranca SICT operativo vacacional de Semana Santa en carreteras y terminales de autobuses"},"content":{"rendered":"\n<p>La Secretar\u00eda de Infraestructura, Comunicaciones y Transportes (SICT)<br>informa que a partir de ma\u00f1ana primero de abril inicia el operativo<br>vacacional #SemanaSanta2023 en carreteras federales y terminales de<br>autobuses de pasajeros, para brindar seguridad y prevenir accidentes.<br>En este programa especial, en vigor hasta el 16 de abril, participar\u00e1n<br>servidores p\u00fablicos de la Direcci\u00f3n General de Protecci\u00f3n y Medicina<br>Preventiva en el Transporte (DGPMPT), de la Direcci\u00f3n General de<br>Autotransporte Federal (DGAF) y de los Centros SICT, en coordinaci\u00f3n<br>con elementos de la Guardia Nacional.<\/p>\n\n\n\n<figure class=\"wp-block-image size-large\"><img loading=\"lazy\" decoding=\"async\" width=\"1024\" height=\"791\" src=\"https:\/\/elpuucnoticias.com\/wp-content\/uploads\/2023\/03\/WhatsApp-Image-2023-03-31-at-2.38.25-PM-1-1024x791.jpeg\" alt=\"\" class=\"wp-image-6494\" srcset=\"https:\/\/elpuucnoticias.com\/wp-content\/uploads\/2023\/03\/WhatsApp-Image-2023-03-31-at-2.38.25-PM-1-1024x791.jpeg 1024w, https:\/\/elpuucnoticias.com\/wp-content\/uploads\/2023\/03\/WhatsApp-Image-2023-03-31-at-2.38.25-PM-1-300x232.jpeg 300w, https:\/\/elpuucnoticias.com\/wp-content\/uploads\/2023\/03\/WhatsApp-Image-2023-03-31-at-2.38.25-PM-1-768x593.jpeg 768w, https:\/\/elpuucnoticias.com\/wp-content\/uploads\/2023\/03\/WhatsApp-Image-2023-03-31-at-2.38.25-PM-1-1536x1187.jpeg 1536w, https:\/\/elpuucnoticias.com\/wp-content\/uploads\/2023\/03\/WhatsApp-Image-2023-03-31-at-2.38.25-PM-1.jpeg 1600w\" sizes=\"auto, (max-width: 1024px) 100vw, 1024px\" \/><\/figure>\n\n\n\n<p>Se dar\u00e1 prioridad, con objetivos preventivos, a 26 puntos carreteros del<br>territorio nacional identificados por su siniestralidad, incluyendo<br>terminales de autobuses.<\/p>\n\n\n\n<p>Entre las medidas de la DGPMPT est\u00e1n verificar la integridad psicof\u00edsica<br>del personal (operador), para lo cual se realizar\u00e1n ex\u00e1menes m\u00e9dicos en<br>operaci\u00f3n que comprenden: inspecci\u00f3n general; interrogatorio<br>intencionado; valoraci\u00f3n de signos vitales y de reflejos oculares,<br>osteotendinosos y coordinaci\u00f3n psicomotriz; exploraci\u00f3n de \u00e1rea<br>cardiaca; detecci\u00f3n de ingesti\u00f3n de bebidas alcoh\u00f3licas, y valoraci\u00f3n de<br>signos de cansancio.<\/p>\n\n\n\n<p>Asimismo, se realizar\u00e1n ex\u00e1menes toxicol\u00f3gicos para la detecci\u00f3n de<br>sustancias psicotr\u00f3picas o estupefacientes.<br>En tanto, la DGAF llevar\u00e1 a cabo revisi\u00f3n de unidades en el transporte<br>p\u00fablico federal, a trav\u00e9s de operativos de Peso y Dimensiones y de<br>Condiciones F\u00edsico-Mec\u00e1nicas de los veh\u00edculos de autotransporte<br>federal y privado de carga en carreteras de jurisdicci\u00f3n federal.<\/p>\n\n\n\n<p>Para ello, se explorar\u00e1 las condiciones f\u00edsico-mec\u00e1nicas en autobuses de<br>las principales terminales de pasajeros, con el fin de que estos cumplan<br>con las condiciones de seguridad para prestar el servicio.<\/p>\n\n\n\n<p>Entre los objetivos est\u00e1n el de constatar que el autotransporte cumpla<br>con los pesos y las dimensiones m\u00e1ximas establecidas en la norma<br>respectiva para transitar en las carreteras de jurisdicci\u00f3n federal.<br>De la misma manera, se verificar\u00e1 las condiciones f\u00edsico-mec\u00e1nicas de<br>los veh\u00edculos de carga y de los autobuses en las principales terminales<br>de pasajeros para garantizar la seguridad de los viajeros.<\/p>\n\n\n\n<p>Ello de acuerdo con el procedimiento establecido en la Norma Oficial<br>Mexicana NOM-068-SCT-2-2014, a fin de constatar que los veh\u00edculos del<br>servicio de autotransporte federal de carga y el transporte privado de<br>carga, cumplan con lo establecido en dicha normatividad.<br>La verificaci\u00f3n estar\u00e1 enfocada principalmente en la revisi\u00f3n del<br>sistema de frenos, ruedas, rines y llantas.<\/p>\n\n\n\n<p>La SICT reitera su compromiso de prevenir accidentes para una mejor<br>seguridad vial en las carreteras federales en este per\u00edodo vacacional de beneficio de los usuarios.<\/p>\n","protected":false},"excerpt":{"rendered":"<p>La Secretar\u00eda de Infraestructura, Comunicaciones y Transportes (SICT)informa que a partir de ma\u00f1ana primero de abril inicia el<\/p>\n","protected":false},"author":1,"featured_media":6493,"comment_status":"closed","ping_status":"open","sticky":false,"template":"","format":"standard","meta":{"_monsterinsights_skip_tracking":false,"_monsterinsights_sitenote_active":false,"_monsterinsights_sitenote_note":"","_monsterinsights_sitenote_category":0,"footnotes":""},"categories":[11,5],"tags":[],"class_list":["post-6492","post","type-post","status-publish","format-standard","has-post-thumbnail","hentry","category-noticias","category-tendencias"],"yoast_head":"<!-- This site is optimized with the Yoast SEO plugin v18.3 - https:\/\/yoast.com\/wordpress\/plugins\/seo\/ -->\n<title>Arranca SICT operativo vacacional de Semana Santa en carreteras y terminales de autobuses - El Puuc Noticias<\/title>\n<meta name=\"robots\" content=\"index, follow, max-snippet:-1, max-image-preview:large, max-video-preview:-1\" \/>\n<link rel=\"canonical\" href=\"https:\/\/elpuucnoticias.com\/?p=6492\" \/>\n<meta property=\"og:locale\" content=\"es_ES\" \/>\n<meta property=\"og:type\" content=\"article\" \/>\n<meta property=\"og:title\" content=\"Arranca SICT operativo vacacional de Semana Santa en carreteras y terminales de autobuses - El Puuc Noticias\" \/>\n<meta property=\"og:description\" content=\"La Secretar\u00eda de Infraestructura, Comunicaciones y Transportes (SICT)informa que a partir de ma\u00f1ana primero de abril inicia el\" \/>\n<meta property=\"og:url\" content=\"https:\/\/elpuucnoticias.com\/?p=6492\" \/>\n<meta property=\"og:site_name\" content=\"El Puuc Noticias\" \/>\n<meta property=\"article:published_time\" content=\"2023-03-31T22:58:40+00:00\" \/>\n<meta property=\"article:modified_time\" content=\"2023-03-31T22:58:41+00:00\" \/>\n<meta property=\"og:image\" content=\"https:\/\/elpuucnoticias.com\/wp-content\/uploads\/2023\/03\/WhatsApp-Image-2023-03-31-at-2.38.25-PM.jpeg\" \/>\n\t<meta property=\"og:image:width\" content=\"1600\" \/>\n\t<meta property=\"og:image:height\" content=\"1236\" \/>\n\t<meta property=\"og:image:type\" content=\"image\/jpeg\" \/>\n<meta name=\"twitter:card\" content=\"summary_large_image\" \/>\n<meta name=\"twitter:label1\" content=\"Escrito por\" \/>\n\t<meta name=\"twitter:data1\" content=\"elpuucnoticias\" \/>\n\t<meta name=\"twitter:label2\" content=\"Tiempo de lectura\" \/>\n\t<meta name=\"twitter:data2\" content=\"3 minutos\" \/>\n<script type=\"application\/ld+json\" class=\"yoast-schema-graph\">{\"@context\":\"https:\/\/schema.org\",\"@graph\":[{\"@type\":\"WebSite\",\"@id\":\"https:\/\/elpuucnoticias.com\/#website\",\"url\":\"https:\/\/elpuucnoticias.com\/\",\"name\":\"El Puuc Noticias\",\"description\":\"Noticias - Entretenimiento - Deportes\",\"potentialAction\":[{\"@type\":\"SearchAction\",\"target\":{\"@type\":\"EntryPoint\",\"urlTemplate\":\"https:\/\/elpuucnoticias.com\/?s={search_term_string}\"},\"query-input\":\"required name=search_term_string\"}],\"inLanguage\":\"es\"},{\"@type\":\"ImageObject\",\"@id\":\"https:\/\/elpuucnoticias.com\/?p=6492#primaryimage\",\"inLanguage\":\"es\",\"url\":\"https:\/\/elpuucnoticias.com\/wp-content\/uploads\/2023\/03\/WhatsApp-Image-2023-03-31-at-2.38.25-PM.jpeg\",\"contentUrl\":\"https:\/\/elpuucnoticias.com\/wp-content\/uploads\/2023\/03\/WhatsApp-Image-2023-03-31-at-2.38.25-PM.jpeg\",\"width\":1600,\"height\":1236},{\"@type\":\"WebPage\",\"@id\":\"https:\/\/elpuucnoticias.com\/?p=6492#webpage\",\"url\":\"https:\/\/elpuucnoticias.com\/?p=6492\",\"name\":\"Arranca SICT operativo vacacional de Semana Santa en carreteras y terminales de autobuses - El Puuc Noticias\",\"isPartOf\":{\"@id\":\"https:\/\/elpuucnoticias.com\/#website\"},\"primaryImageOfPage\":{\"@id\":\"https:\/\/elpuucnoticias.com\/?p=6492#primaryimage\"},\"datePublished\":\"2023-03-31T22:58:40+00:00\",\"dateModified\":\"2023-03-31T22:58:41+00:00\",\"author\":{\"@id\":\"https:\/\/elpuucnoticias.com\/#\/schema\/person\/d2ea09e4c97f0160b11cdfb1d856bd9e\"},\"breadcrumb\":{\"@id\":\"https:\/\/elpuucnoticias.com\/?p=6492#breadcrumb\"},\"inLanguage\":\"es\",\"potentialAction\":[{\"@type\":\"ReadAction\",\"target\":[\"https:\/\/elpuucnoticias.com\/?p=6492\"]}]},{\"@type\":\"BreadcrumbList\",\"@id\":\"https:\/\/elpuucnoticias.com\/?p=6492#breadcrumb\",\"itemListElement\":[{\"@type\":\"ListItem\",\"position\":1,\"name\":\"Portada\",\"item\":\"https:\/\/elpuucnoticias.com\/\"},{\"@type\":\"ListItem\",\"position\":2,\"name\":\"Arranca SICT operativo vacacional de Semana Santa en carreteras y terminales de autobuses\"}]},{\"@type\":\"Person\",\"@id\":\"https:\/\/elpuucnoticias.com\/#\/schema\/person\/d2ea09e4c97f0160b11cdfb1d856bd9e\",\"name\":\"elpuucnoticias\",\"image\":{\"@type\":\"ImageObject\",\"@id\":\"https:\/\/elpuucnoticias.com\/#personlogo\",\"inLanguage\":\"es\",\"url\":\"https:\/\/secure.gravatar.com\/avatar\/5290a43657c74ffa15701dbe5b846bd85cc71930d803c84e91046a7333de6ce2?s=96&d=mm&r=g\",\"contentUrl\":\"https:\/\/secure.gravatar.com\/avatar\/5290a43657c74ffa15701dbe5b846bd85cc71930d803c84e91046a7333de6ce2?s=96&d=mm&r=g\",\"caption\":\"elpuucnoticias\"},\"sameAs\":[\"https:\/\/elpuucnoticias.com\"],\"url\":\"https:\/\/elpuucnoticias.com\/?author=1\"}]}<\/script>\n<!-- \/ Yoast SEO plugin. -->","yoast_head_json":{"title":"Arranca SICT operativo vacacional de Semana Santa en carreteras y terminales de autobuses - El Puuc Noticias","robots":{"index":"index","follow":"follow","max-snippet":"max-snippet:-1","max-image-preview":"max-image-preview:large","max-video-preview":"max-video-preview:-1"},"canonical":"https:\/\/elpuucnoticias.com\/?p=6492","og_locale":"es_ES","og_type":"article","og_title":"Arranca SICT operativo vacacional de Semana Santa en carreteras y terminales de autobuses - El Puuc Noticias","og_description":"La Secretar\u00eda de Infraestructura, Comunicaciones y Transportes (SICT)informa que a partir de ma\u00f1ana primero de abril inicia el","og_url":"https:\/\/elpuucnoticias.com\/?p=6492","og_site_name":"El Puuc Noticias","article_published_time":"2023-03-31T22:58:40+00:00","article_modified_time":"2023-03-31T22:58:41+00:00","og_image":[{"width":1600,"height":1236,"url":"https:\/\/elpuucnoticias.com\/wp-content\/uploads\/2023\/03\/WhatsApp-Image-2023-03-31-at-2.38.25-PM.jpeg","type":"image\/jpeg"}],"twitter_card":"summary_large_image","twitter_misc":{"Escrito por":"elpuucnoticias","Tiempo de lectura":"3 minutos"},"schema":{"@context":"https:\/\/schema.org","@graph":[{"@type":"WebSite","@id":"https:\/\/elpuucnoticias.com\/#website","url":"https:\/\/elpuucnoticias.com\/","name":"El Puuc Noticias","description":"Noticias - Entretenimiento - Deportes","potentialAction":[{"@type":"SearchAction","target":{"@type":"EntryPoint","urlTemplate":"https:\/\/elpuucnoticias.com\/?s={search_term_string}"},"query-input":"required name=search_term_string"}],"inLanguage":"es"},{"@type":"ImageObject","@id":"https:\/\/elpuucnoticias.com\/?p=6492#primaryimage","inLanguage":"es","url":"https:\/\/elpuucnoticias.com\/wp-content\/uploads\/2023\/03\/WhatsApp-Image-2023-03-31-at-2.38.25-PM.jpeg","contentUrl":"https:\/\/elpuucnoticias.com\/wp-content\/uploads\/2023\/03\/WhatsApp-Image-2023-03-31-at-2.38.25-PM.jpeg","width":1600,"height":1236},{"@type":"WebPage","@id":"https:\/\/elpuucnoticias.com\/?p=6492#webpage","url":"https:\/\/elpuucnoticias.com\/?p=6492","name":"Arranca SICT operativo vacacional de Semana Santa en carreteras y terminales de autobuses - El Puuc Noticias","isPartOf":{"@id":"https:\/\/elpuucnoticias.com\/#website"},"primaryImageOfPage":{"@id":"https:\/\/elpuucnoticias.com\/?p=6492#primaryimage"},"datePublished":"2023-03-31T22:58:40+00:00","dateModified":"2023-03-31T22:58:41+00:00","author":{"@id":"https:\/\/elpuucnoticias.com\/#\/schema\/person\/d2ea09e4c97f0160b11cdfb1d856bd9e"},"breadcrumb":{"@id":"https:\/\/elpuucnoticias.com\/?p=6492#breadcrumb"},"inLanguage":"es","potentialAction":[{"@type":"ReadAction","target":["https:\/\/elpuucnoticias.com\/?p=6492"]}]},{"@type":"BreadcrumbList","@id":"https:\/\/elpuucnoticias.com\/?p=6492#breadcrumb","itemListElement":[{"@type":"ListItem","position":1,"name":"Portada","item":"https:\/\/elpuucnoticias.com\/"},{"@type":"ListItem","position":2,"name":"Arranca SICT operativo vacacional de Semana Santa en carreteras y terminales de autobuses"}]},{"@type":"Person","@id":"https:\/\/elpuucnoticias.com\/#\/schema\/person\/d2ea09e4c97f0160b11cdfb1d856bd9e","name":"elpuucnoticias","image":{"@type":"ImageObject","@id":"https:\/\/elpuucnoticias.com\/#personlogo","inLanguage":"es","url":"https:\/\/secure.gravatar.com\/avatar\/5290a43657c74ffa15701dbe5b846bd85cc71930d803c84e91046a7333de6ce2?s=96&d=mm&r=g","contentUrl":"https:\/\/secure.gravatar.com\/avatar\/5290a43657c74ffa15701dbe5b846bd85cc71930d803c84e91046a7333de6ce2?s=96&d=mm&r=g","caption":"elpuucnoticias"},"sameAs":["https:\/\/elpuucnoticias.com"],"url":"https:\/\/elpuucnoticias.com\/?author=1"}]}},"_links":{"self":[{"href":"https:\/\/elpuucnoticias.com\/index.php?rest_route=\/wp\/v2\/posts\/6492","targetHints":{"allow":["GET"]}}],"collection":[{"href":"https:\/\/elpuucnoticias.com\/index.php?rest_route=\/wp\/v2\/posts"}],"about":[{"href":"https:\/\/elpuucnoticias.com\/index.php?rest_route=\/wp\/v2\/types\/post"}],"author":[{"embeddable":true,"href":"https:\/\/elpuucnoticias.com\/index.php?rest_route=\/wp\/v2\/users\/1"}],"replies":[{"embeddable":true,"href":"https:\/\/elpuucnoticias.com\/index.php?rest_route=%2Fwp%2Fv2%2Fcomments&post=6492"}],"version-history":[{"count":1,"href":"https:\/\/elpuucnoticias.com\/index.php?rest_route=\/wp\/v2\/posts\/6492\/revisions"}],"predecessor-version":[{"id":6495,"href":"https:\/\/elpuucnoticias.com\/index.php?rest_route=\/wp\/v2\/posts\/6492\/revisions\/6495"}],"wp:featuredmedia":[{"embeddable":true,"href":"https:\/\/elpuucnoticias.com\/index.php?rest_route=\/wp\/v2\/media\/6493"}],"wp:attachment":[{"href":"https:\/\/elpuucnoticias.com\/index.php?rest_route=%2Fwp%2Fv2%2Fmedia&parent=6492"}],"wp:term":[{"taxonomy":"category","embeddable":true,"href":"https:\/\/elpuucnoticias.com\/index.php?rest_route=%2Fwp%2Fv2%2Fcategories&post=6492"},{"taxonomy":"post_tag","embeddable":true,"href":"https:\/\/elpuucnoticias.com\/index.php?rest_route=%2Fwp%2Fv2%2Ftags&post=6492"}],"curies":[{"name":"wp","href":"https:\/\/api.w.org\/{rel}","templated":true}]}}