{"id":6514,"date":"2023-04-04T04:24:04","date_gmt":"2023-04-04T10:24:04","guid":{"rendered":"https:\/\/elpuucnoticias.com\/?p=6514"},"modified":"2023-04-04T04:24:06","modified_gmt":"2023-04-04T10:24:06","slug":"renan-jimenez-pone-en-marcha-el-operativo-de-seguridad-en-peto-con-motivo-de-las-vacaciones-de-semana-santa","status":"publish","type":"post","link":"https:\/\/elpuucnoticias.com\/?p=6514","title":{"rendered":"Ren\u00e1n Jim\u00e9nez pone en marcha el operativo de seguridad en Peto, con motivo de las vacaciones de Semana Santa"},"content":{"rendered":"\n<p>El alcalde de Peto, Ren\u00e1n Jim\u00e9nez Tah, dio el banderazo de inici\u00f3 del operativo de seguridad para las vacaciones de Semana Santa 2023, con un evento frente al Palacio Municipal y en presencia de autoridades de diversas corporaciones.<\/p>\n\n\n\n<p>El primer edil inform\u00f3 que esta actividad tiene la finalidad de mantener un municipio seguro tanto para los petule\u00f1os, como para los visitantes.<\/p>\n\n\n\n<figure class=\"wp-block-gallery has-nested-images columns-default is-cropped wp-block-gallery-1 is-layout-flex wp-block-gallery-is-layout-flex\">\n<figure class=\"wp-block-image size-large\"><img loading=\"lazy\" decoding=\"async\" width=\"720\" height=\"480\" data-id=\"6516\" src=\"https:\/\/elpuucnoticias.com\/wp-content\/uploads\/2023\/04\/WhatsApp-Image-2023-04-03-at-9.13.36-PM.jpeg\" alt=\"\" class=\"wp-image-6516\" srcset=\"https:\/\/elpuucnoticias.com\/wp-content\/uploads\/2023\/04\/WhatsApp-Image-2023-04-03-at-9.13.36-PM.jpeg 720w, https:\/\/elpuucnoticias.com\/wp-content\/uploads\/2023\/04\/WhatsApp-Image-2023-04-03-at-9.13.36-PM-300x200.jpeg 300w\" sizes=\"auto, (max-width: 720px) 100vw, 720px\" \/><\/figure>\n\n\n\n<figure class=\"wp-block-image size-large\"><img loading=\"lazy\" decoding=\"async\" width=\"720\" height=\"480\" data-id=\"6517\" src=\"https:\/\/elpuucnoticias.com\/wp-content\/uploads\/2023\/04\/WhatsApp-Image-2023-04-03-at-9.13.35-PM-1.jpeg\" alt=\"\" class=\"wp-image-6517\" srcset=\"https:\/\/elpuucnoticias.com\/wp-content\/uploads\/2023\/04\/WhatsApp-Image-2023-04-03-at-9.13.35-PM-1.jpeg 720w, https:\/\/elpuucnoticias.com\/wp-content\/uploads\/2023\/04\/WhatsApp-Image-2023-04-03-at-9.13.35-PM-1-300x200.jpeg 300w\" sizes=\"auto, (max-width: 720px) 100vw, 720px\" \/><\/figure>\n\n\n\n<figure class=\"wp-block-image size-large\"><img loading=\"lazy\" decoding=\"async\" width=\"720\" height=\"480\" data-id=\"6519\" src=\"https:\/\/elpuucnoticias.com\/wp-content\/uploads\/2023\/04\/WhatsApp-Image-2023-04-03-at-9.13.37-PM-1.jpeg\" alt=\"\" class=\"wp-image-6519\" srcset=\"https:\/\/elpuucnoticias.com\/wp-content\/uploads\/2023\/04\/WhatsApp-Image-2023-04-03-at-9.13.37-PM-1.jpeg 720w, https:\/\/elpuucnoticias.com\/wp-content\/uploads\/2023\/04\/WhatsApp-Image-2023-04-03-at-9.13.37-PM-1-300x200.jpeg 300w\" sizes=\"auto, (max-width: 720px) 100vw, 720px\" \/><\/figure>\n\n\n\n<figure class=\"wp-block-image size-large\"><img loading=\"lazy\" decoding=\"async\" width=\"720\" height=\"480\" data-id=\"6518\" src=\"https:\/\/elpuucnoticias.com\/wp-content\/uploads\/2023\/04\/WhatsApp-Image-2023-04-03-at-9.13.37-PM.jpeg\" alt=\"\" class=\"wp-image-6518\" srcset=\"https:\/\/elpuucnoticias.com\/wp-content\/uploads\/2023\/04\/WhatsApp-Image-2023-04-03-at-9.13.37-PM.jpeg 720w, https:\/\/elpuucnoticias.com\/wp-content\/uploads\/2023\/04\/WhatsApp-Image-2023-04-03-at-9.13.37-PM-300x200.jpeg 300w\" sizes=\"auto, (max-width: 720px) 100vw, 720px\" \/><\/figure>\n\n\n\n<figure class=\"wp-block-image size-large\"><img loading=\"lazy\" decoding=\"async\" width=\"720\" height=\"480\" data-id=\"6520\" src=\"https:\/\/elpuucnoticias.com\/wp-content\/uploads\/2023\/04\/WhatsApp-Image-2023-04-03-at-9.13.36-PM-2.jpeg\" alt=\"\" class=\"wp-image-6520\" srcset=\"https:\/\/elpuucnoticias.com\/wp-content\/uploads\/2023\/04\/WhatsApp-Image-2023-04-03-at-9.13.36-PM-2.jpeg 720w, https:\/\/elpuucnoticias.com\/wp-content\/uploads\/2023\/04\/WhatsApp-Image-2023-04-03-at-9.13.36-PM-2-300x200.jpeg 300w\" sizes=\"auto, (max-width: 720px) 100vw, 720px\" \/><\/figure>\n<\/figure>\n\n\n\n<p>Explic\u00f3 que se reforzar\u00e1n los patrullajes, en especial en zonas comerciales y lugares de esparcimiento familiar, para salvaguardar la integridad f\u00edsica de las personas.<\/p>\n\n\n\n<p>En el operativo participar\u00e1n departamentos del Ayuntamiento como Protecci\u00f3n Civil, Seguridad P\u00fablica Municipal, adem\u00e1s del apoyo de la Secretar\u00eda de Seguridad P\u00fablica del Estado, la Comisi\u00f3n Nacional de Emergencia y la Guardia Nacional.<\/p>\n\n\n\n<p>El funcionario se\u00f1al\u00f3 que est\u00e1n trabajando para que estas vacaciones pueda haber tranquilidad y paz para las familias.<\/p>\n\n\n\n<p>Reiter\u00f3 que el Ayuntamiento tiene el compromiso de velar por la seguridad de la poblaci\u00f3n y por eso se est\u00e1 implementado este operativo vacacional.\u2014 <em>El Puuc Noticias<\/em><\/p>\n","protected":false},"excerpt":{"rendered":"<p>El alcalde de Peto, Ren\u00e1n Jim\u00e9nez Tah, dio el banderazo de inici\u00f3 del operativo de seguridad para las<\/p>\n","protected":false},"author":1,"featured_media":6515,"comment_status":"closed","ping_status":"open","sticky":false,"template":"","format":"standard","meta":{"_monsterinsights_skip_tracking":false,"_monsterinsights_sitenote_active":false,"_monsterinsights_sitenote_note":"","_monsterinsights_sitenote_category":0,"footnotes":""},"categories":[11,20],"tags":[],"class_list":["post-6514","post","type-post","status-publish","format-standard","has-post-thumbnail","hentry","category-noticias","category-peto"],"yoast_head":"<!-- This site is optimized with the Yoast SEO plugin v18.3 - https:\/\/yoast.com\/wordpress\/plugins\/seo\/ -->\n<title>Ren\u00e1n Jim\u00e9nez pone en marcha el operativo de seguridad en Peto, con motivo de las vacaciones de Semana Santa - El Puuc Noticias<\/title>\n<meta name=\"robots\" content=\"index, follow, max-snippet:-1, max-image-preview:large, max-video-preview:-1\" \/>\n<link rel=\"canonical\" href=\"https:\/\/elpuucnoticias.com\/?p=6514\" \/>\n<meta property=\"og:locale\" content=\"es_ES\" \/>\n<meta property=\"og:type\" content=\"article\" \/>\n<meta property=\"og:title\" content=\"Ren\u00e1n Jim\u00e9nez pone en marcha el operativo de seguridad en Peto, con motivo de las vacaciones de Semana Santa - El Puuc Noticias\" \/>\n<meta property=\"og:description\" content=\"El alcalde de Peto, Ren\u00e1n Jim\u00e9nez Tah, dio el banderazo de inici\u00f3 del operativo de seguridad para las\" \/>\n<meta property=\"og:url\" content=\"https:\/\/elpuucnoticias.com\/?p=6514\" \/>\n<meta property=\"og:site_name\" content=\"El Puuc Noticias\" \/>\n<meta property=\"article:published_time\" content=\"2023-04-04T10:24:04+00:00\" \/>\n<meta property=\"article:modified_time\" content=\"2023-04-04T10:24:06+00:00\" \/>\n<meta property=\"og:image\" content=\"https:\/\/elpuucnoticias.com\/wp-content\/uploads\/2023\/04\/WhatsApp-Image-2023-04-03-at-9.13.36-PM-1.jpeg\" \/>\n\t<meta property=\"og:image:width\" content=\"720\" \/>\n\t<meta property=\"og:image:height\" content=\"480\" \/>\n\t<meta property=\"og:image:type\" content=\"image\/jpeg\" \/>\n<meta name=\"twitter:card\" content=\"summary_large_image\" \/>\n<meta name=\"twitter:label1\" content=\"Escrito por\" \/>\n\t<meta name=\"twitter:data1\" content=\"elpuucnoticias\" \/>\n\t<meta name=\"twitter:label2\" content=\"Tiempo de lectura\" \/>\n\t<meta name=\"twitter:data2\" content=\"2 minutos\" \/>\n<script type=\"application\/ld+json\" class=\"yoast-schema-graph\">{\"@context\":\"https:\/\/schema.org\",\"@graph\":[{\"@type\":\"WebSite\",\"@id\":\"https:\/\/elpuucnoticias.com\/#website\",\"url\":\"https:\/\/elpuucnoticias.com\/\",\"name\":\"El Puuc Noticias\",\"description\":\"Noticias - Entretenimiento - Deportes\",\"potentialAction\":[{\"@type\":\"SearchAction\",\"target\":{\"@type\":\"EntryPoint\",\"urlTemplate\":\"https:\/\/elpuucnoticias.com\/?s={search_term_string}\"},\"query-input\":\"required name=search_term_string\"}],\"inLanguage\":\"es\"},{\"@type\":\"ImageObject\",\"@id\":\"https:\/\/elpuucnoticias.com\/?p=6514#primaryimage\",\"inLanguage\":\"es\",\"url\":\"https:\/\/elpuucnoticias.com\/wp-content\/uploads\/2023\/04\/WhatsApp-Image-2023-04-03-at-9.13.36-PM-1.jpeg\",\"contentUrl\":\"https:\/\/elpuucnoticias.com\/wp-content\/uploads\/2023\/04\/WhatsApp-Image-2023-04-03-at-9.13.36-PM-1.jpeg\",\"width\":720,\"height\":480},{\"@type\":\"WebPage\",\"@id\":\"https:\/\/elpuucnoticias.com\/?p=6514#webpage\",\"url\":\"https:\/\/elpuucnoticias.com\/?p=6514\",\"name\":\"Ren\u00e1n Jim\u00e9nez pone en marcha el operativo de seguridad en Peto, con motivo de las vacaciones de Semana Santa - El Puuc Noticias\",\"isPartOf\":{\"@id\":\"https:\/\/elpuucnoticias.com\/#website\"},\"primaryImageOfPage\":{\"@id\":\"https:\/\/elpuucnoticias.com\/?p=6514#primaryimage\"},\"datePublished\":\"2023-04-04T10:24:04+00:00\",\"dateModified\":\"2023-04-04T10:24:06+00:00\",\"author\":{\"@id\":\"https:\/\/elpuucnoticias.com\/#\/schema\/person\/d2ea09e4c97f0160b11cdfb1d856bd9e\"},\"breadcrumb\":{\"@id\":\"https:\/\/elpuucnoticias.com\/?p=6514#breadcrumb\"},\"inLanguage\":\"es\",\"potentialAction\":[{\"@type\":\"ReadAction\",\"target\":[\"https:\/\/elpuucnoticias.com\/?p=6514\"]}]},{\"@type\":\"BreadcrumbList\",\"@id\":\"https:\/\/elpuucnoticias.com\/?p=6514#breadcrumb\",\"itemListElement\":[{\"@type\":\"ListItem\",\"position\":1,\"name\":\"Portada\",\"item\":\"https:\/\/elpuucnoticias.com\/\"},{\"@type\":\"ListItem\",\"position\":2,\"name\":\"Ren\u00e1n Jim\u00e9nez pone en marcha el operativo de seguridad en Peto, con motivo de las vacaciones de Semana Santa\"}]},{\"@type\":\"Person\",\"@id\":\"https:\/\/elpuucnoticias.com\/#\/schema\/person\/d2ea09e4c97f0160b11cdfb1d856bd9e\",\"name\":\"elpuucnoticias\",\"image\":{\"@type\":\"ImageObject\",\"@id\":\"https:\/\/elpuucnoticias.com\/#personlogo\",\"inLanguage\":\"es\",\"url\":\"https:\/\/secure.gravatar.com\/avatar\/5290a43657c74ffa15701dbe5b846bd85cc71930d803c84e91046a7333de6ce2?s=96&d=mm&r=g\",\"contentUrl\":\"https:\/\/secure.gravatar.com\/avatar\/5290a43657c74ffa15701dbe5b846bd85cc71930d803c84e91046a7333de6ce2?s=96&d=mm&r=g\",\"caption\":\"elpuucnoticias\"},\"sameAs\":[\"https:\/\/elpuucnoticias.com\"],\"url\":\"https:\/\/elpuucnoticias.com\/?author=1\"}]}<\/script>\n<!-- \/ Yoast SEO plugin. -->","yoast_head_json":{"title":"Ren\u00e1n Jim\u00e9nez pone en marcha el operativo de seguridad en Peto, con motivo de las vacaciones de Semana Santa - El Puuc Noticias","robots":{"index":"index","follow":"follow","max-snippet":"max-snippet:-1","max-image-preview":"max-image-preview:large","max-video-preview":"max-video-preview:-1"},"canonical":"https:\/\/elpuucnoticias.com\/?p=6514","og_locale":"es_ES","og_type":"article","og_title":"Ren\u00e1n Jim\u00e9nez pone en marcha el operativo de seguridad en Peto, con motivo de las vacaciones de Semana Santa - El Puuc Noticias","og_description":"El alcalde de Peto, Ren\u00e1n Jim\u00e9nez Tah, dio el banderazo de inici\u00f3 del operativo de seguridad para las","og_url":"https:\/\/elpuucnoticias.com\/?p=6514","og_site_name":"El Puuc Noticias","article_published_time":"2023-04-04T10:24:04+00:00","article_modified_time":"2023-04-04T10:24:06+00:00","og_image":[{"width":720,"height":480,"url":"https:\/\/elpuucnoticias.com\/wp-content\/uploads\/2023\/04\/WhatsApp-Image-2023-04-03-at-9.13.36-PM-1.jpeg","type":"image\/jpeg"}],"twitter_card":"summary_large_image","twitter_misc":{"Escrito por":"elpuucnoticias","Tiempo de lectura":"2 minutos"},"schema":{"@context":"https:\/\/schema.org","@graph":[{"@type":"WebSite","@id":"https:\/\/elpuucnoticias.com\/#website","url":"https:\/\/elpuucnoticias.com\/","name":"El Puuc Noticias","description":"Noticias - Entretenimiento - Deportes","potentialAction":[{"@type":"SearchAction","target":{"@type":"EntryPoint","urlTemplate":"https:\/\/elpuucnoticias.com\/?s={search_term_string}"},"query-input":"required name=search_term_string"}],"inLanguage":"es"},{"@type":"ImageObject","@id":"https:\/\/elpuucnoticias.com\/?p=6514#primaryimage","inLanguage":"es","url":"https:\/\/elpuucnoticias.com\/wp-content\/uploads\/2023\/04\/WhatsApp-Image-2023-04-03-at-9.13.36-PM-1.jpeg","contentUrl":"https:\/\/elpuucnoticias.com\/wp-content\/uploads\/2023\/04\/WhatsApp-Image-2023-04-03-at-9.13.36-PM-1.jpeg","width":720,"height":480},{"@type":"WebPage","@id":"https:\/\/elpuucnoticias.com\/?p=6514#webpage","url":"https:\/\/elpuucnoticias.com\/?p=6514","name":"Ren\u00e1n Jim\u00e9nez pone en marcha el operativo de seguridad en Peto, con motivo de las vacaciones de Semana Santa - El Puuc Noticias","isPartOf":{"@id":"https:\/\/elpuucnoticias.com\/#website"},"primaryImageOfPage":{"@id":"https:\/\/elpuucnoticias.com\/?p=6514#primaryimage"},"datePublished":"2023-04-04T10:24:04+00:00","dateModified":"2023-04-04T10:24:06+00:00","author":{"@id":"https:\/\/elpuucnoticias.com\/#\/schema\/person\/d2ea09e4c97f0160b11cdfb1d856bd9e"},"breadcrumb":{"@id":"https:\/\/elpuucnoticias.com\/?p=6514#breadcrumb"},"inLanguage":"es","potentialAction":[{"@type":"ReadAction","target":["https:\/\/elpuucnoticias.com\/?p=6514"]}]},{"@type":"BreadcrumbList","@id":"https:\/\/elpuucnoticias.com\/?p=6514#breadcrumb","itemListElement":[{"@type":"ListItem","position":1,"name":"Portada","item":"https:\/\/elpuucnoticias.com\/"},{"@type":"ListItem","position":2,"name":"Ren\u00e1n Jim\u00e9nez pone en marcha el operativo de seguridad en Peto, con motivo de las vacaciones de Semana Santa"}]},{"@type":"Person","@id":"https:\/\/elpuucnoticias.com\/#\/schema\/person\/d2ea09e4c97f0160b11cdfb1d856bd9e","name":"elpuucnoticias","image":{"@type":"ImageObject","@id":"https:\/\/elpuucnoticias.com\/#personlogo","inLanguage":"es","url":"https:\/\/secure.gravatar.com\/avatar\/5290a43657c74ffa15701dbe5b846bd85cc71930d803c84e91046a7333de6ce2?s=96&d=mm&r=g","contentUrl":"https:\/\/secure.gravatar.com\/avatar\/5290a43657c74ffa15701dbe5b846bd85cc71930d803c84e91046a7333de6ce2?s=96&d=mm&r=g","caption":"elpuucnoticias"},"sameAs":["https:\/\/elpuucnoticias.com"],"url":"https:\/\/elpuucnoticias.com\/?author=1"}]}},"_links":{"self":[{"href":"https:\/\/elpuucnoticias.com\/index.php?rest_route=\/wp\/v2\/posts\/6514","targetHints":{"allow":["GET"]}}],"collection":[{"href":"https:\/\/elpuucnoticias.com\/index.php?rest_route=\/wp\/v2\/posts"}],"about":[{"href":"https:\/\/elpuucnoticias.com\/index.php?rest_route=\/wp\/v2\/types\/post"}],"author":[{"embeddable":true,"href":"https:\/\/elpuucnoticias.com\/index.php?rest_route=\/wp\/v2\/users\/1"}],"replies":[{"embeddable":true,"href":"https:\/\/elpuucnoticias.com\/index.php?rest_route=%2Fwp%2Fv2%2Fcomments&post=6514"}],"version-history":[{"count":1,"href":"https:\/\/elpuucnoticias.com\/index.php?rest_route=\/wp\/v2\/posts\/6514\/revisions"}],"predecessor-version":[{"id":6521,"href":"https:\/\/elpuucnoticias.com\/index.php?rest_route=\/wp\/v2\/posts\/6514\/revisions\/6521"}],"wp:featuredmedia":[{"embeddable":true,"href":"https:\/\/elpuucnoticias.com\/index.php?rest_route=\/wp\/v2\/media\/6515"}],"wp:attachment":[{"href":"https:\/\/elpuucnoticias.com\/index.php?rest_route=%2Fwp%2Fv2%2Fmedia&parent=6514"}],"wp:term":[{"taxonomy":"category","embeddable":true,"href":"https:\/\/elpuucnoticias.com\/index.php?rest_route=%2Fwp%2Fv2%2Fcategories&post=6514"},{"taxonomy":"post_tag","embeddable":true,"href":"https:\/\/elpuucnoticias.com\/index.php?rest_route=%2Fwp%2Fv2%2Ftags&post=6514"}],"curies":[{"name":"wp","href":"https:\/\/api.w.org\/{rel}","templated":true}]}}