{"id":6574,"date":"2023-04-08T18:15:57","date_gmt":"2023-04-09T00:15:57","guid":{"rendered":"https:\/\/elpuucnoticias.com\/?p=6574"},"modified":"2023-04-08T18:15:59","modified_gmt":"2023-04-09T00:15:59","slug":"continua-la-inauguracion-de-calles-en-la-huerta-del-estado-a-cargo-de-su-alcalde-juan-jose-martin-fragoso","status":"publish","type":"post","link":"https:\/\/elpuucnoticias.com\/?p=6574","title":{"rendered":"Contin\u00faa la inauguraci\u00f3n de calles en La Huerta del Estado, a cargo de su alcalde, Juan Jos\u00e9 Mart\u00edn Fragoso"},"content":{"rendered":"\n<p>El alcalde de Oxkutzcab, Juan Jos\u00e9 Mart\u00edn Fragoso, inaugur\u00f3 y entreg\u00f3 una obra de construcci\u00f3n y rehabilitaci\u00f3n de calles que abarcaron 1,680 metros cuadrados de pavimento nuevo en la calle 50 entre 43 y 45 a beneficio de habitantes y alumnos de la secundaria Rafael Matos Escobedo.<\/p>\n\n\n\n<figure class=\"wp-block-gallery has-nested-images columns-default is-cropped wp-block-gallery-1 is-layout-flex wp-block-gallery-is-layout-flex\">\n<figure class=\"wp-block-image size-large\"><img loading=\"lazy\" decoding=\"async\" width=\"1024\" height=\"682\" data-id=\"6576\" src=\"https:\/\/elpuucnoticias.com\/wp-content\/uploads\/2023\/04\/calle03-1-1024x682.jpeg\" alt=\"\" class=\"wp-image-6576\" srcset=\"https:\/\/elpuucnoticias.com\/wp-content\/uploads\/2023\/04\/calle03-1-1024x682.jpeg 1024w, https:\/\/elpuucnoticias.com\/wp-content\/uploads\/2023\/04\/calle03-1-300x200.jpeg 300w, https:\/\/elpuucnoticias.com\/wp-content\/uploads\/2023\/04\/calle03-1-768x512.jpeg 768w, https:\/\/elpuucnoticias.com\/wp-content\/uploads\/2023\/04\/calle03-1.jpeg 1280w\" sizes=\"auto, (max-width: 1024px) 100vw, 1024px\" \/><\/figure>\n\n\n\n<figure class=\"wp-block-image size-large\"><img loading=\"lazy\" decoding=\"async\" width=\"1024\" height=\"682\" data-id=\"6577\" src=\"https:\/\/elpuucnoticias.com\/wp-content\/uploads\/2023\/04\/calle05-1-1024x682.jpeg\" alt=\"\" class=\"wp-image-6577\" srcset=\"https:\/\/elpuucnoticias.com\/wp-content\/uploads\/2023\/04\/calle05-1-1024x682.jpeg 1024w, https:\/\/elpuucnoticias.com\/wp-content\/uploads\/2023\/04\/calle05-1-300x200.jpeg 300w, https:\/\/elpuucnoticias.com\/wp-content\/uploads\/2023\/04\/calle05-1-768x512.jpeg 768w, https:\/\/elpuucnoticias.com\/wp-content\/uploads\/2023\/04\/calle05-1.jpeg 1280w\" sizes=\"auto, (max-width: 1024px) 100vw, 1024px\" \/><\/figure>\n<\/figure>\n\n\n\n<p>El programa de construcci\u00f3n, rehabilitaci\u00f3n y reconstrucci\u00f3n de calles en el municipio que promueve el Ayuntamiento, en estos primeros meses del a\u00f1o ha beneficiado a m\u00e1s de 2,000 familias en los diferentes<br>sectores de la ciudad.<\/p>\n\n\n\n<p>Los vecinos de ese sector quedaron agradecidos con la mejora en esta v\u00eda, ya que durante varios a\u00f1os, ese tramo de la calle 50 hab\u00eda quedado en el abandono.\u2014 <em>El Puuc Noticias<\/em><\/p>\n","protected":false},"excerpt":{"rendered":"<p>El alcalde de Oxkutzcab, Juan Jos\u00e9 Mart\u00edn Fragoso, inaugur\u00f3 y entreg\u00f3 una obra de construcci\u00f3n y rehabilitaci\u00f3n de<\/p>\n","protected":false},"author":1,"featured_media":6575,"comment_status":"closed","ping_status":"open","sticky":false,"template":"","format":"standard","meta":{"_monsterinsights_skip_tracking":false,"_monsterinsights_sitenote_active":false,"_monsterinsights_sitenote_note":"","_monsterinsights_sitenote_category":0,"footnotes":""},"categories":[11,14],"tags":[],"class_list":["post-6574","post","type-post","status-publish","format-standard","has-post-thumbnail","hentry","category-noticias","category-oxkutzcab"],"yoast_head":"<!-- This site is optimized with the Yoast SEO plugin v18.3 - https:\/\/yoast.com\/wordpress\/plugins\/seo\/ -->\n<title>Contin\u00faa la inauguraci\u00f3n de calles en La Huerta del Estado, a cargo de su alcalde, Juan Jos\u00e9 Mart\u00edn Fragoso - El Puuc Noticias<\/title>\n<meta name=\"robots\" content=\"index, follow, max-snippet:-1, max-image-preview:large, max-video-preview:-1\" \/>\n<link rel=\"canonical\" href=\"https:\/\/elpuucnoticias.com\/?p=6574\" \/>\n<meta property=\"og:locale\" content=\"es_ES\" \/>\n<meta property=\"og:type\" content=\"article\" \/>\n<meta property=\"og:title\" content=\"Contin\u00faa la inauguraci\u00f3n de calles en La Huerta del Estado, a cargo de su alcalde, Juan Jos\u00e9 Mart\u00edn Fragoso - El Puuc Noticias\" \/>\n<meta property=\"og:description\" content=\"El alcalde de Oxkutzcab, Juan Jos\u00e9 Mart\u00edn Fragoso, inaugur\u00f3 y entreg\u00f3 una obra de construcci\u00f3n y rehabilitaci\u00f3n de\" \/>\n<meta property=\"og:url\" content=\"https:\/\/elpuucnoticias.com\/?p=6574\" \/>\n<meta property=\"og:site_name\" content=\"El Puuc Noticias\" \/>\n<meta property=\"article:published_time\" content=\"2023-04-09T00:15:57+00:00\" \/>\n<meta property=\"article:modified_time\" content=\"2023-04-09T00:15:59+00:00\" \/>\n<meta property=\"og:image\" content=\"https:\/\/elpuucnoticias.com\/wp-content\/uploads\/2023\/04\/calle04.jpeg\" \/>\n\t<meta property=\"og:image:width\" content=\"1280\" \/>\n\t<meta property=\"og:image:height\" content=\"853\" \/>\n\t<meta property=\"og:image:type\" content=\"image\/jpeg\" \/>\n<meta name=\"twitter:card\" content=\"summary_large_image\" \/>\n<meta name=\"twitter:label1\" content=\"Escrito por\" \/>\n\t<meta name=\"twitter:data1\" content=\"elpuucnoticias\" \/>\n\t<meta name=\"twitter:label2\" content=\"Tiempo de lectura\" \/>\n\t<meta name=\"twitter:data2\" content=\"1 minuto\" \/>\n<script type=\"application\/ld+json\" class=\"yoast-schema-graph\">{\"@context\":\"https:\/\/schema.org\",\"@graph\":[{\"@type\":\"WebSite\",\"@id\":\"https:\/\/elpuucnoticias.com\/#website\",\"url\":\"https:\/\/elpuucnoticias.com\/\",\"name\":\"El Puuc Noticias\",\"description\":\"Noticias - Entretenimiento - Deportes\",\"potentialAction\":[{\"@type\":\"SearchAction\",\"target\":{\"@type\":\"EntryPoint\",\"urlTemplate\":\"https:\/\/elpuucnoticias.com\/?s={search_term_string}\"},\"query-input\":\"required name=search_term_string\"}],\"inLanguage\":\"es\"},{\"@type\":\"ImageObject\",\"@id\":\"https:\/\/elpuucnoticias.com\/?p=6574#primaryimage\",\"inLanguage\":\"es\",\"url\":\"https:\/\/elpuucnoticias.com\/wp-content\/uploads\/2023\/04\/calle04.jpeg\",\"contentUrl\":\"https:\/\/elpuucnoticias.com\/wp-content\/uploads\/2023\/04\/calle04.jpeg\",\"width\":1280,\"height\":853},{\"@type\":\"WebPage\",\"@id\":\"https:\/\/elpuucnoticias.com\/?p=6574#webpage\",\"url\":\"https:\/\/elpuucnoticias.com\/?p=6574\",\"name\":\"Contin\u00faa la inauguraci\u00f3n de calles en La Huerta del Estado, a cargo de su alcalde, Juan Jos\u00e9 Mart\u00edn Fragoso - El Puuc Noticias\",\"isPartOf\":{\"@id\":\"https:\/\/elpuucnoticias.com\/#website\"},\"primaryImageOfPage\":{\"@id\":\"https:\/\/elpuucnoticias.com\/?p=6574#primaryimage\"},\"datePublished\":\"2023-04-09T00:15:57+00:00\",\"dateModified\":\"2023-04-09T00:15:59+00:00\",\"author\":{\"@id\":\"https:\/\/elpuucnoticias.com\/#\/schema\/person\/d2ea09e4c97f0160b11cdfb1d856bd9e\"},\"breadcrumb\":{\"@id\":\"https:\/\/elpuucnoticias.com\/?p=6574#breadcrumb\"},\"inLanguage\":\"es\",\"potentialAction\":[{\"@type\":\"ReadAction\",\"target\":[\"https:\/\/elpuucnoticias.com\/?p=6574\"]}]},{\"@type\":\"BreadcrumbList\",\"@id\":\"https:\/\/elpuucnoticias.com\/?p=6574#breadcrumb\",\"itemListElement\":[{\"@type\":\"ListItem\",\"position\":1,\"name\":\"Portada\",\"item\":\"https:\/\/elpuucnoticias.com\/\"},{\"@type\":\"ListItem\",\"position\":2,\"name\":\"Contin\u00faa la inauguraci\u00f3n de calles en La Huerta del Estado, a cargo de su alcalde, Juan Jos\u00e9 Mart\u00edn Fragoso\"}]},{\"@type\":\"Person\",\"@id\":\"https:\/\/elpuucnoticias.com\/#\/schema\/person\/d2ea09e4c97f0160b11cdfb1d856bd9e\",\"name\":\"elpuucnoticias\",\"image\":{\"@type\":\"ImageObject\",\"@id\":\"https:\/\/elpuucnoticias.com\/#personlogo\",\"inLanguage\":\"es\",\"url\":\"https:\/\/secure.gravatar.com\/avatar\/5290a43657c74ffa15701dbe5b846bd85cc71930d803c84e91046a7333de6ce2?s=96&d=mm&r=g\",\"contentUrl\":\"https:\/\/secure.gravatar.com\/avatar\/5290a43657c74ffa15701dbe5b846bd85cc71930d803c84e91046a7333de6ce2?s=96&d=mm&r=g\",\"caption\":\"elpuucnoticias\"},\"sameAs\":[\"https:\/\/elpuucnoticias.com\"],\"url\":\"https:\/\/elpuucnoticias.com\/?author=1\"}]}<\/script>\n<!-- \/ Yoast SEO plugin. -->","yoast_head_json":{"title":"Contin\u00faa la inauguraci\u00f3n de calles en La Huerta del Estado, a cargo de su alcalde, Juan Jos\u00e9 Mart\u00edn Fragoso - El Puuc Noticias","robots":{"index":"index","follow":"follow","max-snippet":"max-snippet:-1","max-image-preview":"max-image-preview:large","max-video-preview":"max-video-preview:-1"},"canonical":"https:\/\/elpuucnoticias.com\/?p=6574","og_locale":"es_ES","og_type":"article","og_title":"Contin\u00faa la inauguraci\u00f3n de calles en La Huerta del Estado, a cargo de su alcalde, Juan Jos\u00e9 Mart\u00edn Fragoso - El Puuc Noticias","og_description":"El alcalde de Oxkutzcab, Juan Jos\u00e9 Mart\u00edn Fragoso, inaugur\u00f3 y entreg\u00f3 una obra de construcci\u00f3n y rehabilitaci\u00f3n de","og_url":"https:\/\/elpuucnoticias.com\/?p=6574","og_site_name":"El Puuc Noticias","article_published_time":"2023-04-09T00:15:57+00:00","article_modified_time":"2023-04-09T00:15:59+00:00","og_image":[{"width":1280,"height":853,"url":"https:\/\/elpuucnoticias.com\/wp-content\/uploads\/2023\/04\/calle04.jpeg","type":"image\/jpeg"}],"twitter_card":"summary_large_image","twitter_misc":{"Escrito por":"elpuucnoticias","Tiempo de lectura":"1 minuto"},"schema":{"@context":"https:\/\/schema.org","@graph":[{"@type":"WebSite","@id":"https:\/\/elpuucnoticias.com\/#website","url":"https:\/\/elpuucnoticias.com\/","name":"El Puuc Noticias","description":"Noticias - Entretenimiento - Deportes","potentialAction":[{"@type":"SearchAction","target":{"@type":"EntryPoint","urlTemplate":"https:\/\/elpuucnoticias.com\/?s={search_term_string}"},"query-input":"required name=search_term_string"}],"inLanguage":"es"},{"@type":"ImageObject","@id":"https:\/\/elpuucnoticias.com\/?p=6574#primaryimage","inLanguage":"es","url":"https:\/\/elpuucnoticias.com\/wp-content\/uploads\/2023\/04\/calle04.jpeg","contentUrl":"https:\/\/elpuucnoticias.com\/wp-content\/uploads\/2023\/04\/calle04.jpeg","width":1280,"height":853},{"@type":"WebPage","@id":"https:\/\/elpuucnoticias.com\/?p=6574#webpage","url":"https:\/\/elpuucnoticias.com\/?p=6574","name":"Contin\u00faa la inauguraci\u00f3n de calles en La Huerta del Estado, a cargo de su alcalde, Juan Jos\u00e9 Mart\u00edn Fragoso - El Puuc Noticias","isPartOf":{"@id":"https:\/\/elpuucnoticias.com\/#website"},"primaryImageOfPage":{"@id":"https:\/\/elpuucnoticias.com\/?p=6574#primaryimage"},"datePublished":"2023-04-09T00:15:57+00:00","dateModified":"2023-04-09T00:15:59+00:00","author":{"@id":"https:\/\/elpuucnoticias.com\/#\/schema\/person\/d2ea09e4c97f0160b11cdfb1d856bd9e"},"breadcrumb":{"@id":"https:\/\/elpuucnoticias.com\/?p=6574#breadcrumb"},"inLanguage":"es","potentialAction":[{"@type":"ReadAction","target":["https:\/\/elpuucnoticias.com\/?p=6574"]}]},{"@type":"BreadcrumbList","@id":"https:\/\/elpuucnoticias.com\/?p=6574#breadcrumb","itemListElement":[{"@type":"ListItem","position":1,"name":"Portada","item":"https:\/\/elpuucnoticias.com\/"},{"@type":"ListItem","position":2,"name":"Contin\u00faa la inauguraci\u00f3n de calles en La Huerta del Estado, a cargo de su alcalde, Juan Jos\u00e9 Mart\u00edn Fragoso"}]},{"@type":"Person","@id":"https:\/\/elpuucnoticias.com\/#\/schema\/person\/d2ea09e4c97f0160b11cdfb1d856bd9e","name":"elpuucnoticias","image":{"@type":"ImageObject","@id":"https:\/\/elpuucnoticias.com\/#personlogo","inLanguage":"es","url":"https:\/\/secure.gravatar.com\/avatar\/5290a43657c74ffa15701dbe5b846bd85cc71930d803c84e91046a7333de6ce2?s=96&d=mm&r=g","contentUrl":"https:\/\/secure.gravatar.com\/avatar\/5290a43657c74ffa15701dbe5b846bd85cc71930d803c84e91046a7333de6ce2?s=96&d=mm&r=g","caption":"elpuucnoticias"},"sameAs":["https:\/\/elpuucnoticias.com"],"url":"https:\/\/elpuucnoticias.com\/?author=1"}]}},"_links":{"self":[{"href":"https:\/\/elpuucnoticias.com\/index.php?rest_route=\/wp\/v2\/posts\/6574","targetHints":{"allow":["GET"]}}],"collection":[{"href":"https:\/\/elpuucnoticias.com\/index.php?rest_route=\/wp\/v2\/posts"}],"about":[{"href":"https:\/\/elpuucnoticias.com\/index.php?rest_route=\/wp\/v2\/types\/post"}],"author":[{"embeddable":true,"href":"https:\/\/elpuucnoticias.com\/index.php?rest_route=\/wp\/v2\/users\/1"}],"replies":[{"embeddable":true,"href":"https:\/\/elpuucnoticias.com\/index.php?rest_route=%2Fwp%2Fv2%2Fcomments&post=6574"}],"version-history":[{"count":1,"href":"https:\/\/elpuucnoticias.com\/index.php?rest_route=\/wp\/v2\/posts\/6574\/revisions"}],"predecessor-version":[{"id":6578,"href":"https:\/\/elpuucnoticias.com\/index.php?rest_route=\/wp\/v2\/posts\/6574\/revisions\/6578"}],"wp:featuredmedia":[{"embeddable":true,"href":"https:\/\/elpuucnoticias.com\/index.php?rest_route=\/wp\/v2\/media\/6575"}],"wp:attachment":[{"href":"https:\/\/elpuucnoticias.com\/index.php?rest_route=%2Fwp%2Fv2%2Fmedia&parent=6574"}],"wp:term":[{"taxonomy":"category","embeddable":true,"href":"https:\/\/elpuucnoticias.com\/index.php?rest_route=%2Fwp%2Fv2%2Fcategories&post=6574"},{"taxonomy":"post_tag","embeddable":true,"href":"https:\/\/elpuucnoticias.com\/index.php?rest_route=%2Fwp%2Fv2%2Ftags&post=6574"}],"curies":[{"name":"wp","href":"https:\/\/api.w.org\/{rel}","templated":true}]}}