{"id":6589,"date":"2023-04-08T18:38:15","date_gmt":"2023-04-09T00:38:15","guid":{"rendered":"https:\/\/elpuucnoticias.com\/?p=6589"},"modified":"2023-04-08T18:38:16","modified_gmt":"2023-04-09T00:38:16","slug":"incendios-activos-en-tekax-proteccion-civil-y-bomberos-atienden-siniestros-en-xkuil-tixcuytun-y-en-el-cerro-de-noctunich-en-la-cabecera","status":"publish","type":"post","link":"https:\/\/elpuucnoticias.com\/?p=6589","title":{"rendered":"Incendios activos en Tekax. Protecci\u00f3n Civil y Bomberos atienden siniestros en Xkuil, Tixcuyt\u00fan y en el cerro de Noctunich, en la cabecera"},"content":{"rendered":"\n<p>Este s\u00e1bado, las brigadas de Protecci\u00f3n Civil y Bomberos, de la Secretar\u00eda de Seguridad P\u00fablica del Estado trabajaron en las labores para sofocar incendios que siguen activos desde hace d\u00edas en zonas del cerro al Sur de la cabecera; en Xkuil, en el Cono Sur, y en la comisar\u00eda de Tixcuyt\u00fan.<\/p>\n\n\n\n<figure class=\"wp-block-gallery has-nested-images columns-default is-cropped wp-block-gallery-1 is-layout-flex wp-block-gallery-is-layout-flex\">\n<figure class=\"wp-block-image size-large\"><img loading=\"lazy\" decoding=\"async\" width=\"1024\" height=\"683\" data-id=\"6592\" src=\"https:\/\/elpuucnoticias.com\/wp-content\/uploads\/2023\/04\/IMG_4034-1024x683.jpg\" alt=\"\" class=\"wp-image-6592\" srcset=\"https:\/\/elpuucnoticias.com\/wp-content\/uploads\/2023\/04\/IMG_4034-1024x683.jpg 1024w, https:\/\/elpuucnoticias.com\/wp-content\/uploads\/2023\/04\/IMG_4034-300x200.jpg 300w, https:\/\/elpuucnoticias.com\/wp-content\/uploads\/2023\/04\/IMG_4034-768x512.jpg 768w, https:\/\/elpuucnoticias.com\/wp-content\/uploads\/2023\/04\/IMG_4034-1536x1024.jpg 1536w, https:\/\/elpuucnoticias.com\/wp-content\/uploads\/2023\/04\/IMG_4034.jpg 1920w\" sizes=\"auto, (max-width: 1024px) 100vw, 1024px\" \/><\/figure>\n\n\n\n<figure class=\"wp-block-image size-large\"><img loading=\"lazy\" decoding=\"async\" width=\"1024\" height=\"683\" data-id=\"6597\" src=\"https:\/\/elpuucnoticias.com\/wp-content\/uploads\/2023\/04\/IMG_4027-1024x683.jpg\" alt=\"\" class=\"wp-image-6597\" srcset=\"https:\/\/elpuucnoticias.com\/wp-content\/uploads\/2023\/04\/IMG_4027-1024x683.jpg 1024w, https:\/\/elpuucnoticias.com\/wp-content\/uploads\/2023\/04\/IMG_4027-300x200.jpg 300w, https:\/\/elpuucnoticias.com\/wp-content\/uploads\/2023\/04\/IMG_4027-768x512.jpg 768w, https:\/\/elpuucnoticias.com\/wp-content\/uploads\/2023\/04\/IMG_4027-1536x1024.jpg 1536w, https:\/\/elpuucnoticias.com\/wp-content\/uploads\/2023\/04\/IMG_4027.jpg 1920w\" sizes=\"auto, (max-width: 1024px) 100vw, 1024px\" \/><\/figure>\n\n\n\n<figure class=\"wp-block-image size-large\"><img loading=\"lazy\" decoding=\"async\" width=\"1024\" height=\"683\" data-id=\"6593\" src=\"https:\/\/elpuucnoticias.com\/wp-content\/uploads\/2023\/04\/IMG_4003-1024x683.jpg\" alt=\"\" class=\"wp-image-6593\" srcset=\"https:\/\/elpuucnoticias.com\/wp-content\/uploads\/2023\/04\/IMG_4003-1024x683.jpg 1024w, https:\/\/elpuucnoticias.com\/wp-content\/uploads\/2023\/04\/IMG_4003-300x200.jpg 300w, https:\/\/elpuucnoticias.com\/wp-content\/uploads\/2023\/04\/IMG_4003-768x512.jpg 768w, https:\/\/elpuucnoticias.com\/wp-content\/uploads\/2023\/04\/IMG_4003-1536x1024.jpg 1536w, https:\/\/elpuucnoticias.com\/wp-content\/uploads\/2023\/04\/IMG_4003.jpg 1920w\" sizes=\"auto, (max-width: 1024px) 100vw, 1024px\" \/><\/figure>\n\n\n\n<figure class=\"wp-block-image size-large\"><img loading=\"lazy\" decoding=\"async\" width=\"1024\" height=\"683\" data-id=\"6591\" src=\"https:\/\/elpuucnoticias.com\/wp-content\/uploads\/2023\/04\/IMG_3968-1024x683.jpg\" alt=\"\" class=\"wp-image-6591\" srcset=\"https:\/\/elpuucnoticias.com\/wp-content\/uploads\/2023\/04\/IMG_3968-1024x683.jpg 1024w, https:\/\/elpuucnoticias.com\/wp-content\/uploads\/2023\/04\/IMG_3968-300x200.jpg 300w, https:\/\/elpuucnoticias.com\/wp-content\/uploads\/2023\/04\/IMG_3968-768x512.jpg 768w, https:\/\/elpuucnoticias.com\/wp-content\/uploads\/2023\/04\/IMG_3968-1536x1024.jpg 1536w, https:\/\/elpuucnoticias.com\/wp-content\/uploads\/2023\/04\/IMG_3968.jpg 1920w\" sizes=\"auto, (max-width: 1024px) 100vw, 1024px\" \/><\/figure>\n<\/figure>\n\n\n\n<p>Cientos de hect\u00e1reas se han visto siniestradas en lo que va de esta semana. En el Cono Sur, incluso se hablaba de pedir apoyo a\u00e9reo para sofocar un incendio de cientos de hect\u00e1reas que amenazaban numerosos cultivos agr\u00edcolas.<\/p>\n\n\n\n<p>Este s\u00e1bado, en la zona del cerro al Sur de la ciudad conocida como Noctunich, se registr\u00f3 un incendio que a distancia, desde el Centro de Tekax, se pod\u00eda ver sus dimensiones. En el lugar, los brigadistas pasaron apuros para evitar que las llamas siguieran extendi\u00e9ndose hacia las zonas habitadas.<\/p>\n\n\n\n<figure class=\"wp-block-gallery has-nested-images columns-default is-cropped wp-block-gallery-2 is-layout-flex wp-block-gallery-is-layout-flex\">\n<figure class=\"wp-block-image size-large\"><img loading=\"lazy\" decoding=\"async\" width=\"1024\" height=\"683\" data-id=\"6596\" src=\"https:\/\/elpuucnoticias.com\/wp-content\/uploads\/2023\/04\/IMG_4013-1024x683.jpg\" alt=\"\" class=\"wp-image-6596\" srcset=\"https:\/\/elpuucnoticias.com\/wp-content\/uploads\/2023\/04\/IMG_4013-1024x683.jpg 1024w, https:\/\/elpuucnoticias.com\/wp-content\/uploads\/2023\/04\/IMG_4013-300x200.jpg 300w, https:\/\/elpuucnoticias.com\/wp-content\/uploads\/2023\/04\/IMG_4013-768x512.jpg 768w, https:\/\/elpuucnoticias.com\/wp-content\/uploads\/2023\/04\/IMG_4013-1536x1024.jpg 1536w, https:\/\/elpuucnoticias.com\/wp-content\/uploads\/2023\/04\/IMG_4013.jpg 1920w\" sizes=\"auto, (max-width: 1024px) 100vw, 1024px\" \/><\/figure>\n\n\n\n<figure class=\"wp-block-image size-large\"><img loading=\"lazy\" decoding=\"async\" width=\"1024\" height=\"683\" data-id=\"6594\" src=\"https:\/\/elpuucnoticias.com\/wp-content\/uploads\/2023\/04\/IMG_4038-1024x683.jpg\" alt=\"\" class=\"wp-image-6594\" srcset=\"https:\/\/elpuucnoticias.com\/wp-content\/uploads\/2023\/04\/IMG_4038-1024x683.jpg 1024w, https:\/\/elpuucnoticias.com\/wp-content\/uploads\/2023\/04\/IMG_4038-300x200.jpg 300w, https:\/\/elpuucnoticias.com\/wp-content\/uploads\/2023\/04\/IMG_4038-768x512.jpg 768w, https:\/\/elpuucnoticias.com\/wp-content\/uploads\/2023\/04\/IMG_4038-1536x1024.jpg 1536w, https:\/\/elpuucnoticias.com\/wp-content\/uploads\/2023\/04\/IMG_4038.jpg 1920w\" sizes=\"auto, (max-width: 1024px) 100vw, 1024px\" \/><\/figure>\n\n\n\n<figure class=\"wp-block-image size-large\"><img loading=\"lazy\" decoding=\"async\" width=\"1024\" height=\"683\" data-id=\"6595\" src=\"https:\/\/elpuucnoticias.com\/wp-content\/uploads\/2023\/04\/IMG_3984-1024x683.jpg\" alt=\"\" class=\"wp-image-6595\" srcset=\"https:\/\/elpuucnoticias.com\/wp-content\/uploads\/2023\/04\/IMG_3984-1024x683.jpg 1024w, https:\/\/elpuucnoticias.com\/wp-content\/uploads\/2023\/04\/IMG_3984-300x200.jpg 300w, https:\/\/elpuucnoticias.com\/wp-content\/uploads\/2023\/04\/IMG_3984-768x512.jpg 768w, https:\/\/elpuucnoticias.com\/wp-content\/uploads\/2023\/04\/IMG_3984-1536x1024.jpg 1536w, https:\/\/elpuucnoticias.com\/wp-content\/uploads\/2023\/04\/IMG_3984.jpg 1920w\" sizes=\"auto, (max-width: 1024px) 100vw, 1024px\" \/><\/figure>\n<\/figure>\n\n\n\n<p>Otro de estos incendios se registr\u00f3 en la comisar\u00eda de Tixcuyt\u00fan, donde las llamas siniestraron una vivienda de paja, afortunadamente no se reportaron lesionados.\u2014 <em>El Puuc Noticias \/ Fotos de Tashiro Alexander Caamal Ku<\/em><\/p>\n","protected":false},"excerpt":{"rendered":"<p>Este s\u00e1bado, las brigadas de Protecci\u00f3n Civil y Bomberos, de la Secretar\u00eda de Seguridad P\u00fablica del Estado trabajaron<\/p>\n","protected":false},"author":1,"featured_media":6590,"comment_status":"closed","ping_status":"open","sticky":false,"template":"","format":"standard","meta":{"_monsterinsights_skip_tracking":false,"_monsterinsights_sitenote_active":false,"_monsterinsights_sitenote_note":"","_monsterinsights_sitenote_category":0,"footnotes":""},"categories":[11,4],"tags":[],"class_list":["post-6589","post","type-post","status-publish","format-standard","has-post-thumbnail","hentry","category-noticias","category-tekax"],"yoast_head":"<!-- This site is optimized with the Yoast SEO plugin v18.3 - https:\/\/yoast.com\/wordpress\/plugins\/seo\/ -->\n<title>Incendios activos en Tekax. Protecci\u00f3n Civil y Bomberos atienden siniestros en Xkuil, Tixcuyt\u00fan y en el cerro de Noctunich, en la cabecera - El Puuc Noticias<\/title>\n<meta name=\"robots\" content=\"index, follow, max-snippet:-1, max-image-preview:large, max-video-preview:-1\" \/>\n<link rel=\"canonical\" href=\"https:\/\/elpuucnoticias.com\/?p=6589\" \/>\n<meta property=\"og:locale\" content=\"es_ES\" \/>\n<meta property=\"og:type\" content=\"article\" \/>\n<meta property=\"og:title\" content=\"Incendios activos en Tekax. Protecci\u00f3n Civil y Bomberos atienden siniestros en Xkuil, Tixcuyt\u00fan y en el cerro de Noctunich, en la cabecera - El Puuc Noticias\" \/>\n<meta property=\"og:description\" content=\"Este s\u00e1bado, las brigadas de Protecci\u00f3n Civil y Bomberos, de la Secretar\u00eda de Seguridad P\u00fablica del Estado trabajaron\" \/>\n<meta property=\"og:url\" content=\"https:\/\/elpuucnoticias.com\/?p=6589\" \/>\n<meta property=\"og:site_name\" content=\"El Puuc Noticias\" \/>\n<meta property=\"article:published_time\" content=\"2023-04-09T00:38:15+00:00\" \/>\n<meta property=\"article:modified_time\" content=\"2023-04-09T00:38:16+00:00\" \/>\n<meta property=\"og:image\" content=\"https:\/\/elpuucnoticias.com\/wp-content\/uploads\/2023\/04\/IMG_4101.jpg\" \/>\n\t<meta property=\"og:image:width\" content=\"1920\" \/>\n\t<meta property=\"og:image:height\" content=\"1280\" \/>\n\t<meta property=\"og:image:type\" content=\"image\/jpeg\" \/>\n<meta name=\"twitter:card\" content=\"summary_large_image\" \/>\n<meta name=\"twitter:label1\" content=\"Escrito por\" \/>\n\t<meta name=\"twitter:data1\" content=\"elpuucnoticias\" \/>\n\t<meta name=\"twitter:label2\" content=\"Tiempo de lectura\" \/>\n\t<meta name=\"twitter:data2\" content=\"3 minutos\" \/>\n<script type=\"application\/ld+json\" class=\"yoast-schema-graph\">{\"@context\":\"https:\/\/schema.org\",\"@graph\":[{\"@type\":\"WebSite\",\"@id\":\"https:\/\/elpuucnoticias.com\/#website\",\"url\":\"https:\/\/elpuucnoticias.com\/\",\"name\":\"El Puuc Noticias\",\"description\":\"Noticias - Entretenimiento - Deportes\",\"potentialAction\":[{\"@type\":\"SearchAction\",\"target\":{\"@type\":\"EntryPoint\",\"urlTemplate\":\"https:\/\/elpuucnoticias.com\/?s={search_term_string}\"},\"query-input\":\"required name=search_term_string\"}],\"inLanguage\":\"es\"},{\"@type\":\"ImageObject\",\"@id\":\"https:\/\/elpuucnoticias.com\/?p=6589#primaryimage\",\"inLanguage\":\"es\",\"url\":\"https:\/\/elpuucnoticias.com\/wp-content\/uploads\/2023\/04\/IMG_4101.jpg\",\"contentUrl\":\"https:\/\/elpuucnoticias.com\/wp-content\/uploads\/2023\/04\/IMG_4101.jpg\",\"width\":1920,\"height\":1280},{\"@type\":\"WebPage\",\"@id\":\"https:\/\/elpuucnoticias.com\/?p=6589#webpage\",\"url\":\"https:\/\/elpuucnoticias.com\/?p=6589\",\"name\":\"Incendios activos en Tekax. Protecci\u00f3n Civil y Bomberos atienden siniestros en Xkuil, Tixcuyt\u00fan y en el cerro de Noctunich, en la cabecera - El Puuc Noticias\",\"isPartOf\":{\"@id\":\"https:\/\/elpuucnoticias.com\/#website\"},\"primaryImageOfPage\":{\"@id\":\"https:\/\/elpuucnoticias.com\/?p=6589#primaryimage\"},\"datePublished\":\"2023-04-09T00:38:15+00:00\",\"dateModified\":\"2023-04-09T00:38:16+00:00\",\"author\":{\"@id\":\"https:\/\/elpuucnoticias.com\/#\/schema\/person\/d2ea09e4c97f0160b11cdfb1d856bd9e\"},\"breadcrumb\":{\"@id\":\"https:\/\/elpuucnoticias.com\/?p=6589#breadcrumb\"},\"inLanguage\":\"es\",\"potentialAction\":[{\"@type\":\"ReadAction\",\"target\":[\"https:\/\/elpuucnoticias.com\/?p=6589\"]}]},{\"@type\":\"BreadcrumbList\",\"@id\":\"https:\/\/elpuucnoticias.com\/?p=6589#breadcrumb\",\"itemListElement\":[{\"@type\":\"ListItem\",\"position\":1,\"name\":\"Portada\",\"item\":\"https:\/\/elpuucnoticias.com\/\"},{\"@type\":\"ListItem\",\"position\":2,\"name\":\"Incendios activos en Tekax. Protecci\u00f3n Civil y Bomberos atienden siniestros en Xkuil, Tixcuyt\u00fan y en el cerro de Noctunich, en la cabecera\"}]},{\"@type\":\"Person\",\"@id\":\"https:\/\/elpuucnoticias.com\/#\/schema\/person\/d2ea09e4c97f0160b11cdfb1d856bd9e\",\"name\":\"elpuucnoticias\",\"image\":{\"@type\":\"ImageObject\",\"@id\":\"https:\/\/elpuucnoticias.com\/#personlogo\",\"inLanguage\":\"es\",\"url\":\"https:\/\/secure.gravatar.com\/avatar\/5290a43657c74ffa15701dbe5b846bd85cc71930d803c84e91046a7333de6ce2?s=96&d=mm&r=g\",\"contentUrl\":\"https:\/\/secure.gravatar.com\/avatar\/5290a43657c74ffa15701dbe5b846bd85cc71930d803c84e91046a7333de6ce2?s=96&d=mm&r=g\",\"caption\":\"elpuucnoticias\"},\"sameAs\":[\"https:\/\/elpuucnoticias.com\"],\"url\":\"https:\/\/elpuucnoticias.com\/?author=1\"}]}<\/script>\n<!-- \/ Yoast SEO plugin. -->","yoast_head_json":{"title":"Incendios activos en Tekax. Protecci\u00f3n Civil y Bomberos atienden siniestros en Xkuil, Tixcuyt\u00fan y en el cerro de Noctunich, en la cabecera - El Puuc Noticias","robots":{"index":"index","follow":"follow","max-snippet":"max-snippet:-1","max-image-preview":"max-image-preview:large","max-video-preview":"max-video-preview:-1"},"canonical":"https:\/\/elpuucnoticias.com\/?p=6589","og_locale":"es_ES","og_type":"article","og_title":"Incendios activos en Tekax. Protecci\u00f3n Civil y Bomberos atienden siniestros en Xkuil, Tixcuyt\u00fan y en el cerro de Noctunich, en la cabecera - El Puuc Noticias","og_description":"Este s\u00e1bado, las brigadas de Protecci\u00f3n Civil y Bomberos, de la Secretar\u00eda de Seguridad P\u00fablica del Estado trabajaron","og_url":"https:\/\/elpuucnoticias.com\/?p=6589","og_site_name":"El Puuc Noticias","article_published_time":"2023-04-09T00:38:15+00:00","article_modified_time":"2023-04-09T00:38:16+00:00","og_image":[{"width":1920,"height":1280,"url":"https:\/\/elpuucnoticias.com\/wp-content\/uploads\/2023\/04\/IMG_4101.jpg","type":"image\/jpeg"}],"twitter_card":"summary_large_image","twitter_misc":{"Escrito por":"elpuucnoticias","Tiempo de lectura":"3 minutos"},"schema":{"@context":"https:\/\/schema.org","@graph":[{"@type":"WebSite","@id":"https:\/\/elpuucnoticias.com\/#website","url":"https:\/\/elpuucnoticias.com\/","name":"El Puuc Noticias","description":"Noticias - Entretenimiento - Deportes","potentialAction":[{"@type":"SearchAction","target":{"@type":"EntryPoint","urlTemplate":"https:\/\/elpuucnoticias.com\/?s={search_term_string}"},"query-input":"required name=search_term_string"}],"inLanguage":"es"},{"@type":"ImageObject","@id":"https:\/\/elpuucnoticias.com\/?p=6589#primaryimage","inLanguage":"es","url":"https:\/\/elpuucnoticias.com\/wp-content\/uploads\/2023\/04\/IMG_4101.jpg","contentUrl":"https:\/\/elpuucnoticias.com\/wp-content\/uploads\/2023\/04\/IMG_4101.jpg","width":1920,"height":1280},{"@type":"WebPage","@id":"https:\/\/elpuucnoticias.com\/?p=6589#webpage","url":"https:\/\/elpuucnoticias.com\/?p=6589","name":"Incendios activos en Tekax. Protecci\u00f3n Civil y Bomberos atienden siniestros en Xkuil, Tixcuyt\u00fan y en el cerro de Noctunich, en la cabecera - El Puuc Noticias","isPartOf":{"@id":"https:\/\/elpuucnoticias.com\/#website"},"primaryImageOfPage":{"@id":"https:\/\/elpuucnoticias.com\/?p=6589#primaryimage"},"datePublished":"2023-04-09T00:38:15+00:00","dateModified":"2023-04-09T00:38:16+00:00","author":{"@id":"https:\/\/elpuucnoticias.com\/#\/schema\/person\/d2ea09e4c97f0160b11cdfb1d856bd9e"},"breadcrumb":{"@id":"https:\/\/elpuucnoticias.com\/?p=6589#breadcrumb"},"inLanguage":"es","potentialAction":[{"@type":"ReadAction","target":["https:\/\/elpuucnoticias.com\/?p=6589"]}]},{"@type":"BreadcrumbList","@id":"https:\/\/elpuucnoticias.com\/?p=6589#breadcrumb","itemListElement":[{"@type":"ListItem","position":1,"name":"Portada","item":"https:\/\/elpuucnoticias.com\/"},{"@type":"ListItem","position":2,"name":"Incendios activos en Tekax. Protecci\u00f3n Civil y Bomberos atienden siniestros en Xkuil, Tixcuyt\u00fan y en el cerro de Noctunich, en la cabecera"}]},{"@type":"Person","@id":"https:\/\/elpuucnoticias.com\/#\/schema\/person\/d2ea09e4c97f0160b11cdfb1d856bd9e","name":"elpuucnoticias","image":{"@type":"ImageObject","@id":"https:\/\/elpuucnoticias.com\/#personlogo","inLanguage":"es","url":"https:\/\/secure.gravatar.com\/avatar\/5290a43657c74ffa15701dbe5b846bd85cc71930d803c84e91046a7333de6ce2?s=96&d=mm&r=g","contentUrl":"https:\/\/secure.gravatar.com\/avatar\/5290a43657c74ffa15701dbe5b846bd85cc71930d803c84e91046a7333de6ce2?s=96&d=mm&r=g","caption":"elpuucnoticias"},"sameAs":["https:\/\/elpuucnoticias.com"],"url":"https:\/\/elpuucnoticias.com\/?author=1"}]}},"_links":{"self":[{"href":"https:\/\/elpuucnoticias.com\/index.php?rest_route=\/wp\/v2\/posts\/6589","targetHints":{"allow":["GET"]}}],"collection":[{"href":"https:\/\/elpuucnoticias.com\/index.php?rest_route=\/wp\/v2\/posts"}],"about":[{"href":"https:\/\/elpuucnoticias.com\/index.php?rest_route=\/wp\/v2\/types\/post"}],"author":[{"embeddable":true,"href":"https:\/\/elpuucnoticias.com\/index.php?rest_route=\/wp\/v2\/users\/1"}],"replies":[{"embeddable":true,"href":"https:\/\/elpuucnoticias.com\/index.php?rest_route=%2Fwp%2Fv2%2Fcomments&post=6589"}],"version-history":[{"count":1,"href":"https:\/\/elpuucnoticias.com\/index.php?rest_route=\/wp\/v2\/posts\/6589\/revisions"}],"predecessor-version":[{"id":6598,"href":"https:\/\/elpuucnoticias.com\/index.php?rest_route=\/wp\/v2\/posts\/6589\/revisions\/6598"}],"wp:featuredmedia":[{"embeddable":true,"href":"https:\/\/elpuucnoticias.com\/index.php?rest_route=\/wp\/v2\/media\/6590"}],"wp:attachment":[{"href":"https:\/\/elpuucnoticias.com\/index.php?rest_route=%2Fwp%2Fv2%2Fmedia&parent=6589"}],"wp:term":[{"taxonomy":"category","embeddable":true,"href":"https:\/\/elpuucnoticias.com\/index.php?rest_route=%2Fwp%2Fv2%2Fcategories&post=6589"},{"taxonomy":"post_tag","embeddable":true,"href":"https:\/\/elpuucnoticias.com\/index.php?rest_route=%2Fwp%2Fv2%2Ftags&post=6589"}],"curies":[{"name":"wp","href":"https:\/\/api.w.org\/{rel}","templated":true}]}}