{"id":6609,"date":"2023-04-13T04:53:38","date_gmt":"2023-04-13T10:53:38","guid":{"rendered":"https:\/\/elpuucnoticias.com\/?p=6609"},"modified":"2023-04-13T04:53:39","modified_gmt":"2023-04-13T10:53:39","slug":"ofrecen-convivio-a-productores-que-apoyaron-la-organizacion-de-la-pasada-feria-de-la-naranja-en-oxkutzcab","status":"publish","type":"post","link":"https:\/\/elpuucnoticias.com\/?p=6609","title":{"rendered":"Ofrecen convivio a productores que apoyaron la organizaci\u00f3n de la pasada Feria de la Naranja en Oxkutzcab"},"content":{"rendered":"\n<p>Como agradecimiento a los citricultores que aportaron frutas para la organizaci\u00f3n de la Feria de la Naranja de diciembre pasado, el alcalde de Oxkutzcab, Juan Jos\u00e9 Mart\u00edn Fragoso, ofreci\u00f3 un convivio<br>para los campesinos.<\/p>\n\n\n\n<p>En su mensaje, el primer edil indic\u00f3 que Oxkutzcab tuvo una buena feria y como agradecimiento se ofreci\u00f3 este convivio a productores.<\/p>\n\n\n\n<figure class=\"wp-block-gallery has-nested-images columns-default is-cropped wp-block-gallery-1 is-layout-flex wp-block-gallery-is-layout-flex\">\n<figure class=\"wp-block-image size-large\"><img loading=\"lazy\" decoding=\"async\" width=\"1024\" height=\"683\" data-id=\"6610\" src=\"https:\/\/elpuucnoticias.com\/wp-content\/uploads\/2023\/04\/campe04-1024x683.jpeg\" alt=\"\" class=\"wp-image-6610\" srcset=\"https:\/\/elpuucnoticias.com\/wp-content\/uploads\/2023\/04\/campe04-1024x683.jpeg 1024w, https:\/\/elpuucnoticias.com\/wp-content\/uploads\/2023\/04\/campe04-300x200.jpeg 300w, https:\/\/elpuucnoticias.com\/wp-content\/uploads\/2023\/04\/campe04-768x512.jpeg 768w, https:\/\/elpuucnoticias.com\/wp-content\/uploads\/2023\/04\/campe04.jpeg 1280w\" sizes=\"auto, (max-width: 1024px) 100vw, 1024px\" \/><\/figure>\n\n\n\n<figure class=\"wp-block-image size-large\"><img loading=\"lazy\" decoding=\"async\" width=\"1024\" height=\"820\" data-id=\"6612\" src=\"https:\/\/elpuucnoticias.com\/wp-content\/uploads\/2023\/04\/campe05-1024x820.jpeg\" alt=\"\" class=\"wp-image-6612\" srcset=\"https:\/\/elpuucnoticias.com\/wp-content\/uploads\/2023\/04\/campe05-1024x820.jpeg 1024w, https:\/\/elpuucnoticias.com\/wp-content\/uploads\/2023\/04\/campe05-300x240.jpeg 300w, https:\/\/elpuucnoticias.com\/wp-content\/uploads\/2023\/04\/campe05-768x615.jpeg 768w, https:\/\/elpuucnoticias.com\/wp-content\/uploads\/2023\/04\/campe05.jpeg 1067w\" sizes=\"auto, (max-width: 1024px) 100vw, 1024px\" \/><\/figure>\n\n\n\n<figure class=\"wp-block-image size-large\"><img loading=\"lazy\" decoding=\"async\" width=\"1024\" height=\"745\" data-id=\"6611\" src=\"https:\/\/elpuucnoticias.com\/wp-content\/uploads\/2023\/04\/campe01-1024x745.jpeg\" alt=\"\" class=\"wp-image-6611\" srcset=\"https:\/\/elpuucnoticias.com\/wp-content\/uploads\/2023\/04\/campe01-1024x745.jpeg 1024w, https:\/\/elpuucnoticias.com\/wp-content\/uploads\/2023\/04\/campe01-300x218.jpeg 300w, https:\/\/elpuucnoticias.com\/wp-content\/uploads\/2023\/04\/campe01-768x559.jpeg 768w, https:\/\/elpuucnoticias.com\/wp-content\/uploads\/2023\/04\/campe01.jpeg 1174w\" sizes=\"auto, (max-width: 1024px) 100vw, 1024px\" \/><\/figure>\n<\/figure>\n\n\n\n<p>\u00abLa Feria de la Naranja luego de dos a\u00f1os gener\u00f3 buena expectativa y fue una de las mejores que ha tenido Oxkutzcab, gracias al apoyo de los citricultores que hacen fuerte a la econom\u00eda de Oxkutzcab\u00bb, indic\u00f3.<\/p>\n\n\n\n<p>Agradeci\u00f3 a su esposa \u00c1ngeles Novelo Caamal, a regidores y dem\u00e1s funcionarios municipales que participaron.<\/p>\n\n\n\n<p>El funcionario anunci\u00f3 que pronto Oxkutzcab tendr\u00e1 su parque principal renovado y habr\u00e1 otros tres parques en Cooperativa, Xul y X&#8217;potoit, donde tambi\u00e9n se construir\u00e1n calles y mejores caminos para sacar las cosechas.\u2014 <em>El Puuc Noticias<\/em><\/p>\n","protected":false},"excerpt":{"rendered":"<p>Como agradecimiento a los citricultores que aportaron frutas para la organizaci\u00f3n de la Feria de la Naranja de<\/p>\n","protected":false},"author":1,"featured_media":6613,"comment_status":"closed","ping_status":"open","sticky":false,"template":"","format":"standard","meta":{"_monsterinsights_skip_tracking":false,"_monsterinsights_sitenote_active":false,"_monsterinsights_sitenote_note":"","_monsterinsights_sitenote_category":0,"footnotes":""},"categories":[11,14],"tags":[],"class_list":["post-6609","post","type-post","status-publish","format-standard","has-post-thumbnail","hentry","category-noticias","category-oxkutzcab"],"yoast_head":"<!-- This site is optimized with the Yoast SEO plugin v18.3 - https:\/\/yoast.com\/wordpress\/plugins\/seo\/ -->\n<title>Ofrecen convivio a productores que apoyaron la organizaci\u00f3n de la pasada Feria de la Naranja en Oxkutzcab - El Puuc Noticias<\/title>\n<meta name=\"robots\" content=\"index, follow, max-snippet:-1, max-image-preview:large, max-video-preview:-1\" \/>\n<link rel=\"canonical\" href=\"https:\/\/elpuucnoticias.com\/?p=6609\" \/>\n<meta property=\"og:locale\" content=\"es_ES\" \/>\n<meta property=\"og:type\" content=\"article\" \/>\n<meta property=\"og:title\" content=\"Ofrecen convivio a productores que apoyaron la organizaci\u00f3n de la pasada Feria de la Naranja en Oxkutzcab - El Puuc Noticias\" \/>\n<meta property=\"og:description\" content=\"Como agradecimiento a los citricultores que aportaron frutas para la organizaci\u00f3n de la Feria de la Naranja de\" \/>\n<meta property=\"og:url\" content=\"https:\/\/elpuucnoticias.com\/?p=6609\" \/>\n<meta property=\"og:site_name\" content=\"El Puuc Noticias\" \/>\n<meta property=\"article:published_time\" content=\"2023-04-13T10:53:38+00:00\" \/>\n<meta property=\"article:modified_time\" content=\"2023-04-13T10:53:39+00:00\" \/>\n<meta property=\"og:image\" content=\"https:\/\/elpuucnoticias.com\/wp-content\/uploads\/2023\/04\/campe02.jpeg\" \/>\n\t<meta property=\"og:image:width\" content=\"1150\" \/>\n\t<meta property=\"og:image:height\" content=\"836\" \/>\n\t<meta property=\"og:image:type\" content=\"image\/jpeg\" \/>\n<meta name=\"twitter:card\" content=\"summary_large_image\" \/>\n<meta name=\"twitter:label1\" content=\"Escrito por\" \/>\n\t<meta name=\"twitter:data1\" content=\"elpuucnoticias\" \/>\n\t<meta name=\"twitter:label2\" content=\"Tiempo de lectura\" \/>\n\t<meta name=\"twitter:data2\" content=\"2 minutos\" \/>\n<script type=\"application\/ld+json\" class=\"yoast-schema-graph\">{\"@context\":\"https:\/\/schema.org\",\"@graph\":[{\"@type\":\"WebSite\",\"@id\":\"https:\/\/elpuucnoticias.com\/#website\",\"url\":\"https:\/\/elpuucnoticias.com\/\",\"name\":\"El Puuc Noticias\",\"description\":\"Noticias - Entretenimiento - Deportes\",\"potentialAction\":[{\"@type\":\"SearchAction\",\"target\":{\"@type\":\"EntryPoint\",\"urlTemplate\":\"https:\/\/elpuucnoticias.com\/?s={search_term_string}\"},\"query-input\":\"required name=search_term_string\"}],\"inLanguage\":\"es\"},{\"@type\":\"ImageObject\",\"@id\":\"https:\/\/elpuucnoticias.com\/?p=6609#primaryimage\",\"inLanguage\":\"es\",\"url\":\"https:\/\/elpuucnoticias.com\/wp-content\/uploads\/2023\/04\/campe02.jpeg\",\"contentUrl\":\"https:\/\/elpuucnoticias.com\/wp-content\/uploads\/2023\/04\/campe02.jpeg\",\"width\":1150,\"height\":836},{\"@type\":\"WebPage\",\"@id\":\"https:\/\/elpuucnoticias.com\/?p=6609#webpage\",\"url\":\"https:\/\/elpuucnoticias.com\/?p=6609\",\"name\":\"Ofrecen convivio a productores que apoyaron la organizaci\u00f3n de la pasada Feria de la Naranja en Oxkutzcab - El Puuc Noticias\",\"isPartOf\":{\"@id\":\"https:\/\/elpuucnoticias.com\/#website\"},\"primaryImageOfPage\":{\"@id\":\"https:\/\/elpuucnoticias.com\/?p=6609#primaryimage\"},\"datePublished\":\"2023-04-13T10:53:38+00:00\",\"dateModified\":\"2023-04-13T10:53:39+00:00\",\"author\":{\"@id\":\"https:\/\/elpuucnoticias.com\/#\/schema\/person\/d2ea09e4c97f0160b11cdfb1d856bd9e\"},\"breadcrumb\":{\"@id\":\"https:\/\/elpuucnoticias.com\/?p=6609#breadcrumb\"},\"inLanguage\":\"es\",\"potentialAction\":[{\"@type\":\"ReadAction\",\"target\":[\"https:\/\/elpuucnoticias.com\/?p=6609\"]}]},{\"@type\":\"BreadcrumbList\",\"@id\":\"https:\/\/elpuucnoticias.com\/?p=6609#breadcrumb\",\"itemListElement\":[{\"@type\":\"ListItem\",\"position\":1,\"name\":\"Portada\",\"item\":\"https:\/\/elpuucnoticias.com\/\"},{\"@type\":\"ListItem\",\"position\":2,\"name\":\"Ofrecen convivio a productores que apoyaron la organizaci\u00f3n de la pasada Feria de la Naranja en Oxkutzcab\"}]},{\"@type\":\"Person\",\"@id\":\"https:\/\/elpuucnoticias.com\/#\/schema\/person\/d2ea09e4c97f0160b11cdfb1d856bd9e\",\"name\":\"elpuucnoticias\",\"image\":{\"@type\":\"ImageObject\",\"@id\":\"https:\/\/elpuucnoticias.com\/#personlogo\",\"inLanguage\":\"es\",\"url\":\"https:\/\/secure.gravatar.com\/avatar\/5290a43657c74ffa15701dbe5b846bd85cc71930d803c84e91046a7333de6ce2?s=96&d=mm&r=g\",\"contentUrl\":\"https:\/\/secure.gravatar.com\/avatar\/5290a43657c74ffa15701dbe5b846bd85cc71930d803c84e91046a7333de6ce2?s=96&d=mm&r=g\",\"caption\":\"elpuucnoticias\"},\"sameAs\":[\"https:\/\/elpuucnoticias.com\"],\"url\":\"https:\/\/elpuucnoticias.com\/?author=1\"}]}<\/script>\n<!-- \/ Yoast SEO plugin. -->","yoast_head_json":{"title":"Ofrecen convivio a productores que apoyaron la organizaci\u00f3n de la pasada Feria de la Naranja en Oxkutzcab - El Puuc Noticias","robots":{"index":"index","follow":"follow","max-snippet":"max-snippet:-1","max-image-preview":"max-image-preview:large","max-video-preview":"max-video-preview:-1"},"canonical":"https:\/\/elpuucnoticias.com\/?p=6609","og_locale":"es_ES","og_type":"article","og_title":"Ofrecen convivio a productores que apoyaron la organizaci\u00f3n de la pasada Feria de la Naranja en Oxkutzcab - El Puuc Noticias","og_description":"Como agradecimiento a los citricultores que aportaron frutas para la organizaci\u00f3n de la Feria de la Naranja de","og_url":"https:\/\/elpuucnoticias.com\/?p=6609","og_site_name":"El Puuc Noticias","article_published_time":"2023-04-13T10:53:38+00:00","article_modified_time":"2023-04-13T10:53:39+00:00","og_image":[{"width":1150,"height":836,"url":"https:\/\/elpuucnoticias.com\/wp-content\/uploads\/2023\/04\/campe02.jpeg","type":"image\/jpeg"}],"twitter_card":"summary_large_image","twitter_misc":{"Escrito por":"elpuucnoticias","Tiempo de lectura":"2 minutos"},"schema":{"@context":"https:\/\/schema.org","@graph":[{"@type":"WebSite","@id":"https:\/\/elpuucnoticias.com\/#website","url":"https:\/\/elpuucnoticias.com\/","name":"El Puuc Noticias","description":"Noticias - Entretenimiento - Deportes","potentialAction":[{"@type":"SearchAction","target":{"@type":"EntryPoint","urlTemplate":"https:\/\/elpuucnoticias.com\/?s={search_term_string}"},"query-input":"required name=search_term_string"}],"inLanguage":"es"},{"@type":"ImageObject","@id":"https:\/\/elpuucnoticias.com\/?p=6609#primaryimage","inLanguage":"es","url":"https:\/\/elpuucnoticias.com\/wp-content\/uploads\/2023\/04\/campe02.jpeg","contentUrl":"https:\/\/elpuucnoticias.com\/wp-content\/uploads\/2023\/04\/campe02.jpeg","width":1150,"height":836},{"@type":"WebPage","@id":"https:\/\/elpuucnoticias.com\/?p=6609#webpage","url":"https:\/\/elpuucnoticias.com\/?p=6609","name":"Ofrecen convivio a productores que apoyaron la organizaci\u00f3n de la pasada Feria de la Naranja en Oxkutzcab - El Puuc Noticias","isPartOf":{"@id":"https:\/\/elpuucnoticias.com\/#website"},"primaryImageOfPage":{"@id":"https:\/\/elpuucnoticias.com\/?p=6609#primaryimage"},"datePublished":"2023-04-13T10:53:38+00:00","dateModified":"2023-04-13T10:53:39+00:00","author":{"@id":"https:\/\/elpuucnoticias.com\/#\/schema\/person\/d2ea09e4c97f0160b11cdfb1d856bd9e"},"breadcrumb":{"@id":"https:\/\/elpuucnoticias.com\/?p=6609#breadcrumb"},"inLanguage":"es","potentialAction":[{"@type":"ReadAction","target":["https:\/\/elpuucnoticias.com\/?p=6609"]}]},{"@type":"BreadcrumbList","@id":"https:\/\/elpuucnoticias.com\/?p=6609#breadcrumb","itemListElement":[{"@type":"ListItem","position":1,"name":"Portada","item":"https:\/\/elpuucnoticias.com\/"},{"@type":"ListItem","position":2,"name":"Ofrecen convivio a productores que apoyaron la organizaci\u00f3n de la pasada Feria de la Naranja en Oxkutzcab"}]},{"@type":"Person","@id":"https:\/\/elpuucnoticias.com\/#\/schema\/person\/d2ea09e4c97f0160b11cdfb1d856bd9e","name":"elpuucnoticias","image":{"@type":"ImageObject","@id":"https:\/\/elpuucnoticias.com\/#personlogo","inLanguage":"es","url":"https:\/\/secure.gravatar.com\/avatar\/5290a43657c74ffa15701dbe5b846bd85cc71930d803c84e91046a7333de6ce2?s=96&d=mm&r=g","contentUrl":"https:\/\/secure.gravatar.com\/avatar\/5290a43657c74ffa15701dbe5b846bd85cc71930d803c84e91046a7333de6ce2?s=96&d=mm&r=g","caption":"elpuucnoticias"},"sameAs":["https:\/\/elpuucnoticias.com"],"url":"https:\/\/elpuucnoticias.com\/?author=1"}]}},"_links":{"self":[{"href":"https:\/\/elpuucnoticias.com\/index.php?rest_route=\/wp\/v2\/posts\/6609","targetHints":{"allow":["GET"]}}],"collection":[{"href":"https:\/\/elpuucnoticias.com\/index.php?rest_route=\/wp\/v2\/posts"}],"about":[{"href":"https:\/\/elpuucnoticias.com\/index.php?rest_route=\/wp\/v2\/types\/post"}],"author":[{"embeddable":true,"href":"https:\/\/elpuucnoticias.com\/index.php?rest_route=\/wp\/v2\/users\/1"}],"replies":[{"embeddable":true,"href":"https:\/\/elpuucnoticias.com\/index.php?rest_route=%2Fwp%2Fv2%2Fcomments&post=6609"}],"version-history":[{"count":1,"href":"https:\/\/elpuucnoticias.com\/index.php?rest_route=\/wp\/v2\/posts\/6609\/revisions"}],"predecessor-version":[{"id":6614,"href":"https:\/\/elpuucnoticias.com\/index.php?rest_route=\/wp\/v2\/posts\/6609\/revisions\/6614"}],"wp:featuredmedia":[{"embeddable":true,"href":"https:\/\/elpuucnoticias.com\/index.php?rest_route=\/wp\/v2\/media\/6613"}],"wp:attachment":[{"href":"https:\/\/elpuucnoticias.com\/index.php?rest_route=%2Fwp%2Fv2%2Fmedia&parent=6609"}],"wp:term":[{"taxonomy":"category","embeddable":true,"href":"https:\/\/elpuucnoticias.com\/index.php?rest_route=%2Fwp%2Fv2%2Fcategories&post=6609"},{"taxonomy":"post_tag","embeddable":true,"href":"https:\/\/elpuucnoticias.com\/index.php?rest_route=%2Fwp%2Fv2%2Ftags&post=6609"}],"curies":[{"name":"wp","href":"https:\/\/api.w.org\/{rel}","templated":true}]}}