{"id":6653,"date":"2023-04-13T17:00:53","date_gmt":"2023-04-13T23:00:53","guid":{"rendered":"https:\/\/elpuucnoticias.com\/?p=6653"},"modified":"2023-04-13T17:00:54","modified_gmt":"2023-04-13T23:00:54","slug":"construyen-bano-publico-en-la-comisaria-de-xoy-previo-al-inicio-de-su-fiesta-tradicional","status":"publish","type":"post","link":"https:\/\/elpuucnoticias.com\/?p=6653","title":{"rendered":"Construyen ba\u00f1o p\u00fablico en la comisar\u00eda de Xoy, previo al inicio de su fiesta tradicional"},"content":{"rendered":"\n<p>En d\u00edas pasados, el alcalde de Peto, Ren\u00e1n Jim\u00e9nez Tah, hizo entrega de un ba\u00f1o p\u00fablico que se construy\u00f3 en la comisar\u00eda de Xoy, a un costado del Palacio, que ser\u00e1 de utilidad en la pr\u00f3xima fiesta tradicional de la comunidad.<\/p>\n\n\n\n<p>La fiesta tradicional comenzar\u00e1 este jueves y previo a los festejos se concluy\u00f3 la construcci\u00f3n del ba\u00f1o que ser\u00e1 para caballeros, adem\u00e1s se remodel\u00f3 el ba\u00f1o de mujeres.<\/p>\n\n\n\n<p>El primer edil se\u00f1al\u00f3 que los trabajos se realizaron a petici\u00f3n de los pobladores de esa comunidad, para atender de esa manera sus necesidades.<\/p>\n\n\n\n<figure class=\"wp-block-gallery has-nested-images columns-default is-cropped wp-block-gallery-1 is-layout-flex wp-block-gallery-is-layout-flex\">\n<figure class=\"wp-block-image size-large\"><img loading=\"lazy\" decoding=\"async\" width=\"720\" height=\"480\" data-id=\"6659\" src=\"https:\/\/elpuucnoticias.com\/wp-content\/uploads\/2023\/04\/WhatsApp-Image-2023-04-12-at-5.50.18-PM.jpeg\" alt=\"\" class=\"wp-image-6659\" srcset=\"https:\/\/elpuucnoticias.com\/wp-content\/uploads\/2023\/04\/WhatsApp-Image-2023-04-12-at-5.50.18-PM.jpeg 720w, https:\/\/elpuucnoticias.com\/wp-content\/uploads\/2023\/04\/WhatsApp-Image-2023-04-12-at-5.50.18-PM-300x200.jpeg 300w\" sizes=\"auto, (max-width: 720px) 100vw, 720px\" \/><\/figure>\n\n\n\n<figure class=\"wp-block-image size-large\"><img loading=\"lazy\" decoding=\"async\" width=\"720\" height=\"480\" data-id=\"6661\" src=\"https:\/\/elpuucnoticias.com\/wp-content\/uploads\/2023\/04\/WhatsApp-Image-2023-04-12-at-5.50.18-PM-2.jpeg\" alt=\"\" class=\"wp-image-6661\" srcset=\"https:\/\/elpuucnoticias.com\/wp-content\/uploads\/2023\/04\/WhatsApp-Image-2023-04-12-at-5.50.18-PM-2.jpeg 720w, https:\/\/elpuucnoticias.com\/wp-content\/uploads\/2023\/04\/WhatsApp-Image-2023-04-12-at-5.50.18-PM-2-300x200.jpeg 300w\" sizes=\"auto, (max-width: 720px) 100vw, 720px\" \/><\/figure>\n\n\n\n<figure class=\"wp-block-image size-large\"><img loading=\"lazy\" decoding=\"async\" width=\"720\" height=\"480\" data-id=\"6660\" src=\"https:\/\/elpuucnoticias.com\/wp-content\/uploads\/2023\/04\/WhatsApp-Image-2023-04-12-at-5.50.17-PM.jpeg\" alt=\"\" class=\"wp-image-6660\" srcset=\"https:\/\/elpuucnoticias.com\/wp-content\/uploads\/2023\/04\/WhatsApp-Image-2023-04-12-at-5.50.17-PM.jpeg 720w, https:\/\/elpuucnoticias.com\/wp-content\/uploads\/2023\/04\/WhatsApp-Image-2023-04-12-at-5.50.17-PM-300x200.jpeg 300w\" sizes=\"auto, (max-width: 720px) 100vw, 720px\" \/><\/figure>\n<\/figure>\n\n\n\n<p>En la misma comunidad, hizo entrega de la casa del molino con la cual se busca el mejoramiento de la calidad de vida de las familias, pues ahora tienen un espacio en mejores condiciones, donde se ubicar\u00e1 el molino comunitario.<\/p>\n\n\n\n<p>El alcalde se\u00f1al\u00f3 que esa construcci\u00f3n servir\u00e1 para un molino comunitario y ser\u00e1 de gran apoyo para las amas de casa.<\/p>\n\n\n\n<p>\u00abSeguiremos trabajando a beneficio de las familias de las comunidades porque estamos conscientes que con este tipo de acciones, apoyamos para que las comisar\u00edas tengan una mejor calidad de vida\u00bb, puntualiza el primer edil.\u2014 <em>El Puuc Noticias<\/em><\/p>\n","protected":false},"excerpt":{"rendered":"<p>En d\u00edas pasados, el alcalde de Peto, Ren\u00e1n Jim\u00e9nez Tah, hizo entrega de un ba\u00f1o p\u00fablico que se<\/p>\n","protected":false},"author":1,"featured_media":6655,"comment_status":"closed","ping_status":"open","sticky":false,"template":"","format":"standard","meta":{"_monsterinsights_skip_tracking":false,"_monsterinsights_sitenote_active":false,"_monsterinsights_sitenote_note":"","_monsterinsights_sitenote_category":0,"footnotes":""},"categories":[11,20],"tags":[],"class_list":["post-6653","post","type-post","status-publish","format-standard","has-post-thumbnail","hentry","category-noticias","category-peto"],"yoast_head":"<!-- This site is optimized with the Yoast SEO plugin v18.3 - https:\/\/yoast.com\/wordpress\/plugins\/seo\/ -->\n<title>Construyen ba\u00f1o p\u00fablico en la comisar\u00eda de Xoy, previo al inicio de su fiesta tradicional - El Puuc Noticias<\/title>\n<meta name=\"robots\" content=\"index, follow, max-snippet:-1, max-image-preview:large, max-video-preview:-1\" \/>\n<link rel=\"canonical\" href=\"https:\/\/elpuucnoticias.com\/?p=6653\" \/>\n<meta property=\"og:locale\" content=\"es_ES\" \/>\n<meta property=\"og:type\" content=\"article\" \/>\n<meta property=\"og:title\" content=\"Construyen ba\u00f1o p\u00fablico en la comisar\u00eda de Xoy, previo al inicio de su fiesta tradicional - El Puuc Noticias\" \/>\n<meta property=\"og:description\" content=\"En d\u00edas pasados, el alcalde de Peto, Ren\u00e1n Jim\u00e9nez Tah, hizo entrega de un ba\u00f1o p\u00fablico que se\" \/>\n<meta property=\"og:url\" content=\"https:\/\/elpuucnoticias.com\/?p=6653\" \/>\n<meta property=\"og:site_name\" content=\"El Puuc Noticias\" \/>\n<meta property=\"article:published_time\" content=\"2023-04-13T23:00:53+00:00\" \/>\n<meta property=\"article:modified_time\" content=\"2023-04-13T23:00:54+00:00\" \/>\n<meta property=\"og:image\" content=\"https:\/\/elpuucnoticias.com\/wp-content\/uploads\/2023\/04\/WhatsApp-Image-2023-04-12-at-5.50.08-PM.jpeg\" \/>\n\t<meta property=\"og:image:width\" content=\"720\" \/>\n\t<meta property=\"og:image:height\" content=\"480\" \/>\n\t<meta property=\"og:image:type\" content=\"image\/jpeg\" \/>\n<meta name=\"twitter:card\" content=\"summary_large_image\" \/>\n<meta name=\"twitter:label1\" content=\"Escrito por\" \/>\n\t<meta name=\"twitter:data1\" content=\"elpuucnoticias\" \/>\n\t<meta name=\"twitter:label2\" content=\"Tiempo de lectura\" \/>\n\t<meta name=\"twitter:data2\" content=\"2 minutos\" \/>\n<script type=\"application\/ld+json\" class=\"yoast-schema-graph\">{\"@context\":\"https:\/\/schema.org\",\"@graph\":[{\"@type\":\"WebSite\",\"@id\":\"https:\/\/elpuucnoticias.com\/#website\",\"url\":\"https:\/\/elpuucnoticias.com\/\",\"name\":\"El Puuc Noticias\",\"description\":\"Noticias - Entretenimiento - Deportes\",\"potentialAction\":[{\"@type\":\"SearchAction\",\"target\":{\"@type\":\"EntryPoint\",\"urlTemplate\":\"https:\/\/elpuucnoticias.com\/?s={search_term_string}\"},\"query-input\":\"required name=search_term_string\"}],\"inLanguage\":\"es\"},{\"@type\":\"ImageObject\",\"@id\":\"https:\/\/elpuucnoticias.com\/?p=6653#primaryimage\",\"inLanguage\":\"es\",\"url\":\"https:\/\/elpuucnoticias.com\/wp-content\/uploads\/2023\/04\/WhatsApp-Image-2023-04-12-at-5.50.08-PM.jpeg\",\"contentUrl\":\"https:\/\/elpuucnoticias.com\/wp-content\/uploads\/2023\/04\/WhatsApp-Image-2023-04-12-at-5.50.08-PM.jpeg\",\"width\":720,\"height\":480},{\"@type\":\"WebPage\",\"@id\":\"https:\/\/elpuucnoticias.com\/?p=6653#webpage\",\"url\":\"https:\/\/elpuucnoticias.com\/?p=6653\",\"name\":\"Construyen ba\u00f1o p\u00fablico en la comisar\u00eda de Xoy, previo al inicio de su fiesta tradicional - El Puuc Noticias\",\"isPartOf\":{\"@id\":\"https:\/\/elpuucnoticias.com\/#website\"},\"primaryImageOfPage\":{\"@id\":\"https:\/\/elpuucnoticias.com\/?p=6653#primaryimage\"},\"datePublished\":\"2023-04-13T23:00:53+00:00\",\"dateModified\":\"2023-04-13T23:00:54+00:00\",\"author\":{\"@id\":\"https:\/\/elpuucnoticias.com\/#\/schema\/person\/d2ea09e4c97f0160b11cdfb1d856bd9e\"},\"breadcrumb\":{\"@id\":\"https:\/\/elpuucnoticias.com\/?p=6653#breadcrumb\"},\"inLanguage\":\"es\",\"potentialAction\":[{\"@type\":\"ReadAction\",\"target\":[\"https:\/\/elpuucnoticias.com\/?p=6653\"]}]},{\"@type\":\"BreadcrumbList\",\"@id\":\"https:\/\/elpuucnoticias.com\/?p=6653#breadcrumb\",\"itemListElement\":[{\"@type\":\"ListItem\",\"position\":1,\"name\":\"Portada\",\"item\":\"https:\/\/elpuucnoticias.com\/\"},{\"@type\":\"ListItem\",\"position\":2,\"name\":\"Construyen ba\u00f1o p\u00fablico en la comisar\u00eda de Xoy, previo al inicio de su fiesta tradicional\"}]},{\"@type\":\"Person\",\"@id\":\"https:\/\/elpuucnoticias.com\/#\/schema\/person\/d2ea09e4c97f0160b11cdfb1d856bd9e\",\"name\":\"elpuucnoticias\",\"image\":{\"@type\":\"ImageObject\",\"@id\":\"https:\/\/elpuucnoticias.com\/#personlogo\",\"inLanguage\":\"es\",\"url\":\"https:\/\/secure.gravatar.com\/avatar\/5290a43657c74ffa15701dbe5b846bd85cc71930d803c84e91046a7333de6ce2?s=96&d=mm&r=g\",\"contentUrl\":\"https:\/\/secure.gravatar.com\/avatar\/5290a43657c74ffa15701dbe5b846bd85cc71930d803c84e91046a7333de6ce2?s=96&d=mm&r=g\",\"caption\":\"elpuucnoticias\"},\"sameAs\":[\"https:\/\/elpuucnoticias.com\"],\"url\":\"https:\/\/elpuucnoticias.com\/?author=1\"}]}<\/script>\n<!-- \/ Yoast SEO plugin. -->","yoast_head_json":{"title":"Construyen ba\u00f1o p\u00fablico en la comisar\u00eda de Xoy, previo al inicio de su fiesta tradicional - El Puuc Noticias","robots":{"index":"index","follow":"follow","max-snippet":"max-snippet:-1","max-image-preview":"max-image-preview:large","max-video-preview":"max-video-preview:-1"},"canonical":"https:\/\/elpuucnoticias.com\/?p=6653","og_locale":"es_ES","og_type":"article","og_title":"Construyen ba\u00f1o p\u00fablico en la comisar\u00eda de Xoy, previo al inicio de su fiesta tradicional - El Puuc Noticias","og_description":"En d\u00edas pasados, el alcalde de Peto, Ren\u00e1n Jim\u00e9nez Tah, hizo entrega de un ba\u00f1o p\u00fablico que se","og_url":"https:\/\/elpuucnoticias.com\/?p=6653","og_site_name":"El Puuc Noticias","article_published_time":"2023-04-13T23:00:53+00:00","article_modified_time":"2023-04-13T23:00:54+00:00","og_image":[{"width":720,"height":480,"url":"https:\/\/elpuucnoticias.com\/wp-content\/uploads\/2023\/04\/WhatsApp-Image-2023-04-12-at-5.50.08-PM.jpeg","type":"image\/jpeg"}],"twitter_card":"summary_large_image","twitter_misc":{"Escrito por":"elpuucnoticias","Tiempo de lectura":"2 minutos"},"schema":{"@context":"https:\/\/schema.org","@graph":[{"@type":"WebSite","@id":"https:\/\/elpuucnoticias.com\/#website","url":"https:\/\/elpuucnoticias.com\/","name":"El Puuc Noticias","description":"Noticias - Entretenimiento - Deportes","potentialAction":[{"@type":"SearchAction","target":{"@type":"EntryPoint","urlTemplate":"https:\/\/elpuucnoticias.com\/?s={search_term_string}"},"query-input":"required name=search_term_string"}],"inLanguage":"es"},{"@type":"ImageObject","@id":"https:\/\/elpuucnoticias.com\/?p=6653#primaryimage","inLanguage":"es","url":"https:\/\/elpuucnoticias.com\/wp-content\/uploads\/2023\/04\/WhatsApp-Image-2023-04-12-at-5.50.08-PM.jpeg","contentUrl":"https:\/\/elpuucnoticias.com\/wp-content\/uploads\/2023\/04\/WhatsApp-Image-2023-04-12-at-5.50.08-PM.jpeg","width":720,"height":480},{"@type":"WebPage","@id":"https:\/\/elpuucnoticias.com\/?p=6653#webpage","url":"https:\/\/elpuucnoticias.com\/?p=6653","name":"Construyen ba\u00f1o p\u00fablico en la comisar\u00eda de Xoy, previo al inicio de su fiesta tradicional - El Puuc Noticias","isPartOf":{"@id":"https:\/\/elpuucnoticias.com\/#website"},"primaryImageOfPage":{"@id":"https:\/\/elpuucnoticias.com\/?p=6653#primaryimage"},"datePublished":"2023-04-13T23:00:53+00:00","dateModified":"2023-04-13T23:00:54+00:00","author":{"@id":"https:\/\/elpuucnoticias.com\/#\/schema\/person\/d2ea09e4c97f0160b11cdfb1d856bd9e"},"breadcrumb":{"@id":"https:\/\/elpuucnoticias.com\/?p=6653#breadcrumb"},"inLanguage":"es","potentialAction":[{"@type":"ReadAction","target":["https:\/\/elpuucnoticias.com\/?p=6653"]}]},{"@type":"BreadcrumbList","@id":"https:\/\/elpuucnoticias.com\/?p=6653#breadcrumb","itemListElement":[{"@type":"ListItem","position":1,"name":"Portada","item":"https:\/\/elpuucnoticias.com\/"},{"@type":"ListItem","position":2,"name":"Construyen ba\u00f1o p\u00fablico en la comisar\u00eda de Xoy, previo al inicio de su fiesta tradicional"}]},{"@type":"Person","@id":"https:\/\/elpuucnoticias.com\/#\/schema\/person\/d2ea09e4c97f0160b11cdfb1d856bd9e","name":"elpuucnoticias","image":{"@type":"ImageObject","@id":"https:\/\/elpuucnoticias.com\/#personlogo","inLanguage":"es","url":"https:\/\/secure.gravatar.com\/avatar\/5290a43657c74ffa15701dbe5b846bd85cc71930d803c84e91046a7333de6ce2?s=96&d=mm&r=g","contentUrl":"https:\/\/secure.gravatar.com\/avatar\/5290a43657c74ffa15701dbe5b846bd85cc71930d803c84e91046a7333de6ce2?s=96&d=mm&r=g","caption":"elpuucnoticias"},"sameAs":["https:\/\/elpuucnoticias.com"],"url":"https:\/\/elpuucnoticias.com\/?author=1"}]}},"_links":{"self":[{"href":"https:\/\/elpuucnoticias.com\/index.php?rest_route=\/wp\/v2\/posts\/6653","targetHints":{"allow":["GET"]}}],"collection":[{"href":"https:\/\/elpuucnoticias.com\/index.php?rest_route=\/wp\/v2\/posts"}],"about":[{"href":"https:\/\/elpuucnoticias.com\/index.php?rest_route=\/wp\/v2\/types\/post"}],"author":[{"embeddable":true,"href":"https:\/\/elpuucnoticias.com\/index.php?rest_route=\/wp\/v2\/users\/1"}],"replies":[{"embeddable":true,"href":"https:\/\/elpuucnoticias.com\/index.php?rest_route=%2Fwp%2Fv2%2Fcomments&post=6653"}],"version-history":[{"count":1,"href":"https:\/\/elpuucnoticias.com\/index.php?rest_route=\/wp\/v2\/posts\/6653\/revisions"}],"predecessor-version":[{"id":6662,"href":"https:\/\/elpuucnoticias.com\/index.php?rest_route=\/wp\/v2\/posts\/6653\/revisions\/6662"}],"wp:featuredmedia":[{"embeddable":true,"href":"https:\/\/elpuucnoticias.com\/index.php?rest_route=\/wp\/v2\/media\/6655"}],"wp:attachment":[{"href":"https:\/\/elpuucnoticias.com\/index.php?rest_route=%2Fwp%2Fv2%2Fmedia&parent=6653"}],"wp:term":[{"taxonomy":"category","embeddable":true,"href":"https:\/\/elpuucnoticias.com\/index.php?rest_route=%2Fwp%2Fv2%2Fcategories&post=6653"},{"taxonomy":"post_tag","embeddable":true,"href":"https:\/\/elpuucnoticias.com\/index.php?rest_route=%2Fwp%2Fv2%2Ftags&post=6653"}],"curies":[{"name":"wp","href":"https:\/\/api.w.org\/{rel}","templated":true}]}}