{"id":6665,"date":"2023-04-13T17:10:58","date_gmt":"2023-04-13T23:10:58","guid":{"rendered":"https:\/\/elpuucnoticias.com\/?p=6665"},"modified":"2023-04-13T17:10:59","modified_gmt":"2023-04-13T23:10:59","slug":"todo-listo-en-la-perla-del-sur-para-el-arranque-este-jueves-de-ticul-con-encanto-con-la-participacion-de-mas-de-100-expositores","status":"publish","type":"post","link":"https:\/\/elpuucnoticias.com\/?p=6665","title":{"rendered":"Todo listo en La Perla del Sur para el arranque, este jueves, de Ticul con Encanto, con la participaci\u00f3n de m\u00e1s de 100 expositores"},"content":{"rendered":"\n<p>La noche de este jueves se realizar\u00e1 la inauguraci\u00f3n de la edici\u00f3n primaveral de la feria Ticul con Encanto, en el Centro de La Perla del Sur, informa el presidente Rafael Montalvo Mata.<\/p>\n\n\n\n<figure class=\"wp-block-gallery has-nested-images columns-default is-cropped wp-block-gallery-1 is-layout-flex wp-block-gallery-is-layout-flex\">\n<figure class=\"wp-block-image size-large\"><img loading=\"lazy\" decoding=\"async\" width=\"1024\" height=\"682\" data-id=\"6668\" src=\"https:\/\/elpuucnoticias.com\/wp-content\/uploads\/2023\/04\/ticul-con-encanto-2-1024x682.jpg\" alt=\"\" class=\"wp-image-6668\" srcset=\"https:\/\/elpuucnoticias.com\/wp-content\/uploads\/2023\/04\/ticul-con-encanto-2-1024x682.jpg 1024w, https:\/\/elpuucnoticias.com\/wp-content\/uploads\/2023\/04\/ticul-con-encanto-2-300x200.jpg 300w, https:\/\/elpuucnoticias.com\/wp-content\/uploads\/2023\/04\/ticul-con-encanto-2-768x512.jpg 768w, https:\/\/elpuucnoticias.com\/wp-content\/uploads\/2023\/04\/ticul-con-encanto-2.jpg 1280w\" sizes=\"auto, (max-width: 1024px) 100vw, 1024px\" \/><\/figure>\n\n\n\n<figure class=\"wp-block-image size-large\"><img loading=\"lazy\" decoding=\"async\" width=\"1024\" height=\"682\" data-id=\"6667\" src=\"https:\/\/elpuucnoticias.com\/wp-content\/uploads\/2023\/04\/ticul-con-encanto-3-1024x682.jpg\" alt=\"\" class=\"wp-image-6667\" srcset=\"https:\/\/elpuucnoticias.com\/wp-content\/uploads\/2023\/04\/ticul-con-encanto-3-1024x682.jpg 1024w, https:\/\/elpuucnoticias.com\/wp-content\/uploads\/2023\/04\/ticul-con-encanto-3-300x200.jpg 300w, https:\/\/elpuucnoticias.com\/wp-content\/uploads\/2023\/04\/ticul-con-encanto-3-768x512.jpg 768w, https:\/\/elpuucnoticias.com\/wp-content\/uploads\/2023\/04\/ticul-con-encanto-3.jpg 1280w\" sizes=\"auto, (max-width: 1024px) 100vw, 1024px\" \/><\/figure>\n<\/figure>\n\n\n\n<p>El primer edil ticule\u00f1o se\u00f1ala que en esta edici\u00f3n contar\u00e1n con la participaci\u00f3n de los fabricantes de guayaberas del municipio de Tekit, adem\u00e1s de 40 zapater\u00edas, emprendedores y artesanos, entre otros.<\/p>\n\n\n\n<p>Rafael Montalvo refiere que esta noche, a las 7:30 se realizar\u00e1 la inauguraci\u00f3n de la feria en la Concha Ac\u00fastica de la ciudad.\u2014 <em>Herbert Nelson Bacab Poot \/ El Puuc Noticias<\/em><\/p>\n","protected":false},"excerpt":{"rendered":"<p>La noche de este jueves se realizar\u00e1 la inauguraci\u00f3n de la edici\u00f3n primaveral de la feria Ticul con<\/p>\n","protected":false},"author":1,"featured_media":6666,"comment_status":"closed","ping_status":"open","sticky":false,"template":"","format":"standard","meta":{"_monsterinsights_skip_tracking":false,"_monsterinsights_sitenote_active":false,"_monsterinsights_sitenote_note":"","_monsterinsights_sitenote_category":0,"footnotes":""},"categories":[11,13],"tags":[],"class_list":["post-6665","post","type-post","status-publish","format-standard","has-post-thumbnail","hentry","category-noticias","category-ticul"],"yoast_head":"<!-- This site is optimized with the Yoast SEO plugin v18.3 - https:\/\/yoast.com\/wordpress\/plugins\/seo\/ -->\n<title>Todo listo en La Perla del Sur para el arranque, este jueves, de Ticul con Encanto, con la participaci\u00f3n de m\u00e1s de 100 expositores - El Puuc Noticias<\/title>\n<meta name=\"robots\" content=\"index, follow, max-snippet:-1, max-image-preview:large, max-video-preview:-1\" \/>\n<link rel=\"canonical\" href=\"https:\/\/elpuucnoticias.com\/?p=6665\" \/>\n<meta property=\"og:locale\" content=\"es_ES\" \/>\n<meta property=\"og:type\" content=\"article\" \/>\n<meta property=\"og:title\" content=\"Todo listo en La Perla del Sur para el arranque, este jueves, de Ticul con Encanto, con la participaci\u00f3n de m\u00e1s de 100 expositores - El Puuc Noticias\" \/>\n<meta property=\"og:description\" content=\"La noche de este jueves se realizar\u00e1 la inauguraci\u00f3n de la edici\u00f3n primaveral de la feria Ticul con\" \/>\n<meta property=\"og:url\" content=\"https:\/\/elpuucnoticias.com\/?p=6665\" \/>\n<meta property=\"og:site_name\" content=\"El Puuc Noticias\" \/>\n<meta property=\"article:published_time\" content=\"2023-04-13T23:10:58+00:00\" \/>\n<meta property=\"article:modified_time\" content=\"2023-04-13T23:10:59+00:00\" \/>\n<meta property=\"og:image\" content=\"https:\/\/elpuucnoticias.com\/wp-content\/uploads\/2023\/04\/ticul-con-encanto-1.jpg\" \/>\n\t<meta property=\"og:image:width\" content=\"1280\" \/>\n\t<meta property=\"og:image:height\" content=\"886\" \/>\n\t<meta property=\"og:image:type\" content=\"image\/jpeg\" \/>\n<meta name=\"twitter:card\" content=\"summary_large_image\" \/>\n<meta name=\"twitter:label1\" content=\"Escrito por\" \/>\n\t<meta name=\"twitter:data1\" content=\"elpuucnoticias\" \/>\n\t<meta name=\"twitter:label2\" content=\"Tiempo de lectura\" \/>\n\t<meta name=\"twitter:data2\" content=\"1 minuto\" \/>\n<script type=\"application\/ld+json\" class=\"yoast-schema-graph\">{\"@context\":\"https:\/\/schema.org\",\"@graph\":[{\"@type\":\"WebSite\",\"@id\":\"https:\/\/elpuucnoticias.com\/#website\",\"url\":\"https:\/\/elpuucnoticias.com\/\",\"name\":\"El Puuc Noticias\",\"description\":\"Noticias - Entretenimiento - Deportes\",\"potentialAction\":[{\"@type\":\"SearchAction\",\"target\":{\"@type\":\"EntryPoint\",\"urlTemplate\":\"https:\/\/elpuucnoticias.com\/?s={search_term_string}\"},\"query-input\":\"required name=search_term_string\"}],\"inLanguage\":\"es\"},{\"@type\":\"ImageObject\",\"@id\":\"https:\/\/elpuucnoticias.com\/?p=6665#primaryimage\",\"inLanguage\":\"es\",\"url\":\"https:\/\/elpuucnoticias.com\/wp-content\/uploads\/2023\/04\/ticul-con-encanto-1.jpg\",\"contentUrl\":\"https:\/\/elpuucnoticias.com\/wp-content\/uploads\/2023\/04\/ticul-con-encanto-1.jpg\",\"width\":1280,\"height\":886},{\"@type\":\"WebPage\",\"@id\":\"https:\/\/elpuucnoticias.com\/?p=6665#webpage\",\"url\":\"https:\/\/elpuucnoticias.com\/?p=6665\",\"name\":\"Todo listo en La Perla del Sur para el arranque, este jueves, de Ticul con Encanto, con la participaci\u00f3n de m\u00e1s de 100 expositores - El Puuc Noticias\",\"isPartOf\":{\"@id\":\"https:\/\/elpuucnoticias.com\/#website\"},\"primaryImageOfPage\":{\"@id\":\"https:\/\/elpuucnoticias.com\/?p=6665#primaryimage\"},\"datePublished\":\"2023-04-13T23:10:58+00:00\",\"dateModified\":\"2023-04-13T23:10:59+00:00\",\"author\":{\"@id\":\"https:\/\/elpuucnoticias.com\/#\/schema\/person\/d2ea09e4c97f0160b11cdfb1d856bd9e\"},\"breadcrumb\":{\"@id\":\"https:\/\/elpuucnoticias.com\/?p=6665#breadcrumb\"},\"inLanguage\":\"es\",\"potentialAction\":[{\"@type\":\"ReadAction\",\"target\":[\"https:\/\/elpuucnoticias.com\/?p=6665\"]}]},{\"@type\":\"BreadcrumbList\",\"@id\":\"https:\/\/elpuucnoticias.com\/?p=6665#breadcrumb\",\"itemListElement\":[{\"@type\":\"ListItem\",\"position\":1,\"name\":\"Portada\",\"item\":\"https:\/\/elpuucnoticias.com\/\"},{\"@type\":\"ListItem\",\"position\":2,\"name\":\"Todo listo en La Perla del Sur para el arranque, este jueves, de Ticul con Encanto, con la participaci\u00f3n de m\u00e1s de 100 expositores\"}]},{\"@type\":\"Person\",\"@id\":\"https:\/\/elpuucnoticias.com\/#\/schema\/person\/d2ea09e4c97f0160b11cdfb1d856bd9e\",\"name\":\"elpuucnoticias\",\"image\":{\"@type\":\"ImageObject\",\"@id\":\"https:\/\/elpuucnoticias.com\/#personlogo\",\"inLanguage\":\"es\",\"url\":\"https:\/\/secure.gravatar.com\/avatar\/5290a43657c74ffa15701dbe5b846bd85cc71930d803c84e91046a7333de6ce2?s=96&d=mm&r=g\",\"contentUrl\":\"https:\/\/secure.gravatar.com\/avatar\/5290a43657c74ffa15701dbe5b846bd85cc71930d803c84e91046a7333de6ce2?s=96&d=mm&r=g\",\"caption\":\"elpuucnoticias\"},\"sameAs\":[\"https:\/\/elpuucnoticias.com\"],\"url\":\"https:\/\/elpuucnoticias.com\/?author=1\"}]}<\/script>\n<!-- \/ Yoast SEO plugin. -->","yoast_head_json":{"title":"Todo listo en La Perla del Sur para el arranque, este jueves, de Ticul con Encanto, con la participaci\u00f3n de m\u00e1s de 100 expositores - El Puuc Noticias","robots":{"index":"index","follow":"follow","max-snippet":"max-snippet:-1","max-image-preview":"max-image-preview:large","max-video-preview":"max-video-preview:-1"},"canonical":"https:\/\/elpuucnoticias.com\/?p=6665","og_locale":"es_ES","og_type":"article","og_title":"Todo listo en La Perla del Sur para el arranque, este jueves, de Ticul con Encanto, con la participaci\u00f3n de m\u00e1s de 100 expositores - El Puuc Noticias","og_description":"La noche de este jueves se realizar\u00e1 la inauguraci\u00f3n de la edici\u00f3n primaveral de la feria Ticul con","og_url":"https:\/\/elpuucnoticias.com\/?p=6665","og_site_name":"El Puuc Noticias","article_published_time":"2023-04-13T23:10:58+00:00","article_modified_time":"2023-04-13T23:10:59+00:00","og_image":[{"width":1280,"height":886,"url":"https:\/\/elpuucnoticias.com\/wp-content\/uploads\/2023\/04\/ticul-con-encanto-1.jpg","type":"image\/jpeg"}],"twitter_card":"summary_large_image","twitter_misc":{"Escrito por":"elpuucnoticias","Tiempo de lectura":"1 minuto"},"schema":{"@context":"https:\/\/schema.org","@graph":[{"@type":"WebSite","@id":"https:\/\/elpuucnoticias.com\/#website","url":"https:\/\/elpuucnoticias.com\/","name":"El Puuc Noticias","description":"Noticias - Entretenimiento - Deportes","potentialAction":[{"@type":"SearchAction","target":{"@type":"EntryPoint","urlTemplate":"https:\/\/elpuucnoticias.com\/?s={search_term_string}"},"query-input":"required name=search_term_string"}],"inLanguage":"es"},{"@type":"ImageObject","@id":"https:\/\/elpuucnoticias.com\/?p=6665#primaryimage","inLanguage":"es","url":"https:\/\/elpuucnoticias.com\/wp-content\/uploads\/2023\/04\/ticul-con-encanto-1.jpg","contentUrl":"https:\/\/elpuucnoticias.com\/wp-content\/uploads\/2023\/04\/ticul-con-encanto-1.jpg","width":1280,"height":886},{"@type":"WebPage","@id":"https:\/\/elpuucnoticias.com\/?p=6665#webpage","url":"https:\/\/elpuucnoticias.com\/?p=6665","name":"Todo listo en La Perla del Sur para el arranque, este jueves, de Ticul con Encanto, con la participaci\u00f3n de m\u00e1s de 100 expositores - El Puuc Noticias","isPartOf":{"@id":"https:\/\/elpuucnoticias.com\/#website"},"primaryImageOfPage":{"@id":"https:\/\/elpuucnoticias.com\/?p=6665#primaryimage"},"datePublished":"2023-04-13T23:10:58+00:00","dateModified":"2023-04-13T23:10:59+00:00","author":{"@id":"https:\/\/elpuucnoticias.com\/#\/schema\/person\/d2ea09e4c97f0160b11cdfb1d856bd9e"},"breadcrumb":{"@id":"https:\/\/elpuucnoticias.com\/?p=6665#breadcrumb"},"inLanguage":"es","potentialAction":[{"@type":"ReadAction","target":["https:\/\/elpuucnoticias.com\/?p=6665"]}]},{"@type":"BreadcrumbList","@id":"https:\/\/elpuucnoticias.com\/?p=6665#breadcrumb","itemListElement":[{"@type":"ListItem","position":1,"name":"Portada","item":"https:\/\/elpuucnoticias.com\/"},{"@type":"ListItem","position":2,"name":"Todo listo en La Perla del Sur para el arranque, este jueves, de Ticul con Encanto, con la participaci\u00f3n de m\u00e1s de 100 expositores"}]},{"@type":"Person","@id":"https:\/\/elpuucnoticias.com\/#\/schema\/person\/d2ea09e4c97f0160b11cdfb1d856bd9e","name":"elpuucnoticias","image":{"@type":"ImageObject","@id":"https:\/\/elpuucnoticias.com\/#personlogo","inLanguage":"es","url":"https:\/\/secure.gravatar.com\/avatar\/5290a43657c74ffa15701dbe5b846bd85cc71930d803c84e91046a7333de6ce2?s=96&d=mm&r=g","contentUrl":"https:\/\/secure.gravatar.com\/avatar\/5290a43657c74ffa15701dbe5b846bd85cc71930d803c84e91046a7333de6ce2?s=96&d=mm&r=g","caption":"elpuucnoticias"},"sameAs":["https:\/\/elpuucnoticias.com"],"url":"https:\/\/elpuucnoticias.com\/?author=1"}]}},"_links":{"self":[{"href":"https:\/\/elpuucnoticias.com\/index.php?rest_route=\/wp\/v2\/posts\/6665","targetHints":{"allow":["GET"]}}],"collection":[{"href":"https:\/\/elpuucnoticias.com\/index.php?rest_route=\/wp\/v2\/posts"}],"about":[{"href":"https:\/\/elpuucnoticias.com\/index.php?rest_route=\/wp\/v2\/types\/post"}],"author":[{"embeddable":true,"href":"https:\/\/elpuucnoticias.com\/index.php?rest_route=\/wp\/v2\/users\/1"}],"replies":[{"embeddable":true,"href":"https:\/\/elpuucnoticias.com\/index.php?rest_route=%2Fwp%2Fv2%2Fcomments&post=6665"}],"version-history":[{"count":1,"href":"https:\/\/elpuucnoticias.com\/index.php?rest_route=\/wp\/v2\/posts\/6665\/revisions"}],"predecessor-version":[{"id":6669,"href":"https:\/\/elpuucnoticias.com\/index.php?rest_route=\/wp\/v2\/posts\/6665\/revisions\/6669"}],"wp:featuredmedia":[{"embeddable":true,"href":"https:\/\/elpuucnoticias.com\/index.php?rest_route=\/wp\/v2\/media\/6666"}],"wp:attachment":[{"href":"https:\/\/elpuucnoticias.com\/index.php?rest_route=%2Fwp%2Fv2%2Fmedia&parent=6665"}],"wp:term":[{"taxonomy":"category","embeddable":true,"href":"https:\/\/elpuucnoticias.com\/index.php?rest_route=%2Fwp%2Fv2%2Fcategories&post=6665"},{"taxonomy":"post_tag","embeddable":true,"href":"https:\/\/elpuucnoticias.com\/index.php?rest_route=%2Fwp%2Fv2%2Ftags&post=6665"}],"curies":[{"name":"wp","href":"https:\/\/api.w.org\/{rel}","templated":true}]}}