{"id":6694,"date":"2023-04-14T16:51:51","date_gmt":"2023-04-14T22:51:51","guid":{"rendered":"https:\/\/elpuucnoticias.com\/?p=6694"},"modified":"2023-04-14T16:51:52","modified_gmt":"2023-04-14T22:51:52","slug":"quintana-roo-refrenda-su-compromiso-con-la-proteccion-del-patrimonio-cultural-subacuatico","status":"publish","type":"post","link":"https:\/\/elpuucnoticias.com\/?p=6694","title":{"rendered":"Quintana Roo refrenda su compromiso con la protecci\u00f3n del Patrimonio Cultural Subacu\u00e1tico"},"content":{"rendered":"\n<p>Quintana Roo refrend\u00f3 su compromiso con la protecci\u00f3n del Patrimonio Cultural Subacu\u00e1tico, a fin de generar mejores condiciones, acciones, programas y marcos jur\u00eddicos que permitan su conservaci\u00f3n, preservaci\u00f3n y sustentabilidad de este ecosistema, en el marco de la reuni\u00f3n Intersectorial organizada por el Ayuntamiento de Cozumel y la UNESCO, inform\u00f3 la secretaria de Ecolog\u00eda y medio Ambiente, Huguette Hern\u00e1ndez G\u00f3mez.<\/p>\n\n\n\n<figure class=\"wp-block-gallery has-nested-images columns-default is-cropped wp-block-gallery-1 is-layout-flex wp-block-gallery-is-layout-flex\">\n<figure class=\"wp-block-image size-large\"><img loading=\"lazy\" decoding=\"async\" width=\"1024\" height=\"614\" data-id=\"6709\" src=\"https:\/\/elpuucnoticias.com\/wp-content\/uploads\/2023\/04\/WhatsApp-Image-2023-04-13-at-7.43.15-PM-1024x614.jpeg\" alt=\"\" class=\"wp-image-6709\" srcset=\"https:\/\/elpuucnoticias.com\/wp-content\/uploads\/2023\/04\/WhatsApp-Image-2023-04-13-at-7.43.15-PM-1024x614.jpeg 1024w, https:\/\/elpuucnoticias.com\/wp-content\/uploads\/2023\/04\/WhatsApp-Image-2023-04-13-at-7.43.15-PM-300x180.jpeg 300w, https:\/\/elpuucnoticias.com\/wp-content\/uploads\/2023\/04\/WhatsApp-Image-2023-04-13-at-7.43.15-PM-768x461.jpeg 768w, https:\/\/elpuucnoticias.com\/wp-content\/uploads\/2023\/04\/WhatsApp-Image-2023-04-13-at-7.43.15-PM.jpeg 1280w\" sizes=\"auto, (max-width: 1024px) 100vw, 1024px\" \/><\/figure>\n\n\n\n<figure class=\"wp-block-image size-large\"><img loading=\"lazy\" decoding=\"async\" width=\"1024\" height=\"670\" data-id=\"6708\" src=\"https:\/\/elpuucnoticias.com\/wp-content\/uploads\/2023\/04\/WhatsApp-Image-2023-04-13-at-7.43.13-PM-1024x670.jpeg\" alt=\"\" class=\"wp-image-6708\" srcset=\"https:\/\/elpuucnoticias.com\/wp-content\/uploads\/2023\/04\/WhatsApp-Image-2023-04-13-at-7.43.13-PM-1024x670.jpeg 1024w, https:\/\/elpuucnoticias.com\/wp-content\/uploads\/2023\/04\/WhatsApp-Image-2023-04-13-at-7.43.13-PM-300x196.jpeg 300w, https:\/\/elpuucnoticias.com\/wp-content\/uploads\/2023\/04\/WhatsApp-Image-2023-04-13-at-7.43.13-PM-768x502.jpeg 768w, https:\/\/elpuucnoticias.com\/wp-content\/uploads\/2023\/04\/WhatsApp-Image-2023-04-13-at-7.43.13-PM.jpeg 1280w\" sizes=\"auto, (max-width: 1024px) 100vw, 1024px\" \/><\/figure>\n\n\n\n<figure class=\"wp-block-image size-large\"><img loading=\"lazy\" decoding=\"async\" width=\"1024\" height=\"816\" data-id=\"6710\" src=\"https:\/\/elpuucnoticias.com\/wp-content\/uploads\/2023\/04\/WhatsApp-Image-2023-04-13-at-7.43.16-PM-1-1024x816.jpeg\" alt=\"\" class=\"wp-image-6710\" srcset=\"https:\/\/elpuucnoticias.com\/wp-content\/uploads\/2023\/04\/WhatsApp-Image-2023-04-13-at-7.43.16-PM-1-1024x816.jpeg 1024w, https:\/\/elpuucnoticias.com\/wp-content\/uploads\/2023\/04\/WhatsApp-Image-2023-04-13-at-7.43.16-PM-1-300x239.jpeg 300w, https:\/\/elpuucnoticias.com\/wp-content\/uploads\/2023\/04\/WhatsApp-Image-2023-04-13-at-7.43.16-PM-1-768x612.jpeg 768w, https:\/\/elpuucnoticias.com\/wp-content\/uploads\/2023\/04\/WhatsApp-Image-2023-04-13-at-7.43.16-PM-1.jpeg 1280w\" sizes=\"auto, (max-width: 1024px) 100vw, 1024px\" \/><\/figure>\n<\/figure>\n\n\n\n<p>Enmarcado en el Programa Estatal de Desarrollo (PED) 2023-2027, en Quintana Roo se trabaja con autoridades y sociedad a fin de proteger la biodiversidad, en fortalecer la protecci\u00f3n de mares y costas, con un enfoque de servicios ecosist\u00e9micos y soluciones en beneficio de las y los quintanarroenses como se establece en el Nuevo Acuerdo por el Bienestar y Desarrollo que promueve la gobernadora Mara Lezama Espinosa.<\/p>\n\n\n\n<p>Hern\u00e1ndez G\u00f3mez explic\u00f3 que la reuni\u00f3n Intersectorial y T\u00e9cnica sobre Mejores Pr\u00e1cticas y el Patrimonio Cultural Subacu\u00e1tico, es una muestra tangible para iniciar con acciones.<\/p>\n\n\n\n<p>Destac\u00f3 el papel que juegan los investigadores, en la generaci\u00f3n de informaci\u00f3n sobre los recursos culturales sumergidos, tales como los esfuerzos efectuados en la Reserva de la Biosfera Banco Chinchorro, al este de Chetumal y al sur de la isla de Cozumel.<\/p>\n\n\n\n<p>Puntualiz\u00f3, que la mayor\u00eda de estos recursos culturales, se encuentran en \u00c1reas Naturales Protegidas, donde el Instituto Nacional de Antropolog\u00eda e Historia, la Comisi\u00f3n Nacional de \u00c1reas Naturales Protegidas y la Secretar\u00eda de Marina, apoyados mediante las denuncias interpuestas por parte de pescadores, buzos, prestadores de servicios tur\u00edsticos, ejidatarios y autoridades, contribuyen para su protecci\u00f3n.<\/p>\n\n\n\n<p>La reuni\u00f3n Intersectorial y T\u00e9cnica sobre Mejores Pr\u00e1cticas y el Patrimonio Cultural Subacu\u00e1tico informar\u00e1 sobre las iniciativas de mejores pr\u00e1cticas, los nuevos medios para facilitar el acceso democr\u00e1tico para todo p\u00fablico al patrimonio cultural subacu\u00e1tico y los modernos avances t\u00e9cnicos en torno a la arqueolog\u00eda subacu\u00e1tica.<\/p>\n\n\n\n<p>Asimismo, permitir\u00e1 generar una hoja de ruta regional. En este marco ser\u00e1 inaugurado el itinerario biocultural: \u201cRuta n\u00e1utica y subacu\u00e1tica Pen\u00ednsula de Yucat\u00e1n\u201d; y se buscar\u00e1 que el Parque arqueol\u00f3gico subacu\u00e1tico de Cozumel, sea candidata a la designaci\u00f3n como iniciativa de mejores pr\u00e1cticas de la UNESCO.<\/p>\n","protected":false},"excerpt":{"rendered":"<p>Quintana Roo refrend\u00f3 su compromiso con la protecci\u00f3n del Patrimonio Cultural Subacu\u00e1tico, a fin de generar mejores condiciones,<\/p>\n","protected":false},"author":1,"featured_media":6707,"comment_status":"closed","ping_status":"open","sticky":false,"template":"","format":"standard","meta":{"_monsterinsights_skip_tracking":false,"_monsterinsights_sitenote_active":false,"_monsterinsights_sitenote_note":"","_monsterinsights_sitenote_category":0,"footnotes":""},"categories":[11,24],"tags":[],"class_list":["post-6694","post","type-post","status-publish","format-standard","has-post-thumbnail","hentry","category-noticias","category-quintana-roo"],"yoast_head":"<!-- This site is optimized with the Yoast SEO plugin v18.3 - https:\/\/yoast.com\/wordpress\/plugins\/seo\/ -->\n<title>Quintana Roo refrenda su compromiso con la protecci\u00f3n del Patrimonio Cultural Subacu\u00e1tico - El Puuc Noticias<\/title>\n<meta name=\"robots\" content=\"index, follow, max-snippet:-1, max-image-preview:large, max-video-preview:-1\" \/>\n<link rel=\"canonical\" href=\"https:\/\/elpuucnoticias.com\/?p=6694\" \/>\n<meta property=\"og:locale\" content=\"es_ES\" \/>\n<meta property=\"og:type\" content=\"article\" \/>\n<meta property=\"og:title\" content=\"Quintana Roo refrenda su compromiso con la protecci\u00f3n del Patrimonio Cultural Subacu\u00e1tico - El Puuc Noticias\" \/>\n<meta property=\"og:description\" content=\"Quintana Roo refrend\u00f3 su compromiso con la protecci\u00f3n del Patrimonio Cultural Subacu\u00e1tico, a fin de generar mejores condiciones,\" \/>\n<meta property=\"og:url\" content=\"https:\/\/elpuucnoticias.com\/?p=6694\" \/>\n<meta property=\"og:site_name\" content=\"El Puuc Noticias\" \/>\n<meta property=\"article:published_time\" content=\"2023-04-14T22:51:51+00:00\" \/>\n<meta property=\"article:modified_time\" content=\"2023-04-14T22:51:52+00:00\" \/>\n<meta property=\"og:image\" content=\"https:\/\/elpuucnoticias.com\/wp-content\/uploads\/2023\/04\/WhatsApp-Image-2023-04-13-at-7.43.16-PM.jpeg\" \/>\n\t<meta property=\"og:image:width\" content=\"1280\" \/>\n\t<meta property=\"og:image:height\" content=\"1020\" \/>\n\t<meta property=\"og:image:type\" content=\"image\/jpeg\" \/>\n<meta name=\"twitter:card\" content=\"summary_large_image\" \/>\n<meta name=\"twitter:label1\" content=\"Escrito por\" \/>\n\t<meta name=\"twitter:data1\" content=\"elpuucnoticias\" \/>\n\t<meta name=\"twitter:label2\" content=\"Tiempo de lectura\" \/>\n\t<meta name=\"twitter:data2\" content=\"3 minutos\" \/>\n<script type=\"application\/ld+json\" class=\"yoast-schema-graph\">{\"@context\":\"https:\/\/schema.org\",\"@graph\":[{\"@type\":\"WebSite\",\"@id\":\"https:\/\/elpuucnoticias.com\/#website\",\"url\":\"https:\/\/elpuucnoticias.com\/\",\"name\":\"El Puuc Noticias\",\"description\":\"Noticias - Entretenimiento - Deportes\",\"potentialAction\":[{\"@type\":\"SearchAction\",\"target\":{\"@type\":\"EntryPoint\",\"urlTemplate\":\"https:\/\/elpuucnoticias.com\/?s={search_term_string}\"},\"query-input\":\"required name=search_term_string\"}],\"inLanguage\":\"es\"},{\"@type\":\"ImageObject\",\"@id\":\"https:\/\/elpuucnoticias.com\/?p=6694#primaryimage\",\"inLanguage\":\"es\",\"url\":\"https:\/\/elpuucnoticias.com\/wp-content\/uploads\/2023\/04\/WhatsApp-Image-2023-04-13-at-7.43.16-PM.jpeg\",\"contentUrl\":\"https:\/\/elpuucnoticias.com\/wp-content\/uploads\/2023\/04\/WhatsApp-Image-2023-04-13-at-7.43.16-PM.jpeg\",\"width\":1280,\"height\":1020},{\"@type\":\"WebPage\",\"@id\":\"https:\/\/elpuucnoticias.com\/?p=6694#webpage\",\"url\":\"https:\/\/elpuucnoticias.com\/?p=6694\",\"name\":\"Quintana Roo refrenda su compromiso con la protecci\u00f3n del Patrimonio Cultural Subacu\u00e1tico - El Puuc Noticias\",\"isPartOf\":{\"@id\":\"https:\/\/elpuucnoticias.com\/#website\"},\"primaryImageOfPage\":{\"@id\":\"https:\/\/elpuucnoticias.com\/?p=6694#primaryimage\"},\"datePublished\":\"2023-04-14T22:51:51+00:00\",\"dateModified\":\"2023-04-14T22:51:52+00:00\",\"author\":{\"@id\":\"https:\/\/elpuucnoticias.com\/#\/schema\/person\/d2ea09e4c97f0160b11cdfb1d856bd9e\"},\"breadcrumb\":{\"@id\":\"https:\/\/elpuucnoticias.com\/?p=6694#breadcrumb\"},\"inLanguage\":\"es\",\"potentialAction\":[{\"@type\":\"ReadAction\",\"target\":[\"https:\/\/elpuucnoticias.com\/?p=6694\"]}]},{\"@type\":\"BreadcrumbList\",\"@id\":\"https:\/\/elpuucnoticias.com\/?p=6694#breadcrumb\",\"itemListElement\":[{\"@type\":\"ListItem\",\"position\":1,\"name\":\"Portada\",\"item\":\"https:\/\/elpuucnoticias.com\/\"},{\"@type\":\"ListItem\",\"position\":2,\"name\":\"Quintana Roo refrenda su compromiso con la protecci\u00f3n del Patrimonio Cultural Subacu\u00e1tico\"}]},{\"@type\":\"Person\",\"@id\":\"https:\/\/elpuucnoticias.com\/#\/schema\/person\/d2ea09e4c97f0160b11cdfb1d856bd9e\",\"name\":\"elpuucnoticias\",\"image\":{\"@type\":\"ImageObject\",\"@id\":\"https:\/\/elpuucnoticias.com\/#personlogo\",\"inLanguage\":\"es\",\"url\":\"https:\/\/secure.gravatar.com\/avatar\/5290a43657c74ffa15701dbe5b846bd85cc71930d803c84e91046a7333de6ce2?s=96&d=mm&r=g\",\"contentUrl\":\"https:\/\/secure.gravatar.com\/avatar\/5290a43657c74ffa15701dbe5b846bd85cc71930d803c84e91046a7333de6ce2?s=96&d=mm&r=g\",\"caption\":\"elpuucnoticias\"},\"sameAs\":[\"https:\/\/elpuucnoticias.com\"],\"url\":\"https:\/\/elpuucnoticias.com\/?author=1\"}]}<\/script>\n<!-- \/ Yoast SEO plugin. -->","yoast_head_json":{"title":"Quintana Roo refrenda su compromiso con la protecci\u00f3n del Patrimonio Cultural Subacu\u00e1tico - El Puuc Noticias","robots":{"index":"index","follow":"follow","max-snippet":"max-snippet:-1","max-image-preview":"max-image-preview:large","max-video-preview":"max-video-preview:-1"},"canonical":"https:\/\/elpuucnoticias.com\/?p=6694","og_locale":"es_ES","og_type":"article","og_title":"Quintana Roo refrenda su compromiso con la protecci\u00f3n del Patrimonio Cultural Subacu\u00e1tico - El Puuc Noticias","og_description":"Quintana Roo refrend\u00f3 su compromiso con la protecci\u00f3n del Patrimonio Cultural Subacu\u00e1tico, a fin de generar mejores condiciones,","og_url":"https:\/\/elpuucnoticias.com\/?p=6694","og_site_name":"El Puuc Noticias","article_published_time":"2023-04-14T22:51:51+00:00","article_modified_time":"2023-04-14T22:51:52+00:00","og_image":[{"width":1280,"height":1020,"url":"https:\/\/elpuucnoticias.com\/wp-content\/uploads\/2023\/04\/WhatsApp-Image-2023-04-13-at-7.43.16-PM.jpeg","type":"image\/jpeg"}],"twitter_card":"summary_large_image","twitter_misc":{"Escrito por":"elpuucnoticias","Tiempo de lectura":"3 minutos"},"schema":{"@context":"https:\/\/schema.org","@graph":[{"@type":"WebSite","@id":"https:\/\/elpuucnoticias.com\/#website","url":"https:\/\/elpuucnoticias.com\/","name":"El Puuc Noticias","description":"Noticias - Entretenimiento - Deportes","potentialAction":[{"@type":"SearchAction","target":{"@type":"EntryPoint","urlTemplate":"https:\/\/elpuucnoticias.com\/?s={search_term_string}"},"query-input":"required name=search_term_string"}],"inLanguage":"es"},{"@type":"ImageObject","@id":"https:\/\/elpuucnoticias.com\/?p=6694#primaryimage","inLanguage":"es","url":"https:\/\/elpuucnoticias.com\/wp-content\/uploads\/2023\/04\/WhatsApp-Image-2023-04-13-at-7.43.16-PM.jpeg","contentUrl":"https:\/\/elpuucnoticias.com\/wp-content\/uploads\/2023\/04\/WhatsApp-Image-2023-04-13-at-7.43.16-PM.jpeg","width":1280,"height":1020},{"@type":"WebPage","@id":"https:\/\/elpuucnoticias.com\/?p=6694#webpage","url":"https:\/\/elpuucnoticias.com\/?p=6694","name":"Quintana Roo refrenda su compromiso con la protecci\u00f3n del Patrimonio Cultural Subacu\u00e1tico - El Puuc Noticias","isPartOf":{"@id":"https:\/\/elpuucnoticias.com\/#website"},"primaryImageOfPage":{"@id":"https:\/\/elpuucnoticias.com\/?p=6694#primaryimage"},"datePublished":"2023-04-14T22:51:51+00:00","dateModified":"2023-04-14T22:51:52+00:00","author":{"@id":"https:\/\/elpuucnoticias.com\/#\/schema\/person\/d2ea09e4c97f0160b11cdfb1d856bd9e"},"breadcrumb":{"@id":"https:\/\/elpuucnoticias.com\/?p=6694#breadcrumb"},"inLanguage":"es","potentialAction":[{"@type":"ReadAction","target":["https:\/\/elpuucnoticias.com\/?p=6694"]}]},{"@type":"BreadcrumbList","@id":"https:\/\/elpuucnoticias.com\/?p=6694#breadcrumb","itemListElement":[{"@type":"ListItem","position":1,"name":"Portada","item":"https:\/\/elpuucnoticias.com\/"},{"@type":"ListItem","position":2,"name":"Quintana Roo refrenda su compromiso con la protecci\u00f3n del Patrimonio Cultural Subacu\u00e1tico"}]},{"@type":"Person","@id":"https:\/\/elpuucnoticias.com\/#\/schema\/person\/d2ea09e4c97f0160b11cdfb1d856bd9e","name":"elpuucnoticias","image":{"@type":"ImageObject","@id":"https:\/\/elpuucnoticias.com\/#personlogo","inLanguage":"es","url":"https:\/\/secure.gravatar.com\/avatar\/5290a43657c74ffa15701dbe5b846bd85cc71930d803c84e91046a7333de6ce2?s=96&d=mm&r=g","contentUrl":"https:\/\/secure.gravatar.com\/avatar\/5290a43657c74ffa15701dbe5b846bd85cc71930d803c84e91046a7333de6ce2?s=96&d=mm&r=g","caption":"elpuucnoticias"},"sameAs":["https:\/\/elpuucnoticias.com"],"url":"https:\/\/elpuucnoticias.com\/?author=1"}]}},"_links":{"self":[{"href":"https:\/\/elpuucnoticias.com\/index.php?rest_route=\/wp\/v2\/posts\/6694","targetHints":{"allow":["GET"]}}],"collection":[{"href":"https:\/\/elpuucnoticias.com\/index.php?rest_route=\/wp\/v2\/posts"}],"about":[{"href":"https:\/\/elpuucnoticias.com\/index.php?rest_route=\/wp\/v2\/types\/post"}],"author":[{"embeddable":true,"href":"https:\/\/elpuucnoticias.com\/index.php?rest_route=\/wp\/v2\/users\/1"}],"replies":[{"embeddable":true,"href":"https:\/\/elpuucnoticias.com\/index.php?rest_route=%2Fwp%2Fv2%2Fcomments&post=6694"}],"version-history":[{"count":1,"href":"https:\/\/elpuucnoticias.com\/index.php?rest_route=\/wp\/v2\/posts\/6694\/revisions"}],"predecessor-version":[{"id":6711,"href":"https:\/\/elpuucnoticias.com\/index.php?rest_route=\/wp\/v2\/posts\/6694\/revisions\/6711"}],"wp:featuredmedia":[{"embeddable":true,"href":"https:\/\/elpuucnoticias.com\/index.php?rest_route=\/wp\/v2\/media\/6707"}],"wp:attachment":[{"href":"https:\/\/elpuucnoticias.com\/index.php?rest_route=%2Fwp%2Fv2%2Fmedia&parent=6694"}],"wp:term":[{"taxonomy":"category","embeddable":true,"href":"https:\/\/elpuucnoticias.com\/index.php?rest_route=%2Fwp%2Fv2%2Fcategories&post=6694"},{"taxonomy":"post_tag","embeddable":true,"href":"https:\/\/elpuucnoticias.com\/index.php?rest_route=%2Fwp%2Fv2%2Ftags&post=6694"}],"curies":[{"name":"wp","href":"https:\/\/api.w.org\/{rel}","templated":true}]}}