{"id":6766,"date":"2023-04-18T18:05:35","date_gmt":"2023-04-19T00:05:35","guid":{"rendered":"https:\/\/elpuucnoticias.com\/?p=6766"},"modified":"2023-04-18T18:05:36","modified_gmt":"2023-04-19T00:05:36","slug":"atleta-quintanarroense-presente-en-el-centroamericano-de-mayores-de-halterofilia","status":"publish","type":"post","link":"https:\/\/elpuucnoticias.com\/?p=6766","title":{"rendered":"Atleta quintanarroense presente en el Centroamericano de Mayores de halterofilia"},"content":{"rendered":"\n<p>Chetumal.- Sumando una experiencia internacional m\u00e1s en su carrera como deportista, el quintanarroense Herseleid Antonio Carrazco Cetz viaj\u00f3 junto con la Selecci\u00f3n Mexicana de Halterofilia a Santo Domingo, Rep\u00fablica Dominicana, donde se report\u00f3 listo para entrar en acci\u00f3n en el Campeonato Centroamericano y del Caribe de Mayores 2023, evento que est\u00e1 programado para finalizar este domingo 23 de abril y que es un clasificatorio para los Juegos Centroamericanos y del Caribe San Salvador 2023.<\/p>\n\n\n\n<p>Como parte de las acciones del Nuevo Acuerdo por el Bienestar y Desarrollo, que promueve la gobernadora Mara Lezama Espinosa, la Comisi\u00f3n para la Juventud y el Deporte de Quintana Roo, que encabeza Eric Arcila Arjona, apoy\u00f3 y respald\u00f3 al pesista quintanarroense para hacer su viaje a la Ciudad de M\u00e9xico para concentrarse con el equipo de levantamiento de pesas y posteriormente, trasladarse al evento internacional.<\/p>\n\n\n\n<figure class=\"wp-block-gallery has-nested-images columns-default is-cropped wp-block-gallery-1 is-layout-flex wp-block-gallery-is-layout-flex\">\n<figure class=\"wp-block-image size-large\"><img loading=\"lazy\" decoding=\"async\" width=\"1024\" height=\"461\" data-id=\"6770\" src=\"https:\/\/elpuucnoticias.com\/wp-content\/uploads\/2023\/04\/WhatsApp-Image-2023-04-18-at-5.49.07-PM-2-1024x461.jpeg\" alt=\"\" class=\"wp-image-6770\" srcset=\"https:\/\/elpuucnoticias.com\/wp-content\/uploads\/2023\/04\/WhatsApp-Image-2023-04-18-at-5.49.07-PM-2-1024x461.jpeg 1024w, https:\/\/elpuucnoticias.com\/wp-content\/uploads\/2023\/04\/WhatsApp-Image-2023-04-18-at-5.49.07-PM-2-300x135.jpeg 300w, https:\/\/elpuucnoticias.com\/wp-content\/uploads\/2023\/04\/WhatsApp-Image-2023-04-18-at-5.49.07-PM-2-768x346.jpeg 768w, https:\/\/elpuucnoticias.com\/wp-content\/uploads\/2023\/04\/WhatsApp-Image-2023-04-18-at-5.49.07-PM-2.jpeg 1280w\" sizes=\"auto, (max-width: 1024px) 100vw, 1024px\" \/><\/figure>\n\n\n\n<figure class=\"wp-block-image size-large\"><img loading=\"lazy\" decoding=\"async\" width=\"682\" height=\"1024\" data-id=\"6767\" src=\"https:\/\/elpuucnoticias.com\/wp-content\/uploads\/2023\/04\/WhatsApp-Image-2023-04-18-at-5.49.07-PM-1-682x1024.jpeg\" alt=\"\" class=\"wp-image-6767\" srcset=\"https:\/\/elpuucnoticias.com\/wp-content\/uploads\/2023\/04\/WhatsApp-Image-2023-04-18-at-5.49.07-PM-1-682x1024.jpeg 682w, https:\/\/elpuucnoticias.com\/wp-content\/uploads\/2023\/04\/WhatsApp-Image-2023-04-18-at-5.49.07-PM-1-200x300.jpeg 200w, https:\/\/elpuucnoticias.com\/wp-content\/uploads\/2023\/04\/WhatsApp-Image-2023-04-18-at-5.49.07-PM-1-768x1152.jpeg 768w, https:\/\/elpuucnoticias.com\/wp-content\/uploads\/2023\/04\/WhatsApp-Image-2023-04-18-at-5.49.07-PM-1.jpeg 853w\" sizes=\"auto, (max-width: 682px) 100vw, 682px\" \/><\/figure>\n<\/figure>\n\n\n\n<p>Con solo 18 a\u00f1os de edad, Herseleid har\u00e1 su debut en la categor\u00eda de Mayores (Senior) y en la divisi\u00f3n de -67 kg. Su objetivo en este campeonato es mejorar su marca oficial de 263 kg y, de esta manera, optar por una buena posici\u00f3n en la competencia y aportar la mayor cantidad de puntos para la selecci\u00f3n Nacional.<\/p>\n\n\n\n<p>M\u00e9xico est\u00e1 buscando colocarse del 1\u00b0 al 4\u00b0 lugar por pa\u00edses en este campeonato para asegurar la cuota m\u00e1xima de participaci\u00f3n en los Juegos Centroamericanos y del Caribe San Salvador 2023, que son 7 plazas en cada rama.<\/p>\n\n\n\n<p>Herseleid forma parte del listado preliminar de la selecci\u00f3n nacional y est\u00e1 rankeado en la s\u00e9ptima posici\u00f3n con 270 kg. Junto con otros 9 hombres y 10 mujeres, luchar\u00e1 por lograr este objetivo y dejar en alto el nombre de M\u00e9xico en el deporte de levantamiento de pesas.<\/p>\n","protected":false},"excerpt":{"rendered":"<p>Chetumal.- Sumando una experiencia internacional m\u00e1s en su carrera como deportista, el quintanarroense Herseleid Antonio Carrazco Cetz viaj\u00f3<\/p>\n","protected":false},"author":1,"featured_media":6769,"comment_status":"closed","ping_status":"open","sticky":false,"template":"","format":"standard","meta":{"_monsterinsights_skip_tracking":false,"_monsterinsights_sitenote_active":false,"_monsterinsights_sitenote_note":"","_monsterinsights_sitenote_category":0,"footnotes":""},"categories":[11,24],"tags":[],"class_list":["post-6766","post","type-post","status-publish","format-standard","has-post-thumbnail","hentry","category-noticias","category-quintana-roo"],"yoast_head":"<!-- This site is optimized with the Yoast SEO plugin v18.3 - https:\/\/yoast.com\/wordpress\/plugins\/seo\/ -->\n<title>Atleta quintanarroense presente en el Centroamericano de Mayores de halterofilia - El Puuc Noticias<\/title>\n<meta name=\"robots\" content=\"index, follow, max-snippet:-1, max-image-preview:large, max-video-preview:-1\" \/>\n<link rel=\"canonical\" href=\"https:\/\/elpuucnoticias.com\/?p=6766\" \/>\n<meta property=\"og:locale\" content=\"es_ES\" \/>\n<meta property=\"og:type\" content=\"article\" \/>\n<meta property=\"og:title\" content=\"Atleta quintanarroense presente en el Centroamericano de Mayores de halterofilia - El Puuc Noticias\" \/>\n<meta property=\"og:description\" content=\"Chetumal.- Sumando una experiencia internacional m\u00e1s en su carrera como deportista, el quintanarroense Herseleid Antonio Carrazco Cetz viaj\u00f3\" \/>\n<meta property=\"og:url\" content=\"https:\/\/elpuucnoticias.com\/?p=6766\" \/>\n<meta property=\"og:site_name\" content=\"El Puuc Noticias\" \/>\n<meta property=\"article:published_time\" content=\"2023-04-19T00:05:35+00:00\" \/>\n<meta property=\"article:modified_time\" content=\"2023-04-19T00:05:36+00:00\" \/>\n<meta property=\"og:image\" content=\"https:\/\/elpuucnoticias.com\/wp-content\/uploads\/2023\/04\/WhatsApp-Image-2023-04-18-at-5.49.07-PM-1-2.jpeg\" \/>\n\t<meta property=\"og:image:width\" content=\"853\" \/>\n\t<meta property=\"og:image:height\" content=\"1280\" \/>\n\t<meta property=\"og:image:type\" content=\"image\/jpeg\" \/>\n<meta name=\"twitter:card\" content=\"summary_large_image\" \/>\n<meta name=\"twitter:label1\" content=\"Escrito por\" \/>\n\t<meta name=\"twitter:data1\" content=\"elpuucnoticias\" \/>\n\t<meta name=\"twitter:label2\" content=\"Tiempo de lectura\" \/>\n\t<meta name=\"twitter:data2\" content=\"2 minutos\" \/>\n<script type=\"application\/ld+json\" class=\"yoast-schema-graph\">{\"@context\":\"https:\/\/schema.org\",\"@graph\":[{\"@type\":\"WebSite\",\"@id\":\"https:\/\/elpuucnoticias.com\/#website\",\"url\":\"https:\/\/elpuucnoticias.com\/\",\"name\":\"El Puuc Noticias\",\"description\":\"Noticias - Entretenimiento - Deportes\",\"potentialAction\":[{\"@type\":\"SearchAction\",\"target\":{\"@type\":\"EntryPoint\",\"urlTemplate\":\"https:\/\/elpuucnoticias.com\/?s={search_term_string}\"},\"query-input\":\"required name=search_term_string\"}],\"inLanguage\":\"es\"},{\"@type\":\"ImageObject\",\"@id\":\"https:\/\/elpuucnoticias.com\/?p=6766#primaryimage\",\"inLanguage\":\"es\",\"url\":\"https:\/\/elpuucnoticias.com\/wp-content\/uploads\/2023\/04\/WhatsApp-Image-2023-04-18-at-5.49.07-PM-1-2.jpeg\",\"contentUrl\":\"https:\/\/elpuucnoticias.com\/wp-content\/uploads\/2023\/04\/WhatsApp-Image-2023-04-18-at-5.49.07-PM-1-2.jpeg\",\"width\":853,\"height\":1280},{\"@type\":\"WebPage\",\"@id\":\"https:\/\/elpuucnoticias.com\/?p=6766#webpage\",\"url\":\"https:\/\/elpuucnoticias.com\/?p=6766\",\"name\":\"Atleta quintanarroense presente en el Centroamericano de Mayores de halterofilia - El Puuc Noticias\",\"isPartOf\":{\"@id\":\"https:\/\/elpuucnoticias.com\/#website\"},\"primaryImageOfPage\":{\"@id\":\"https:\/\/elpuucnoticias.com\/?p=6766#primaryimage\"},\"datePublished\":\"2023-04-19T00:05:35+00:00\",\"dateModified\":\"2023-04-19T00:05:36+00:00\",\"author\":{\"@id\":\"https:\/\/elpuucnoticias.com\/#\/schema\/person\/d2ea09e4c97f0160b11cdfb1d856bd9e\"},\"breadcrumb\":{\"@id\":\"https:\/\/elpuucnoticias.com\/?p=6766#breadcrumb\"},\"inLanguage\":\"es\",\"potentialAction\":[{\"@type\":\"ReadAction\",\"target\":[\"https:\/\/elpuucnoticias.com\/?p=6766\"]}]},{\"@type\":\"BreadcrumbList\",\"@id\":\"https:\/\/elpuucnoticias.com\/?p=6766#breadcrumb\",\"itemListElement\":[{\"@type\":\"ListItem\",\"position\":1,\"name\":\"Portada\",\"item\":\"https:\/\/elpuucnoticias.com\/\"},{\"@type\":\"ListItem\",\"position\":2,\"name\":\"Atleta quintanarroense presente en el Centroamericano de Mayores de halterofilia\"}]},{\"@type\":\"Person\",\"@id\":\"https:\/\/elpuucnoticias.com\/#\/schema\/person\/d2ea09e4c97f0160b11cdfb1d856bd9e\",\"name\":\"elpuucnoticias\",\"image\":{\"@type\":\"ImageObject\",\"@id\":\"https:\/\/elpuucnoticias.com\/#personlogo\",\"inLanguage\":\"es\",\"url\":\"https:\/\/secure.gravatar.com\/avatar\/5290a43657c74ffa15701dbe5b846bd85cc71930d803c84e91046a7333de6ce2?s=96&d=mm&r=g\",\"contentUrl\":\"https:\/\/secure.gravatar.com\/avatar\/5290a43657c74ffa15701dbe5b846bd85cc71930d803c84e91046a7333de6ce2?s=96&d=mm&r=g\",\"caption\":\"elpuucnoticias\"},\"sameAs\":[\"https:\/\/elpuucnoticias.com\"],\"url\":\"https:\/\/elpuucnoticias.com\/?author=1\"}]}<\/script>\n<!-- \/ Yoast SEO plugin. -->","yoast_head_json":{"title":"Atleta quintanarroense presente en el Centroamericano de Mayores de halterofilia - El Puuc Noticias","robots":{"index":"index","follow":"follow","max-snippet":"max-snippet:-1","max-image-preview":"max-image-preview:large","max-video-preview":"max-video-preview:-1"},"canonical":"https:\/\/elpuucnoticias.com\/?p=6766","og_locale":"es_ES","og_type":"article","og_title":"Atleta quintanarroense presente en el Centroamericano de Mayores de halterofilia - El Puuc Noticias","og_description":"Chetumal.- Sumando una experiencia internacional m\u00e1s en su carrera como deportista, el quintanarroense Herseleid Antonio Carrazco Cetz viaj\u00f3","og_url":"https:\/\/elpuucnoticias.com\/?p=6766","og_site_name":"El Puuc Noticias","article_published_time":"2023-04-19T00:05:35+00:00","article_modified_time":"2023-04-19T00:05:36+00:00","og_image":[{"width":853,"height":1280,"url":"https:\/\/elpuucnoticias.com\/wp-content\/uploads\/2023\/04\/WhatsApp-Image-2023-04-18-at-5.49.07-PM-1-2.jpeg","type":"image\/jpeg"}],"twitter_card":"summary_large_image","twitter_misc":{"Escrito por":"elpuucnoticias","Tiempo de lectura":"2 minutos"},"schema":{"@context":"https:\/\/schema.org","@graph":[{"@type":"WebSite","@id":"https:\/\/elpuucnoticias.com\/#website","url":"https:\/\/elpuucnoticias.com\/","name":"El Puuc Noticias","description":"Noticias - Entretenimiento - Deportes","potentialAction":[{"@type":"SearchAction","target":{"@type":"EntryPoint","urlTemplate":"https:\/\/elpuucnoticias.com\/?s={search_term_string}"},"query-input":"required name=search_term_string"}],"inLanguage":"es"},{"@type":"ImageObject","@id":"https:\/\/elpuucnoticias.com\/?p=6766#primaryimage","inLanguage":"es","url":"https:\/\/elpuucnoticias.com\/wp-content\/uploads\/2023\/04\/WhatsApp-Image-2023-04-18-at-5.49.07-PM-1-2.jpeg","contentUrl":"https:\/\/elpuucnoticias.com\/wp-content\/uploads\/2023\/04\/WhatsApp-Image-2023-04-18-at-5.49.07-PM-1-2.jpeg","width":853,"height":1280},{"@type":"WebPage","@id":"https:\/\/elpuucnoticias.com\/?p=6766#webpage","url":"https:\/\/elpuucnoticias.com\/?p=6766","name":"Atleta quintanarroense presente en el Centroamericano de Mayores de halterofilia - El Puuc Noticias","isPartOf":{"@id":"https:\/\/elpuucnoticias.com\/#website"},"primaryImageOfPage":{"@id":"https:\/\/elpuucnoticias.com\/?p=6766#primaryimage"},"datePublished":"2023-04-19T00:05:35+00:00","dateModified":"2023-04-19T00:05:36+00:00","author":{"@id":"https:\/\/elpuucnoticias.com\/#\/schema\/person\/d2ea09e4c97f0160b11cdfb1d856bd9e"},"breadcrumb":{"@id":"https:\/\/elpuucnoticias.com\/?p=6766#breadcrumb"},"inLanguage":"es","potentialAction":[{"@type":"ReadAction","target":["https:\/\/elpuucnoticias.com\/?p=6766"]}]},{"@type":"BreadcrumbList","@id":"https:\/\/elpuucnoticias.com\/?p=6766#breadcrumb","itemListElement":[{"@type":"ListItem","position":1,"name":"Portada","item":"https:\/\/elpuucnoticias.com\/"},{"@type":"ListItem","position":2,"name":"Atleta quintanarroense presente en el Centroamericano de Mayores de halterofilia"}]},{"@type":"Person","@id":"https:\/\/elpuucnoticias.com\/#\/schema\/person\/d2ea09e4c97f0160b11cdfb1d856bd9e","name":"elpuucnoticias","image":{"@type":"ImageObject","@id":"https:\/\/elpuucnoticias.com\/#personlogo","inLanguage":"es","url":"https:\/\/secure.gravatar.com\/avatar\/5290a43657c74ffa15701dbe5b846bd85cc71930d803c84e91046a7333de6ce2?s=96&d=mm&r=g","contentUrl":"https:\/\/secure.gravatar.com\/avatar\/5290a43657c74ffa15701dbe5b846bd85cc71930d803c84e91046a7333de6ce2?s=96&d=mm&r=g","caption":"elpuucnoticias"},"sameAs":["https:\/\/elpuucnoticias.com"],"url":"https:\/\/elpuucnoticias.com\/?author=1"}]}},"_links":{"self":[{"href":"https:\/\/elpuucnoticias.com\/index.php?rest_route=\/wp\/v2\/posts\/6766","targetHints":{"allow":["GET"]}}],"collection":[{"href":"https:\/\/elpuucnoticias.com\/index.php?rest_route=\/wp\/v2\/posts"}],"about":[{"href":"https:\/\/elpuucnoticias.com\/index.php?rest_route=\/wp\/v2\/types\/post"}],"author":[{"embeddable":true,"href":"https:\/\/elpuucnoticias.com\/index.php?rest_route=\/wp\/v2\/users\/1"}],"replies":[{"embeddable":true,"href":"https:\/\/elpuucnoticias.com\/index.php?rest_route=%2Fwp%2Fv2%2Fcomments&post=6766"}],"version-history":[{"count":1,"href":"https:\/\/elpuucnoticias.com\/index.php?rest_route=\/wp\/v2\/posts\/6766\/revisions"}],"predecessor-version":[{"id":6771,"href":"https:\/\/elpuucnoticias.com\/index.php?rest_route=\/wp\/v2\/posts\/6766\/revisions\/6771"}],"wp:featuredmedia":[{"embeddable":true,"href":"https:\/\/elpuucnoticias.com\/index.php?rest_route=\/wp\/v2\/media\/6769"}],"wp:attachment":[{"href":"https:\/\/elpuucnoticias.com\/index.php?rest_route=%2Fwp%2Fv2%2Fmedia&parent=6766"}],"wp:term":[{"taxonomy":"category","embeddable":true,"href":"https:\/\/elpuucnoticias.com\/index.php?rest_route=%2Fwp%2Fv2%2Fcategories&post=6766"},{"taxonomy":"post_tag","embeddable":true,"href":"https:\/\/elpuucnoticias.com\/index.php?rest_route=%2Fwp%2Fv2%2Ftags&post=6766"}],"curies":[{"name":"wp","href":"https:\/\/api.w.org\/{rel}","templated":true}]}}