{"id":6772,"date":"2023-04-18T18:12:29","date_gmt":"2023-04-19T00:12:29","guid":{"rendered":"https:\/\/elpuucnoticias.com\/?p=6772"},"modified":"2023-04-18T18:12:30","modified_gmt":"2023-04-19T00:12:30","slug":"anuncia-nueva-ruta-aerea-cancun-quito","status":"publish","type":"post","link":"https:\/\/elpuucnoticias.com\/?p=6772","title":{"rendered":"Anuncia nueva ruta a\u00e9rea Canc\u00fan-Quito"},"content":{"rendered":"\n<p>Chetumal.- La gobernadora Mara Lezama Espinosa anunci\u00f3 la nueva ruta a\u00e9rea Canc\u00fan-Quito que comenzar\u00e1 operaciones a partir del 15 de junio con tres vuelos semanales y m\u00e1s de 4 mil asientos al mes en aviones Airbus A320, que incrementar\u00e1 la conectividad de Quintana Roo con el mundo.<\/p>\n\n\n\n<p>Se\u00f1al\u00f3 que, como parte del nuevo modelo de turismo implementado, en l\u00ednea con el Nuevo Acuerdo por el Bienestar y Desarrollo de Quintana Roo, su gobierno apuesta por un turismo responsable y sostenible para que el \u00e9xito tur\u00edstico sea compartido y se refleje en los bolsillos y la mesa de los y las trabajadoras.<\/p>\n\n\n\n<figure class=\"wp-block-gallery has-nested-images columns-default is-cropped wp-block-gallery-1 is-layout-flex wp-block-gallery-is-layout-flex\">\n<figure class=\"wp-block-image size-large\"><img loading=\"lazy\" decoding=\"async\" width=\"1024\" height=\"682\" data-id=\"6774\" src=\"https:\/\/elpuucnoticias.com\/wp-content\/uploads\/2023\/04\/WhatsApp-Image-2023-04-18-at-7.21.07-AM-1024x682.jpeg\" alt=\"\" class=\"wp-image-6774\" srcset=\"https:\/\/elpuucnoticias.com\/wp-content\/uploads\/2023\/04\/WhatsApp-Image-2023-04-18-at-7.21.07-AM-1024x682.jpeg 1024w, https:\/\/elpuucnoticias.com\/wp-content\/uploads\/2023\/04\/WhatsApp-Image-2023-04-18-at-7.21.07-AM-300x200.jpeg 300w, https:\/\/elpuucnoticias.com\/wp-content\/uploads\/2023\/04\/WhatsApp-Image-2023-04-18-at-7.21.07-AM-768x512.jpeg 768w, https:\/\/elpuucnoticias.com\/wp-content\/uploads\/2023\/04\/WhatsApp-Image-2023-04-18-at-7.21.07-AM-1536x1023.jpeg 1536w, https:\/\/elpuucnoticias.com\/wp-content\/uploads\/2023\/04\/WhatsApp-Image-2023-04-18-at-7.21.07-AM.jpeg 1600w\" sizes=\"auto, (max-width: 1024px) 100vw, 1024px\" \/><\/figure>\n\n\n\n<figure class=\"wp-block-image size-large\"><img loading=\"lazy\" decoding=\"async\" width=\"1024\" height=\"605\" data-id=\"6775\" src=\"https:\/\/elpuucnoticias.com\/wp-content\/uploads\/2023\/04\/WhatsApp-Image-2023-04-18-at-7.21.06-AM-1-1024x605.jpeg\" alt=\"\" class=\"wp-image-6775\" srcset=\"https:\/\/elpuucnoticias.com\/wp-content\/uploads\/2023\/04\/WhatsApp-Image-2023-04-18-at-7.21.06-AM-1-1024x605.jpeg 1024w, https:\/\/elpuucnoticias.com\/wp-content\/uploads\/2023\/04\/WhatsApp-Image-2023-04-18-at-7.21.06-AM-1-300x177.jpeg 300w, https:\/\/elpuucnoticias.com\/wp-content\/uploads\/2023\/04\/WhatsApp-Image-2023-04-18-at-7.21.06-AM-1-768x454.jpeg 768w, https:\/\/elpuucnoticias.com\/wp-content\/uploads\/2023\/04\/WhatsApp-Image-2023-04-18-at-7.21.06-AM-1-1536x908.jpeg 1536w, https:\/\/elpuucnoticias.com\/wp-content\/uploads\/2023\/04\/WhatsApp-Image-2023-04-18-at-7.21.06-AM-1.jpeg 1600w\" sizes=\"auto, (max-width: 1024px) 100vw, 1024px\" \/><\/figure>\n<\/figure>\n\n\n\n<p>Dijo que esta nueva ruta no solo brinda nuevas opciones de conectividad para los pasajeros, sino que tambi\u00e9n fortalece la oferta tur\u00edstica de Quintana Roo, uno de los destinos tur\u00edsticos m\u00e1s populares del mundo y han sido postulados para galardones como los Premios World Travel Awards 2023.<\/p>\n\n\n\n<p>El turismo es una parte fundamental de la econom\u00eda del estado y la llegada de m\u00e1s turistas a trav\u00e9s de esta nueva ruta impulsar\u00e1 la industria, generar\u00e1 m\u00e1s empleo y oportunidades de negocio, as\u00ed como fortalecer los atractivos naturales, culturales y arqueol\u00f3gicos del sur del estado.<\/p>\n","protected":false},"excerpt":{"rendered":"<p>Chetumal.- La gobernadora Mara Lezama Espinosa anunci\u00f3 la nueva ruta a\u00e9rea Canc\u00fan-Quito que comenzar\u00e1 operaciones a partir del<\/p>\n","protected":false},"author":1,"featured_media":6773,"comment_status":"closed","ping_status":"open","sticky":false,"template":"","format":"standard","meta":{"_monsterinsights_skip_tracking":false,"_monsterinsights_sitenote_active":false,"_monsterinsights_sitenote_note":"","_monsterinsights_sitenote_category":0,"footnotes":""},"categories":[11,24],"tags":[],"class_list":["post-6772","post","type-post","status-publish","format-standard","has-post-thumbnail","hentry","category-noticias","category-quintana-roo"],"yoast_head":"<!-- This site is optimized with the Yoast SEO plugin v18.3 - https:\/\/yoast.com\/wordpress\/plugins\/seo\/ -->\n<title>Anuncia nueva ruta a\u00e9rea Canc\u00fan-Quito - El Puuc Noticias<\/title>\n<meta name=\"robots\" content=\"index, follow, max-snippet:-1, max-image-preview:large, max-video-preview:-1\" \/>\n<link rel=\"canonical\" href=\"https:\/\/elpuucnoticias.com\/?p=6772\" \/>\n<meta property=\"og:locale\" content=\"es_ES\" \/>\n<meta property=\"og:type\" content=\"article\" \/>\n<meta property=\"og:title\" content=\"Anuncia nueva ruta a\u00e9rea Canc\u00fan-Quito - El Puuc Noticias\" \/>\n<meta property=\"og:description\" content=\"Chetumal.- La gobernadora Mara Lezama Espinosa anunci\u00f3 la nueva ruta a\u00e9rea Canc\u00fan-Quito que comenzar\u00e1 operaciones a partir del\" \/>\n<meta property=\"og:url\" content=\"https:\/\/elpuucnoticias.com\/?p=6772\" \/>\n<meta property=\"og:site_name\" content=\"El Puuc Noticias\" \/>\n<meta property=\"article:published_time\" content=\"2023-04-19T00:12:29+00:00\" \/>\n<meta property=\"article:modified_time\" content=\"2023-04-19T00:12:30+00:00\" \/>\n<meta property=\"og:image\" content=\"https:\/\/elpuucnoticias.com\/wp-content\/uploads\/2023\/04\/WhatsApp-Image-2023-04-18-at-7.21.06-AM.jpeg\" \/>\n\t<meta property=\"og:image:width\" content=\"1600\" \/>\n\t<meta property=\"og:image:height\" content=\"946\" \/>\n\t<meta property=\"og:image:type\" content=\"image\/jpeg\" \/>\n<meta name=\"twitter:card\" content=\"summary_large_image\" \/>\n<meta name=\"twitter:label1\" content=\"Escrito por\" \/>\n\t<meta name=\"twitter:data1\" content=\"elpuucnoticias\" \/>\n\t<meta name=\"twitter:label2\" content=\"Tiempo de lectura\" \/>\n\t<meta name=\"twitter:data2\" content=\"2 minutos\" \/>\n<script type=\"application\/ld+json\" class=\"yoast-schema-graph\">{\"@context\":\"https:\/\/schema.org\",\"@graph\":[{\"@type\":\"WebSite\",\"@id\":\"https:\/\/elpuucnoticias.com\/#website\",\"url\":\"https:\/\/elpuucnoticias.com\/\",\"name\":\"El Puuc Noticias\",\"description\":\"Noticias - Entretenimiento - Deportes\",\"potentialAction\":[{\"@type\":\"SearchAction\",\"target\":{\"@type\":\"EntryPoint\",\"urlTemplate\":\"https:\/\/elpuucnoticias.com\/?s={search_term_string}\"},\"query-input\":\"required name=search_term_string\"}],\"inLanguage\":\"es\"},{\"@type\":\"ImageObject\",\"@id\":\"https:\/\/elpuucnoticias.com\/?p=6772#primaryimage\",\"inLanguage\":\"es\",\"url\":\"https:\/\/elpuucnoticias.com\/wp-content\/uploads\/2023\/04\/WhatsApp-Image-2023-04-18-at-7.21.06-AM.jpeg\",\"contentUrl\":\"https:\/\/elpuucnoticias.com\/wp-content\/uploads\/2023\/04\/WhatsApp-Image-2023-04-18-at-7.21.06-AM.jpeg\",\"width\":1600,\"height\":946},{\"@type\":\"WebPage\",\"@id\":\"https:\/\/elpuucnoticias.com\/?p=6772#webpage\",\"url\":\"https:\/\/elpuucnoticias.com\/?p=6772\",\"name\":\"Anuncia nueva ruta a\u00e9rea Canc\u00fan-Quito - El Puuc Noticias\",\"isPartOf\":{\"@id\":\"https:\/\/elpuucnoticias.com\/#website\"},\"primaryImageOfPage\":{\"@id\":\"https:\/\/elpuucnoticias.com\/?p=6772#primaryimage\"},\"datePublished\":\"2023-04-19T00:12:29+00:00\",\"dateModified\":\"2023-04-19T00:12:30+00:00\",\"author\":{\"@id\":\"https:\/\/elpuucnoticias.com\/#\/schema\/person\/d2ea09e4c97f0160b11cdfb1d856bd9e\"},\"breadcrumb\":{\"@id\":\"https:\/\/elpuucnoticias.com\/?p=6772#breadcrumb\"},\"inLanguage\":\"es\",\"potentialAction\":[{\"@type\":\"ReadAction\",\"target\":[\"https:\/\/elpuucnoticias.com\/?p=6772\"]}]},{\"@type\":\"BreadcrumbList\",\"@id\":\"https:\/\/elpuucnoticias.com\/?p=6772#breadcrumb\",\"itemListElement\":[{\"@type\":\"ListItem\",\"position\":1,\"name\":\"Portada\",\"item\":\"https:\/\/elpuucnoticias.com\/\"},{\"@type\":\"ListItem\",\"position\":2,\"name\":\"Anuncia nueva ruta a\u00e9rea Canc\u00fan-Quito\"}]},{\"@type\":\"Person\",\"@id\":\"https:\/\/elpuucnoticias.com\/#\/schema\/person\/d2ea09e4c97f0160b11cdfb1d856bd9e\",\"name\":\"elpuucnoticias\",\"image\":{\"@type\":\"ImageObject\",\"@id\":\"https:\/\/elpuucnoticias.com\/#personlogo\",\"inLanguage\":\"es\",\"url\":\"https:\/\/secure.gravatar.com\/avatar\/5290a43657c74ffa15701dbe5b846bd85cc71930d803c84e91046a7333de6ce2?s=96&d=mm&r=g\",\"contentUrl\":\"https:\/\/secure.gravatar.com\/avatar\/5290a43657c74ffa15701dbe5b846bd85cc71930d803c84e91046a7333de6ce2?s=96&d=mm&r=g\",\"caption\":\"elpuucnoticias\"},\"sameAs\":[\"https:\/\/elpuucnoticias.com\"],\"url\":\"https:\/\/elpuucnoticias.com\/?author=1\"}]}<\/script>\n<!-- \/ Yoast SEO plugin. -->","yoast_head_json":{"title":"Anuncia nueva ruta a\u00e9rea Canc\u00fan-Quito - El Puuc Noticias","robots":{"index":"index","follow":"follow","max-snippet":"max-snippet:-1","max-image-preview":"max-image-preview:large","max-video-preview":"max-video-preview:-1"},"canonical":"https:\/\/elpuucnoticias.com\/?p=6772","og_locale":"es_ES","og_type":"article","og_title":"Anuncia nueva ruta a\u00e9rea Canc\u00fan-Quito - El Puuc Noticias","og_description":"Chetumal.- La gobernadora Mara Lezama Espinosa anunci\u00f3 la nueva ruta a\u00e9rea Canc\u00fan-Quito que comenzar\u00e1 operaciones a partir del","og_url":"https:\/\/elpuucnoticias.com\/?p=6772","og_site_name":"El Puuc Noticias","article_published_time":"2023-04-19T00:12:29+00:00","article_modified_time":"2023-04-19T00:12:30+00:00","og_image":[{"width":1600,"height":946,"url":"https:\/\/elpuucnoticias.com\/wp-content\/uploads\/2023\/04\/WhatsApp-Image-2023-04-18-at-7.21.06-AM.jpeg","type":"image\/jpeg"}],"twitter_card":"summary_large_image","twitter_misc":{"Escrito por":"elpuucnoticias","Tiempo de lectura":"2 minutos"},"schema":{"@context":"https:\/\/schema.org","@graph":[{"@type":"WebSite","@id":"https:\/\/elpuucnoticias.com\/#website","url":"https:\/\/elpuucnoticias.com\/","name":"El Puuc Noticias","description":"Noticias - Entretenimiento - Deportes","potentialAction":[{"@type":"SearchAction","target":{"@type":"EntryPoint","urlTemplate":"https:\/\/elpuucnoticias.com\/?s={search_term_string}"},"query-input":"required name=search_term_string"}],"inLanguage":"es"},{"@type":"ImageObject","@id":"https:\/\/elpuucnoticias.com\/?p=6772#primaryimage","inLanguage":"es","url":"https:\/\/elpuucnoticias.com\/wp-content\/uploads\/2023\/04\/WhatsApp-Image-2023-04-18-at-7.21.06-AM.jpeg","contentUrl":"https:\/\/elpuucnoticias.com\/wp-content\/uploads\/2023\/04\/WhatsApp-Image-2023-04-18-at-7.21.06-AM.jpeg","width":1600,"height":946},{"@type":"WebPage","@id":"https:\/\/elpuucnoticias.com\/?p=6772#webpage","url":"https:\/\/elpuucnoticias.com\/?p=6772","name":"Anuncia nueva ruta a\u00e9rea Canc\u00fan-Quito - El Puuc Noticias","isPartOf":{"@id":"https:\/\/elpuucnoticias.com\/#website"},"primaryImageOfPage":{"@id":"https:\/\/elpuucnoticias.com\/?p=6772#primaryimage"},"datePublished":"2023-04-19T00:12:29+00:00","dateModified":"2023-04-19T00:12:30+00:00","author":{"@id":"https:\/\/elpuucnoticias.com\/#\/schema\/person\/d2ea09e4c97f0160b11cdfb1d856bd9e"},"breadcrumb":{"@id":"https:\/\/elpuucnoticias.com\/?p=6772#breadcrumb"},"inLanguage":"es","potentialAction":[{"@type":"ReadAction","target":["https:\/\/elpuucnoticias.com\/?p=6772"]}]},{"@type":"BreadcrumbList","@id":"https:\/\/elpuucnoticias.com\/?p=6772#breadcrumb","itemListElement":[{"@type":"ListItem","position":1,"name":"Portada","item":"https:\/\/elpuucnoticias.com\/"},{"@type":"ListItem","position":2,"name":"Anuncia nueva ruta a\u00e9rea Canc\u00fan-Quito"}]},{"@type":"Person","@id":"https:\/\/elpuucnoticias.com\/#\/schema\/person\/d2ea09e4c97f0160b11cdfb1d856bd9e","name":"elpuucnoticias","image":{"@type":"ImageObject","@id":"https:\/\/elpuucnoticias.com\/#personlogo","inLanguage":"es","url":"https:\/\/secure.gravatar.com\/avatar\/5290a43657c74ffa15701dbe5b846bd85cc71930d803c84e91046a7333de6ce2?s=96&d=mm&r=g","contentUrl":"https:\/\/secure.gravatar.com\/avatar\/5290a43657c74ffa15701dbe5b846bd85cc71930d803c84e91046a7333de6ce2?s=96&d=mm&r=g","caption":"elpuucnoticias"},"sameAs":["https:\/\/elpuucnoticias.com"],"url":"https:\/\/elpuucnoticias.com\/?author=1"}]}},"_links":{"self":[{"href":"https:\/\/elpuucnoticias.com\/index.php?rest_route=\/wp\/v2\/posts\/6772","targetHints":{"allow":["GET"]}}],"collection":[{"href":"https:\/\/elpuucnoticias.com\/index.php?rest_route=\/wp\/v2\/posts"}],"about":[{"href":"https:\/\/elpuucnoticias.com\/index.php?rest_route=\/wp\/v2\/types\/post"}],"author":[{"embeddable":true,"href":"https:\/\/elpuucnoticias.com\/index.php?rest_route=\/wp\/v2\/users\/1"}],"replies":[{"embeddable":true,"href":"https:\/\/elpuucnoticias.com\/index.php?rest_route=%2Fwp%2Fv2%2Fcomments&post=6772"}],"version-history":[{"count":1,"href":"https:\/\/elpuucnoticias.com\/index.php?rest_route=\/wp\/v2\/posts\/6772\/revisions"}],"predecessor-version":[{"id":6776,"href":"https:\/\/elpuucnoticias.com\/index.php?rest_route=\/wp\/v2\/posts\/6772\/revisions\/6776"}],"wp:featuredmedia":[{"embeddable":true,"href":"https:\/\/elpuucnoticias.com\/index.php?rest_route=\/wp\/v2\/media\/6773"}],"wp:attachment":[{"href":"https:\/\/elpuucnoticias.com\/index.php?rest_route=%2Fwp%2Fv2%2Fmedia&parent=6772"}],"wp:term":[{"taxonomy":"category","embeddable":true,"href":"https:\/\/elpuucnoticias.com\/index.php?rest_route=%2Fwp%2Fv2%2Fcategories&post=6772"},{"taxonomy":"post_tag","embeddable":true,"href":"https:\/\/elpuucnoticias.com\/index.php?rest_route=%2Fwp%2Fv2%2Ftags&post=6772"}],"curies":[{"name":"wp","href":"https:\/\/api.w.org\/{rel}","templated":true}]}}