{"id":6829,"date":"2023-04-24T17:20:40","date_gmt":"2023-04-24T23:20:40","guid":{"rendered":"https:\/\/elpuucnoticias.com\/?p=6829"},"modified":"2023-04-24T17:20:41","modified_gmt":"2023-04-24T23:20:41","slug":"celebrara-a-la-ninez-con-festivales-artisticos-en-el-parque-natural-chankanaab","status":"publish","type":"post","link":"https:\/\/elpuucnoticias.com\/?p=6829","title":{"rendered":"Celebrar\u00e1 a la ni\u00f1ez con festivales art\u00edsticos en el Parque Natural Chankanaab"},"content":{"rendered":"\n<p>Para celebrar a la ni\u00f1ez cozumele\u00f1a en el marco del D\u00eda de la Ni\u00f1a y el Ni\u00f1o el pr\u00f3ximo 30 de abril, la Fundaci\u00f3n de Parques y Museos de Cozumel (FPMC) abrir\u00e1 el Parque Chankanaab para que las familias festejen con transportaci\u00f3n y entrada gratuita y el 28 y 29 realizar\u00e1 dos festivales en las colonias de la isla con juegos, regalos, botargas y mucha diversi\u00f3n.<\/p>\n\n\n\n<p>Reconstruir el tejido social a trav\u00e9s de actividades que favorezcan la uni\u00f3n familiar, es una de las acciones que la gobernadora Mara Lezama Espinosa impulsa a trav\u00e9s del Nuevo Acuerdo por el Bienestar y Desarrollo de Quintana Roo, indic\u00f3 el director general de la FPMC, Jos\u00e9 Luis Chac\u00f3n M\u00e9ndez.<\/p>\n\n\n\n<p>Anunci\u00f3 que se realizar\u00e1n tres eventos en diferentes lugares, con la finalidad de llegar a m\u00e1s personas y como parte del mejoramiento del tejido social. El primero ser\u00e1 el viernes 28 de abril a partir de las 5:30 de la tarde en el parque \u201cDe las Gradas\u201d, ubicado en la colonia San Miguel I, donde habr\u00e1 regalos, show de botargas, pastel, rifas y muchas sorpresas para los ni\u00f1os y las ni\u00f1as.<\/p>\n\n\n\n<p>El segundo festival ser\u00e1 el 29 de abril en el parque \u201cMape\u201d, ubicado en la carretera transversal, con la finalidad de llevar alegr\u00eda a la ni\u00f1ez que vive en las colonias m\u00e1s alejadas del centro urbano y para facilitar su traslado se proporcionar\u00e1 transportaci\u00f3n a partir de las tres de la tarde con un recorrido que se har\u00e1 por las colonias \u201cLas Fincas\u201d, \u201cSan Fernando\u201d, \u201cLa Estrellita\u201d para iniciar el festejo a partir de las cuatro de la tarde.<\/p>\n\n\n\n<figure class=\"wp-block-gallery has-nested-images columns-default is-cropped wp-block-gallery-1 is-layout-flex wp-block-gallery-is-layout-flex\">\n<figure class=\"wp-block-image size-large\"><img loading=\"lazy\" decoding=\"async\" width=\"1024\" height=\"682\" data-id=\"6833\" src=\"https:\/\/elpuucnoticias.com\/wp-content\/uploads\/2023\/04\/WhatsApp-Image-2023-04-24-at-2.09.43-PM-1024x682.jpeg\" alt=\"\" class=\"wp-image-6833\" srcset=\"https:\/\/elpuucnoticias.com\/wp-content\/uploads\/2023\/04\/WhatsApp-Image-2023-04-24-at-2.09.43-PM-1024x682.jpeg 1024w, https:\/\/elpuucnoticias.com\/wp-content\/uploads\/2023\/04\/WhatsApp-Image-2023-04-24-at-2.09.43-PM-300x200.jpeg 300w, https:\/\/elpuucnoticias.com\/wp-content\/uploads\/2023\/04\/WhatsApp-Image-2023-04-24-at-2.09.43-PM-768x512.jpeg 768w, https:\/\/elpuucnoticias.com\/wp-content\/uploads\/2023\/04\/WhatsApp-Image-2023-04-24-at-2.09.43-PM-1536x1023.jpeg 1536w, https:\/\/elpuucnoticias.com\/wp-content\/uploads\/2023\/04\/WhatsApp-Image-2023-04-24-at-2.09.43-PM.jpeg 1600w\" sizes=\"auto, (max-width: 1024px) 100vw, 1024px\" \/><\/figure>\n\n\n\n<figure class=\"wp-block-image size-large\"><img loading=\"lazy\" decoding=\"async\" width=\"1024\" height=\"682\" data-id=\"6831\" src=\"https:\/\/elpuucnoticias.com\/wp-content\/uploads\/2023\/04\/WhatsApp-Image-2023-04-24-at-2.09.42-PM-1-1024x682.jpeg\" alt=\"\" class=\"wp-image-6831\" srcset=\"https:\/\/elpuucnoticias.com\/wp-content\/uploads\/2023\/04\/WhatsApp-Image-2023-04-24-at-2.09.42-PM-1-1024x682.jpeg 1024w, https:\/\/elpuucnoticias.com\/wp-content\/uploads\/2023\/04\/WhatsApp-Image-2023-04-24-at-2.09.42-PM-1-300x200.jpeg 300w, https:\/\/elpuucnoticias.com\/wp-content\/uploads\/2023\/04\/WhatsApp-Image-2023-04-24-at-2.09.42-PM-1-768x512.jpeg 768w, https:\/\/elpuucnoticias.com\/wp-content\/uploads\/2023\/04\/WhatsApp-Image-2023-04-24-at-2.09.42-PM-1-1536x1023.jpeg 1536w, https:\/\/elpuucnoticias.com\/wp-content\/uploads\/2023\/04\/WhatsApp-Image-2023-04-24-at-2.09.42-PM-1.jpeg 1600w\" sizes=\"auto, (max-width: 1024px) 100vw, 1024px\" \/><\/figure>\n\n\n\n<figure class=\"wp-block-image size-large\"><img loading=\"lazy\" decoding=\"async\" width=\"1024\" height=\"682\" data-id=\"6832\" src=\"https:\/\/elpuucnoticias.com\/wp-content\/uploads\/2023\/04\/WhatsApp-Image-2023-04-24-at-2.09.44-PM-1024x682.jpeg\" alt=\"\" class=\"wp-image-6832\" srcset=\"https:\/\/elpuucnoticias.com\/wp-content\/uploads\/2023\/04\/WhatsApp-Image-2023-04-24-at-2.09.44-PM-1024x682.jpeg 1024w, https:\/\/elpuucnoticias.com\/wp-content\/uploads\/2023\/04\/WhatsApp-Image-2023-04-24-at-2.09.44-PM-300x200.jpeg 300w, https:\/\/elpuucnoticias.com\/wp-content\/uploads\/2023\/04\/WhatsApp-Image-2023-04-24-at-2.09.44-PM-768x512.jpeg 768w, https:\/\/elpuucnoticias.com\/wp-content\/uploads\/2023\/04\/WhatsApp-Image-2023-04-24-at-2.09.44-PM-1536x1023.jpeg 1536w, https:\/\/elpuucnoticias.com\/wp-content\/uploads\/2023\/04\/WhatsApp-Image-2023-04-24-at-2.09.44-PM.jpeg 1600w\" sizes=\"auto, (max-width: 1024px) 100vw, 1024px\" \/><\/figure>\n<\/figure>\n\n\n\n<p>Chac\u00f3n M\u00e9ndez enfatiz\u00f3 que para la Gobernadora es de suma importancia que las instalaciones tur\u00edsticas que administra la FPMC sean accesibles para los y las cozumele\u00f1as, por lo que una vez m\u00e1s se abrir\u00e1 gratuitamente para toda la comunidad en el marco del \u201cD\u00eda de la Ni\u00f1ez\u201d el 30 de abril, con un cupo l\u00edmite de mil 800 personas.<\/p>\n\n\n\n<p>Precis\u00f3 que para ese d\u00eda se brindar\u00e1 transportaci\u00f3n gratuita de 8:30 a 10:00, s\u00f3lo deber\u00e1n inscribirse las familias que quieran ir en las oficinas centrales de la FPMC en la 30 avenida a m\u00e1s tardar el viernes, y destac\u00f3 que est\u00e1 todo listo para que una vez m\u00e1s Chankanaab sea el escenario de un gran festejo para la comunidad.<\/p>\n\n\n\n<p>Ese domingo, 30 de abril, ser\u00e1 una gran fiesta para la ni\u00f1ez cozumele\u00f1a. Habr\u00e1 juegos, regalos, pastel, shows infantiles, regalos, brincolines, piscina inflable, entre muchas otras actividades recreativas para todas las personas que asistan a este evento que est\u00e1 preparado con mucho cari\u00f1o para propiciar la convivencia familiar, adem\u00e1s de que los restaurantes ofrecer\u00e1n descuentos y promociones para las familias que asistan al parque, agreg\u00f3 el director general de la instituci\u00f3n.<\/p>\n\n\n\n<p>Para finalizar, Jos\u00e9 Luis Chac\u00f3n dijo que de esta manera la FPMC se suma a las acciones que ha emprendido el gobierno estatal abriendo espacios para el esparcimiento de las familias, sobre todo que propicien el desarrollo de la ni\u00f1ez.<\/p>\n","protected":false},"excerpt":{"rendered":"<p>Para celebrar a la ni\u00f1ez cozumele\u00f1a en el marco del D\u00eda de la Ni\u00f1a y el Ni\u00f1o el<\/p>\n","protected":false},"author":1,"featured_media":6830,"comment_status":"closed","ping_status":"open","sticky":false,"template":"","format":"standard","meta":{"_monsterinsights_skip_tracking":false,"_monsterinsights_sitenote_active":false,"_monsterinsights_sitenote_note":"","_monsterinsights_sitenote_category":0,"footnotes":""},"categories":[11,24],"tags":[],"class_list":["post-6829","post","type-post","status-publish","format-standard","has-post-thumbnail","hentry","category-noticias","category-quintana-roo"],"yoast_head":"<!-- This site is optimized with the Yoast SEO plugin v18.3 - https:\/\/yoast.com\/wordpress\/plugins\/seo\/ -->\n<title>Celebrar\u00e1 a la ni\u00f1ez con festivales art\u00edsticos en el Parque Natural Chankanaab - El Puuc Noticias<\/title>\n<meta name=\"robots\" content=\"index, follow, max-snippet:-1, max-image-preview:large, max-video-preview:-1\" \/>\n<link rel=\"canonical\" href=\"https:\/\/elpuucnoticias.com\/?p=6829\" \/>\n<meta property=\"og:locale\" content=\"es_ES\" \/>\n<meta property=\"og:type\" content=\"article\" \/>\n<meta property=\"og:title\" content=\"Celebrar\u00e1 a la ni\u00f1ez con festivales art\u00edsticos en el Parque Natural Chankanaab - El Puuc Noticias\" \/>\n<meta property=\"og:description\" content=\"Para celebrar a la ni\u00f1ez cozumele\u00f1a en el marco del D\u00eda de la Ni\u00f1a y el Ni\u00f1o el\" \/>\n<meta property=\"og:url\" content=\"https:\/\/elpuucnoticias.com\/?p=6829\" \/>\n<meta property=\"og:site_name\" content=\"El Puuc Noticias\" \/>\n<meta property=\"article:published_time\" content=\"2023-04-24T23:20:40+00:00\" \/>\n<meta property=\"article:modified_time\" content=\"2023-04-24T23:20:41+00:00\" \/>\n<meta property=\"og:image\" content=\"https:\/\/elpuucnoticias.com\/wp-content\/uploads\/2023\/04\/WhatsApp-Image-2023-04-24-at-2.09.42-PM.jpeg\" \/>\n\t<meta property=\"og:image:width\" content=\"1600\" \/>\n\t<meta property=\"og:image:height\" content=\"1066\" \/>\n\t<meta property=\"og:image:type\" content=\"image\/jpeg\" \/>\n<meta name=\"twitter:card\" content=\"summary_large_image\" \/>\n<meta name=\"twitter:label1\" content=\"Escrito por\" \/>\n\t<meta name=\"twitter:data1\" content=\"elpuucnoticias\" \/>\n\t<meta name=\"twitter:label2\" content=\"Tiempo de lectura\" \/>\n\t<meta name=\"twitter:data2\" content=\"3 minutos\" \/>\n<script type=\"application\/ld+json\" class=\"yoast-schema-graph\">{\"@context\":\"https:\/\/schema.org\",\"@graph\":[{\"@type\":\"WebSite\",\"@id\":\"https:\/\/elpuucnoticias.com\/#website\",\"url\":\"https:\/\/elpuucnoticias.com\/\",\"name\":\"El Puuc Noticias\",\"description\":\"Noticias - Entretenimiento - Deportes\",\"potentialAction\":[{\"@type\":\"SearchAction\",\"target\":{\"@type\":\"EntryPoint\",\"urlTemplate\":\"https:\/\/elpuucnoticias.com\/?s={search_term_string}\"},\"query-input\":\"required name=search_term_string\"}],\"inLanguage\":\"es\"},{\"@type\":\"ImageObject\",\"@id\":\"https:\/\/elpuucnoticias.com\/?p=6829#primaryimage\",\"inLanguage\":\"es\",\"url\":\"https:\/\/elpuucnoticias.com\/wp-content\/uploads\/2023\/04\/WhatsApp-Image-2023-04-24-at-2.09.42-PM.jpeg\",\"contentUrl\":\"https:\/\/elpuucnoticias.com\/wp-content\/uploads\/2023\/04\/WhatsApp-Image-2023-04-24-at-2.09.42-PM.jpeg\",\"width\":1600,\"height\":1066},{\"@type\":\"WebPage\",\"@id\":\"https:\/\/elpuucnoticias.com\/?p=6829#webpage\",\"url\":\"https:\/\/elpuucnoticias.com\/?p=6829\",\"name\":\"Celebrar\u00e1 a la ni\u00f1ez con festivales art\u00edsticos en el Parque Natural Chankanaab - El Puuc Noticias\",\"isPartOf\":{\"@id\":\"https:\/\/elpuucnoticias.com\/#website\"},\"primaryImageOfPage\":{\"@id\":\"https:\/\/elpuucnoticias.com\/?p=6829#primaryimage\"},\"datePublished\":\"2023-04-24T23:20:40+00:00\",\"dateModified\":\"2023-04-24T23:20:41+00:00\",\"author\":{\"@id\":\"https:\/\/elpuucnoticias.com\/#\/schema\/person\/d2ea09e4c97f0160b11cdfb1d856bd9e\"},\"breadcrumb\":{\"@id\":\"https:\/\/elpuucnoticias.com\/?p=6829#breadcrumb\"},\"inLanguage\":\"es\",\"potentialAction\":[{\"@type\":\"ReadAction\",\"target\":[\"https:\/\/elpuucnoticias.com\/?p=6829\"]}]},{\"@type\":\"BreadcrumbList\",\"@id\":\"https:\/\/elpuucnoticias.com\/?p=6829#breadcrumb\",\"itemListElement\":[{\"@type\":\"ListItem\",\"position\":1,\"name\":\"Portada\",\"item\":\"https:\/\/elpuucnoticias.com\/\"},{\"@type\":\"ListItem\",\"position\":2,\"name\":\"Celebrar\u00e1 a la ni\u00f1ez con festivales art\u00edsticos en el Parque Natural Chankanaab\"}]},{\"@type\":\"Person\",\"@id\":\"https:\/\/elpuucnoticias.com\/#\/schema\/person\/d2ea09e4c97f0160b11cdfb1d856bd9e\",\"name\":\"elpuucnoticias\",\"image\":{\"@type\":\"ImageObject\",\"@id\":\"https:\/\/elpuucnoticias.com\/#personlogo\",\"inLanguage\":\"es\",\"url\":\"https:\/\/secure.gravatar.com\/avatar\/5290a43657c74ffa15701dbe5b846bd85cc71930d803c84e91046a7333de6ce2?s=96&d=mm&r=g\",\"contentUrl\":\"https:\/\/secure.gravatar.com\/avatar\/5290a43657c74ffa15701dbe5b846bd85cc71930d803c84e91046a7333de6ce2?s=96&d=mm&r=g\",\"caption\":\"elpuucnoticias\"},\"sameAs\":[\"https:\/\/elpuucnoticias.com\"],\"url\":\"https:\/\/elpuucnoticias.com\/?author=1\"}]}<\/script>\n<!-- \/ Yoast SEO plugin. -->","yoast_head_json":{"title":"Celebrar\u00e1 a la ni\u00f1ez con festivales art\u00edsticos en el Parque Natural Chankanaab - El Puuc Noticias","robots":{"index":"index","follow":"follow","max-snippet":"max-snippet:-1","max-image-preview":"max-image-preview:large","max-video-preview":"max-video-preview:-1"},"canonical":"https:\/\/elpuucnoticias.com\/?p=6829","og_locale":"es_ES","og_type":"article","og_title":"Celebrar\u00e1 a la ni\u00f1ez con festivales art\u00edsticos en el Parque Natural Chankanaab - El Puuc Noticias","og_description":"Para celebrar a la ni\u00f1ez cozumele\u00f1a en el marco del D\u00eda de la Ni\u00f1a y el Ni\u00f1o el","og_url":"https:\/\/elpuucnoticias.com\/?p=6829","og_site_name":"El Puuc Noticias","article_published_time":"2023-04-24T23:20:40+00:00","article_modified_time":"2023-04-24T23:20:41+00:00","og_image":[{"width":1600,"height":1066,"url":"https:\/\/elpuucnoticias.com\/wp-content\/uploads\/2023\/04\/WhatsApp-Image-2023-04-24-at-2.09.42-PM.jpeg","type":"image\/jpeg"}],"twitter_card":"summary_large_image","twitter_misc":{"Escrito por":"elpuucnoticias","Tiempo de lectura":"3 minutos"},"schema":{"@context":"https:\/\/schema.org","@graph":[{"@type":"WebSite","@id":"https:\/\/elpuucnoticias.com\/#website","url":"https:\/\/elpuucnoticias.com\/","name":"El Puuc Noticias","description":"Noticias - Entretenimiento - Deportes","potentialAction":[{"@type":"SearchAction","target":{"@type":"EntryPoint","urlTemplate":"https:\/\/elpuucnoticias.com\/?s={search_term_string}"},"query-input":"required name=search_term_string"}],"inLanguage":"es"},{"@type":"ImageObject","@id":"https:\/\/elpuucnoticias.com\/?p=6829#primaryimage","inLanguage":"es","url":"https:\/\/elpuucnoticias.com\/wp-content\/uploads\/2023\/04\/WhatsApp-Image-2023-04-24-at-2.09.42-PM.jpeg","contentUrl":"https:\/\/elpuucnoticias.com\/wp-content\/uploads\/2023\/04\/WhatsApp-Image-2023-04-24-at-2.09.42-PM.jpeg","width":1600,"height":1066},{"@type":"WebPage","@id":"https:\/\/elpuucnoticias.com\/?p=6829#webpage","url":"https:\/\/elpuucnoticias.com\/?p=6829","name":"Celebrar\u00e1 a la ni\u00f1ez con festivales art\u00edsticos en el Parque Natural Chankanaab - El Puuc Noticias","isPartOf":{"@id":"https:\/\/elpuucnoticias.com\/#website"},"primaryImageOfPage":{"@id":"https:\/\/elpuucnoticias.com\/?p=6829#primaryimage"},"datePublished":"2023-04-24T23:20:40+00:00","dateModified":"2023-04-24T23:20:41+00:00","author":{"@id":"https:\/\/elpuucnoticias.com\/#\/schema\/person\/d2ea09e4c97f0160b11cdfb1d856bd9e"},"breadcrumb":{"@id":"https:\/\/elpuucnoticias.com\/?p=6829#breadcrumb"},"inLanguage":"es","potentialAction":[{"@type":"ReadAction","target":["https:\/\/elpuucnoticias.com\/?p=6829"]}]},{"@type":"BreadcrumbList","@id":"https:\/\/elpuucnoticias.com\/?p=6829#breadcrumb","itemListElement":[{"@type":"ListItem","position":1,"name":"Portada","item":"https:\/\/elpuucnoticias.com\/"},{"@type":"ListItem","position":2,"name":"Celebrar\u00e1 a la ni\u00f1ez con festivales art\u00edsticos en el Parque Natural Chankanaab"}]},{"@type":"Person","@id":"https:\/\/elpuucnoticias.com\/#\/schema\/person\/d2ea09e4c97f0160b11cdfb1d856bd9e","name":"elpuucnoticias","image":{"@type":"ImageObject","@id":"https:\/\/elpuucnoticias.com\/#personlogo","inLanguage":"es","url":"https:\/\/secure.gravatar.com\/avatar\/5290a43657c74ffa15701dbe5b846bd85cc71930d803c84e91046a7333de6ce2?s=96&d=mm&r=g","contentUrl":"https:\/\/secure.gravatar.com\/avatar\/5290a43657c74ffa15701dbe5b846bd85cc71930d803c84e91046a7333de6ce2?s=96&d=mm&r=g","caption":"elpuucnoticias"},"sameAs":["https:\/\/elpuucnoticias.com"],"url":"https:\/\/elpuucnoticias.com\/?author=1"}]}},"_links":{"self":[{"href":"https:\/\/elpuucnoticias.com\/index.php?rest_route=\/wp\/v2\/posts\/6829","targetHints":{"allow":["GET"]}}],"collection":[{"href":"https:\/\/elpuucnoticias.com\/index.php?rest_route=\/wp\/v2\/posts"}],"about":[{"href":"https:\/\/elpuucnoticias.com\/index.php?rest_route=\/wp\/v2\/types\/post"}],"author":[{"embeddable":true,"href":"https:\/\/elpuucnoticias.com\/index.php?rest_route=\/wp\/v2\/users\/1"}],"replies":[{"embeddable":true,"href":"https:\/\/elpuucnoticias.com\/index.php?rest_route=%2Fwp%2Fv2%2Fcomments&post=6829"}],"version-history":[{"count":1,"href":"https:\/\/elpuucnoticias.com\/index.php?rest_route=\/wp\/v2\/posts\/6829\/revisions"}],"predecessor-version":[{"id":6834,"href":"https:\/\/elpuucnoticias.com\/index.php?rest_route=\/wp\/v2\/posts\/6829\/revisions\/6834"}],"wp:featuredmedia":[{"embeddable":true,"href":"https:\/\/elpuucnoticias.com\/index.php?rest_route=\/wp\/v2\/media\/6830"}],"wp:attachment":[{"href":"https:\/\/elpuucnoticias.com\/index.php?rest_route=%2Fwp%2Fv2%2Fmedia&parent=6829"}],"wp:term":[{"taxonomy":"category","embeddable":true,"href":"https:\/\/elpuucnoticias.com\/index.php?rest_route=%2Fwp%2Fv2%2Fcategories&post=6829"},{"taxonomy":"post_tag","embeddable":true,"href":"https:\/\/elpuucnoticias.com\/index.php?rest_route=%2Fwp%2Fv2%2Ftags&post=6829"}],"curies":[{"name":"wp","href":"https:\/\/api.w.org\/{rel}","templated":true}]}}