{"id":6852,"date":"2023-04-24T17:57:48","date_gmt":"2023-04-24T23:57:48","guid":{"rendered":"https:\/\/elpuucnoticias.com\/?p=6852"},"modified":"2023-04-24T17:57:49","modified_gmt":"2023-04-24T23:57:49","slug":"sefiplan-presento-ante-la-auditoria-superior-del-estado-la-cuenta-publica-2022-para-su-revision-y-analisis","status":"publish","type":"post","link":"https:\/\/elpuucnoticias.com\/?p=6852","title":{"rendered":"SEFIPLAN present\u00f3 ante la Auditor\u00eda Superior del Estado la Cuenta P\u00fablica 2022 para su revisi\u00f3n y an\u00e1lisis"},"content":{"rendered":"\n<p>El Gobierno del Estado a trav\u00e9s del titular de la Secretar\u00eda de Finanzas y Planeaci\u00f3n (SEFIPLAN), Eugenio Segura V\u00e1zquez realiz\u00f3 la entrega de la Cuenta P\u00fablica correspondiente al ejercicio fiscal 2022 ante la Auditor\u00eda Superior del Estado.<\/p>\n\n\n\n<p>Segura V\u00e1zquez present\u00f3 los 200 paquetes con informaci\u00f3n correspondiente al soporte f\u00edsico y un informe a detalle de seis tomos con la documentaci\u00f3n de; Resultados Generales, Poder Ejecutivo, Poder Legislativo, Poder Judicial, \u00d3rganos Aut\u00f3nomos y el Sector Paraestatal.<\/p>\n\n\n\n<figure class=\"wp-block-gallery has-nested-images columns-default is-cropped wp-block-gallery-1 is-layout-flex wp-block-gallery-is-layout-flex\">\n<figure class=\"wp-block-image size-large\"><img loading=\"lazy\" decoding=\"async\" width=\"1024\" height=\"790\" data-id=\"6853\" src=\"https:\/\/elpuucnoticias.com\/wp-content\/uploads\/2023\/04\/WhatsApp-Image-2023-04-24-at-5.29.01-PM-1024x790.jpeg\" alt=\"\" class=\"wp-image-6853\" srcset=\"https:\/\/elpuucnoticias.com\/wp-content\/uploads\/2023\/04\/WhatsApp-Image-2023-04-24-at-5.29.01-PM-1024x790.jpeg 1024w, https:\/\/elpuucnoticias.com\/wp-content\/uploads\/2023\/04\/WhatsApp-Image-2023-04-24-at-5.29.01-PM-300x232.jpeg 300w, https:\/\/elpuucnoticias.com\/wp-content\/uploads\/2023\/04\/WhatsApp-Image-2023-04-24-at-5.29.01-PM-768x593.jpeg 768w, https:\/\/elpuucnoticias.com\/wp-content\/uploads\/2023\/04\/WhatsApp-Image-2023-04-24-at-5.29.01-PM-1536x1186.jpeg 1536w, https:\/\/elpuucnoticias.com\/wp-content\/uploads\/2023\/04\/WhatsApp-Image-2023-04-24-at-5.29.01-PM.jpeg 1600w\" sizes=\"auto, (max-width: 1024px) 100vw, 1024px\" \/><\/figure>\n\n\n\n<figure class=\"wp-block-image size-large\"><img loading=\"lazy\" decoding=\"async\" width=\"1024\" height=\"508\" data-id=\"6854\" src=\"https:\/\/elpuucnoticias.com\/wp-content\/uploads\/2023\/04\/WhatsApp-Image-2023-04-24-at-5.29.00-PM-1024x508.jpeg\" alt=\"\" class=\"wp-image-6854\" srcset=\"https:\/\/elpuucnoticias.com\/wp-content\/uploads\/2023\/04\/WhatsApp-Image-2023-04-24-at-5.29.00-PM-1024x508.jpeg 1024w, https:\/\/elpuucnoticias.com\/wp-content\/uploads\/2023\/04\/WhatsApp-Image-2023-04-24-at-5.29.00-PM-300x149.jpeg 300w, https:\/\/elpuucnoticias.com\/wp-content\/uploads\/2023\/04\/WhatsApp-Image-2023-04-24-at-5.29.00-PM-768x381.jpeg 768w, https:\/\/elpuucnoticias.com\/wp-content\/uploads\/2023\/04\/WhatsApp-Image-2023-04-24-at-5.29.00-PM-1536x762.jpeg 1536w, https:\/\/elpuucnoticias.com\/wp-content\/uploads\/2023\/04\/WhatsApp-Image-2023-04-24-at-5.29.00-PM.jpeg 1600w\" sizes=\"auto, (max-width: 1024px) 100vw, 1024px\" \/><\/figure>\n<\/figure>\n\n\n\n<p>Adem\u00e1s de un disco duro con documentaci\u00f3n digital de ingresos, egresos, diario y n\u00f3mina; mismos que fueron recibidos por el Auditor Manuel Palacios Herrera dando cumplimiento a lo dispuesto en el Art\u00edculo 77 fracci\u00f3n I, de la Constituci\u00f3n Pol\u00edtica del Estado Libre y Soberano de Quintana Roo.<\/p>\n\n\n\n<p>Tambi\u00e9n se cumple con lo se\u00f1alado en los Art\u00edculos 3, 5 fracci\u00f3n I, 6 fracci\u00f3n VII y 15 de la Ley de Fiscalizaci\u00f3n y Rendici\u00f3n de Cuentas del Estado de Quintana Roo; 3, 4, 19 fracci\u00f3n III, 33 fracci\u00f3n XXVI de la Ley Org\u00e1nica de la Administraci\u00f3n P\u00fablica del Estado de Quintana Roo; 46, 47, 52 y 53 de la Ley General de Contabilidad Gubernamental as\u00ed como al Acuerdo por el que se armoniza la estructura de las Cuentas P\u00fablicas y con sujeci\u00f3n a las normas y lineamientos aprobados por el Consejo Nacional de Armonizaci\u00f3n Contable.<\/p>\n\n\n\n<p>Para finalizar el titular de la SEFIPLAN ratific\u00f3 ante el Auditor Superior del Estado, su inmediata y plena disposici\u00f3n para aclarar cualquier duda o ampliar la informaci\u00f3n que se estime necesaria, y recalc\u00f3 que la Cuenta Publica 2022 se realiz\u00f3 acorde a la estructura, contenidos y requisitos se\u00f1alados en las disposiciones legales y bajo los indicadores determinantes del cumplimiento de metas y objetivos de cada uno de los programas vinculados para el bienestar de la poblaci\u00f3n.<\/p>\n","protected":false},"excerpt":{"rendered":"<p>El Gobierno del Estado a trav\u00e9s del titular de la Secretar\u00eda de Finanzas y Planeaci\u00f3n (SEFIPLAN), Eugenio Segura<\/p>\n","protected":false},"author":1,"featured_media":6855,"comment_status":"closed","ping_status":"open","sticky":false,"template":"","format":"standard","meta":{"_monsterinsights_skip_tracking":false,"_monsterinsights_sitenote_active":false,"_monsterinsights_sitenote_note":"","_monsterinsights_sitenote_category":0,"footnotes":""},"categories":[11,24],"tags":[],"class_list":["post-6852","post","type-post","status-publish","format-standard","has-post-thumbnail","hentry","category-noticias","category-quintana-roo"],"yoast_head":"<!-- This site is optimized with the Yoast SEO plugin v18.3 - https:\/\/yoast.com\/wordpress\/plugins\/seo\/ -->\n<title>SEFIPLAN present\u00f3 ante la Auditor\u00eda Superior del Estado la Cuenta P\u00fablica 2022 para su revisi\u00f3n y an\u00e1lisis - El Puuc Noticias<\/title>\n<meta name=\"robots\" content=\"index, follow, max-snippet:-1, max-image-preview:large, max-video-preview:-1\" \/>\n<link rel=\"canonical\" href=\"https:\/\/elpuucnoticias.com\/?p=6852\" \/>\n<meta property=\"og:locale\" content=\"es_ES\" \/>\n<meta property=\"og:type\" content=\"article\" \/>\n<meta property=\"og:title\" content=\"SEFIPLAN present\u00f3 ante la Auditor\u00eda Superior del Estado la Cuenta P\u00fablica 2022 para su revisi\u00f3n y an\u00e1lisis - El Puuc Noticias\" \/>\n<meta property=\"og:description\" content=\"El Gobierno del Estado a trav\u00e9s del titular de la Secretar\u00eda de Finanzas y Planeaci\u00f3n (SEFIPLAN), Eugenio Segura\" \/>\n<meta property=\"og:url\" content=\"https:\/\/elpuucnoticias.com\/?p=6852\" \/>\n<meta property=\"og:site_name\" content=\"El Puuc Noticias\" \/>\n<meta property=\"article:published_time\" content=\"2023-04-24T23:57:48+00:00\" \/>\n<meta property=\"article:modified_time\" content=\"2023-04-24T23:57:49+00:00\" \/>\n<meta property=\"og:image\" content=\"https:\/\/elpuucnoticias.com\/wp-content\/uploads\/2023\/04\/WhatsApp-Image-2023-04-24-at-5.29.01-PM-1.jpeg\" \/>\n\t<meta property=\"og:image:width\" content=\"1600\" \/>\n\t<meta property=\"og:image:height\" content=\"1235\" \/>\n\t<meta property=\"og:image:type\" content=\"image\/jpeg\" \/>\n<meta name=\"twitter:card\" content=\"summary_large_image\" \/>\n<meta name=\"twitter:label1\" content=\"Escrito por\" \/>\n\t<meta name=\"twitter:data1\" content=\"elpuucnoticias\" \/>\n\t<meta name=\"twitter:label2\" content=\"Tiempo de lectura\" \/>\n\t<meta name=\"twitter:data2\" content=\"2 minutos\" \/>\n<script type=\"application\/ld+json\" class=\"yoast-schema-graph\">{\"@context\":\"https:\/\/schema.org\",\"@graph\":[{\"@type\":\"WebSite\",\"@id\":\"https:\/\/elpuucnoticias.com\/#website\",\"url\":\"https:\/\/elpuucnoticias.com\/\",\"name\":\"El Puuc Noticias\",\"description\":\"Noticias - Entretenimiento - Deportes\",\"potentialAction\":[{\"@type\":\"SearchAction\",\"target\":{\"@type\":\"EntryPoint\",\"urlTemplate\":\"https:\/\/elpuucnoticias.com\/?s={search_term_string}\"},\"query-input\":\"required name=search_term_string\"}],\"inLanguage\":\"es\"},{\"@type\":\"ImageObject\",\"@id\":\"https:\/\/elpuucnoticias.com\/?p=6852#primaryimage\",\"inLanguage\":\"es\",\"url\":\"https:\/\/elpuucnoticias.com\/wp-content\/uploads\/2023\/04\/WhatsApp-Image-2023-04-24-at-5.29.01-PM-1.jpeg\",\"contentUrl\":\"https:\/\/elpuucnoticias.com\/wp-content\/uploads\/2023\/04\/WhatsApp-Image-2023-04-24-at-5.29.01-PM-1.jpeg\",\"width\":1600,\"height\":1235},{\"@type\":\"WebPage\",\"@id\":\"https:\/\/elpuucnoticias.com\/?p=6852#webpage\",\"url\":\"https:\/\/elpuucnoticias.com\/?p=6852\",\"name\":\"SEFIPLAN present\u00f3 ante la Auditor\u00eda Superior del Estado la Cuenta P\u00fablica 2022 para su revisi\u00f3n y an\u00e1lisis - El Puuc Noticias\",\"isPartOf\":{\"@id\":\"https:\/\/elpuucnoticias.com\/#website\"},\"primaryImageOfPage\":{\"@id\":\"https:\/\/elpuucnoticias.com\/?p=6852#primaryimage\"},\"datePublished\":\"2023-04-24T23:57:48+00:00\",\"dateModified\":\"2023-04-24T23:57:49+00:00\",\"author\":{\"@id\":\"https:\/\/elpuucnoticias.com\/#\/schema\/person\/d2ea09e4c97f0160b11cdfb1d856bd9e\"},\"breadcrumb\":{\"@id\":\"https:\/\/elpuucnoticias.com\/?p=6852#breadcrumb\"},\"inLanguage\":\"es\",\"potentialAction\":[{\"@type\":\"ReadAction\",\"target\":[\"https:\/\/elpuucnoticias.com\/?p=6852\"]}]},{\"@type\":\"BreadcrumbList\",\"@id\":\"https:\/\/elpuucnoticias.com\/?p=6852#breadcrumb\",\"itemListElement\":[{\"@type\":\"ListItem\",\"position\":1,\"name\":\"Portada\",\"item\":\"https:\/\/elpuucnoticias.com\/\"},{\"@type\":\"ListItem\",\"position\":2,\"name\":\"SEFIPLAN present\u00f3 ante la Auditor\u00eda Superior del Estado la Cuenta P\u00fablica 2022 para su revisi\u00f3n y an\u00e1lisis\"}]},{\"@type\":\"Person\",\"@id\":\"https:\/\/elpuucnoticias.com\/#\/schema\/person\/d2ea09e4c97f0160b11cdfb1d856bd9e\",\"name\":\"elpuucnoticias\",\"image\":{\"@type\":\"ImageObject\",\"@id\":\"https:\/\/elpuucnoticias.com\/#personlogo\",\"inLanguage\":\"es\",\"url\":\"https:\/\/secure.gravatar.com\/avatar\/5290a43657c74ffa15701dbe5b846bd85cc71930d803c84e91046a7333de6ce2?s=96&d=mm&r=g\",\"contentUrl\":\"https:\/\/secure.gravatar.com\/avatar\/5290a43657c74ffa15701dbe5b846bd85cc71930d803c84e91046a7333de6ce2?s=96&d=mm&r=g\",\"caption\":\"elpuucnoticias\"},\"sameAs\":[\"https:\/\/elpuucnoticias.com\"],\"url\":\"https:\/\/elpuucnoticias.com\/?author=1\"}]}<\/script>\n<!-- \/ Yoast SEO plugin. -->","yoast_head_json":{"title":"SEFIPLAN present\u00f3 ante la Auditor\u00eda Superior del Estado la Cuenta P\u00fablica 2022 para su revisi\u00f3n y an\u00e1lisis - El Puuc Noticias","robots":{"index":"index","follow":"follow","max-snippet":"max-snippet:-1","max-image-preview":"max-image-preview:large","max-video-preview":"max-video-preview:-1"},"canonical":"https:\/\/elpuucnoticias.com\/?p=6852","og_locale":"es_ES","og_type":"article","og_title":"SEFIPLAN present\u00f3 ante la Auditor\u00eda Superior del Estado la Cuenta P\u00fablica 2022 para su revisi\u00f3n y an\u00e1lisis - El Puuc Noticias","og_description":"El Gobierno del Estado a trav\u00e9s del titular de la Secretar\u00eda de Finanzas y Planeaci\u00f3n (SEFIPLAN), Eugenio Segura","og_url":"https:\/\/elpuucnoticias.com\/?p=6852","og_site_name":"El Puuc Noticias","article_published_time":"2023-04-24T23:57:48+00:00","article_modified_time":"2023-04-24T23:57:49+00:00","og_image":[{"width":1600,"height":1235,"url":"https:\/\/elpuucnoticias.com\/wp-content\/uploads\/2023\/04\/WhatsApp-Image-2023-04-24-at-5.29.01-PM-1.jpeg","type":"image\/jpeg"}],"twitter_card":"summary_large_image","twitter_misc":{"Escrito por":"elpuucnoticias","Tiempo de lectura":"2 minutos"},"schema":{"@context":"https:\/\/schema.org","@graph":[{"@type":"WebSite","@id":"https:\/\/elpuucnoticias.com\/#website","url":"https:\/\/elpuucnoticias.com\/","name":"El Puuc Noticias","description":"Noticias - Entretenimiento - Deportes","potentialAction":[{"@type":"SearchAction","target":{"@type":"EntryPoint","urlTemplate":"https:\/\/elpuucnoticias.com\/?s={search_term_string}"},"query-input":"required name=search_term_string"}],"inLanguage":"es"},{"@type":"ImageObject","@id":"https:\/\/elpuucnoticias.com\/?p=6852#primaryimage","inLanguage":"es","url":"https:\/\/elpuucnoticias.com\/wp-content\/uploads\/2023\/04\/WhatsApp-Image-2023-04-24-at-5.29.01-PM-1.jpeg","contentUrl":"https:\/\/elpuucnoticias.com\/wp-content\/uploads\/2023\/04\/WhatsApp-Image-2023-04-24-at-5.29.01-PM-1.jpeg","width":1600,"height":1235},{"@type":"WebPage","@id":"https:\/\/elpuucnoticias.com\/?p=6852#webpage","url":"https:\/\/elpuucnoticias.com\/?p=6852","name":"SEFIPLAN present\u00f3 ante la Auditor\u00eda Superior del Estado la Cuenta P\u00fablica 2022 para su revisi\u00f3n y an\u00e1lisis - El Puuc Noticias","isPartOf":{"@id":"https:\/\/elpuucnoticias.com\/#website"},"primaryImageOfPage":{"@id":"https:\/\/elpuucnoticias.com\/?p=6852#primaryimage"},"datePublished":"2023-04-24T23:57:48+00:00","dateModified":"2023-04-24T23:57:49+00:00","author":{"@id":"https:\/\/elpuucnoticias.com\/#\/schema\/person\/d2ea09e4c97f0160b11cdfb1d856bd9e"},"breadcrumb":{"@id":"https:\/\/elpuucnoticias.com\/?p=6852#breadcrumb"},"inLanguage":"es","potentialAction":[{"@type":"ReadAction","target":["https:\/\/elpuucnoticias.com\/?p=6852"]}]},{"@type":"BreadcrumbList","@id":"https:\/\/elpuucnoticias.com\/?p=6852#breadcrumb","itemListElement":[{"@type":"ListItem","position":1,"name":"Portada","item":"https:\/\/elpuucnoticias.com\/"},{"@type":"ListItem","position":2,"name":"SEFIPLAN present\u00f3 ante la Auditor\u00eda Superior del Estado la Cuenta P\u00fablica 2022 para su revisi\u00f3n y an\u00e1lisis"}]},{"@type":"Person","@id":"https:\/\/elpuucnoticias.com\/#\/schema\/person\/d2ea09e4c97f0160b11cdfb1d856bd9e","name":"elpuucnoticias","image":{"@type":"ImageObject","@id":"https:\/\/elpuucnoticias.com\/#personlogo","inLanguage":"es","url":"https:\/\/secure.gravatar.com\/avatar\/5290a43657c74ffa15701dbe5b846bd85cc71930d803c84e91046a7333de6ce2?s=96&d=mm&r=g","contentUrl":"https:\/\/secure.gravatar.com\/avatar\/5290a43657c74ffa15701dbe5b846bd85cc71930d803c84e91046a7333de6ce2?s=96&d=mm&r=g","caption":"elpuucnoticias"},"sameAs":["https:\/\/elpuucnoticias.com"],"url":"https:\/\/elpuucnoticias.com\/?author=1"}]}},"_links":{"self":[{"href":"https:\/\/elpuucnoticias.com\/index.php?rest_route=\/wp\/v2\/posts\/6852","targetHints":{"allow":["GET"]}}],"collection":[{"href":"https:\/\/elpuucnoticias.com\/index.php?rest_route=\/wp\/v2\/posts"}],"about":[{"href":"https:\/\/elpuucnoticias.com\/index.php?rest_route=\/wp\/v2\/types\/post"}],"author":[{"embeddable":true,"href":"https:\/\/elpuucnoticias.com\/index.php?rest_route=\/wp\/v2\/users\/1"}],"replies":[{"embeddable":true,"href":"https:\/\/elpuucnoticias.com\/index.php?rest_route=%2Fwp%2Fv2%2Fcomments&post=6852"}],"version-history":[{"count":1,"href":"https:\/\/elpuucnoticias.com\/index.php?rest_route=\/wp\/v2\/posts\/6852\/revisions"}],"predecessor-version":[{"id":6857,"href":"https:\/\/elpuucnoticias.com\/index.php?rest_route=\/wp\/v2\/posts\/6852\/revisions\/6857"}],"wp:featuredmedia":[{"embeddable":true,"href":"https:\/\/elpuucnoticias.com\/index.php?rest_route=\/wp\/v2\/media\/6855"}],"wp:attachment":[{"href":"https:\/\/elpuucnoticias.com\/index.php?rest_route=%2Fwp%2Fv2%2Fmedia&parent=6852"}],"wp:term":[{"taxonomy":"category","embeddable":true,"href":"https:\/\/elpuucnoticias.com\/index.php?rest_route=%2Fwp%2Fv2%2Fcategories&post=6852"},{"taxonomy":"post_tag","embeddable":true,"href":"https:\/\/elpuucnoticias.com\/index.php?rest_route=%2Fwp%2Fv2%2Ftags&post=6852"}],"curies":[{"name":"wp","href":"https:\/\/api.w.org\/{rel}","templated":true}]}}