{"id":6940,"date":"2023-04-29T14:33:36","date_gmt":"2023-04-29T20:33:36","guid":{"rendered":"https:\/\/elpuucnoticias.com\/?p=6940"},"modified":"2023-04-29T14:33:36","modified_gmt":"2023-04-29T20:33:36","slug":"inician-las-actividades-previas-a-la-inauguracion-del-parque-remodelado-en-el-centro-de-oxkutzcab","status":"publish","type":"post","link":"https:\/\/elpuucnoticias.com\/?p=6940","title":{"rendered":"Inician las actividades previas a la inauguraci\u00f3n del parque remodelado en el Centro de Oxkutzcab"},"content":{"rendered":"\n<p>Con una ceremonia maya denominada \u201cJets&#8217; Lu&#8217;um\u201d, fiel creencia para \u201ccalmar la tierra\u201d y alejar a los malos esp\u00edritus, as\u00ed como una ceremonia religiosa de bendici\u00f3n para que la paz de Dios descienda en<br>el nuevo Parque Central, se iniciaron las actividades previas a la inauguraci\u00f3n del parque de Oxkutzcab.<\/p>\n\n\n\n<p>Las actividades fueron encabezadas por el alcalde Juan Jos\u00e9 Mart\u00edn Fragoso, quien estuvo acompa\u00f1ado por su esposa \u00c1ngeles Novelo Caamal, la s\u00edndico Jessica V\u00e1zquez P\u00e9rez, el secretario municipal Alan Emmanuel Torres Vera, los regidores \u00c1ngel Sosa Chan, Vanessa Pacheco C\u00f3rdova y Mar\u00eda Isabel P\u00e9rez Campos.<\/p>\n\n\n\n<figure class=\"wp-block-gallery has-nested-images columns-default is-cropped wp-block-gallery-1 is-layout-flex wp-block-gallery-is-layout-flex\">\n<figure class=\"wp-block-image size-large\"><img loading=\"lazy\" decoding=\"async\" width=\"1024\" height=\"682\" data-id=\"6943\" src=\"https:\/\/elpuucnoticias.com\/wp-content\/uploads\/2023\/04\/Maya08-1024x682.jpeg\" alt=\"\" class=\"wp-image-6943\" srcset=\"https:\/\/elpuucnoticias.com\/wp-content\/uploads\/2023\/04\/Maya08-1024x682.jpeg 1024w, https:\/\/elpuucnoticias.com\/wp-content\/uploads\/2023\/04\/Maya08-300x200.jpeg 300w, https:\/\/elpuucnoticias.com\/wp-content\/uploads\/2023\/04\/Maya08-768x512.jpeg 768w, https:\/\/elpuucnoticias.com\/wp-content\/uploads\/2023\/04\/Maya08.jpeg 1280w\" sizes=\"auto, (max-width: 1024px) 100vw, 1024px\" \/><\/figure>\n\n\n\n<figure class=\"wp-block-image size-large\"><img loading=\"lazy\" decoding=\"async\" width=\"1024\" height=\"682\" data-id=\"6944\" src=\"https:\/\/elpuucnoticias.com\/wp-content\/uploads\/2023\/04\/bendi02-1024x682.jpeg\" alt=\"\" class=\"wp-image-6944\" srcset=\"https:\/\/elpuucnoticias.com\/wp-content\/uploads\/2023\/04\/bendi02-1024x682.jpeg 1024w, https:\/\/elpuucnoticias.com\/wp-content\/uploads\/2023\/04\/bendi02-300x200.jpeg 300w, https:\/\/elpuucnoticias.com\/wp-content\/uploads\/2023\/04\/bendi02-768x512.jpeg 768w, https:\/\/elpuucnoticias.com\/wp-content\/uploads\/2023\/04\/bendi02-1536x1023.jpeg 1536w, https:\/\/elpuucnoticias.com\/wp-content\/uploads\/2023\/04\/bendi02.jpeg 1600w\" sizes=\"auto, (max-width: 1024px) 100vw, 1024px\" \/><\/figure>\n\n\n\n<figure class=\"wp-block-image size-large\"><img loading=\"lazy\" decoding=\"async\" width=\"1024\" height=\"683\" data-id=\"6942\" src=\"https:\/\/elpuucnoticias.com\/wp-content\/uploads\/2023\/04\/Maya07-1024x683.jpeg\" alt=\"\" class=\"wp-image-6942\" srcset=\"https:\/\/elpuucnoticias.com\/wp-content\/uploads\/2023\/04\/Maya07-1024x683.jpeg 1024w, https:\/\/elpuucnoticias.com\/wp-content\/uploads\/2023\/04\/Maya07-300x200.jpeg 300w, https:\/\/elpuucnoticias.com\/wp-content\/uploads\/2023\/04\/Maya07-768x512.jpeg 768w, https:\/\/elpuucnoticias.com\/wp-content\/uploads\/2023\/04\/Maya07.jpeg 1280w\" sizes=\"auto, (max-width: 1024px) 100vw, 1024px\" \/><\/figure>\n<\/figure>\n\n\n\n<p>La ceremonia maya se realiz\u00f3 a las 8 de la ma\u00f1ana de este s\u00e1bado, con c\u00e1nticos e invocaciones a los dioses, el h\u00b4men (Sacerdote Maya) Jos\u00e9 Escamilla, realiz\u00f3 la ceremonia y ofreci\u00f3 la bebida de los dioses el<br>Balche\u2019 mientras purifica con incienso de copal las cuatro esquinas del altar simbolizando los cuatro puntos cardinales del parque.<\/p>\n\n\n\n<p>Posteriormente el p\u00e1rroco Sa\u00fal Abraham Che Chi realiz\u00f3 la ceremonia de bendiciones del parque durante su recorrido por el nuevo edificio p\u00fablico.<\/p>\n\n\n\n<p>El sacerdote pidi\u00f3 que la paz de Dios descienda sobre el parque y sobre todos quienes acudir\u00e1n para sus tiempos de recreaci\u00f3n y pidi\u00f3 bendecir el lugar que ser\u00e1 un centro de reuni\u00f3n de sus hijos.<\/p>\n\n\n\n<p>El nuevo parque central ser\u00e1 inaugurado esta noche dentro del marco del Aniversario de Oxkutzcab, en ceremonia que se realizar\u00e1 frente al Palacio Municipal en la calle 53 entre 50 y 48.\u2014 <em>El Puuc Noticias<\/em><\/p>\n","protected":false},"excerpt":{"rendered":"<p>Con una ceremonia maya denominada \u201cJets&#8217; Lu&#8217;um\u201d, fiel creencia para \u201ccalmar la tierra\u201d y alejar a los malos<\/p>\n","protected":false},"author":1,"featured_media":6941,"comment_status":"closed","ping_status":"open","sticky":false,"template":"","format":"standard","meta":{"_monsterinsights_skip_tracking":false,"_monsterinsights_sitenote_active":false,"_monsterinsights_sitenote_note":"","_monsterinsights_sitenote_category":0,"footnotes":""},"categories":[11,14],"tags":[],"class_list":["post-6940","post","type-post","status-publish","format-standard","has-post-thumbnail","hentry","category-noticias","category-oxkutzcab"],"yoast_head":"<!-- This site is optimized with the Yoast SEO plugin v18.3 - https:\/\/yoast.com\/wordpress\/plugins\/seo\/ -->\n<title>Inician las actividades previas a la inauguraci\u00f3n del parque remodelado en el Centro de Oxkutzcab - El Puuc Noticias<\/title>\n<meta name=\"robots\" content=\"index, follow, max-snippet:-1, max-image-preview:large, max-video-preview:-1\" \/>\n<link rel=\"canonical\" href=\"https:\/\/elpuucnoticias.com\/?p=6940\" \/>\n<meta property=\"og:locale\" content=\"es_ES\" \/>\n<meta property=\"og:type\" content=\"article\" \/>\n<meta property=\"og:title\" content=\"Inician las actividades previas a la inauguraci\u00f3n del parque remodelado en el Centro de Oxkutzcab - El Puuc Noticias\" \/>\n<meta property=\"og:description\" content=\"Con una ceremonia maya denominada \u201cJets&#8217; Lu&#8217;um\u201d, fiel creencia para \u201ccalmar la tierra\u201d y alejar a los malos\" \/>\n<meta property=\"og:url\" content=\"https:\/\/elpuucnoticias.com\/?p=6940\" \/>\n<meta property=\"og:site_name\" content=\"El Puuc Noticias\" \/>\n<meta property=\"article:published_time\" content=\"2023-04-29T20:33:36+00:00\" \/>\n<meta property=\"og:image\" content=\"https:\/\/elpuucnoticias.com\/wp-content\/uploads\/2023\/04\/Maya08-1024x682.jpeg\" \/>\n<meta name=\"twitter:card\" content=\"summary_large_image\" \/>\n<meta name=\"twitter:label1\" content=\"Escrito por\" \/>\n\t<meta name=\"twitter:data1\" content=\"elpuucnoticias\" \/>\n\t<meta name=\"twitter:label2\" content=\"Tiempo de lectura\" \/>\n\t<meta name=\"twitter:data2\" content=\"1 minuto\" \/>\n<script type=\"application\/ld+json\" class=\"yoast-schema-graph\">{\"@context\":\"https:\/\/schema.org\",\"@graph\":[{\"@type\":\"WebSite\",\"@id\":\"https:\/\/elpuucnoticias.com\/#website\",\"url\":\"https:\/\/elpuucnoticias.com\/\",\"name\":\"El Puuc Noticias\",\"description\":\"Noticias - Entretenimiento - Deportes\",\"potentialAction\":[{\"@type\":\"SearchAction\",\"target\":{\"@type\":\"EntryPoint\",\"urlTemplate\":\"https:\/\/elpuucnoticias.com\/?s={search_term_string}\"},\"query-input\":\"required name=search_term_string\"}],\"inLanguage\":\"es\"},{\"@type\":\"ImageObject\",\"@id\":\"https:\/\/elpuucnoticias.com\/?p=6940#primaryimage\",\"inLanguage\":\"es\",\"url\":\"https:\/\/elpuucnoticias.com\/wp-content\/uploads\/2023\/04\/Bendi03.jpeg\",\"contentUrl\":\"https:\/\/elpuucnoticias.com\/wp-content\/uploads\/2023\/04\/Bendi03.jpeg\",\"width\":1600,\"height\":1066},{\"@type\":\"WebPage\",\"@id\":\"https:\/\/elpuucnoticias.com\/?p=6940#webpage\",\"url\":\"https:\/\/elpuucnoticias.com\/?p=6940\",\"name\":\"Inician las actividades previas a la inauguraci\u00f3n del parque remodelado en el Centro de Oxkutzcab - El Puuc Noticias\",\"isPartOf\":{\"@id\":\"https:\/\/elpuucnoticias.com\/#website\"},\"primaryImageOfPage\":{\"@id\":\"https:\/\/elpuucnoticias.com\/?p=6940#primaryimage\"},\"datePublished\":\"2023-04-29T20:33:36+00:00\",\"dateModified\":\"2023-04-29T20:33:36+00:00\",\"author\":{\"@id\":\"https:\/\/elpuucnoticias.com\/#\/schema\/person\/d2ea09e4c97f0160b11cdfb1d856bd9e\"},\"breadcrumb\":{\"@id\":\"https:\/\/elpuucnoticias.com\/?p=6940#breadcrumb\"},\"inLanguage\":\"es\",\"potentialAction\":[{\"@type\":\"ReadAction\",\"target\":[\"https:\/\/elpuucnoticias.com\/?p=6940\"]}]},{\"@type\":\"BreadcrumbList\",\"@id\":\"https:\/\/elpuucnoticias.com\/?p=6940#breadcrumb\",\"itemListElement\":[{\"@type\":\"ListItem\",\"position\":1,\"name\":\"Portada\",\"item\":\"https:\/\/elpuucnoticias.com\/\"},{\"@type\":\"ListItem\",\"position\":2,\"name\":\"Inician las actividades previas a la inauguraci\u00f3n del parque remodelado en el Centro de Oxkutzcab\"}]},{\"@type\":\"Person\",\"@id\":\"https:\/\/elpuucnoticias.com\/#\/schema\/person\/d2ea09e4c97f0160b11cdfb1d856bd9e\",\"name\":\"elpuucnoticias\",\"image\":{\"@type\":\"ImageObject\",\"@id\":\"https:\/\/elpuucnoticias.com\/#personlogo\",\"inLanguage\":\"es\",\"url\":\"https:\/\/secure.gravatar.com\/avatar\/5290a43657c74ffa15701dbe5b846bd85cc71930d803c84e91046a7333de6ce2?s=96&d=mm&r=g\",\"contentUrl\":\"https:\/\/secure.gravatar.com\/avatar\/5290a43657c74ffa15701dbe5b846bd85cc71930d803c84e91046a7333de6ce2?s=96&d=mm&r=g\",\"caption\":\"elpuucnoticias\"},\"sameAs\":[\"https:\/\/elpuucnoticias.com\"],\"url\":\"https:\/\/elpuucnoticias.com\/?author=1\"}]}<\/script>\n<!-- \/ Yoast SEO plugin. -->","yoast_head_json":{"title":"Inician las actividades previas a la inauguraci\u00f3n del parque remodelado en el Centro de Oxkutzcab - El Puuc Noticias","robots":{"index":"index","follow":"follow","max-snippet":"max-snippet:-1","max-image-preview":"max-image-preview:large","max-video-preview":"max-video-preview:-1"},"canonical":"https:\/\/elpuucnoticias.com\/?p=6940","og_locale":"es_ES","og_type":"article","og_title":"Inician las actividades previas a la inauguraci\u00f3n del parque remodelado en el Centro de Oxkutzcab - El Puuc Noticias","og_description":"Con una ceremonia maya denominada \u201cJets&#8217; Lu&#8217;um\u201d, fiel creencia para \u201ccalmar la tierra\u201d y alejar a los malos","og_url":"https:\/\/elpuucnoticias.com\/?p=6940","og_site_name":"El Puuc Noticias","article_published_time":"2023-04-29T20:33:36+00:00","og_image":[{"url":"https:\/\/elpuucnoticias.com\/wp-content\/uploads\/2023\/04\/Maya08-1024x682.jpeg"}],"twitter_card":"summary_large_image","twitter_misc":{"Escrito por":"elpuucnoticias","Tiempo de lectura":"1 minuto"},"schema":{"@context":"https:\/\/schema.org","@graph":[{"@type":"WebSite","@id":"https:\/\/elpuucnoticias.com\/#website","url":"https:\/\/elpuucnoticias.com\/","name":"El Puuc Noticias","description":"Noticias - Entretenimiento - Deportes","potentialAction":[{"@type":"SearchAction","target":{"@type":"EntryPoint","urlTemplate":"https:\/\/elpuucnoticias.com\/?s={search_term_string}"},"query-input":"required name=search_term_string"}],"inLanguage":"es"},{"@type":"ImageObject","@id":"https:\/\/elpuucnoticias.com\/?p=6940#primaryimage","inLanguage":"es","url":"https:\/\/elpuucnoticias.com\/wp-content\/uploads\/2023\/04\/Bendi03.jpeg","contentUrl":"https:\/\/elpuucnoticias.com\/wp-content\/uploads\/2023\/04\/Bendi03.jpeg","width":1600,"height":1066},{"@type":"WebPage","@id":"https:\/\/elpuucnoticias.com\/?p=6940#webpage","url":"https:\/\/elpuucnoticias.com\/?p=6940","name":"Inician las actividades previas a la inauguraci\u00f3n del parque remodelado en el Centro de Oxkutzcab - El Puuc Noticias","isPartOf":{"@id":"https:\/\/elpuucnoticias.com\/#website"},"primaryImageOfPage":{"@id":"https:\/\/elpuucnoticias.com\/?p=6940#primaryimage"},"datePublished":"2023-04-29T20:33:36+00:00","dateModified":"2023-04-29T20:33:36+00:00","author":{"@id":"https:\/\/elpuucnoticias.com\/#\/schema\/person\/d2ea09e4c97f0160b11cdfb1d856bd9e"},"breadcrumb":{"@id":"https:\/\/elpuucnoticias.com\/?p=6940#breadcrumb"},"inLanguage":"es","potentialAction":[{"@type":"ReadAction","target":["https:\/\/elpuucnoticias.com\/?p=6940"]}]},{"@type":"BreadcrumbList","@id":"https:\/\/elpuucnoticias.com\/?p=6940#breadcrumb","itemListElement":[{"@type":"ListItem","position":1,"name":"Portada","item":"https:\/\/elpuucnoticias.com\/"},{"@type":"ListItem","position":2,"name":"Inician las actividades previas a la inauguraci\u00f3n del parque remodelado en el Centro de Oxkutzcab"}]},{"@type":"Person","@id":"https:\/\/elpuucnoticias.com\/#\/schema\/person\/d2ea09e4c97f0160b11cdfb1d856bd9e","name":"elpuucnoticias","image":{"@type":"ImageObject","@id":"https:\/\/elpuucnoticias.com\/#personlogo","inLanguage":"es","url":"https:\/\/secure.gravatar.com\/avatar\/5290a43657c74ffa15701dbe5b846bd85cc71930d803c84e91046a7333de6ce2?s=96&d=mm&r=g","contentUrl":"https:\/\/secure.gravatar.com\/avatar\/5290a43657c74ffa15701dbe5b846bd85cc71930d803c84e91046a7333de6ce2?s=96&d=mm&r=g","caption":"elpuucnoticias"},"sameAs":["https:\/\/elpuucnoticias.com"],"url":"https:\/\/elpuucnoticias.com\/?author=1"}]}},"_links":{"self":[{"href":"https:\/\/elpuucnoticias.com\/index.php?rest_route=\/wp\/v2\/posts\/6940","targetHints":{"allow":["GET"]}}],"collection":[{"href":"https:\/\/elpuucnoticias.com\/index.php?rest_route=\/wp\/v2\/posts"}],"about":[{"href":"https:\/\/elpuucnoticias.com\/index.php?rest_route=\/wp\/v2\/types\/post"}],"author":[{"embeddable":true,"href":"https:\/\/elpuucnoticias.com\/index.php?rest_route=\/wp\/v2\/users\/1"}],"replies":[{"embeddable":true,"href":"https:\/\/elpuucnoticias.com\/index.php?rest_route=%2Fwp%2Fv2%2Fcomments&post=6940"}],"version-history":[{"count":1,"href":"https:\/\/elpuucnoticias.com\/index.php?rest_route=\/wp\/v2\/posts\/6940\/revisions"}],"predecessor-version":[{"id":6945,"href":"https:\/\/elpuucnoticias.com\/index.php?rest_route=\/wp\/v2\/posts\/6940\/revisions\/6945"}],"wp:featuredmedia":[{"embeddable":true,"href":"https:\/\/elpuucnoticias.com\/index.php?rest_route=\/wp\/v2\/media\/6941"}],"wp:attachment":[{"href":"https:\/\/elpuucnoticias.com\/index.php?rest_route=%2Fwp%2Fv2%2Fmedia&parent=6940"}],"wp:term":[{"taxonomy":"category","embeddable":true,"href":"https:\/\/elpuucnoticias.com\/index.php?rest_route=%2Fwp%2Fv2%2Fcategories&post=6940"},{"taxonomy":"post_tag","embeddable":true,"href":"https:\/\/elpuucnoticias.com\/index.php?rest_route=%2Fwp%2Fv2%2Ftags&post=6940"}],"curies":[{"name":"wp","href":"https:\/\/api.w.org\/{rel}","templated":true}]}}