{"id":695,"date":"2022-03-29T14:47:09","date_gmt":"2022-03-29T20:47:09","guid":{"rendered":"https:\/\/elpuucnoticias.com\/?p=695"},"modified":"2022-03-29T14:47:10","modified_gmt":"2022-03-29T20:47:10","slug":"curso-a-trabajadores-del-ayuntamiento-de-tekax-sobre-inclusion-y-derechos-humanos-a-cargo-del-cepredy","status":"publish","type":"post","link":"https:\/\/elpuucnoticias.com\/?p=695","title":{"rendered":"Curso a trabajadores del Ayuntamiento de Tekax sobre inclusi\u00f3n y derechos humanos, a cargo del Cepredy"},"content":{"rendered":"\n<p>En Tekax, dieron inicio los cursos del programa \u00abYucat\u00e1n Incluyente, Municipios sin Discriminaci\u00f3n\u00bb, del Centro para Prevenir y Eliminar la Discriminaci\u00f3n en Yucat\u00e1n (Cepredy).<\/p>\n\n\n\n<figure class=\"wp-block-gallery has-nested-images columns-default is-cropped wp-block-gallery-1 is-layout-flex wp-block-gallery-is-layout-flex\">\n<figure class=\"wp-block-image size-large\"><img loading=\"lazy\" decoding=\"async\" width=\"1024\" height=\"576\" data-id=\"697\" src=\"https:\/\/elpuucnoticias.com\/wp-content\/uploads\/2022\/03\/cepredy-tekax-4-1024x576.jpeg\" alt=\"\" class=\"wp-image-697\" srcset=\"https:\/\/elpuucnoticias.com\/wp-content\/uploads\/2022\/03\/cepredy-tekax-4-1024x576.jpeg 1024w, https:\/\/elpuucnoticias.com\/wp-content\/uploads\/2022\/03\/cepredy-tekax-4-300x169.jpeg 300w, https:\/\/elpuucnoticias.com\/wp-content\/uploads\/2022\/03\/cepredy-tekax-4-768x432.jpeg 768w, https:\/\/elpuucnoticias.com\/wp-content\/uploads\/2022\/03\/cepredy-tekax-4.jpeg 1280w\" sizes=\"auto, (max-width: 1024px) 100vw, 1024px\" \/><\/figure>\n\n\n\n<figure class=\"wp-block-image size-large\"><img loading=\"lazy\" decoding=\"async\" width=\"1024\" height=\"576\" data-id=\"698\" src=\"https:\/\/elpuucnoticias.com\/wp-content\/uploads\/2022\/03\/cepredy-tekax-2-1024x576.jpeg\" alt=\"\" class=\"wp-image-698\" srcset=\"https:\/\/elpuucnoticias.com\/wp-content\/uploads\/2022\/03\/cepredy-tekax-2-1024x576.jpeg 1024w, https:\/\/elpuucnoticias.com\/wp-content\/uploads\/2022\/03\/cepredy-tekax-2-300x169.jpeg 300w, https:\/\/elpuucnoticias.com\/wp-content\/uploads\/2022\/03\/cepredy-tekax-2-768x432.jpeg 768w, https:\/\/elpuucnoticias.com\/wp-content\/uploads\/2022\/03\/cepredy-tekax-2.jpeg 1280w\" sizes=\"auto, (max-width: 1024px) 100vw, 1024px\" \/><\/figure>\n<\/figure>\n\n\n\n<p>Los talleres son dirigidos a personal del Ayuntamiento, a fin de proporcionar herramientas para el trabajo de pol\u00edticas p\u00fablicas que garanticen el acceso a la no discriminaci\u00f3n, inclusi\u00f3n y derechos humanos en sus funciones y actividades.<\/p>\n\n\n\n<figure class=\"wp-block-image size-large is-resized\"><img loading=\"lazy\" decoding=\"async\" src=\"https:\/\/elpuucnoticias.com\/wp-content\/uploads\/2022\/03\/itssy-inscripciones-1024x478.jpg\" alt=\"\" class=\"wp-image-303\" width=\"480\" height=\"224\" srcset=\"https:\/\/elpuucnoticias.com\/wp-content\/uploads\/2022\/03\/itssy-inscripciones-1024x478.jpg 1024w, https:\/\/elpuucnoticias.com\/wp-content\/uploads\/2022\/03\/itssy-inscripciones-300x140.jpg 300w, https:\/\/elpuucnoticias.com\/wp-content\/uploads\/2022\/03\/itssy-inscripciones-768x358.jpg 768w, https:\/\/elpuucnoticias.com\/wp-content\/uploads\/2022\/03\/itssy-inscripciones.jpg 1080w\" sizes=\"auto, (max-width: 480px) 100vw, 480px\" \/><\/figure>\n\n\n\n<p>La actividad se llev\u00f3 a cabo en coordinaci\u00f3n con el Instituto de la Inclusi\u00f3n de las Personas con Discapacidad de Tekax y la CEPREDY.<\/p>\n\n\n\n<p>En este primer curso estuvieron presentes la s\u00edndico, Mariana Navarrete Segovia; la directora de la Cepredy, Mar\u00eda Guadalupe M\u00e9ndez Correa, y otras autoridades, as\u00ed como directores, jefes de \u00e1rea y dem\u00e1s personal del Ayuntamiento.<\/p>\n\n\n\n<figure class=\"wp-block-gallery has-nested-images columns-default is-cropped wp-block-gallery-2 is-layout-flex wp-block-gallery-is-layout-flex\">\n<figure class=\"wp-block-image size-large\"><img loading=\"lazy\" decoding=\"async\" width=\"1024\" height=\"576\" data-id=\"699\" src=\"https:\/\/elpuucnoticias.com\/wp-content\/uploads\/2022\/03\/cepredy-tekax-5-1024x576.jpeg\" alt=\"\" class=\"wp-image-699\" srcset=\"https:\/\/elpuucnoticias.com\/wp-content\/uploads\/2022\/03\/cepredy-tekax-5-1024x576.jpeg 1024w, https:\/\/elpuucnoticias.com\/wp-content\/uploads\/2022\/03\/cepredy-tekax-5-300x169.jpeg 300w, https:\/\/elpuucnoticias.com\/wp-content\/uploads\/2022\/03\/cepredy-tekax-5-768x432.jpeg 768w, https:\/\/elpuucnoticias.com\/wp-content\/uploads\/2022\/03\/cepredy-tekax-5.jpeg 1280w\" sizes=\"auto, (max-width: 1024px) 100vw, 1024px\" \/><\/figure>\n\n\n\n<figure class=\"wp-block-image size-large\"><img loading=\"lazy\" decoding=\"async\" width=\"1024\" height=\"576\" data-id=\"700\" src=\"https:\/\/elpuucnoticias.com\/wp-content\/uploads\/2022\/03\/cepredy-tekax-1-1024x576.jpeg\" alt=\"\" class=\"wp-image-700\" srcset=\"https:\/\/elpuucnoticias.com\/wp-content\/uploads\/2022\/03\/cepredy-tekax-1-1024x576.jpeg 1024w, https:\/\/elpuucnoticias.com\/wp-content\/uploads\/2022\/03\/cepredy-tekax-1-300x169.jpeg 300w, https:\/\/elpuucnoticias.com\/wp-content\/uploads\/2022\/03\/cepredy-tekax-1-768x432.jpeg 768w, https:\/\/elpuucnoticias.com\/wp-content\/uploads\/2022\/03\/cepredy-tekax-1.jpeg 1280w\" sizes=\"auto, (max-width: 1024px) 100vw, 1024px\" \/><\/figure>\n<\/figure>\n\n\n\n<p>Seg\u00fan se inform\u00f3 con estos cursos se busca garantizar que los servidores p\u00fablicos conozcan m\u00e1s sobre estos tema y los pongan en pr\u00e1ctica en la atenci\u00f3n hacia los ciudadanos.\u2014 <em>El Puuc Noticias <\/em><\/p>\n","protected":false},"excerpt":{"rendered":"<p>En Tekax, dieron inicio los cursos del programa \u00abYucat\u00e1n Incluyente, Municipios sin Discriminaci\u00f3n\u00bb, del Centro para Prevenir y<\/p>\n","protected":false},"author":1,"featured_media":696,"comment_status":"closed","ping_status":"open","sticky":false,"template":"","format":"standard","meta":{"_monsterinsights_skip_tracking":false,"_monsterinsights_sitenote_active":false,"_monsterinsights_sitenote_note":"","_monsterinsights_sitenote_category":0,"footnotes":""},"categories":[11,4],"tags":[],"class_list":["post-695","post","type-post","status-publish","format-standard","has-post-thumbnail","hentry","category-noticias","category-tekax"],"yoast_head":"<!-- This site is optimized with the Yoast SEO plugin v18.3 - https:\/\/yoast.com\/wordpress\/plugins\/seo\/ -->\n<title>Curso a trabajadores del Ayuntamiento de Tekax sobre inclusi\u00f3n y derechos humanos, a cargo del Cepredy - El Puuc Noticias<\/title>\n<meta name=\"robots\" content=\"index, follow, max-snippet:-1, max-image-preview:large, max-video-preview:-1\" \/>\n<link rel=\"canonical\" href=\"https:\/\/elpuucnoticias.com\/?p=695\" \/>\n<meta property=\"og:locale\" content=\"es_ES\" \/>\n<meta property=\"og:type\" content=\"article\" \/>\n<meta property=\"og:title\" content=\"Curso a trabajadores del Ayuntamiento de Tekax sobre inclusi\u00f3n y derechos humanos, a cargo del Cepredy - El Puuc Noticias\" \/>\n<meta property=\"og:description\" content=\"En Tekax, dieron inicio los cursos del programa \u00abYucat\u00e1n Incluyente, Municipios sin Discriminaci\u00f3n\u00bb, del Centro para Prevenir y\" \/>\n<meta property=\"og:url\" content=\"https:\/\/elpuucnoticias.com\/?p=695\" \/>\n<meta property=\"og:site_name\" content=\"El Puuc Noticias\" \/>\n<meta property=\"article:published_time\" content=\"2022-03-29T20:47:09+00:00\" \/>\n<meta property=\"article:modified_time\" content=\"2022-03-29T20:47:10+00:00\" \/>\n<meta property=\"og:image\" content=\"https:\/\/elpuucnoticias.com\/wp-content\/uploads\/2022\/03\/cepredy-tekax-3.jpeg\" \/>\n\t<meta property=\"og:image:width\" content=\"1280\" \/>\n\t<meta property=\"og:image:height\" content=\"720\" \/>\n\t<meta property=\"og:image:type\" content=\"image\/jpeg\" \/>\n<meta name=\"twitter:card\" content=\"summary_large_image\" \/>\n<meta name=\"twitter:label1\" content=\"Escrito por\" \/>\n\t<meta name=\"twitter:data1\" content=\"elpuucnoticias\" \/>\n\t<meta name=\"twitter:label2\" content=\"Tiempo de lectura\" \/>\n\t<meta name=\"twitter:data2\" content=\"2 minutos\" \/>\n<script type=\"application\/ld+json\" class=\"yoast-schema-graph\">{\"@context\":\"https:\/\/schema.org\",\"@graph\":[{\"@type\":\"WebSite\",\"@id\":\"https:\/\/elpuucnoticias.com\/#website\",\"url\":\"https:\/\/elpuucnoticias.com\/\",\"name\":\"El Puuc Noticias\",\"description\":\"Noticias - Entretenimiento - Deportes\",\"potentialAction\":[{\"@type\":\"SearchAction\",\"target\":{\"@type\":\"EntryPoint\",\"urlTemplate\":\"https:\/\/elpuucnoticias.com\/?s={search_term_string}\"},\"query-input\":\"required name=search_term_string\"}],\"inLanguage\":\"es\"},{\"@type\":\"ImageObject\",\"@id\":\"https:\/\/elpuucnoticias.com\/?p=695#primaryimage\",\"inLanguage\":\"es\",\"url\":\"https:\/\/elpuucnoticias.com\/wp-content\/uploads\/2022\/03\/cepredy-tekax-3.jpeg\",\"contentUrl\":\"https:\/\/elpuucnoticias.com\/wp-content\/uploads\/2022\/03\/cepredy-tekax-3.jpeg\",\"width\":1280,\"height\":720},{\"@type\":\"WebPage\",\"@id\":\"https:\/\/elpuucnoticias.com\/?p=695#webpage\",\"url\":\"https:\/\/elpuucnoticias.com\/?p=695\",\"name\":\"Curso a trabajadores del Ayuntamiento de Tekax sobre inclusi\u00f3n y derechos humanos, a cargo del Cepredy - El Puuc Noticias\",\"isPartOf\":{\"@id\":\"https:\/\/elpuucnoticias.com\/#website\"},\"primaryImageOfPage\":{\"@id\":\"https:\/\/elpuucnoticias.com\/?p=695#primaryimage\"},\"datePublished\":\"2022-03-29T20:47:09+00:00\",\"dateModified\":\"2022-03-29T20:47:10+00:00\",\"author\":{\"@id\":\"https:\/\/elpuucnoticias.com\/#\/schema\/person\/d2ea09e4c97f0160b11cdfb1d856bd9e\"},\"breadcrumb\":{\"@id\":\"https:\/\/elpuucnoticias.com\/?p=695#breadcrumb\"},\"inLanguage\":\"es\",\"potentialAction\":[{\"@type\":\"ReadAction\",\"target\":[\"https:\/\/elpuucnoticias.com\/?p=695\"]}]},{\"@type\":\"BreadcrumbList\",\"@id\":\"https:\/\/elpuucnoticias.com\/?p=695#breadcrumb\",\"itemListElement\":[{\"@type\":\"ListItem\",\"position\":1,\"name\":\"Portada\",\"item\":\"https:\/\/elpuucnoticias.com\/\"},{\"@type\":\"ListItem\",\"position\":2,\"name\":\"Curso a trabajadores del Ayuntamiento de Tekax sobre inclusi\u00f3n y derechos humanos, a cargo del Cepredy\"}]},{\"@type\":\"Person\",\"@id\":\"https:\/\/elpuucnoticias.com\/#\/schema\/person\/d2ea09e4c97f0160b11cdfb1d856bd9e\",\"name\":\"elpuucnoticias\",\"image\":{\"@type\":\"ImageObject\",\"@id\":\"https:\/\/elpuucnoticias.com\/#personlogo\",\"inLanguage\":\"es\",\"url\":\"https:\/\/secure.gravatar.com\/avatar\/5290a43657c74ffa15701dbe5b846bd85cc71930d803c84e91046a7333de6ce2?s=96&d=mm&r=g\",\"contentUrl\":\"https:\/\/secure.gravatar.com\/avatar\/5290a43657c74ffa15701dbe5b846bd85cc71930d803c84e91046a7333de6ce2?s=96&d=mm&r=g\",\"caption\":\"elpuucnoticias\"},\"sameAs\":[\"https:\/\/elpuucnoticias.com\"],\"url\":\"https:\/\/elpuucnoticias.com\/?author=1\"}]}<\/script>\n<!-- \/ Yoast SEO plugin. -->","yoast_head_json":{"title":"Curso a trabajadores del Ayuntamiento de Tekax sobre inclusi\u00f3n y derechos humanos, a cargo del Cepredy - El Puuc Noticias","robots":{"index":"index","follow":"follow","max-snippet":"max-snippet:-1","max-image-preview":"max-image-preview:large","max-video-preview":"max-video-preview:-1"},"canonical":"https:\/\/elpuucnoticias.com\/?p=695","og_locale":"es_ES","og_type":"article","og_title":"Curso a trabajadores del Ayuntamiento de Tekax sobre inclusi\u00f3n y derechos humanos, a cargo del Cepredy - El Puuc Noticias","og_description":"En Tekax, dieron inicio los cursos del programa \u00abYucat\u00e1n Incluyente, Municipios sin Discriminaci\u00f3n\u00bb, del Centro para Prevenir y","og_url":"https:\/\/elpuucnoticias.com\/?p=695","og_site_name":"El Puuc Noticias","article_published_time":"2022-03-29T20:47:09+00:00","article_modified_time":"2022-03-29T20:47:10+00:00","og_image":[{"width":1280,"height":720,"url":"https:\/\/elpuucnoticias.com\/wp-content\/uploads\/2022\/03\/cepredy-tekax-3.jpeg","type":"image\/jpeg"}],"twitter_card":"summary_large_image","twitter_misc":{"Escrito por":"elpuucnoticias","Tiempo de lectura":"2 minutos"},"schema":{"@context":"https:\/\/schema.org","@graph":[{"@type":"WebSite","@id":"https:\/\/elpuucnoticias.com\/#website","url":"https:\/\/elpuucnoticias.com\/","name":"El Puuc Noticias","description":"Noticias - Entretenimiento - Deportes","potentialAction":[{"@type":"SearchAction","target":{"@type":"EntryPoint","urlTemplate":"https:\/\/elpuucnoticias.com\/?s={search_term_string}"},"query-input":"required name=search_term_string"}],"inLanguage":"es"},{"@type":"ImageObject","@id":"https:\/\/elpuucnoticias.com\/?p=695#primaryimage","inLanguage":"es","url":"https:\/\/elpuucnoticias.com\/wp-content\/uploads\/2022\/03\/cepredy-tekax-3.jpeg","contentUrl":"https:\/\/elpuucnoticias.com\/wp-content\/uploads\/2022\/03\/cepredy-tekax-3.jpeg","width":1280,"height":720},{"@type":"WebPage","@id":"https:\/\/elpuucnoticias.com\/?p=695#webpage","url":"https:\/\/elpuucnoticias.com\/?p=695","name":"Curso a trabajadores del Ayuntamiento de Tekax sobre inclusi\u00f3n y derechos humanos, a cargo del Cepredy - El Puuc Noticias","isPartOf":{"@id":"https:\/\/elpuucnoticias.com\/#website"},"primaryImageOfPage":{"@id":"https:\/\/elpuucnoticias.com\/?p=695#primaryimage"},"datePublished":"2022-03-29T20:47:09+00:00","dateModified":"2022-03-29T20:47:10+00:00","author":{"@id":"https:\/\/elpuucnoticias.com\/#\/schema\/person\/d2ea09e4c97f0160b11cdfb1d856bd9e"},"breadcrumb":{"@id":"https:\/\/elpuucnoticias.com\/?p=695#breadcrumb"},"inLanguage":"es","potentialAction":[{"@type":"ReadAction","target":["https:\/\/elpuucnoticias.com\/?p=695"]}]},{"@type":"BreadcrumbList","@id":"https:\/\/elpuucnoticias.com\/?p=695#breadcrumb","itemListElement":[{"@type":"ListItem","position":1,"name":"Portada","item":"https:\/\/elpuucnoticias.com\/"},{"@type":"ListItem","position":2,"name":"Curso a trabajadores del Ayuntamiento de Tekax sobre inclusi\u00f3n y derechos humanos, a cargo del Cepredy"}]},{"@type":"Person","@id":"https:\/\/elpuucnoticias.com\/#\/schema\/person\/d2ea09e4c97f0160b11cdfb1d856bd9e","name":"elpuucnoticias","image":{"@type":"ImageObject","@id":"https:\/\/elpuucnoticias.com\/#personlogo","inLanguage":"es","url":"https:\/\/secure.gravatar.com\/avatar\/5290a43657c74ffa15701dbe5b846bd85cc71930d803c84e91046a7333de6ce2?s=96&d=mm&r=g","contentUrl":"https:\/\/secure.gravatar.com\/avatar\/5290a43657c74ffa15701dbe5b846bd85cc71930d803c84e91046a7333de6ce2?s=96&d=mm&r=g","caption":"elpuucnoticias"},"sameAs":["https:\/\/elpuucnoticias.com"],"url":"https:\/\/elpuucnoticias.com\/?author=1"}]}},"_links":{"self":[{"href":"https:\/\/elpuucnoticias.com\/index.php?rest_route=\/wp\/v2\/posts\/695","targetHints":{"allow":["GET"]}}],"collection":[{"href":"https:\/\/elpuucnoticias.com\/index.php?rest_route=\/wp\/v2\/posts"}],"about":[{"href":"https:\/\/elpuucnoticias.com\/index.php?rest_route=\/wp\/v2\/types\/post"}],"author":[{"embeddable":true,"href":"https:\/\/elpuucnoticias.com\/index.php?rest_route=\/wp\/v2\/users\/1"}],"replies":[{"embeddable":true,"href":"https:\/\/elpuucnoticias.com\/index.php?rest_route=%2Fwp%2Fv2%2Fcomments&post=695"}],"version-history":[{"count":1,"href":"https:\/\/elpuucnoticias.com\/index.php?rest_route=\/wp\/v2\/posts\/695\/revisions"}],"predecessor-version":[{"id":701,"href":"https:\/\/elpuucnoticias.com\/index.php?rest_route=\/wp\/v2\/posts\/695\/revisions\/701"}],"wp:featuredmedia":[{"embeddable":true,"href":"https:\/\/elpuucnoticias.com\/index.php?rest_route=\/wp\/v2\/media\/696"}],"wp:attachment":[{"href":"https:\/\/elpuucnoticias.com\/index.php?rest_route=%2Fwp%2Fv2%2Fmedia&parent=695"}],"wp:term":[{"taxonomy":"category","embeddable":true,"href":"https:\/\/elpuucnoticias.com\/index.php?rest_route=%2Fwp%2Fv2%2Fcategories&post=695"},{"taxonomy":"post_tag","embeddable":true,"href":"https:\/\/elpuucnoticias.com\/index.php?rest_route=%2Fwp%2Fv2%2Ftags&post=695"}],"curies":[{"name":"wp","href":"https:\/\/api.w.org\/{rel}","templated":true}]}}