{"id":7032,"date":"2023-05-02T09:41:29","date_gmt":"2023-05-02T15:41:29","guid":{"rendered":"https:\/\/elpuucnoticias.com\/?p=7032"},"modified":"2023-05-02T09:41:29","modified_gmt":"2023-05-02T15:41:29","slug":"visitantes-de-austria-recorren-los-atractivos-de-oxkutzcab-entre-estos-su-nuevo-parque-principal","status":"publish","type":"post","link":"https:\/\/elpuucnoticias.com\/?p=7032","title":{"rendered":"Visitantes de Austria recorren los atractivos de Oxkutzcab, entre estos su nuevo parque principal"},"content":{"rendered":"\n<p>El parque principal de Oxkutzcab reci\u00e9n reinaugurado por el alcalde, Juan Jos\u00e9 Mart\u00edn Fragoso, fue el punto principal del recorrido de un \u00a0grupo de turistas de Austria que visitaron los sitios tur\u00edsticos de Oxkutzcab.<\/p>\n\n\n\n<p>Con esta visita guiada se reactiva el turismo en el parque de la localidad, luego de mucho tiempo que los europeos no llegaban a la ciudad a visitar los sitios hist\u00f3ricos, como eran costumbre cuando recorren la Ruta Puuc.<\/p>\n\n\n\n<figure class=\"wp-block-gallery has-nested-images columns-default is-cropped wp-block-gallery-1 is-layout-flex wp-block-gallery-is-layout-flex\">\n<figure class=\"wp-block-image size-large\"><img loading=\"lazy\" decoding=\"async\" width=\"960\" height=\"720\" data-id=\"7034\" src=\"https:\/\/elpuucnoticias.com\/wp-content\/uploads\/2023\/05\/Turis.jpg\" alt=\"\" class=\"wp-image-7034\" srcset=\"https:\/\/elpuucnoticias.com\/wp-content\/uploads\/2023\/05\/Turis.jpg 960w, https:\/\/elpuucnoticias.com\/wp-content\/uploads\/2023\/05\/Turis-300x225.jpg 300w, https:\/\/elpuucnoticias.com\/wp-content\/uploads\/2023\/05\/Turis-768x576.jpg 768w\" sizes=\"auto, (max-width: 960px) 100vw, 960px\" \/><\/figure>\n\n\n\n<figure class=\"wp-block-image size-large\"><img loading=\"lazy\" decoding=\"async\" width=\"1024\" height=\"819\" data-id=\"7035\" src=\"https:\/\/elpuucnoticias.com\/wp-content\/uploads\/2023\/05\/Turis04-1024x819.jpg\" alt=\"\" class=\"wp-image-7035\" srcset=\"https:\/\/elpuucnoticias.com\/wp-content\/uploads\/2023\/05\/Turis04-1024x819.jpg 1024w, https:\/\/elpuucnoticias.com\/wp-content\/uploads\/2023\/05\/Turis04-300x240.jpg 300w, https:\/\/elpuucnoticias.com\/wp-content\/uploads\/2023\/05\/Turis04-768x614.jpg 768w, https:\/\/elpuucnoticias.com\/wp-content\/uploads\/2023\/05\/Turis04-1536x1229.jpg 1536w, https:\/\/elpuucnoticias.com\/wp-content\/uploads\/2023\/05\/Turis04.jpg 1920w\" sizes=\"auto, (max-width: 1024px) 100vw, 1024px\" \/><\/figure>\n<\/figure>\n\n\n\n<p>La alternativa de visitar los edificios hist\u00f3ricos de la Huerta del Estado se debe a que las grutas de Lolt\u00fan siguen cerradas al p\u00fablico.<\/p>\n\n\n\n<p>El gu\u00eda Pablo Villarreal llev\u00f3 a los visitantes de Austria al nuevo parque principal, el templo cat\u00f3lico de San Francisco de As\u00eds, la zona agr\u00edcola de Yaxhom y al mercado \u201c20 de Noviembre\u201d.<\/p>\n\n\n\n<p>El Ayuntamiento, a trav\u00e9s del departamento de Turismo, dio la bienvenida a los visitantes, luego de muchos a\u00f1os que turistas no se quedaban en el centro de Oxkutzcab.<\/p>\n\n\n\n<p>Polic\u00edas municipales ayudaron con la asignaci\u00f3n de un espacio para el veh\u00edculo de los visitantes, con el fin de hacer m\u00e1s c\u00f3modo y seguro su arribo a esta ciudad.<\/p>\n\n\n\n<p>El Ayuntamiento trabaja desde 2022 en el proyecto tur\u00edstico \u201cVive Ox\u201d, que involucra a los hoteleros, restauranteros y puntos tur\u00edsticos o de experiencia.<\/p>\n\n\n\n<p>El objetivo es difundir los sitios tur\u00edsticos de Oxkutzcab y, por eso, se implementan estrategias para que la gente \u201cvoltee a ver que Oxkutzcab tiene potencial tur\u00edstico\u201d.\u2014 <em>El Puuc Noticias<\/em><\/p>\n","protected":false},"excerpt":{"rendered":"<p>El parque principal de Oxkutzcab reci\u00e9n reinaugurado por el alcalde, Juan Jos\u00e9 Mart\u00edn Fragoso, fue el punto principal<\/p>\n","protected":false},"author":1,"featured_media":7033,"comment_status":"closed","ping_status":"open","sticky":false,"template":"","format":"standard","meta":{"_monsterinsights_skip_tracking":false,"_monsterinsights_sitenote_active":false,"_monsterinsights_sitenote_note":"","_monsterinsights_sitenote_category":0,"footnotes":""},"categories":[11,14],"tags":[],"class_list":["post-7032","post","type-post","status-publish","format-standard","has-post-thumbnail","hentry","category-noticias","category-oxkutzcab"],"yoast_head":"<!-- This site is optimized with the Yoast SEO plugin v18.3 - https:\/\/yoast.com\/wordpress\/plugins\/seo\/ -->\n<title>Visitantes de Austria recorren los atractivos de Oxkutzcab, entre estos su nuevo parque principal - El Puuc Noticias<\/title>\n<meta name=\"robots\" content=\"index, follow, max-snippet:-1, max-image-preview:large, max-video-preview:-1\" \/>\n<link rel=\"canonical\" href=\"https:\/\/elpuucnoticias.com\/?p=7032\" \/>\n<meta property=\"og:locale\" content=\"es_ES\" \/>\n<meta property=\"og:type\" content=\"article\" \/>\n<meta property=\"og:title\" content=\"Visitantes de Austria recorren los atractivos de Oxkutzcab, entre estos su nuevo parque principal - El Puuc Noticias\" \/>\n<meta property=\"og:description\" content=\"El parque principal de Oxkutzcab reci\u00e9n reinaugurado por el alcalde, Juan Jos\u00e9 Mart\u00edn Fragoso, fue el punto principal\" \/>\n<meta property=\"og:url\" content=\"https:\/\/elpuucnoticias.com\/?p=7032\" \/>\n<meta property=\"og:site_name\" content=\"El Puuc Noticias\" \/>\n<meta property=\"article:published_time\" content=\"2023-05-02T15:41:29+00:00\" \/>\n<meta property=\"og:image\" content=\"https:\/\/elpuucnoticias.com\/wp-content\/uploads\/2023\/05\/Turis02.jpg\" \/>\n\t<meta property=\"og:image:width\" content=\"900\" \/>\n\t<meta property=\"og:image:height\" content=\"720\" \/>\n\t<meta property=\"og:image:type\" content=\"image\/jpeg\" \/>\n<meta name=\"twitter:card\" content=\"summary_large_image\" \/>\n<meta name=\"twitter:label1\" content=\"Escrito por\" \/>\n\t<meta name=\"twitter:data1\" content=\"elpuucnoticias\" \/>\n\t<meta name=\"twitter:label2\" content=\"Tiempo de lectura\" \/>\n\t<meta name=\"twitter:data2\" content=\"2 minutos\" \/>\n<script type=\"application\/ld+json\" class=\"yoast-schema-graph\">{\"@context\":\"https:\/\/schema.org\",\"@graph\":[{\"@type\":\"WebSite\",\"@id\":\"https:\/\/elpuucnoticias.com\/#website\",\"url\":\"https:\/\/elpuucnoticias.com\/\",\"name\":\"El Puuc Noticias\",\"description\":\"Noticias - Entretenimiento - Deportes\",\"potentialAction\":[{\"@type\":\"SearchAction\",\"target\":{\"@type\":\"EntryPoint\",\"urlTemplate\":\"https:\/\/elpuucnoticias.com\/?s={search_term_string}\"},\"query-input\":\"required name=search_term_string\"}],\"inLanguage\":\"es\"},{\"@type\":\"ImageObject\",\"@id\":\"https:\/\/elpuucnoticias.com\/?p=7032#primaryimage\",\"inLanguage\":\"es\",\"url\":\"https:\/\/elpuucnoticias.com\/wp-content\/uploads\/2023\/05\/Turis02.jpg\",\"contentUrl\":\"https:\/\/elpuucnoticias.com\/wp-content\/uploads\/2023\/05\/Turis02.jpg\",\"width\":900,\"height\":720},{\"@type\":\"WebPage\",\"@id\":\"https:\/\/elpuucnoticias.com\/?p=7032#webpage\",\"url\":\"https:\/\/elpuucnoticias.com\/?p=7032\",\"name\":\"Visitantes de Austria recorren los atractivos de Oxkutzcab, entre estos su nuevo parque principal - El Puuc Noticias\",\"isPartOf\":{\"@id\":\"https:\/\/elpuucnoticias.com\/#website\"},\"primaryImageOfPage\":{\"@id\":\"https:\/\/elpuucnoticias.com\/?p=7032#primaryimage\"},\"datePublished\":\"2023-05-02T15:41:29+00:00\",\"dateModified\":\"2023-05-02T15:41:29+00:00\",\"author\":{\"@id\":\"https:\/\/elpuucnoticias.com\/#\/schema\/person\/d2ea09e4c97f0160b11cdfb1d856bd9e\"},\"breadcrumb\":{\"@id\":\"https:\/\/elpuucnoticias.com\/?p=7032#breadcrumb\"},\"inLanguage\":\"es\",\"potentialAction\":[{\"@type\":\"ReadAction\",\"target\":[\"https:\/\/elpuucnoticias.com\/?p=7032\"]}]},{\"@type\":\"BreadcrumbList\",\"@id\":\"https:\/\/elpuucnoticias.com\/?p=7032#breadcrumb\",\"itemListElement\":[{\"@type\":\"ListItem\",\"position\":1,\"name\":\"Portada\",\"item\":\"https:\/\/elpuucnoticias.com\/\"},{\"@type\":\"ListItem\",\"position\":2,\"name\":\"Visitantes de Austria recorren los atractivos de Oxkutzcab, entre estos su nuevo parque principal\"}]},{\"@type\":\"Person\",\"@id\":\"https:\/\/elpuucnoticias.com\/#\/schema\/person\/d2ea09e4c97f0160b11cdfb1d856bd9e\",\"name\":\"elpuucnoticias\",\"image\":{\"@type\":\"ImageObject\",\"@id\":\"https:\/\/elpuucnoticias.com\/#personlogo\",\"inLanguage\":\"es\",\"url\":\"https:\/\/secure.gravatar.com\/avatar\/5290a43657c74ffa15701dbe5b846bd85cc71930d803c84e91046a7333de6ce2?s=96&d=mm&r=g\",\"contentUrl\":\"https:\/\/secure.gravatar.com\/avatar\/5290a43657c74ffa15701dbe5b846bd85cc71930d803c84e91046a7333de6ce2?s=96&d=mm&r=g\",\"caption\":\"elpuucnoticias\"},\"sameAs\":[\"https:\/\/elpuucnoticias.com\"],\"url\":\"https:\/\/elpuucnoticias.com\/?author=1\"}]}<\/script>\n<!-- \/ Yoast SEO plugin. -->","yoast_head_json":{"title":"Visitantes de Austria recorren los atractivos de Oxkutzcab, entre estos su nuevo parque principal - El Puuc Noticias","robots":{"index":"index","follow":"follow","max-snippet":"max-snippet:-1","max-image-preview":"max-image-preview:large","max-video-preview":"max-video-preview:-1"},"canonical":"https:\/\/elpuucnoticias.com\/?p=7032","og_locale":"es_ES","og_type":"article","og_title":"Visitantes de Austria recorren los atractivos de Oxkutzcab, entre estos su nuevo parque principal - El Puuc Noticias","og_description":"El parque principal de Oxkutzcab reci\u00e9n reinaugurado por el alcalde, Juan Jos\u00e9 Mart\u00edn Fragoso, fue el punto principal","og_url":"https:\/\/elpuucnoticias.com\/?p=7032","og_site_name":"El Puuc Noticias","article_published_time":"2023-05-02T15:41:29+00:00","og_image":[{"width":900,"height":720,"url":"https:\/\/elpuucnoticias.com\/wp-content\/uploads\/2023\/05\/Turis02.jpg","type":"image\/jpeg"}],"twitter_card":"summary_large_image","twitter_misc":{"Escrito por":"elpuucnoticias","Tiempo de lectura":"2 minutos"},"schema":{"@context":"https:\/\/schema.org","@graph":[{"@type":"WebSite","@id":"https:\/\/elpuucnoticias.com\/#website","url":"https:\/\/elpuucnoticias.com\/","name":"El Puuc Noticias","description":"Noticias - Entretenimiento - Deportes","potentialAction":[{"@type":"SearchAction","target":{"@type":"EntryPoint","urlTemplate":"https:\/\/elpuucnoticias.com\/?s={search_term_string}"},"query-input":"required name=search_term_string"}],"inLanguage":"es"},{"@type":"ImageObject","@id":"https:\/\/elpuucnoticias.com\/?p=7032#primaryimage","inLanguage":"es","url":"https:\/\/elpuucnoticias.com\/wp-content\/uploads\/2023\/05\/Turis02.jpg","contentUrl":"https:\/\/elpuucnoticias.com\/wp-content\/uploads\/2023\/05\/Turis02.jpg","width":900,"height":720},{"@type":"WebPage","@id":"https:\/\/elpuucnoticias.com\/?p=7032#webpage","url":"https:\/\/elpuucnoticias.com\/?p=7032","name":"Visitantes de Austria recorren los atractivos de Oxkutzcab, entre estos su nuevo parque principal - El Puuc Noticias","isPartOf":{"@id":"https:\/\/elpuucnoticias.com\/#website"},"primaryImageOfPage":{"@id":"https:\/\/elpuucnoticias.com\/?p=7032#primaryimage"},"datePublished":"2023-05-02T15:41:29+00:00","dateModified":"2023-05-02T15:41:29+00:00","author":{"@id":"https:\/\/elpuucnoticias.com\/#\/schema\/person\/d2ea09e4c97f0160b11cdfb1d856bd9e"},"breadcrumb":{"@id":"https:\/\/elpuucnoticias.com\/?p=7032#breadcrumb"},"inLanguage":"es","potentialAction":[{"@type":"ReadAction","target":["https:\/\/elpuucnoticias.com\/?p=7032"]}]},{"@type":"BreadcrumbList","@id":"https:\/\/elpuucnoticias.com\/?p=7032#breadcrumb","itemListElement":[{"@type":"ListItem","position":1,"name":"Portada","item":"https:\/\/elpuucnoticias.com\/"},{"@type":"ListItem","position":2,"name":"Visitantes de Austria recorren los atractivos de Oxkutzcab, entre estos su nuevo parque principal"}]},{"@type":"Person","@id":"https:\/\/elpuucnoticias.com\/#\/schema\/person\/d2ea09e4c97f0160b11cdfb1d856bd9e","name":"elpuucnoticias","image":{"@type":"ImageObject","@id":"https:\/\/elpuucnoticias.com\/#personlogo","inLanguage":"es","url":"https:\/\/secure.gravatar.com\/avatar\/5290a43657c74ffa15701dbe5b846bd85cc71930d803c84e91046a7333de6ce2?s=96&d=mm&r=g","contentUrl":"https:\/\/secure.gravatar.com\/avatar\/5290a43657c74ffa15701dbe5b846bd85cc71930d803c84e91046a7333de6ce2?s=96&d=mm&r=g","caption":"elpuucnoticias"},"sameAs":["https:\/\/elpuucnoticias.com"],"url":"https:\/\/elpuucnoticias.com\/?author=1"}]}},"_links":{"self":[{"href":"https:\/\/elpuucnoticias.com\/index.php?rest_route=\/wp\/v2\/posts\/7032","targetHints":{"allow":["GET"]}}],"collection":[{"href":"https:\/\/elpuucnoticias.com\/index.php?rest_route=\/wp\/v2\/posts"}],"about":[{"href":"https:\/\/elpuucnoticias.com\/index.php?rest_route=\/wp\/v2\/types\/post"}],"author":[{"embeddable":true,"href":"https:\/\/elpuucnoticias.com\/index.php?rest_route=\/wp\/v2\/users\/1"}],"replies":[{"embeddable":true,"href":"https:\/\/elpuucnoticias.com\/index.php?rest_route=%2Fwp%2Fv2%2Fcomments&post=7032"}],"version-history":[{"count":1,"href":"https:\/\/elpuucnoticias.com\/index.php?rest_route=\/wp\/v2\/posts\/7032\/revisions"}],"predecessor-version":[{"id":7036,"href":"https:\/\/elpuucnoticias.com\/index.php?rest_route=\/wp\/v2\/posts\/7032\/revisions\/7036"}],"wp:featuredmedia":[{"embeddable":true,"href":"https:\/\/elpuucnoticias.com\/index.php?rest_route=\/wp\/v2\/media\/7033"}],"wp:attachment":[{"href":"https:\/\/elpuucnoticias.com\/index.php?rest_route=%2Fwp%2Fv2%2Fmedia&parent=7032"}],"wp:term":[{"taxonomy":"category","embeddable":true,"href":"https:\/\/elpuucnoticias.com\/index.php?rest_route=%2Fwp%2Fv2%2Fcategories&post=7032"},{"taxonomy":"post_tag","embeddable":true,"href":"https:\/\/elpuucnoticias.com\/index.php?rest_route=%2Fwp%2Fv2%2Ftags&post=7032"}],"curies":[{"name":"wp","href":"https:\/\/api.w.org\/{rel}","templated":true}]}}