{"id":7143,"date":"2023-05-05T13:10:48","date_gmt":"2023-05-05T19:10:48","guid":{"rendered":"https:\/\/elpuucnoticias.com\/?p=7143"},"modified":"2023-05-05T13:10:50","modified_gmt":"2023-05-05T19:10:50","slug":"caravana-de-festejos-en-las-comisarias-de-oxkutzcab-paleto-se-suma-a-la-causa-del-ayuntamiento-de-festejar-a-los-ninos","status":"publish","type":"post","link":"https:\/\/elpuucnoticias.com\/?p=7143","title":{"rendered":"Caravana de festejos en las comisar\u00edas de Oxkutzcab. \u00abPaleto\u00bb se suma a la causa del Ayuntamiento de festejar a los ni\u00f1os"},"content":{"rendered":"\n<p>La presidenta del DIF de Oxkutzcab \u00c1ngeles Novelo Caamal, encabez\u00f3 una caravana por las comisar\u00edas de Cooperativa, Xul y Yaxhach\u00e9n para celebrar el D\u00eda del Ni\u00f1o.<\/p>\n\n\n\n<p>Durante la caravana, se entreg\u00f3 a los ni\u00f1os juguetes, pi\u00f1atas y muchas sorpresas, lo que sin duda dej\u00f3 una sonrisa en sus rostros.<\/p>\n\n\n\n<figure class=\"wp-block-gallery has-nested-images columns-default is-cropped wp-block-gallery-1 is-layout-flex wp-block-gallery-is-layout-flex\">\n<figure class=\"wp-block-image size-large\"><img loading=\"lazy\" decoding=\"async\" width=\"1024\" height=\"820\" data-id=\"7145\" src=\"https:\/\/elpuucnoticias.com\/wp-content\/uploads\/2023\/05\/Jugue11-1024x820.jpeg\" alt=\"\" class=\"wp-image-7145\" srcset=\"https:\/\/elpuucnoticias.com\/wp-content\/uploads\/2023\/05\/Jugue11-1024x820.jpeg 1024w, https:\/\/elpuucnoticias.com\/wp-content\/uploads\/2023\/05\/Jugue11-300x240.jpeg 300w, https:\/\/elpuucnoticias.com\/wp-content\/uploads\/2023\/05\/Jugue11-768x615.jpeg 768w, https:\/\/elpuucnoticias.com\/wp-content\/uploads\/2023\/05\/Jugue11.jpeg 1067w\" sizes=\"auto, (max-width: 1024px) 100vw, 1024px\" \/><\/figure>\n\n\n\n<figure class=\"wp-block-image size-large\"><img loading=\"lazy\" decoding=\"async\" width=\"1024\" height=\"819\" data-id=\"7146\" src=\"https:\/\/elpuucnoticias.com\/wp-content\/uploads\/2023\/05\/Jugue07-1024x819.jpeg\" alt=\"\" class=\"wp-image-7146\" srcset=\"https:\/\/elpuucnoticias.com\/wp-content\/uploads\/2023\/05\/Jugue07-1024x819.jpeg 1024w, https:\/\/elpuucnoticias.com\/wp-content\/uploads\/2023\/05\/Jugue07-300x240.jpeg 300w, https:\/\/elpuucnoticias.com\/wp-content\/uploads\/2023\/05\/Jugue07-768x614.jpeg 768w, https:\/\/elpuucnoticias.com\/wp-content\/uploads\/2023\/05\/Jugue07.jpeg 1068w\" sizes=\"auto, (max-width: 1024px) 100vw, 1024px\" \/><\/figure>\n\n\n\n<figure class=\"wp-block-image size-large\"><img loading=\"lazy\" decoding=\"async\" width=\"1024\" height=\"820\" data-id=\"7147\" src=\"https:\/\/elpuucnoticias.com\/wp-content\/uploads\/2023\/05\/JUgue04-1024x820.jpeg\" alt=\"\" class=\"wp-image-7147\" srcset=\"https:\/\/elpuucnoticias.com\/wp-content\/uploads\/2023\/05\/JUgue04-1024x820.jpeg 1024w, https:\/\/elpuucnoticias.com\/wp-content\/uploads\/2023\/05\/JUgue04-300x240.jpeg 300w, https:\/\/elpuucnoticias.com\/wp-content\/uploads\/2023\/05\/JUgue04-768x615.jpeg 768w, https:\/\/elpuucnoticias.com\/wp-content\/uploads\/2023\/05\/JUgue04.jpeg 1067w\" sizes=\"auto, (max-width: 1024px) 100vw, 1024px\" \/><\/figure>\n<\/figure>\n\n\n\n<p>El Ayuntamiento que encabeza el alcalde Juan Jos\u00e9 Mart\u00edn Fragoso, agradece de manera especial a Juan Carlos Tapia \u00abPaleto\u00bb, \u00abLa Voz de la Cumbia\u00bb, por sumarse a esta noble causa y por medio de su<br>representante llevar juguetes a los ni\u00f1os de las comunidades de Oxkutzcab.<\/p>\n\n\n\n<p>Es gratificante ver c\u00f3mo estos gestos de bondad pueden generar sonrisas y felicidad en los peque\u00f1os de las comunidades.<\/p>\n\n\n\n<p>Gracias por su compromiso y generosidad en hacer de este d\u00eda una celebraci\u00f3n inolvidable para nuestros ni\u00f1os, el Ayuntamiento seguir\u00e1 trabajando para hacer de Oxkutzcab un lugar mejor para todos.\u2014 <em>El Puuc Noticias<\/em><\/p>\n","protected":false},"excerpt":{"rendered":"<p>La presidenta del DIF de Oxkutzcab \u00c1ngeles Novelo Caamal, encabez\u00f3 una caravana por las comisar\u00edas de Cooperativa, Xul<\/p>\n","protected":false},"author":1,"featured_media":7144,"comment_status":"closed","ping_status":"open","sticky":false,"template":"","format":"standard","meta":{"_monsterinsights_skip_tracking":false,"_monsterinsights_sitenote_active":false,"_monsterinsights_sitenote_note":"","_monsterinsights_sitenote_category":0,"footnotes":""},"categories":[11,14],"tags":[],"class_list":["post-7143","post","type-post","status-publish","format-standard","has-post-thumbnail","hentry","category-noticias","category-oxkutzcab"],"yoast_head":"<!-- This site is optimized with the Yoast SEO plugin v18.3 - https:\/\/yoast.com\/wordpress\/plugins\/seo\/ -->\n<title>Caravana de festejos en las comisar\u00edas de Oxkutzcab. &quot;Paleto&quot; se suma a la causa del Ayuntamiento de festejar a los ni\u00f1os - El Puuc Noticias<\/title>\n<meta name=\"robots\" content=\"index, follow, max-snippet:-1, max-image-preview:large, max-video-preview:-1\" \/>\n<link rel=\"canonical\" href=\"https:\/\/elpuucnoticias.com\/?p=7143\" \/>\n<meta property=\"og:locale\" content=\"es_ES\" \/>\n<meta property=\"og:type\" content=\"article\" \/>\n<meta property=\"og:title\" content=\"Caravana de festejos en las comisar\u00edas de Oxkutzcab. &quot;Paleto&quot; se suma a la causa del Ayuntamiento de festejar a los ni\u00f1os - El Puuc Noticias\" \/>\n<meta property=\"og:description\" content=\"La presidenta del DIF de Oxkutzcab \u00c1ngeles Novelo Caamal, encabez\u00f3 una caravana por las comisar\u00edas de Cooperativa, Xul\" \/>\n<meta property=\"og:url\" content=\"https:\/\/elpuucnoticias.com\/?p=7143\" \/>\n<meta property=\"og:site_name\" content=\"El Puuc Noticias\" \/>\n<meta property=\"article:published_time\" content=\"2023-05-05T19:10:48+00:00\" \/>\n<meta property=\"article:modified_time\" content=\"2023-05-05T19:10:50+00:00\" \/>\n<meta property=\"og:image\" content=\"https:\/\/elpuucnoticias.com\/wp-content\/uploads\/2023\/05\/Jugue09.jpeg\" \/>\n\t<meta property=\"og:image:width\" content=\"1067\" \/>\n\t<meta property=\"og:image:height\" content=\"854\" \/>\n\t<meta property=\"og:image:type\" content=\"image\/jpeg\" \/>\n<meta name=\"twitter:card\" content=\"summary_large_image\" \/>\n<meta name=\"twitter:label1\" content=\"Escrito por\" \/>\n\t<meta name=\"twitter:data1\" content=\"elpuucnoticias\" \/>\n\t<meta name=\"twitter:label2\" content=\"Tiempo de lectura\" \/>\n\t<meta name=\"twitter:data2\" content=\"2 minutos\" \/>\n<script type=\"application\/ld+json\" class=\"yoast-schema-graph\">{\"@context\":\"https:\/\/schema.org\",\"@graph\":[{\"@type\":\"WebSite\",\"@id\":\"https:\/\/elpuucnoticias.com\/#website\",\"url\":\"https:\/\/elpuucnoticias.com\/\",\"name\":\"El Puuc Noticias\",\"description\":\"Noticias - Entretenimiento - Deportes\",\"potentialAction\":[{\"@type\":\"SearchAction\",\"target\":{\"@type\":\"EntryPoint\",\"urlTemplate\":\"https:\/\/elpuucnoticias.com\/?s={search_term_string}\"},\"query-input\":\"required name=search_term_string\"}],\"inLanguage\":\"es\"},{\"@type\":\"ImageObject\",\"@id\":\"https:\/\/elpuucnoticias.com\/?p=7143#primaryimage\",\"inLanguage\":\"es\",\"url\":\"https:\/\/elpuucnoticias.com\/wp-content\/uploads\/2023\/05\/Jugue09.jpeg\",\"contentUrl\":\"https:\/\/elpuucnoticias.com\/wp-content\/uploads\/2023\/05\/Jugue09.jpeg\",\"width\":1067,\"height\":854},{\"@type\":\"WebPage\",\"@id\":\"https:\/\/elpuucnoticias.com\/?p=7143#webpage\",\"url\":\"https:\/\/elpuucnoticias.com\/?p=7143\",\"name\":\"Caravana de festejos en las comisar\u00edas de Oxkutzcab. \\\"Paleto\\\" se suma a la causa del Ayuntamiento de festejar a los ni\u00f1os - El Puuc Noticias\",\"isPartOf\":{\"@id\":\"https:\/\/elpuucnoticias.com\/#website\"},\"primaryImageOfPage\":{\"@id\":\"https:\/\/elpuucnoticias.com\/?p=7143#primaryimage\"},\"datePublished\":\"2023-05-05T19:10:48+00:00\",\"dateModified\":\"2023-05-05T19:10:50+00:00\",\"author\":{\"@id\":\"https:\/\/elpuucnoticias.com\/#\/schema\/person\/d2ea09e4c97f0160b11cdfb1d856bd9e\"},\"breadcrumb\":{\"@id\":\"https:\/\/elpuucnoticias.com\/?p=7143#breadcrumb\"},\"inLanguage\":\"es\",\"potentialAction\":[{\"@type\":\"ReadAction\",\"target\":[\"https:\/\/elpuucnoticias.com\/?p=7143\"]}]},{\"@type\":\"BreadcrumbList\",\"@id\":\"https:\/\/elpuucnoticias.com\/?p=7143#breadcrumb\",\"itemListElement\":[{\"@type\":\"ListItem\",\"position\":1,\"name\":\"Portada\",\"item\":\"https:\/\/elpuucnoticias.com\/\"},{\"@type\":\"ListItem\",\"position\":2,\"name\":\"Caravana de festejos en las comisar\u00edas de Oxkutzcab. \u00abPaleto\u00bb se suma a la causa del Ayuntamiento de festejar a los ni\u00f1os\"}]},{\"@type\":\"Person\",\"@id\":\"https:\/\/elpuucnoticias.com\/#\/schema\/person\/d2ea09e4c97f0160b11cdfb1d856bd9e\",\"name\":\"elpuucnoticias\",\"image\":{\"@type\":\"ImageObject\",\"@id\":\"https:\/\/elpuucnoticias.com\/#personlogo\",\"inLanguage\":\"es\",\"url\":\"https:\/\/secure.gravatar.com\/avatar\/5290a43657c74ffa15701dbe5b846bd85cc71930d803c84e91046a7333de6ce2?s=96&d=mm&r=g\",\"contentUrl\":\"https:\/\/secure.gravatar.com\/avatar\/5290a43657c74ffa15701dbe5b846bd85cc71930d803c84e91046a7333de6ce2?s=96&d=mm&r=g\",\"caption\":\"elpuucnoticias\"},\"sameAs\":[\"https:\/\/elpuucnoticias.com\"],\"url\":\"https:\/\/elpuucnoticias.com\/?author=1\"}]}<\/script>\n<!-- \/ Yoast SEO plugin. -->","yoast_head_json":{"title":"Caravana de festejos en las comisar\u00edas de Oxkutzcab. \"Paleto\" se suma a la causa del Ayuntamiento de festejar a los ni\u00f1os - El Puuc Noticias","robots":{"index":"index","follow":"follow","max-snippet":"max-snippet:-1","max-image-preview":"max-image-preview:large","max-video-preview":"max-video-preview:-1"},"canonical":"https:\/\/elpuucnoticias.com\/?p=7143","og_locale":"es_ES","og_type":"article","og_title":"Caravana de festejos en las comisar\u00edas de Oxkutzcab. \"Paleto\" se suma a la causa del Ayuntamiento de festejar a los ni\u00f1os - El Puuc Noticias","og_description":"La presidenta del DIF de Oxkutzcab \u00c1ngeles Novelo Caamal, encabez\u00f3 una caravana por las comisar\u00edas de Cooperativa, Xul","og_url":"https:\/\/elpuucnoticias.com\/?p=7143","og_site_name":"El Puuc Noticias","article_published_time":"2023-05-05T19:10:48+00:00","article_modified_time":"2023-05-05T19:10:50+00:00","og_image":[{"width":1067,"height":854,"url":"https:\/\/elpuucnoticias.com\/wp-content\/uploads\/2023\/05\/Jugue09.jpeg","type":"image\/jpeg"}],"twitter_card":"summary_large_image","twitter_misc":{"Escrito por":"elpuucnoticias","Tiempo de lectura":"2 minutos"},"schema":{"@context":"https:\/\/schema.org","@graph":[{"@type":"WebSite","@id":"https:\/\/elpuucnoticias.com\/#website","url":"https:\/\/elpuucnoticias.com\/","name":"El Puuc Noticias","description":"Noticias - Entretenimiento - Deportes","potentialAction":[{"@type":"SearchAction","target":{"@type":"EntryPoint","urlTemplate":"https:\/\/elpuucnoticias.com\/?s={search_term_string}"},"query-input":"required name=search_term_string"}],"inLanguage":"es"},{"@type":"ImageObject","@id":"https:\/\/elpuucnoticias.com\/?p=7143#primaryimage","inLanguage":"es","url":"https:\/\/elpuucnoticias.com\/wp-content\/uploads\/2023\/05\/Jugue09.jpeg","contentUrl":"https:\/\/elpuucnoticias.com\/wp-content\/uploads\/2023\/05\/Jugue09.jpeg","width":1067,"height":854},{"@type":"WebPage","@id":"https:\/\/elpuucnoticias.com\/?p=7143#webpage","url":"https:\/\/elpuucnoticias.com\/?p=7143","name":"Caravana de festejos en las comisar\u00edas de Oxkutzcab. \"Paleto\" se suma a la causa del Ayuntamiento de festejar a los ni\u00f1os - El Puuc Noticias","isPartOf":{"@id":"https:\/\/elpuucnoticias.com\/#website"},"primaryImageOfPage":{"@id":"https:\/\/elpuucnoticias.com\/?p=7143#primaryimage"},"datePublished":"2023-05-05T19:10:48+00:00","dateModified":"2023-05-05T19:10:50+00:00","author":{"@id":"https:\/\/elpuucnoticias.com\/#\/schema\/person\/d2ea09e4c97f0160b11cdfb1d856bd9e"},"breadcrumb":{"@id":"https:\/\/elpuucnoticias.com\/?p=7143#breadcrumb"},"inLanguage":"es","potentialAction":[{"@type":"ReadAction","target":["https:\/\/elpuucnoticias.com\/?p=7143"]}]},{"@type":"BreadcrumbList","@id":"https:\/\/elpuucnoticias.com\/?p=7143#breadcrumb","itemListElement":[{"@type":"ListItem","position":1,"name":"Portada","item":"https:\/\/elpuucnoticias.com\/"},{"@type":"ListItem","position":2,"name":"Caravana de festejos en las comisar\u00edas de Oxkutzcab. \u00abPaleto\u00bb se suma a la causa del Ayuntamiento de festejar a los ni\u00f1os"}]},{"@type":"Person","@id":"https:\/\/elpuucnoticias.com\/#\/schema\/person\/d2ea09e4c97f0160b11cdfb1d856bd9e","name":"elpuucnoticias","image":{"@type":"ImageObject","@id":"https:\/\/elpuucnoticias.com\/#personlogo","inLanguage":"es","url":"https:\/\/secure.gravatar.com\/avatar\/5290a43657c74ffa15701dbe5b846bd85cc71930d803c84e91046a7333de6ce2?s=96&d=mm&r=g","contentUrl":"https:\/\/secure.gravatar.com\/avatar\/5290a43657c74ffa15701dbe5b846bd85cc71930d803c84e91046a7333de6ce2?s=96&d=mm&r=g","caption":"elpuucnoticias"},"sameAs":["https:\/\/elpuucnoticias.com"],"url":"https:\/\/elpuucnoticias.com\/?author=1"}]}},"_links":{"self":[{"href":"https:\/\/elpuucnoticias.com\/index.php?rest_route=\/wp\/v2\/posts\/7143","targetHints":{"allow":["GET"]}}],"collection":[{"href":"https:\/\/elpuucnoticias.com\/index.php?rest_route=\/wp\/v2\/posts"}],"about":[{"href":"https:\/\/elpuucnoticias.com\/index.php?rest_route=\/wp\/v2\/types\/post"}],"author":[{"embeddable":true,"href":"https:\/\/elpuucnoticias.com\/index.php?rest_route=\/wp\/v2\/users\/1"}],"replies":[{"embeddable":true,"href":"https:\/\/elpuucnoticias.com\/index.php?rest_route=%2Fwp%2Fv2%2Fcomments&post=7143"}],"version-history":[{"count":1,"href":"https:\/\/elpuucnoticias.com\/index.php?rest_route=\/wp\/v2\/posts\/7143\/revisions"}],"predecessor-version":[{"id":7148,"href":"https:\/\/elpuucnoticias.com\/index.php?rest_route=\/wp\/v2\/posts\/7143\/revisions\/7148"}],"wp:featuredmedia":[{"embeddable":true,"href":"https:\/\/elpuucnoticias.com\/index.php?rest_route=\/wp\/v2\/media\/7144"}],"wp:attachment":[{"href":"https:\/\/elpuucnoticias.com\/index.php?rest_route=%2Fwp%2Fv2%2Fmedia&parent=7143"}],"wp:term":[{"taxonomy":"category","embeddable":true,"href":"https:\/\/elpuucnoticias.com\/index.php?rest_route=%2Fwp%2Fv2%2Fcategories&post=7143"},{"taxonomy":"post_tag","embeddable":true,"href":"https:\/\/elpuucnoticias.com\/index.php?rest_route=%2Fwp%2Fv2%2Ftags&post=7143"}],"curies":[{"name":"wp","href":"https:\/\/api.w.org\/{rel}","templated":true}]}}