{"id":7175,"date":"2023-05-09T10:35:40","date_gmt":"2023-05-09T16:35:40","guid":{"rendered":"https:\/\/elpuucnoticias.com\/?p=7175"},"modified":"2023-05-09T10:35:41","modified_gmt":"2023-05-09T16:35:41","slug":"quintana-roo-asegura-plazas-para-los-nacionales-conade-2023-en-natacion-artistica","status":"publish","type":"post","link":"https:\/\/elpuucnoticias.com\/?p=7175","title":{"rendered":"Quintana Roo asegura plazas para los Nacionales CONADE 2023 en nataci\u00f3n art\u00edstica"},"content":{"rendered":"\n<p>La delegaci\u00f3n de Quintana Roo en la disciplina de nado sincronizado logr\u00f3 un total de 17 atletas clasificadas para competir en la pr\u00f3xima fase final de los Nacionales CONADE 2023, luego de registrar una destacada participar en el \u201cCampeonato Nacional Clase A\u201d, certamen eliminatorio que se disput\u00f3 en Guadalajara, Jalisco.<\/p>\n\n\n\n<p>\u201cLos atletas son nuestra prioridad, por eso hay que brindarles la misma oportunidad de transcender en sus respectivas disciplinas, esta s\u00f3lo es una de las acciones del Nuevo Acuerdo por el Bienestar y Desarrollo, que promueve nuestra gobernadora Mara Lezama, y gracias a ese trabajo, hoy nos alegramos por el logro obtenido por nuestra selecci\u00f3n de nado sincronizado\u201d, coment\u00f3 Eric Arcila Arjona, presidente de la Comisi\u00f3n para la Juventud y Deporte de Quintana Roo (COJUDEQ).<\/p>\n\n\n\n<figure class=\"wp-block-gallery has-nested-images columns-default is-cropped wp-block-gallery-1 is-layout-flex wp-block-gallery-is-layout-flex\">\n<figure class=\"wp-block-image size-large\"><img loading=\"lazy\" decoding=\"async\" width=\"1024\" height=\"768\" data-id=\"7177\" src=\"https:\/\/elpuucnoticias.com\/wp-content\/uploads\/2023\/05\/1-1024x768.jpeg\" alt=\"\" class=\"wp-image-7177\" srcset=\"https:\/\/elpuucnoticias.com\/wp-content\/uploads\/2023\/05\/1-1024x768.jpeg 1024w, https:\/\/elpuucnoticias.com\/wp-content\/uploads\/2023\/05\/1-300x225.jpeg 300w, https:\/\/elpuucnoticias.com\/wp-content\/uploads\/2023\/05\/1-768x576.jpeg 768w, https:\/\/elpuucnoticias.com\/wp-content\/uploads\/2023\/05\/1-1536x1152.jpeg 1536w, https:\/\/elpuucnoticias.com\/wp-content\/uploads\/2023\/05\/1.jpeg 1600w\" sizes=\"auto, (max-width: 1024px) 100vw, 1024px\" \/><\/figure>\n\n\n\n<figure class=\"wp-block-image size-large\"><img loading=\"lazy\" decoding=\"async\" width=\"768\" height=\"1024\" data-id=\"7178\" src=\"https:\/\/elpuucnoticias.com\/wp-content\/uploads\/2023\/05\/COJUDEQ-Plazas-04-768x1024.jpeg\" alt=\"\" class=\"wp-image-7178\" srcset=\"https:\/\/elpuucnoticias.com\/wp-content\/uploads\/2023\/05\/COJUDEQ-Plazas-04-768x1024.jpeg 768w, https:\/\/elpuucnoticias.com\/wp-content\/uploads\/2023\/05\/COJUDEQ-Plazas-04-225x300.jpeg 225w, https:\/\/elpuucnoticias.com\/wp-content\/uploads\/2023\/05\/COJUDEQ-Plazas-04-1152x1536.jpeg 1152w, https:\/\/elpuucnoticias.com\/wp-content\/uploads\/2023\/05\/COJUDEQ-Plazas-04.jpeg 1200w\" sizes=\"auto, (max-width: 768px) 100vw, 768px\" \/><\/figure>\n<\/figure>\n\n\n\n<p>El equipo quintanarroense, que estuvo encabezado por las entrenadoras Stephany Cuesta Duarte y Jimena Contreta Trevi\u00f1o, adem\u00e1s de la delegada Carina S\u00e1nchez Granados, logr\u00f3 17 clasificados a la justa nacional, de los cuales estar\u00e1n compitiendo en las pruebas de Dueto Libre y Dueto T\u00e9cnico en la Junior; as\u00ed como dos Duetos y un Equipo en la Juvenil; y en la Infantil avanzaron en Dueto y por Equipo.<\/p>\n\n\n\n<p>Hay que resaltar que Quintana Roo logr\u00f3 un segundo lugar hist\u00f3rico a nivel nacional en la disciplina de nado sincronizado, ya que el Equipo de la categor\u00eda Infantil, integrado por Yvanna Rodr\u00edguez Salazar, Emilia Palenzona Torres, Am\u00e9rica Anguiano Carmona, Natalia Pe\u00f1a Hern\u00e1ndez, Renata Barroso Vargas y Paula Mar\u00edn Ba\u00f1uelos, se adjudic\u00f3 la plata en el clasificatorio.<\/p>\n\n\n\n<p>En tanto, las atletas que se clasificaron en la categor\u00eda Junior fueron Rebeca Hern\u00e1ndez Tocha y Daniela Pineda Serrano.<\/p>\n\n\n\n<p>Y finalmente, las que avanzaron en la Juvenil fueron Isabella G\u00f3mez Vela, Daniela Sophia Zamora Ruiz, Gabriela Perlesta\u00edn Santiago, Regina Guzm\u00e1n Molina, Ana Camila Maga\u00f1a Castro, Valentina Tec Gallego, Thais Victoria Rivera Garc\u00eda, Regina Alejandra Quintana Ram\u00edrez e Isabel Messina.<\/p>\n","protected":false},"excerpt":{"rendered":"<p>La delegaci\u00f3n de Quintana Roo en la disciplina de nado sincronizado logr\u00f3 un total de 17 atletas clasificadas<\/p>\n","protected":false},"author":3,"featured_media":7176,"comment_status":"closed","ping_status":"open","sticky":false,"template":"","format":"standard","meta":{"_monsterinsights_skip_tracking":false,"_monsterinsights_sitenote_active":false,"_monsterinsights_sitenote_note":"","_monsterinsights_sitenote_category":0,"footnotes":""},"categories":[7,24],"tags":[],"class_list":["post-7175","post","type-post","status-publish","format-standard","has-post-thumbnail","hentry","category-impacto-deportivo","category-quintana-roo"],"yoast_head":"<!-- This site is optimized with the Yoast SEO plugin v18.3 - https:\/\/yoast.com\/wordpress\/plugins\/seo\/ -->\n<title>Quintana Roo asegura plazas para los Nacionales CONADE 2023 en nataci\u00f3n art\u00edstica - El Puuc Noticias<\/title>\n<meta name=\"robots\" content=\"index, follow, max-snippet:-1, max-image-preview:large, max-video-preview:-1\" \/>\n<link rel=\"canonical\" href=\"https:\/\/elpuucnoticias.com\/?p=7175\" \/>\n<meta property=\"og:locale\" content=\"es_ES\" \/>\n<meta property=\"og:type\" content=\"article\" \/>\n<meta property=\"og:title\" content=\"Quintana Roo asegura plazas para los Nacionales CONADE 2023 en nataci\u00f3n art\u00edstica - El Puuc Noticias\" \/>\n<meta property=\"og:description\" content=\"La delegaci\u00f3n de Quintana Roo en la disciplina de nado sincronizado logr\u00f3 un total de 17 atletas clasificadas\" \/>\n<meta property=\"og:url\" content=\"https:\/\/elpuucnoticias.com\/?p=7175\" \/>\n<meta property=\"og:site_name\" content=\"El Puuc Noticias\" \/>\n<meta property=\"article:published_time\" content=\"2023-05-09T16:35:40+00:00\" \/>\n<meta property=\"article:modified_time\" content=\"2023-05-09T16:35:41+00:00\" \/>\n<meta property=\"og:image\" content=\"https:\/\/elpuucnoticias.com\/wp-content\/uploads\/2023\/05\/COJUDEQ-Plazas-02.jpeg\" \/>\n\t<meta property=\"og:image:width\" content=\"1600\" \/>\n\t<meta property=\"og:image:height\" content=\"1200\" \/>\n\t<meta property=\"og:image:type\" content=\"image\/jpeg\" \/>\n<meta name=\"twitter:card\" content=\"summary_large_image\" \/>\n<meta name=\"twitter:label1\" content=\"Escrito por\" \/>\n\t<meta name=\"twitter:data1\" content=\"Arnulfo del Carmen Peraza Rodr\u00edguez\" \/>\n\t<meta name=\"twitter:label2\" content=\"Tiempo de lectura\" \/>\n\t<meta name=\"twitter:data2\" content=\"2 minutos\" \/>\n<script type=\"application\/ld+json\" class=\"yoast-schema-graph\">{\"@context\":\"https:\/\/schema.org\",\"@graph\":[{\"@type\":\"WebSite\",\"@id\":\"https:\/\/elpuucnoticias.com\/#website\",\"url\":\"https:\/\/elpuucnoticias.com\/\",\"name\":\"El Puuc Noticias\",\"description\":\"Noticias - Entretenimiento - Deportes\",\"potentialAction\":[{\"@type\":\"SearchAction\",\"target\":{\"@type\":\"EntryPoint\",\"urlTemplate\":\"https:\/\/elpuucnoticias.com\/?s={search_term_string}\"},\"query-input\":\"required name=search_term_string\"}],\"inLanguage\":\"es\"},{\"@type\":\"ImageObject\",\"@id\":\"https:\/\/elpuucnoticias.com\/?p=7175#primaryimage\",\"inLanguage\":\"es\",\"url\":\"https:\/\/elpuucnoticias.com\/wp-content\/uploads\/2023\/05\/COJUDEQ-Plazas-02.jpeg\",\"contentUrl\":\"https:\/\/elpuucnoticias.com\/wp-content\/uploads\/2023\/05\/COJUDEQ-Plazas-02.jpeg\",\"width\":1600,\"height\":1200},{\"@type\":\"WebPage\",\"@id\":\"https:\/\/elpuucnoticias.com\/?p=7175#webpage\",\"url\":\"https:\/\/elpuucnoticias.com\/?p=7175\",\"name\":\"Quintana Roo asegura plazas para los Nacionales CONADE 2023 en nataci\u00f3n art\u00edstica - El Puuc Noticias\",\"isPartOf\":{\"@id\":\"https:\/\/elpuucnoticias.com\/#website\"},\"primaryImageOfPage\":{\"@id\":\"https:\/\/elpuucnoticias.com\/?p=7175#primaryimage\"},\"datePublished\":\"2023-05-09T16:35:40+00:00\",\"dateModified\":\"2023-05-09T16:35:41+00:00\",\"author\":{\"@id\":\"https:\/\/elpuucnoticias.com\/#\/schema\/person\/e34b3bcd87194824c1dd297628b62562\"},\"breadcrumb\":{\"@id\":\"https:\/\/elpuucnoticias.com\/?p=7175#breadcrumb\"},\"inLanguage\":\"es\",\"potentialAction\":[{\"@type\":\"ReadAction\",\"target\":[\"https:\/\/elpuucnoticias.com\/?p=7175\"]}]},{\"@type\":\"BreadcrumbList\",\"@id\":\"https:\/\/elpuucnoticias.com\/?p=7175#breadcrumb\",\"itemListElement\":[{\"@type\":\"ListItem\",\"position\":1,\"name\":\"Portada\",\"item\":\"https:\/\/elpuucnoticias.com\/\"},{\"@type\":\"ListItem\",\"position\":2,\"name\":\"Quintana Roo asegura plazas para los Nacionales CONADE 2023 en nataci\u00f3n art\u00edstica\"}]},{\"@type\":\"Person\",\"@id\":\"https:\/\/elpuucnoticias.com\/#\/schema\/person\/e34b3bcd87194824c1dd297628b62562\",\"name\":\"Arnulfo del Carmen Peraza Rodr\u00edguez\",\"image\":{\"@type\":\"ImageObject\",\"@id\":\"https:\/\/elpuucnoticias.com\/#personlogo\",\"inLanguage\":\"es\",\"url\":\"https:\/\/secure.gravatar.com\/avatar\/e0ef36e3f2fb84398004d5d5718303e062559071e79f7023ec7f22121648029a?s=96&d=mm&r=g\",\"contentUrl\":\"https:\/\/secure.gravatar.com\/avatar\/e0ef36e3f2fb84398004d5d5718303e062559071e79f7023ec7f22121648029a?s=96&d=mm&r=g\",\"caption\":\"Arnulfo del Carmen Peraza Rodr\u00edguez\"},\"url\":\"https:\/\/elpuucnoticias.com\/?author=3\"}]}<\/script>\n<!-- \/ Yoast SEO plugin. -->","yoast_head_json":{"title":"Quintana Roo asegura plazas para los Nacionales CONADE 2023 en nataci\u00f3n art\u00edstica - El Puuc Noticias","robots":{"index":"index","follow":"follow","max-snippet":"max-snippet:-1","max-image-preview":"max-image-preview:large","max-video-preview":"max-video-preview:-1"},"canonical":"https:\/\/elpuucnoticias.com\/?p=7175","og_locale":"es_ES","og_type":"article","og_title":"Quintana Roo asegura plazas para los Nacionales CONADE 2023 en nataci\u00f3n art\u00edstica - El Puuc Noticias","og_description":"La delegaci\u00f3n de Quintana Roo en la disciplina de nado sincronizado logr\u00f3 un total de 17 atletas clasificadas","og_url":"https:\/\/elpuucnoticias.com\/?p=7175","og_site_name":"El Puuc Noticias","article_published_time":"2023-05-09T16:35:40+00:00","article_modified_time":"2023-05-09T16:35:41+00:00","og_image":[{"width":1600,"height":1200,"url":"https:\/\/elpuucnoticias.com\/wp-content\/uploads\/2023\/05\/COJUDEQ-Plazas-02.jpeg","type":"image\/jpeg"}],"twitter_card":"summary_large_image","twitter_misc":{"Escrito por":"Arnulfo del Carmen Peraza Rodr\u00edguez","Tiempo de lectura":"2 minutos"},"schema":{"@context":"https:\/\/schema.org","@graph":[{"@type":"WebSite","@id":"https:\/\/elpuucnoticias.com\/#website","url":"https:\/\/elpuucnoticias.com\/","name":"El Puuc Noticias","description":"Noticias - Entretenimiento - Deportes","potentialAction":[{"@type":"SearchAction","target":{"@type":"EntryPoint","urlTemplate":"https:\/\/elpuucnoticias.com\/?s={search_term_string}"},"query-input":"required name=search_term_string"}],"inLanguage":"es"},{"@type":"ImageObject","@id":"https:\/\/elpuucnoticias.com\/?p=7175#primaryimage","inLanguage":"es","url":"https:\/\/elpuucnoticias.com\/wp-content\/uploads\/2023\/05\/COJUDEQ-Plazas-02.jpeg","contentUrl":"https:\/\/elpuucnoticias.com\/wp-content\/uploads\/2023\/05\/COJUDEQ-Plazas-02.jpeg","width":1600,"height":1200},{"@type":"WebPage","@id":"https:\/\/elpuucnoticias.com\/?p=7175#webpage","url":"https:\/\/elpuucnoticias.com\/?p=7175","name":"Quintana Roo asegura plazas para los Nacionales CONADE 2023 en nataci\u00f3n art\u00edstica - El Puuc Noticias","isPartOf":{"@id":"https:\/\/elpuucnoticias.com\/#website"},"primaryImageOfPage":{"@id":"https:\/\/elpuucnoticias.com\/?p=7175#primaryimage"},"datePublished":"2023-05-09T16:35:40+00:00","dateModified":"2023-05-09T16:35:41+00:00","author":{"@id":"https:\/\/elpuucnoticias.com\/#\/schema\/person\/e34b3bcd87194824c1dd297628b62562"},"breadcrumb":{"@id":"https:\/\/elpuucnoticias.com\/?p=7175#breadcrumb"},"inLanguage":"es","potentialAction":[{"@type":"ReadAction","target":["https:\/\/elpuucnoticias.com\/?p=7175"]}]},{"@type":"BreadcrumbList","@id":"https:\/\/elpuucnoticias.com\/?p=7175#breadcrumb","itemListElement":[{"@type":"ListItem","position":1,"name":"Portada","item":"https:\/\/elpuucnoticias.com\/"},{"@type":"ListItem","position":2,"name":"Quintana Roo asegura plazas para los Nacionales CONADE 2023 en nataci\u00f3n art\u00edstica"}]},{"@type":"Person","@id":"https:\/\/elpuucnoticias.com\/#\/schema\/person\/e34b3bcd87194824c1dd297628b62562","name":"Arnulfo del Carmen Peraza Rodr\u00edguez","image":{"@type":"ImageObject","@id":"https:\/\/elpuucnoticias.com\/#personlogo","inLanguage":"es","url":"https:\/\/secure.gravatar.com\/avatar\/e0ef36e3f2fb84398004d5d5718303e062559071e79f7023ec7f22121648029a?s=96&d=mm&r=g","contentUrl":"https:\/\/secure.gravatar.com\/avatar\/e0ef36e3f2fb84398004d5d5718303e062559071e79f7023ec7f22121648029a?s=96&d=mm&r=g","caption":"Arnulfo del Carmen Peraza Rodr\u00edguez"},"url":"https:\/\/elpuucnoticias.com\/?author=3"}]}},"_links":{"self":[{"href":"https:\/\/elpuucnoticias.com\/index.php?rest_route=\/wp\/v2\/posts\/7175","targetHints":{"allow":["GET"]}}],"collection":[{"href":"https:\/\/elpuucnoticias.com\/index.php?rest_route=\/wp\/v2\/posts"}],"about":[{"href":"https:\/\/elpuucnoticias.com\/index.php?rest_route=\/wp\/v2\/types\/post"}],"author":[{"embeddable":true,"href":"https:\/\/elpuucnoticias.com\/index.php?rest_route=\/wp\/v2\/users\/3"}],"replies":[{"embeddable":true,"href":"https:\/\/elpuucnoticias.com\/index.php?rest_route=%2Fwp%2Fv2%2Fcomments&post=7175"}],"version-history":[{"count":1,"href":"https:\/\/elpuucnoticias.com\/index.php?rest_route=\/wp\/v2\/posts\/7175\/revisions"}],"predecessor-version":[{"id":7179,"href":"https:\/\/elpuucnoticias.com\/index.php?rest_route=\/wp\/v2\/posts\/7175\/revisions\/7179"}],"wp:featuredmedia":[{"embeddable":true,"href":"https:\/\/elpuucnoticias.com\/index.php?rest_route=\/wp\/v2\/media\/7176"}],"wp:attachment":[{"href":"https:\/\/elpuucnoticias.com\/index.php?rest_route=%2Fwp%2Fv2%2Fmedia&parent=7175"}],"wp:term":[{"taxonomy":"category","embeddable":true,"href":"https:\/\/elpuucnoticias.com\/index.php?rest_route=%2Fwp%2Fv2%2Fcategories&post=7175"},{"taxonomy":"post_tag","embeddable":true,"href":"https:\/\/elpuucnoticias.com\/index.php?rest_route=%2Fwp%2Fv2%2Ftags&post=7175"}],"curies":[{"name":"wp","href":"https:\/\/api.w.org\/{rel}","templated":true}]}}