{"id":7180,"date":"2023-05-09T10:40:36","date_gmt":"2023-05-09T16:40:36","guid":{"rendered":"https:\/\/elpuucnoticias.com\/?p=7180"},"modified":"2023-05-09T10:40:37","modified_gmt":"2023-05-09T16:40:37","slug":"pesistas-quintanarroenses-representaran-a-mexico-en-panamericano-juvenil-sub-20","status":"publish","type":"post","link":"https:\/\/elpuucnoticias.com\/?p=7180","title":{"rendered":"Pesistas quintanarroenses representar\u00e1n a M\u00e9xico en Panamericano Juvenil Sub-20"},"content":{"rendered":"\n<p>&nbsp;Para mejorar sus marcas personales, adem\u00e1s de adquirir experiencia, tres atletas quintanarroenses en la disciplina de levantamiento de pesas viajaron con destino a Manizales, Colombia, donde representar\u00e1n a M\u00e9xico cuando entren en acci\u00f3n en el Campeonato Panamericano Juvenil Sub-20 de la especialidad.<\/p>\n\n\n\n<p>Con el apoyo y respaldo de la Comisi\u00f3n para la Juventud y el Deporte de Quintana Roo (COJUDEQ), que preside Eric Arcila Arjona, los pesistas salieron del Aeropuerto Internacional de Chetumal con destino a suelo sudamericano, siendo una de las acciones del Nuevo Acuerdo por el Bienestar y Desarrollo, promovido por la gobernadora Mara Lezama Espinosa.<\/p>\n\n\n\n<p>Se trata de un certamen continental de la especialidad, para deportistas entre las edades de 15 a 20 a\u00f1os, y ah\u00ed entrar\u00e1n en acci\u00f3n la cozumele\u00f1a Andrea Sak Nikte Uitzil Chuc en los 55 kilos de la rama femenil; as\u00ed como el chetumale\u00f1o Herseleid Antonio Carrazco Cetz en los 67 kilogramos y el cozumele\u00f1o Darvin Ariel Pech G\u00f3mez en los 73 kilos.<\/p>\n\n\n\n<figure class=\"wp-block-gallery has-nested-images columns-default is-cropped wp-block-gallery-1 is-layout-flex wp-block-gallery-is-layout-flex\">\n<figure class=\"wp-block-image size-large\"><img loading=\"lazy\" decoding=\"async\" width=\"768\" height=\"1024\" data-id=\"7185\" src=\"https:\/\/elpuucnoticias.com\/wp-content\/uploads\/2023\/05\/cojudeq-panamericano1-768x1024.jpeg\" alt=\"\" class=\"wp-image-7185\" srcset=\"https:\/\/elpuucnoticias.com\/wp-content\/uploads\/2023\/05\/cojudeq-panamericano1-768x1024.jpeg 768w, https:\/\/elpuucnoticias.com\/wp-content\/uploads\/2023\/05\/cojudeq-panamericano1-225x300.jpeg 225w, https:\/\/elpuucnoticias.com\/wp-content\/uploads\/2023\/05\/cojudeq-panamericano1.jpeg 960w\" sizes=\"auto, (max-width: 768px) 100vw, 768px\" \/><\/figure>\n\n\n\n<figure class=\"wp-block-image size-large\"><img loading=\"lazy\" decoding=\"async\" width=\"768\" height=\"1024\" data-id=\"7183\" src=\"https:\/\/elpuucnoticias.com\/wp-content\/uploads\/2023\/05\/cojudeq-panamericano3.jpeg\" alt=\"\" class=\"wp-image-7183\" srcset=\"https:\/\/elpuucnoticias.com\/wp-content\/uploads\/2023\/05\/cojudeq-panamericano3.jpeg 768w, https:\/\/elpuucnoticias.com\/wp-content\/uploads\/2023\/05\/cojudeq-panamericano3-225x300.jpeg 225w\" sizes=\"auto, (max-width: 768px) 100vw, 768px\" \/><\/figure>\n\n\n\n<figure class=\"wp-block-image size-large\"><img loading=\"lazy\" decoding=\"async\" width=\"768\" height=\"1024\" data-id=\"7184\" src=\"https:\/\/elpuucnoticias.com\/wp-content\/uploads\/2023\/05\/cojudeq-panamericano4.jpeg\" alt=\"\" class=\"wp-image-7184\" srcset=\"https:\/\/elpuucnoticias.com\/wp-content\/uploads\/2023\/05\/cojudeq-panamericano4.jpeg 768w, https:\/\/elpuucnoticias.com\/wp-content\/uploads\/2023\/05\/cojudeq-panamericano4-225x300.jpeg 225w\" sizes=\"auto, (max-width: 768px) 100vw, 768px\" \/><\/figure>\n<\/figure>\n\n\n\n<p>Con 16 a\u00f1os, Andrea Uitzil medallista de plata en los pasados Nacionales CONADE, tendr\u00e1 su primera competencia fuera del pa\u00eds, compitiendo en la categor\u00eda Sub-17, compitiendo para adquirir experiencia como reserva de la Selecci\u00f3n Mexicana Juvenil.<\/p>\n\n\n\n<p>Por su parte, tanto Herseleid Carrazco como Darvin Pech, son medallistas de oro de los pasados Nacionales CONADE y ambos son deportistas de la categor\u00eda Sub-20, contando con experiencia internacional y tendr\u00e1n su primer evento en una nueva divisi\u00f3n de peso, por lo que son atletas que buscar\u00e1n meterse en la pelea por medallas para M\u00e9xico.<\/p>\n\n\n\n<p>Estos tres atletas tendr\u00e1n esta experiencia internacional como parte de su preparaci\u00f3n con miras a su participaci\u00f3n en los pr\u00f3ximos Nacionales CONADE 2023 que ser\u00e1 en Tepic, Nayarit.<\/p>\n\n\n\n<p>\u201cEl evento en Colombia es de promoci\u00f3n y fogueo para los atletas juveniles que son la reserva nacional para el pr\u00f3ximo ciclo ol\u00edmpico y para nuestros representantes quintanarroenses este certamen es preparatorio previo a los Nacionales CONADE\u201d, asegur\u00f3 Jorge Gabriel Rodr\u00edguez M\u00e9ndez, presidente de la Asociaci\u00f3n de Levantamiento de Pesas de Quintana Roo.<\/p>\n\n\n\n<p>El equipo mexicano que hizo el viaje a Colombia esta conformado por 16 deportistas, 9 ni\u00f1as y 7 varones, que cumplieron un riguroso an\u00e1lisis de la Comisi\u00f3n T\u00e9cnica y los atletas quintanarroenses viajaron acompa\u00f1ados por Jorge Gabriel Rodr\u00edguez M\u00e9ndez, quien tambi\u00e9n forma parte del cuerpo t\u00e9cnico de la Selecci\u00f3n Nacional Juvenil.<\/p>\n\n\n\n<p>Hay que destacar que, de manera simult\u00e1nea, el resto de la selecci\u00f3n estatal participar\u00e1 en un control t\u00e9cnico en Chetumal como evaluaci\u00f3n tras la destacada participaci\u00f3n en el Macro Regional que se celebr\u00f3 en Canc\u00fan y en donde se logr\u00f3 la clasificaci\u00f3n de 57 deportistas a la m\u00e1xima justa nacional.<\/p>\n","protected":false},"excerpt":{"rendered":"<p>&nbsp;Para mejorar sus marcas personales, adem\u00e1s de adquirir experiencia, tres atletas quintanarroenses en la disciplina de levantamiento de<\/p>\n","protected":false},"author":3,"featured_media":7182,"comment_status":"closed","ping_status":"open","sticky":false,"template":"","format":"standard","meta":{"_monsterinsights_skip_tracking":false,"_monsterinsights_sitenote_active":false,"_monsterinsights_sitenote_note":"","_monsterinsights_sitenote_category":0,"footnotes":""},"categories":[7,24],"tags":[],"class_list":["post-7180","post","type-post","status-publish","format-standard","has-post-thumbnail","hentry","category-impacto-deportivo","category-quintana-roo"],"yoast_head":"<!-- This site is optimized with the Yoast SEO plugin v18.3 - https:\/\/yoast.com\/wordpress\/plugins\/seo\/ -->\n<title>Pesistas quintanarroenses representar\u00e1n a M\u00e9xico en Panamericano Juvenil Sub-20 - El Puuc Noticias<\/title>\n<meta name=\"robots\" content=\"index, follow, max-snippet:-1, max-image-preview:large, max-video-preview:-1\" \/>\n<link rel=\"canonical\" href=\"https:\/\/elpuucnoticias.com\/?p=7180\" \/>\n<meta property=\"og:locale\" content=\"es_ES\" \/>\n<meta property=\"og:type\" content=\"article\" \/>\n<meta property=\"og:title\" content=\"Pesistas quintanarroenses representar\u00e1n a M\u00e9xico en Panamericano Juvenil Sub-20 - El Puuc Noticias\" \/>\n<meta property=\"og:description\" content=\"&nbsp;Para mejorar sus marcas personales, adem\u00e1s de adquirir experiencia, tres atletas quintanarroenses en la disciplina de levantamiento de\" \/>\n<meta property=\"og:url\" content=\"https:\/\/elpuucnoticias.com\/?p=7180\" \/>\n<meta property=\"og:site_name\" content=\"El Puuc Noticias\" \/>\n<meta property=\"article:published_time\" content=\"2023-05-09T16:40:36+00:00\" \/>\n<meta property=\"article:modified_time\" content=\"2023-05-09T16:40:37+00:00\" \/>\n<meta property=\"og:image\" content=\"https:\/\/elpuucnoticias.com\/wp-content\/uploads\/2023\/05\/1-1.jpeg\" \/>\n\t<meta property=\"og:image:width\" content=\"1280\" \/>\n\t<meta property=\"og:image:height\" content=\"960\" \/>\n\t<meta property=\"og:image:type\" content=\"image\/jpeg\" \/>\n<meta name=\"twitter:card\" content=\"summary_large_image\" \/>\n<meta name=\"twitter:label1\" content=\"Escrito por\" \/>\n\t<meta name=\"twitter:data1\" content=\"Arnulfo del Carmen Peraza Rodr\u00edguez\" \/>\n\t<meta name=\"twitter:label2\" content=\"Tiempo de lectura\" \/>\n\t<meta name=\"twitter:data2\" content=\"3 minutos\" \/>\n<script type=\"application\/ld+json\" class=\"yoast-schema-graph\">{\"@context\":\"https:\/\/schema.org\",\"@graph\":[{\"@type\":\"WebSite\",\"@id\":\"https:\/\/elpuucnoticias.com\/#website\",\"url\":\"https:\/\/elpuucnoticias.com\/\",\"name\":\"El Puuc Noticias\",\"description\":\"Noticias - Entretenimiento - Deportes\",\"potentialAction\":[{\"@type\":\"SearchAction\",\"target\":{\"@type\":\"EntryPoint\",\"urlTemplate\":\"https:\/\/elpuucnoticias.com\/?s={search_term_string}\"},\"query-input\":\"required name=search_term_string\"}],\"inLanguage\":\"es\"},{\"@type\":\"ImageObject\",\"@id\":\"https:\/\/elpuucnoticias.com\/?p=7180#primaryimage\",\"inLanguage\":\"es\",\"url\":\"https:\/\/elpuucnoticias.com\/wp-content\/uploads\/2023\/05\/1-1.jpeg\",\"contentUrl\":\"https:\/\/elpuucnoticias.com\/wp-content\/uploads\/2023\/05\/1-1.jpeg\",\"width\":1280,\"height\":960},{\"@type\":\"WebPage\",\"@id\":\"https:\/\/elpuucnoticias.com\/?p=7180#webpage\",\"url\":\"https:\/\/elpuucnoticias.com\/?p=7180\",\"name\":\"Pesistas quintanarroenses representar\u00e1n a M\u00e9xico en Panamericano Juvenil Sub-20 - El Puuc Noticias\",\"isPartOf\":{\"@id\":\"https:\/\/elpuucnoticias.com\/#website\"},\"primaryImageOfPage\":{\"@id\":\"https:\/\/elpuucnoticias.com\/?p=7180#primaryimage\"},\"datePublished\":\"2023-05-09T16:40:36+00:00\",\"dateModified\":\"2023-05-09T16:40:37+00:00\",\"author\":{\"@id\":\"https:\/\/elpuucnoticias.com\/#\/schema\/person\/e34b3bcd87194824c1dd297628b62562\"},\"breadcrumb\":{\"@id\":\"https:\/\/elpuucnoticias.com\/?p=7180#breadcrumb\"},\"inLanguage\":\"es\",\"potentialAction\":[{\"@type\":\"ReadAction\",\"target\":[\"https:\/\/elpuucnoticias.com\/?p=7180\"]}]},{\"@type\":\"BreadcrumbList\",\"@id\":\"https:\/\/elpuucnoticias.com\/?p=7180#breadcrumb\",\"itemListElement\":[{\"@type\":\"ListItem\",\"position\":1,\"name\":\"Portada\",\"item\":\"https:\/\/elpuucnoticias.com\/\"},{\"@type\":\"ListItem\",\"position\":2,\"name\":\"Pesistas quintanarroenses representar\u00e1n a M\u00e9xico en Panamericano Juvenil Sub-20\"}]},{\"@type\":\"Person\",\"@id\":\"https:\/\/elpuucnoticias.com\/#\/schema\/person\/e34b3bcd87194824c1dd297628b62562\",\"name\":\"Arnulfo del Carmen Peraza Rodr\u00edguez\",\"image\":{\"@type\":\"ImageObject\",\"@id\":\"https:\/\/elpuucnoticias.com\/#personlogo\",\"inLanguage\":\"es\",\"url\":\"https:\/\/secure.gravatar.com\/avatar\/e0ef36e3f2fb84398004d5d5718303e062559071e79f7023ec7f22121648029a?s=96&d=mm&r=g\",\"contentUrl\":\"https:\/\/secure.gravatar.com\/avatar\/e0ef36e3f2fb84398004d5d5718303e062559071e79f7023ec7f22121648029a?s=96&d=mm&r=g\",\"caption\":\"Arnulfo del Carmen Peraza Rodr\u00edguez\"},\"url\":\"https:\/\/elpuucnoticias.com\/?author=3\"}]}<\/script>\n<!-- \/ Yoast SEO plugin. -->","yoast_head_json":{"title":"Pesistas quintanarroenses representar\u00e1n a M\u00e9xico en Panamericano Juvenil Sub-20 - El Puuc Noticias","robots":{"index":"index","follow":"follow","max-snippet":"max-snippet:-1","max-image-preview":"max-image-preview:large","max-video-preview":"max-video-preview:-1"},"canonical":"https:\/\/elpuucnoticias.com\/?p=7180","og_locale":"es_ES","og_type":"article","og_title":"Pesistas quintanarroenses representar\u00e1n a M\u00e9xico en Panamericano Juvenil Sub-20 - El Puuc Noticias","og_description":"&nbsp;Para mejorar sus marcas personales, adem\u00e1s de adquirir experiencia, tres atletas quintanarroenses en la disciplina de levantamiento de","og_url":"https:\/\/elpuucnoticias.com\/?p=7180","og_site_name":"El Puuc Noticias","article_published_time":"2023-05-09T16:40:36+00:00","article_modified_time":"2023-05-09T16:40:37+00:00","og_image":[{"width":1280,"height":960,"url":"https:\/\/elpuucnoticias.com\/wp-content\/uploads\/2023\/05\/1-1.jpeg","type":"image\/jpeg"}],"twitter_card":"summary_large_image","twitter_misc":{"Escrito por":"Arnulfo del Carmen Peraza Rodr\u00edguez","Tiempo de lectura":"3 minutos"},"schema":{"@context":"https:\/\/schema.org","@graph":[{"@type":"WebSite","@id":"https:\/\/elpuucnoticias.com\/#website","url":"https:\/\/elpuucnoticias.com\/","name":"El Puuc Noticias","description":"Noticias - Entretenimiento - Deportes","potentialAction":[{"@type":"SearchAction","target":{"@type":"EntryPoint","urlTemplate":"https:\/\/elpuucnoticias.com\/?s={search_term_string}"},"query-input":"required name=search_term_string"}],"inLanguage":"es"},{"@type":"ImageObject","@id":"https:\/\/elpuucnoticias.com\/?p=7180#primaryimage","inLanguage":"es","url":"https:\/\/elpuucnoticias.com\/wp-content\/uploads\/2023\/05\/1-1.jpeg","contentUrl":"https:\/\/elpuucnoticias.com\/wp-content\/uploads\/2023\/05\/1-1.jpeg","width":1280,"height":960},{"@type":"WebPage","@id":"https:\/\/elpuucnoticias.com\/?p=7180#webpage","url":"https:\/\/elpuucnoticias.com\/?p=7180","name":"Pesistas quintanarroenses representar\u00e1n a M\u00e9xico en Panamericano Juvenil Sub-20 - El Puuc Noticias","isPartOf":{"@id":"https:\/\/elpuucnoticias.com\/#website"},"primaryImageOfPage":{"@id":"https:\/\/elpuucnoticias.com\/?p=7180#primaryimage"},"datePublished":"2023-05-09T16:40:36+00:00","dateModified":"2023-05-09T16:40:37+00:00","author":{"@id":"https:\/\/elpuucnoticias.com\/#\/schema\/person\/e34b3bcd87194824c1dd297628b62562"},"breadcrumb":{"@id":"https:\/\/elpuucnoticias.com\/?p=7180#breadcrumb"},"inLanguage":"es","potentialAction":[{"@type":"ReadAction","target":["https:\/\/elpuucnoticias.com\/?p=7180"]}]},{"@type":"BreadcrumbList","@id":"https:\/\/elpuucnoticias.com\/?p=7180#breadcrumb","itemListElement":[{"@type":"ListItem","position":1,"name":"Portada","item":"https:\/\/elpuucnoticias.com\/"},{"@type":"ListItem","position":2,"name":"Pesistas quintanarroenses representar\u00e1n a M\u00e9xico en Panamericano Juvenil Sub-20"}]},{"@type":"Person","@id":"https:\/\/elpuucnoticias.com\/#\/schema\/person\/e34b3bcd87194824c1dd297628b62562","name":"Arnulfo del Carmen Peraza Rodr\u00edguez","image":{"@type":"ImageObject","@id":"https:\/\/elpuucnoticias.com\/#personlogo","inLanguage":"es","url":"https:\/\/secure.gravatar.com\/avatar\/e0ef36e3f2fb84398004d5d5718303e062559071e79f7023ec7f22121648029a?s=96&d=mm&r=g","contentUrl":"https:\/\/secure.gravatar.com\/avatar\/e0ef36e3f2fb84398004d5d5718303e062559071e79f7023ec7f22121648029a?s=96&d=mm&r=g","caption":"Arnulfo del Carmen Peraza Rodr\u00edguez"},"url":"https:\/\/elpuucnoticias.com\/?author=3"}]}},"_links":{"self":[{"href":"https:\/\/elpuucnoticias.com\/index.php?rest_route=\/wp\/v2\/posts\/7180","targetHints":{"allow":["GET"]}}],"collection":[{"href":"https:\/\/elpuucnoticias.com\/index.php?rest_route=\/wp\/v2\/posts"}],"about":[{"href":"https:\/\/elpuucnoticias.com\/index.php?rest_route=\/wp\/v2\/types\/post"}],"author":[{"embeddable":true,"href":"https:\/\/elpuucnoticias.com\/index.php?rest_route=\/wp\/v2\/users\/3"}],"replies":[{"embeddable":true,"href":"https:\/\/elpuucnoticias.com\/index.php?rest_route=%2Fwp%2Fv2%2Fcomments&post=7180"}],"version-history":[{"count":1,"href":"https:\/\/elpuucnoticias.com\/index.php?rest_route=\/wp\/v2\/posts\/7180\/revisions"}],"predecessor-version":[{"id":7186,"href":"https:\/\/elpuucnoticias.com\/index.php?rest_route=\/wp\/v2\/posts\/7180\/revisions\/7186"}],"wp:featuredmedia":[{"embeddable":true,"href":"https:\/\/elpuucnoticias.com\/index.php?rest_route=\/wp\/v2\/media\/7182"}],"wp:attachment":[{"href":"https:\/\/elpuucnoticias.com\/index.php?rest_route=%2Fwp%2Fv2%2Fmedia&parent=7180"}],"wp:term":[{"taxonomy":"category","embeddable":true,"href":"https:\/\/elpuucnoticias.com\/index.php?rest_route=%2Fwp%2Fv2%2Fcategories&post=7180"},{"taxonomy":"post_tag","embeddable":true,"href":"https:\/\/elpuucnoticias.com\/index.php?rest_route=%2Fwp%2Fv2%2Ftags&post=7180"}],"curies":[{"name":"wp","href":"https:\/\/api.w.org\/{rel}","templated":true}]}}