{"id":7207,"date":"2023-05-09T10:55:37","date_gmt":"2023-05-09T16:55:37","guid":{"rendered":"https:\/\/elpuucnoticias.com\/?p=7207"},"modified":"2023-05-09T10:59:40","modified_gmt":"2023-05-09T16:59:40","slug":"judocas-quintanarroenses-se-alistan-con-miras-a-los-nacionales-conade-2023","status":"publish","type":"post","link":"https:\/\/elpuucnoticias.com\/?p=7207","title":{"rendered":"Judocas quintanarroenses se alistan con miras a los Nacionales CONADE 2023"},"content":{"rendered":"\n<p>Con el apoyo y respaldo de la Comisi\u00f3n para la Juventud y el Deporte de Quintana Roo (COJUDEQ), el equipo estatal en la disciplina de judo particip\u00f3 en el Campeonato Nacional \u201cTomoyoshi Yamaguchi\u201d, celebrado en Campeche, donde las y los atletas quintanarroenses obtuvieron un total de 11 preseas (dos oros, una plata y ocho bronces).<\/p>\n\n\n\n<p>\u201cSe est\u00e1 trabajando para que las y los atletas quintanarroenses tengan una buena preparaci\u00f3n, ya que tienen en puerta los Nacionales CONADE 2023, la justa m\u00e1s importante del pa\u00eds, por es como parte de las acciones del Nuevo Acuerdo por el Bienestar y Desarrollo, que promueve nuestra gobernadora Mara Lezama, estamos apoyando para que puedan competir en cert\u00e1menes que les deje experiencia\u201d, coment\u00f3 Eric Arcila Arjona, presidente de la COJUDEQ.<\/p>\n\n\n\n<p>Las quintanarroenses que m\u00e1s destacaron en Campeche fueron las campeonas nacionales, por un lado, en la categor\u00eda Sub-21, la joven Iliana Naomi Pozo Flores se llev\u00f3 el oro en la divisi\u00f3n de los 63 kilos; otro metal dorado fue a trav\u00e9s de Isabella Dzul Rosado, quien domin\u00f3 la prueba de la Sub-18 en los 70 kilogramos.<\/p>\n\n\n\n<figure class=\"wp-block-gallery has-nested-images columns-default is-cropped wp-block-gallery-1 is-layout-flex wp-block-gallery-is-layout-flex\">\n<figure class=\"wp-block-image size-large\"><img loading=\"lazy\" decoding=\"async\" width=\"576\" height=\"1024\" data-id=\"7209\" src=\"https:\/\/elpuucnoticias.com\/wp-content\/uploads\/2023\/05\/COJUDEQ-Judoteca-02.jpeg\" alt=\"\" class=\"wp-image-7209\" srcset=\"https:\/\/elpuucnoticias.com\/wp-content\/uploads\/2023\/05\/COJUDEQ-Judoteca-02.jpeg 576w, https:\/\/elpuucnoticias.com\/wp-content\/uploads\/2023\/05\/COJUDEQ-Judoteca-02-169x300.jpeg 169w\" sizes=\"auto, (max-width: 576px) 100vw, 576px\" \/><\/figure>\n\n\n\n<figure class=\"wp-block-image size-large\"><img loading=\"lazy\" decoding=\"async\" width=\"1024\" height=\"768\" data-id=\"7211\" src=\"https:\/\/elpuucnoticias.com\/wp-content\/uploads\/2023\/05\/COJUDEQ-Judoteca-03-1024x768.jpeg\" alt=\"\" class=\"wp-image-7211\" srcset=\"https:\/\/elpuucnoticias.com\/wp-content\/uploads\/2023\/05\/COJUDEQ-Judoteca-03-1024x768.jpeg 1024w, https:\/\/elpuucnoticias.com\/wp-content\/uploads\/2023\/05\/COJUDEQ-Judoteca-03-300x225.jpeg 300w, https:\/\/elpuucnoticias.com\/wp-content\/uploads\/2023\/05\/COJUDEQ-Judoteca-03-768x576.jpeg 768w, https:\/\/elpuucnoticias.com\/wp-content\/uploads\/2023\/05\/COJUDEQ-Judoteca-03-1536x1152.jpeg 1536w, https:\/\/elpuucnoticias.com\/wp-content\/uploads\/2023\/05\/COJUDEQ-Judoteca-03.jpeg 1600w\" sizes=\"auto, (max-width: 1024px) 100vw, 1024px\" \/><\/figure>\n\n\n\n<figure class=\"wp-block-image size-large\"><img loading=\"lazy\" decoding=\"async\" width=\"1024\" height=\"768\" data-id=\"7212\" src=\"https:\/\/elpuucnoticias.com\/wp-content\/uploads\/2023\/05\/COJUDEQ-Judoteca-03-1-1024x768.jpeg\" alt=\"\" class=\"wp-image-7212\" srcset=\"https:\/\/elpuucnoticias.com\/wp-content\/uploads\/2023\/05\/COJUDEQ-Judoteca-03-1-1024x768.jpeg 1024w, https:\/\/elpuucnoticias.com\/wp-content\/uploads\/2023\/05\/COJUDEQ-Judoteca-03-1-300x225.jpeg 300w, https:\/\/elpuucnoticias.com\/wp-content\/uploads\/2023\/05\/COJUDEQ-Judoteca-03-1-768x576.jpeg 768w, https:\/\/elpuucnoticias.com\/wp-content\/uploads\/2023\/05\/COJUDEQ-Judoteca-03-1-1536x1152.jpeg 1536w, https:\/\/elpuucnoticias.com\/wp-content\/uploads\/2023\/05\/COJUDEQ-Judoteca-03-1.jpeg 1600w\" sizes=\"auto, (max-width: 1024px) 100vw, 1024px\" \/><\/figure>\n\n\n\n<figure class=\"wp-block-image size-large\"><img loading=\"lazy\" decoding=\"async\" width=\"1024\" height=\"768\" data-id=\"7210\" src=\"https:\/\/elpuucnoticias.com\/wp-content\/uploads\/2023\/05\/COJUDEQ-Judoteca-05-1024x768.jpeg\" alt=\"\" class=\"wp-image-7210\" srcset=\"https:\/\/elpuucnoticias.com\/wp-content\/uploads\/2023\/05\/COJUDEQ-Judoteca-05-1024x768.jpeg 1024w, https:\/\/elpuucnoticias.com\/wp-content\/uploads\/2023\/05\/COJUDEQ-Judoteca-05-300x225.jpeg 300w, https:\/\/elpuucnoticias.com\/wp-content\/uploads\/2023\/05\/COJUDEQ-Judoteca-05-768x576.jpeg 768w, https:\/\/elpuucnoticias.com\/wp-content\/uploads\/2023\/05\/COJUDEQ-Judoteca-05-1536x1152.jpeg 1536w, https:\/\/elpuucnoticias.com\/wp-content\/uploads\/2023\/05\/COJUDEQ-Judoteca-05.jpeg 1600w\" sizes=\"auto, (max-width: 1024px) 100vw, 1024px\" \/><\/figure>\n\n\n\n<figure class=\"wp-block-image size-large\"><img loading=\"lazy\" decoding=\"async\" width=\"1024\" height=\"768\" data-id=\"7213\" src=\"https:\/\/elpuucnoticias.com\/wp-content\/uploads\/2023\/05\/COJUDEQ-Judoteca-06-1024x768.jpeg\" alt=\"\" class=\"wp-image-7213\" srcset=\"https:\/\/elpuucnoticias.com\/wp-content\/uploads\/2023\/05\/COJUDEQ-Judoteca-06-1024x768.jpeg 1024w, https:\/\/elpuucnoticias.com\/wp-content\/uploads\/2023\/05\/COJUDEQ-Judoteca-06-300x225.jpeg 300w, https:\/\/elpuucnoticias.com\/wp-content\/uploads\/2023\/05\/COJUDEQ-Judoteca-06-768x576.jpeg 768w, https:\/\/elpuucnoticias.com\/wp-content\/uploads\/2023\/05\/COJUDEQ-Judoteca-06-1536x1152.jpeg 1536w, https:\/\/elpuucnoticias.com\/wp-content\/uploads\/2023\/05\/COJUDEQ-Judoteca-06.jpeg 1600w\" sizes=\"auto, (max-width: 1024px) 100vw, 1024px\" \/><\/figure>\n<\/figure>\n\n\n\n<p>La \u00fanica medalla de plata para el estado en este certamen fue de Ariadna Ch\u00e1vez Medina en la divisi\u00f3n de los 64 kilos de la categor\u00eda Sub-15, quien se meti\u00f3 a la final del torneo, pero al final no logr\u00f3 concretar el campeonato y tendr\u00e1 su revancha para los pr\u00f3ximos Nacionales CONADE 2023.<\/p>\n\n\n\n<p>El equipo quintanarroense tambi\u00e9n cosech\u00f3 ocho metales de bronce que fueron a trav\u00e9s de Gerardo Antonio Cruz en los 52 kilos; Tahly Molina Mayo en la divisi\u00f3n de 42 kilos; adem\u00e1s de Kenny V\u00e1zquez C\u00e1mara en los 43 kilogramos; as\u00ed como Noem\u00ed Cardosa Salazar en los 48 kilos; Jocelyn Guadalupe Saavedra en los 53 kilogramos; Ignacio God\u00ednez en los 36 kilos; y Jadier Eduardo Urbina en los 48 kilogramos, todos ellos compitieron en la categor\u00eda Sub-15.<\/p>\n\n\n\n<p>La \u00faltima presea de bronce fue en la categor\u00eda Sub-18 y fue por conducto del quintanarroense Ian D\u00edaz Espinosa.<\/p>\n\n\n\n<p>\u201cEl deporte es una prioridad en esta administraci\u00f3n y sabemos que en Quintana Roo hay mucho talento deportivo, por eso todas y todos deben tener las mismas oportunidades, nadie puede quedarse atr\u00e1s\u201d, concluy\u00f3 Arcila Arjona.<\/p>\n","protected":false},"excerpt":{"rendered":"<p>Con el apoyo y respaldo de la Comisi\u00f3n para la Juventud y el Deporte de Quintana Roo (COJUDEQ),<\/p>\n","protected":false},"author":3,"featured_media":7208,"comment_status":"closed","ping_status":"open","sticky":false,"template":"","format":"standard","meta":{"_monsterinsights_skip_tracking":false,"_monsterinsights_sitenote_active":false,"_monsterinsights_sitenote_note":"","_monsterinsights_sitenote_category":0,"footnotes":""},"categories":[7,24],"tags":[],"class_list":["post-7207","post","type-post","status-publish","format-standard","has-post-thumbnail","hentry","category-impacto-deportivo","category-quintana-roo"],"yoast_head":"<!-- This site is optimized with the Yoast SEO plugin v18.3 - https:\/\/yoast.com\/wordpress\/plugins\/seo\/ -->\n<title>Judocas quintanarroenses se alistan con miras a los Nacionales CONADE 2023 - El Puuc Noticias<\/title>\n<meta name=\"robots\" content=\"index, follow, max-snippet:-1, max-image-preview:large, max-video-preview:-1\" \/>\n<link rel=\"canonical\" href=\"https:\/\/elpuucnoticias.com\/?p=7207\" \/>\n<meta property=\"og:locale\" content=\"es_ES\" \/>\n<meta property=\"og:type\" content=\"article\" \/>\n<meta property=\"og:title\" content=\"Judocas quintanarroenses se alistan con miras a los Nacionales CONADE 2023 - El Puuc Noticias\" \/>\n<meta property=\"og:description\" content=\"Con el apoyo y respaldo de la Comisi\u00f3n para la Juventud y el Deporte de Quintana Roo (COJUDEQ),\" \/>\n<meta property=\"og:url\" content=\"https:\/\/elpuucnoticias.com\/?p=7207\" \/>\n<meta property=\"og:site_name\" content=\"El Puuc Noticias\" \/>\n<meta property=\"article:published_time\" content=\"2023-05-09T16:55:37+00:00\" \/>\n<meta property=\"article:modified_time\" content=\"2023-05-09T16:59:40+00:00\" \/>\n<meta property=\"og:image\" content=\"https:\/\/elpuucnoticias.com\/wp-content\/uploads\/2023\/05\/1-4.jpeg\" \/>\n\t<meta property=\"og:image:width\" content=\"1280\" \/>\n\t<meta property=\"og:image:height\" content=\"960\" \/>\n\t<meta property=\"og:image:type\" content=\"image\/jpeg\" \/>\n<meta name=\"twitter:card\" content=\"summary_large_image\" \/>\n<meta name=\"twitter:label1\" content=\"Escrito por\" \/>\n\t<meta name=\"twitter:data1\" content=\"Arnulfo del Carmen Peraza Rodr\u00edguez\" \/>\n\t<meta name=\"twitter:label2\" content=\"Tiempo de lectura\" \/>\n\t<meta name=\"twitter:data2\" content=\"3 minutos\" \/>\n<script type=\"application\/ld+json\" class=\"yoast-schema-graph\">{\"@context\":\"https:\/\/schema.org\",\"@graph\":[{\"@type\":\"WebSite\",\"@id\":\"https:\/\/elpuucnoticias.com\/#website\",\"url\":\"https:\/\/elpuucnoticias.com\/\",\"name\":\"El Puuc Noticias\",\"description\":\"Noticias - Entretenimiento - Deportes\",\"potentialAction\":[{\"@type\":\"SearchAction\",\"target\":{\"@type\":\"EntryPoint\",\"urlTemplate\":\"https:\/\/elpuucnoticias.com\/?s={search_term_string}\"},\"query-input\":\"required name=search_term_string\"}],\"inLanguage\":\"es\"},{\"@type\":\"ImageObject\",\"@id\":\"https:\/\/elpuucnoticias.com\/?p=7207#primaryimage\",\"inLanguage\":\"es\",\"url\":\"https:\/\/elpuucnoticias.com\/wp-content\/uploads\/2023\/05\/1-4.jpeg\",\"contentUrl\":\"https:\/\/elpuucnoticias.com\/wp-content\/uploads\/2023\/05\/1-4.jpeg\",\"width\":1280,\"height\":960},{\"@type\":\"WebPage\",\"@id\":\"https:\/\/elpuucnoticias.com\/?p=7207#webpage\",\"url\":\"https:\/\/elpuucnoticias.com\/?p=7207\",\"name\":\"Judocas quintanarroenses se alistan con miras a los Nacionales CONADE 2023 - El Puuc Noticias\",\"isPartOf\":{\"@id\":\"https:\/\/elpuucnoticias.com\/#website\"},\"primaryImageOfPage\":{\"@id\":\"https:\/\/elpuucnoticias.com\/?p=7207#primaryimage\"},\"datePublished\":\"2023-05-09T16:55:37+00:00\",\"dateModified\":\"2023-05-09T16:59:40+00:00\",\"author\":{\"@id\":\"https:\/\/elpuucnoticias.com\/#\/schema\/person\/e34b3bcd87194824c1dd297628b62562\"},\"breadcrumb\":{\"@id\":\"https:\/\/elpuucnoticias.com\/?p=7207#breadcrumb\"},\"inLanguage\":\"es\",\"potentialAction\":[{\"@type\":\"ReadAction\",\"target\":[\"https:\/\/elpuucnoticias.com\/?p=7207\"]}]},{\"@type\":\"BreadcrumbList\",\"@id\":\"https:\/\/elpuucnoticias.com\/?p=7207#breadcrumb\",\"itemListElement\":[{\"@type\":\"ListItem\",\"position\":1,\"name\":\"Portada\",\"item\":\"https:\/\/elpuucnoticias.com\/\"},{\"@type\":\"ListItem\",\"position\":2,\"name\":\"Judocas quintanarroenses se alistan con miras a los Nacionales CONADE 2023\"}]},{\"@type\":\"Person\",\"@id\":\"https:\/\/elpuucnoticias.com\/#\/schema\/person\/e34b3bcd87194824c1dd297628b62562\",\"name\":\"Arnulfo del Carmen Peraza Rodr\u00edguez\",\"image\":{\"@type\":\"ImageObject\",\"@id\":\"https:\/\/elpuucnoticias.com\/#personlogo\",\"inLanguage\":\"es\",\"url\":\"https:\/\/secure.gravatar.com\/avatar\/e0ef36e3f2fb84398004d5d5718303e062559071e79f7023ec7f22121648029a?s=96&d=mm&r=g\",\"contentUrl\":\"https:\/\/secure.gravatar.com\/avatar\/e0ef36e3f2fb84398004d5d5718303e062559071e79f7023ec7f22121648029a?s=96&d=mm&r=g\",\"caption\":\"Arnulfo del Carmen Peraza Rodr\u00edguez\"},\"url\":\"https:\/\/elpuucnoticias.com\/?author=3\"}]}<\/script>\n<!-- \/ Yoast SEO plugin. -->","yoast_head_json":{"title":"Judocas quintanarroenses se alistan con miras a los Nacionales CONADE 2023 - El Puuc Noticias","robots":{"index":"index","follow":"follow","max-snippet":"max-snippet:-1","max-image-preview":"max-image-preview:large","max-video-preview":"max-video-preview:-1"},"canonical":"https:\/\/elpuucnoticias.com\/?p=7207","og_locale":"es_ES","og_type":"article","og_title":"Judocas quintanarroenses se alistan con miras a los Nacionales CONADE 2023 - El Puuc Noticias","og_description":"Con el apoyo y respaldo de la Comisi\u00f3n para la Juventud y el Deporte de Quintana Roo (COJUDEQ),","og_url":"https:\/\/elpuucnoticias.com\/?p=7207","og_site_name":"El Puuc Noticias","article_published_time":"2023-05-09T16:55:37+00:00","article_modified_time":"2023-05-09T16:59:40+00:00","og_image":[{"width":1280,"height":960,"url":"https:\/\/elpuucnoticias.com\/wp-content\/uploads\/2023\/05\/1-4.jpeg","type":"image\/jpeg"}],"twitter_card":"summary_large_image","twitter_misc":{"Escrito por":"Arnulfo del Carmen Peraza Rodr\u00edguez","Tiempo de lectura":"3 minutos"},"schema":{"@context":"https:\/\/schema.org","@graph":[{"@type":"WebSite","@id":"https:\/\/elpuucnoticias.com\/#website","url":"https:\/\/elpuucnoticias.com\/","name":"El Puuc Noticias","description":"Noticias - Entretenimiento - Deportes","potentialAction":[{"@type":"SearchAction","target":{"@type":"EntryPoint","urlTemplate":"https:\/\/elpuucnoticias.com\/?s={search_term_string}"},"query-input":"required name=search_term_string"}],"inLanguage":"es"},{"@type":"ImageObject","@id":"https:\/\/elpuucnoticias.com\/?p=7207#primaryimage","inLanguage":"es","url":"https:\/\/elpuucnoticias.com\/wp-content\/uploads\/2023\/05\/1-4.jpeg","contentUrl":"https:\/\/elpuucnoticias.com\/wp-content\/uploads\/2023\/05\/1-4.jpeg","width":1280,"height":960},{"@type":"WebPage","@id":"https:\/\/elpuucnoticias.com\/?p=7207#webpage","url":"https:\/\/elpuucnoticias.com\/?p=7207","name":"Judocas quintanarroenses se alistan con miras a los Nacionales CONADE 2023 - El Puuc Noticias","isPartOf":{"@id":"https:\/\/elpuucnoticias.com\/#website"},"primaryImageOfPage":{"@id":"https:\/\/elpuucnoticias.com\/?p=7207#primaryimage"},"datePublished":"2023-05-09T16:55:37+00:00","dateModified":"2023-05-09T16:59:40+00:00","author":{"@id":"https:\/\/elpuucnoticias.com\/#\/schema\/person\/e34b3bcd87194824c1dd297628b62562"},"breadcrumb":{"@id":"https:\/\/elpuucnoticias.com\/?p=7207#breadcrumb"},"inLanguage":"es","potentialAction":[{"@type":"ReadAction","target":["https:\/\/elpuucnoticias.com\/?p=7207"]}]},{"@type":"BreadcrumbList","@id":"https:\/\/elpuucnoticias.com\/?p=7207#breadcrumb","itemListElement":[{"@type":"ListItem","position":1,"name":"Portada","item":"https:\/\/elpuucnoticias.com\/"},{"@type":"ListItem","position":2,"name":"Judocas quintanarroenses se alistan con miras a los Nacionales CONADE 2023"}]},{"@type":"Person","@id":"https:\/\/elpuucnoticias.com\/#\/schema\/person\/e34b3bcd87194824c1dd297628b62562","name":"Arnulfo del Carmen Peraza Rodr\u00edguez","image":{"@type":"ImageObject","@id":"https:\/\/elpuucnoticias.com\/#personlogo","inLanguage":"es","url":"https:\/\/secure.gravatar.com\/avatar\/e0ef36e3f2fb84398004d5d5718303e062559071e79f7023ec7f22121648029a?s=96&d=mm&r=g","contentUrl":"https:\/\/secure.gravatar.com\/avatar\/e0ef36e3f2fb84398004d5d5718303e062559071e79f7023ec7f22121648029a?s=96&d=mm&r=g","caption":"Arnulfo del Carmen Peraza Rodr\u00edguez"},"url":"https:\/\/elpuucnoticias.com\/?author=3"}]}},"_links":{"self":[{"href":"https:\/\/elpuucnoticias.com\/index.php?rest_route=\/wp\/v2\/posts\/7207","targetHints":{"allow":["GET"]}}],"collection":[{"href":"https:\/\/elpuucnoticias.com\/index.php?rest_route=\/wp\/v2\/posts"}],"about":[{"href":"https:\/\/elpuucnoticias.com\/index.php?rest_route=\/wp\/v2\/types\/post"}],"author":[{"embeddable":true,"href":"https:\/\/elpuucnoticias.com\/index.php?rest_route=\/wp\/v2\/users\/3"}],"replies":[{"embeddable":true,"href":"https:\/\/elpuucnoticias.com\/index.php?rest_route=%2Fwp%2Fv2%2Fcomments&post=7207"}],"version-history":[{"count":1,"href":"https:\/\/elpuucnoticias.com\/index.php?rest_route=\/wp\/v2\/posts\/7207\/revisions"}],"predecessor-version":[{"id":7214,"href":"https:\/\/elpuucnoticias.com\/index.php?rest_route=\/wp\/v2\/posts\/7207\/revisions\/7214"}],"wp:featuredmedia":[{"embeddable":true,"href":"https:\/\/elpuucnoticias.com\/index.php?rest_route=\/wp\/v2\/media\/7208"}],"wp:attachment":[{"href":"https:\/\/elpuucnoticias.com\/index.php?rest_route=%2Fwp%2Fv2%2Fmedia&parent=7207"}],"wp:term":[{"taxonomy":"category","embeddable":true,"href":"https:\/\/elpuucnoticias.com\/index.php?rest_route=%2Fwp%2Fv2%2Fcategories&post=7207"},{"taxonomy":"post_tag","embeddable":true,"href":"https:\/\/elpuucnoticias.com\/index.php?rest_route=%2Fwp%2Fv2%2Ftags&post=7207"}],"curies":[{"name":"wp","href":"https:\/\/api.w.org\/{rel}","templated":true}]}}