{"id":7221,"date":"2023-05-09T11:02:33","date_gmt":"2023-05-09T17:02:33","guid":{"rendered":"https:\/\/elpuucnoticias.com\/?p=7221"},"modified":"2023-05-09T11:02:34","modified_gmt":"2023-05-09T17:02:34","slug":"inicia-el-circuito-nacional-de-las-artes-escenicas-chapultepec-raiz-mexico","status":"publish","type":"post","link":"https:\/\/elpuucnoticias.com\/?p=7221","title":{"rendered":"Inicia el Circuito Nacional de las Artes Esc\u00e9nicas Chapultepec Ra\u00edz M\u00e9xico"},"content":{"rendered":"\n<p>Con la presentaci\u00f3n de la \u201cCamerata Acad\u00e9mica de Champot\u00f3n\u201d, inici\u00f3 en el teatro \u201cConstituyentes del 74\u201d el Circuito Nacional de las Artes Esc\u00e9nicas Chapultepec Ra\u00edz M\u00e9xico, en coordinaci\u00f3n con el Instituto de la Cultura y las Artes, que dirige Lilian Villanueva Chan.<\/p>\n\n\n\n<p>A tono con el Nuevo Acuerdo por el Bienestar y Desarrollo de Quintana Roo, que impulsa la gobernadora Mara Lezama Espinosa, el programa se extender\u00e1, con intervenciones de artistas y agrupaciones representativos de los estados de la pen\u00ednsula de Yucat\u00e1n, hasta el siete de mayo.<\/p>\n\n\n\n<p>En el programa, se incluyen creadores y grupos como Sergio Aguilar, \u201cJazz Tunkul\u201d, \u201cMafud\u201d, \u201cColeboca\u201d, \u201cLunares Teatro de Objeto\u201d, \u201cBoca Paila\u201d, Mar\u00eda San Felipe, A\u00edda Borges, Carmen Maldonado, Ver\u00f3nica Valerio, Eva Paulina Pat Alvarado, \u201cCoral\u00edteres\u201d y \u201cWayaneen\u201d.<\/p>\n\n\n\n<figure class=\"wp-block-gallery has-nested-images columns-default is-cropped wp-block-gallery-1 is-layout-flex wp-block-gallery-is-layout-flex\">\n<figure class=\"wp-block-image size-large\"><img loading=\"lazy\" decoding=\"async\" width=\"1024\" height=\"630\" data-id=\"7229\" src=\"https:\/\/elpuucnoticias.com\/wp-content\/uploads\/2023\/05\/ICA-teatro2-1024x630.jpeg\" alt=\"\" class=\"wp-image-7229\" srcset=\"https:\/\/elpuucnoticias.com\/wp-content\/uploads\/2023\/05\/ICA-teatro2-1024x630.jpeg 1024w, https:\/\/elpuucnoticias.com\/wp-content\/uploads\/2023\/05\/ICA-teatro2-300x185.jpeg 300w, https:\/\/elpuucnoticias.com\/wp-content\/uploads\/2023\/05\/ICA-teatro2-768x473.jpeg 768w, https:\/\/elpuucnoticias.com\/wp-content\/uploads\/2023\/05\/ICA-teatro2.jpeg 1280w\" sizes=\"auto, (max-width: 1024px) 100vw, 1024px\" \/><\/figure>\n\n\n\n<figure class=\"wp-block-image size-large\"><img loading=\"lazy\" decoding=\"async\" width=\"1024\" height=\"652\" data-id=\"7230\" src=\"https:\/\/elpuucnoticias.com\/wp-content\/uploads\/2023\/05\/ICA-teatro3-1024x652.jpeg\" alt=\"\" class=\"wp-image-7230\" srcset=\"https:\/\/elpuucnoticias.com\/wp-content\/uploads\/2023\/05\/ICA-teatro3-1024x652.jpeg 1024w, https:\/\/elpuucnoticias.com\/wp-content\/uploads\/2023\/05\/ICA-teatro3-300x191.jpeg 300w, https:\/\/elpuucnoticias.com\/wp-content\/uploads\/2023\/05\/ICA-teatro3-768x489.jpeg 768w, https:\/\/elpuucnoticias.com\/wp-content\/uploads\/2023\/05\/ICA-teatro3.jpeg 1280w\" sizes=\"auto, (max-width: 1024px) 100vw, 1024px\" \/><\/figure>\n\n\n\n<figure class=\"wp-block-image size-large\"><img loading=\"lazy\" decoding=\"async\" width=\"1024\" height=\"650\" data-id=\"7228\" src=\"https:\/\/elpuucnoticias.com\/wp-content\/uploads\/2023\/05\/ICA-teatro4-1024x650.jpeg\" alt=\"\" class=\"wp-image-7228\" srcset=\"https:\/\/elpuucnoticias.com\/wp-content\/uploads\/2023\/05\/ICA-teatro4-1024x650.jpeg 1024w, https:\/\/elpuucnoticias.com\/wp-content\/uploads\/2023\/05\/ICA-teatro4-300x191.jpeg 300w, https:\/\/elpuucnoticias.com\/wp-content\/uploads\/2023\/05\/ICA-teatro4-768x488.jpeg 768w, https:\/\/elpuucnoticias.com\/wp-content\/uploads\/2023\/05\/ICA-teatro4.jpeg 1280w\" sizes=\"auto, (max-width: 1024px) 100vw, 1024px\" \/><\/figure>\n\n\n\n<figure class=\"wp-block-image size-large\"><img loading=\"lazy\" decoding=\"async\" width=\"1024\" height=\"584\" data-id=\"7231\" src=\"https:\/\/elpuucnoticias.com\/wp-content\/uploads\/2023\/05\/ICA-teatro5-1024x584.jpeg\" alt=\"\" class=\"wp-image-7231\" srcset=\"https:\/\/elpuucnoticias.com\/wp-content\/uploads\/2023\/05\/ICA-teatro5-1024x584.jpeg 1024w, https:\/\/elpuucnoticias.com\/wp-content\/uploads\/2023\/05\/ICA-teatro5-300x171.jpeg 300w, https:\/\/elpuucnoticias.com\/wp-content\/uploads\/2023\/05\/ICA-teatro5-768x438.jpeg 768w, https:\/\/elpuucnoticias.com\/wp-content\/uploads\/2023\/05\/ICA-teatro5.jpeg 1280w\" sizes=\"auto, (max-width: 1024px) 100vw, 1024px\" \/><\/figure>\n\n\n\n<figure class=\"wp-block-image size-large\"><img loading=\"lazy\" decoding=\"async\" width=\"1024\" height=\"593\" data-id=\"7232\" src=\"https:\/\/elpuucnoticias.com\/wp-content\/uploads\/2023\/05\/ICA-teatro6-1024x593.jpeg\" alt=\"\" class=\"wp-image-7232\" srcset=\"https:\/\/elpuucnoticias.com\/wp-content\/uploads\/2023\/05\/ICA-teatro6-1024x593.jpeg 1024w, https:\/\/elpuucnoticias.com\/wp-content\/uploads\/2023\/05\/ICA-teatro6-300x174.jpeg 300w, https:\/\/elpuucnoticias.com\/wp-content\/uploads\/2023\/05\/ICA-teatro6-768x445.jpeg 768w, https:\/\/elpuucnoticias.com\/wp-content\/uploads\/2023\/05\/ICA-teatro6.jpeg 1280w\" sizes=\"auto, (max-width: 1024px) 100vw, 1024px\" \/><\/figure>\n\n\n\n<figure class=\"wp-block-image size-large\"><img loading=\"lazy\" decoding=\"async\" width=\"1024\" height=\"612\" data-id=\"7233\" src=\"https:\/\/elpuucnoticias.com\/wp-content\/uploads\/2023\/05\/ICA-teatro7-1024x612.jpeg\" alt=\"\" class=\"wp-image-7233\" srcset=\"https:\/\/elpuucnoticias.com\/wp-content\/uploads\/2023\/05\/ICA-teatro7-1024x612.jpeg 1024w, https:\/\/elpuucnoticias.com\/wp-content\/uploads\/2023\/05\/ICA-teatro7-300x179.jpeg 300w, https:\/\/elpuucnoticias.com\/wp-content\/uploads\/2023\/05\/ICA-teatro7-768x459.jpeg 768w, https:\/\/elpuucnoticias.com\/wp-content\/uploads\/2023\/05\/ICA-teatro7.jpeg 1280w\" sizes=\"auto, (max-width: 1024px) 100vw, 1024px\" \/><\/figure>\n<\/figure>\n\n\n\n<p>Participan tambi\u00e9n Ricardo Tovar Rivadeneyra y \u201cLas Olas: Son Jarocho Caribe\u00f1o\u201d en dos escenarios: el propio teatro y la Explanada de la Bandera de Chetumal, con lo que se afianza el tejido social quintanarroense desde los c\u00f3digos del arte esc\u00e9nico peninsular.<\/p>\n\n\n\n<p>Entre las obras que se presentan figuran \u201cPregonando Campeche\u201d, \u201cLa vida es un bucle\u201d, \u201cJazz tunkul 6tet\u201d, \u201cCantolog\u00eda de un poeta rom\u00e1ntico\u201d, \u201cEcos l\u00f3gicos\u201d, \u201cCanciones lunares\u201d, \u201cLo que llaman bueno\u201d, \u201cPor si volvieras\u201d, \u201cPapagayo: m\u00fasica de colores\u201d y \u201cMetamorfosis\u201d.<\/p>\n\n\n\n<p>\u201cSe incluyen, adem\u00e1s, \u201cPen\u00ednsula\u201d; \u201cBrilla, Lu, brilla\u201d; \u201cWayaneen paax\u201d; \u201cReggae moots\u201d; \u201cun hombre orquesta\u201d, y \u201cEl son jarocho desde el sur de Quintana Roo: transversalidad cultural\u201d, esta \u00faltima emblem\u00e1tica de las fusiones art\u00edsticas que suelen generarse en el Caribe Mexicano.<\/p>\n","protected":false},"excerpt":{"rendered":"<p>Con la presentaci\u00f3n de la \u201cCamerata Acad\u00e9mica de Champot\u00f3n\u201d, inici\u00f3 en el teatro \u201cConstituyentes del 74\u201d el Circuito<\/p>\n","protected":false},"author":3,"featured_media":7225,"comment_status":"closed","ping_status":"open","sticky":false,"template":"","format":"standard","meta":{"_monsterinsights_skip_tracking":false,"_monsterinsights_sitenote_active":false,"_monsterinsights_sitenote_note":"","_monsterinsights_sitenote_category":0,"footnotes":""},"categories":[11,24],"tags":[],"class_list":["post-7221","post","type-post","status-publish","format-standard","has-post-thumbnail","hentry","category-noticias","category-quintana-roo"],"yoast_head":"<!-- This site is optimized with the Yoast SEO plugin v18.3 - https:\/\/yoast.com\/wordpress\/plugins\/seo\/ -->\n<title>Inicia el Circuito Nacional de las Artes Esc\u00e9nicas Chapultepec Ra\u00edz M\u00e9xico - El Puuc Noticias<\/title>\n<meta name=\"robots\" content=\"index, follow, max-snippet:-1, max-image-preview:large, max-video-preview:-1\" \/>\n<link rel=\"canonical\" href=\"https:\/\/elpuucnoticias.com\/?p=7221\" \/>\n<meta property=\"og:locale\" content=\"es_ES\" \/>\n<meta property=\"og:type\" content=\"article\" \/>\n<meta property=\"og:title\" content=\"Inicia el Circuito Nacional de las Artes Esc\u00e9nicas Chapultepec Ra\u00edz M\u00e9xico - El Puuc Noticias\" \/>\n<meta property=\"og:description\" content=\"Con la presentaci\u00f3n de la \u201cCamerata Acad\u00e9mica de Champot\u00f3n\u201d, inici\u00f3 en el teatro \u201cConstituyentes del 74\u201d el Circuito\" \/>\n<meta property=\"og:url\" content=\"https:\/\/elpuucnoticias.com\/?p=7221\" \/>\n<meta property=\"og:site_name\" content=\"El Puuc Noticias\" \/>\n<meta property=\"article:published_time\" content=\"2023-05-09T17:02:33+00:00\" \/>\n<meta property=\"article:modified_time\" content=\"2023-05-09T17:02:34+00:00\" \/>\n<meta property=\"og:image\" content=\"https:\/\/elpuucnoticias.com\/wp-content\/uploads\/2023\/05\/ICA-teatro1.jpeg\" \/>\n\t<meta property=\"og:image:width\" content=\"1280\" \/>\n\t<meta property=\"og:image:height\" content=\"811\" \/>\n\t<meta property=\"og:image:type\" content=\"image\/jpeg\" \/>\n<meta name=\"twitter:card\" content=\"summary_large_image\" \/>\n<meta name=\"twitter:label1\" content=\"Escrito por\" \/>\n\t<meta name=\"twitter:data1\" content=\"Arnulfo del Carmen Peraza Rodr\u00edguez\" \/>\n\t<meta name=\"twitter:label2\" content=\"Tiempo de lectura\" \/>\n\t<meta name=\"twitter:data2\" content=\"3 minutos\" \/>\n<script type=\"application\/ld+json\" class=\"yoast-schema-graph\">{\"@context\":\"https:\/\/schema.org\",\"@graph\":[{\"@type\":\"WebSite\",\"@id\":\"https:\/\/elpuucnoticias.com\/#website\",\"url\":\"https:\/\/elpuucnoticias.com\/\",\"name\":\"El Puuc Noticias\",\"description\":\"Noticias - Entretenimiento - Deportes\",\"potentialAction\":[{\"@type\":\"SearchAction\",\"target\":{\"@type\":\"EntryPoint\",\"urlTemplate\":\"https:\/\/elpuucnoticias.com\/?s={search_term_string}\"},\"query-input\":\"required name=search_term_string\"}],\"inLanguage\":\"es\"},{\"@type\":\"ImageObject\",\"@id\":\"https:\/\/elpuucnoticias.com\/?p=7221#primaryimage\",\"inLanguage\":\"es\",\"url\":\"https:\/\/elpuucnoticias.com\/wp-content\/uploads\/2023\/05\/ICA-teatro1.jpeg\",\"contentUrl\":\"https:\/\/elpuucnoticias.com\/wp-content\/uploads\/2023\/05\/ICA-teatro1.jpeg\",\"width\":1280,\"height\":811},{\"@type\":\"WebPage\",\"@id\":\"https:\/\/elpuucnoticias.com\/?p=7221#webpage\",\"url\":\"https:\/\/elpuucnoticias.com\/?p=7221\",\"name\":\"Inicia el Circuito Nacional de las Artes Esc\u00e9nicas Chapultepec Ra\u00edz M\u00e9xico - El Puuc Noticias\",\"isPartOf\":{\"@id\":\"https:\/\/elpuucnoticias.com\/#website\"},\"primaryImageOfPage\":{\"@id\":\"https:\/\/elpuucnoticias.com\/?p=7221#primaryimage\"},\"datePublished\":\"2023-05-09T17:02:33+00:00\",\"dateModified\":\"2023-05-09T17:02:34+00:00\",\"author\":{\"@id\":\"https:\/\/elpuucnoticias.com\/#\/schema\/person\/e34b3bcd87194824c1dd297628b62562\"},\"breadcrumb\":{\"@id\":\"https:\/\/elpuucnoticias.com\/?p=7221#breadcrumb\"},\"inLanguage\":\"es\",\"potentialAction\":[{\"@type\":\"ReadAction\",\"target\":[\"https:\/\/elpuucnoticias.com\/?p=7221\"]}]},{\"@type\":\"BreadcrumbList\",\"@id\":\"https:\/\/elpuucnoticias.com\/?p=7221#breadcrumb\",\"itemListElement\":[{\"@type\":\"ListItem\",\"position\":1,\"name\":\"Portada\",\"item\":\"https:\/\/elpuucnoticias.com\/\"},{\"@type\":\"ListItem\",\"position\":2,\"name\":\"Inicia el Circuito Nacional de las Artes Esc\u00e9nicas Chapultepec Ra\u00edz M\u00e9xico\"}]},{\"@type\":\"Person\",\"@id\":\"https:\/\/elpuucnoticias.com\/#\/schema\/person\/e34b3bcd87194824c1dd297628b62562\",\"name\":\"Arnulfo del Carmen Peraza Rodr\u00edguez\",\"image\":{\"@type\":\"ImageObject\",\"@id\":\"https:\/\/elpuucnoticias.com\/#personlogo\",\"inLanguage\":\"es\",\"url\":\"https:\/\/secure.gravatar.com\/avatar\/e0ef36e3f2fb84398004d5d5718303e062559071e79f7023ec7f22121648029a?s=96&d=mm&r=g\",\"contentUrl\":\"https:\/\/secure.gravatar.com\/avatar\/e0ef36e3f2fb84398004d5d5718303e062559071e79f7023ec7f22121648029a?s=96&d=mm&r=g\",\"caption\":\"Arnulfo del Carmen Peraza Rodr\u00edguez\"},\"url\":\"https:\/\/elpuucnoticias.com\/?author=3\"}]}<\/script>\n<!-- \/ Yoast SEO plugin. -->","yoast_head_json":{"title":"Inicia el Circuito Nacional de las Artes Esc\u00e9nicas Chapultepec Ra\u00edz M\u00e9xico - El Puuc Noticias","robots":{"index":"index","follow":"follow","max-snippet":"max-snippet:-1","max-image-preview":"max-image-preview:large","max-video-preview":"max-video-preview:-1"},"canonical":"https:\/\/elpuucnoticias.com\/?p=7221","og_locale":"es_ES","og_type":"article","og_title":"Inicia el Circuito Nacional de las Artes Esc\u00e9nicas Chapultepec Ra\u00edz M\u00e9xico - El Puuc Noticias","og_description":"Con la presentaci\u00f3n de la \u201cCamerata Acad\u00e9mica de Champot\u00f3n\u201d, inici\u00f3 en el teatro \u201cConstituyentes del 74\u201d el Circuito","og_url":"https:\/\/elpuucnoticias.com\/?p=7221","og_site_name":"El Puuc Noticias","article_published_time":"2023-05-09T17:02:33+00:00","article_modified_time":"2023-05-09T17:02:34+00:00","og_image":[{"width":1280,"height":811,"url":"https:\/\/elpuucnoticias.com\/wp-content\/uploads\/2023\/05\/ICA-teatro1.jpeg","type":"image\/jpeg"}],"twitter_card":"summary_large_image","twitter_misc":{"Escrito por":"Arnulfo del Carmen Peraza Rodr\u00edguez","Tiempo de lectura":"3 minutos"},"schema":{"@context":"https:\/\/schema.org","@graph":[{"@type":"WebSite","@id":"https:\/\/elpuucnoticias.com\/#website","url":"https:\/\/elpuucnoticias.com\/","name":"El Puuc Noticias","description":"Noticias - Entretenimiento - Deportes","potentialAction":[{"@type":"SearchAction","target":{"@type":"EntryPoint","urlTemplate":"https:\/\/elpuucnoticias.com\/?s={search_term_string}"},"query-input":"required name=search_term_string"}],"inLanguage":"es"},{"@type":"ImageObject","@id":"https:\/\/elpuucnoticias.com\/?p=7221#primaryimage","inLanguage":"es","url":"https:\/\/elpuucnoticias.com\/wp-content\/uploads\/2023\/05\/ICA-teatro1.jpeg","contentUrl":"https:\/\/elpuucnoticias.com\/wp-content\/uploads\/2023\/05\/ICA-teatro1.jpeg","width":1280,"height":811},{"@type":"WebPage","@id":"https:\/\/elpuucnoticias.com\/?p=7221#webpage","url":"https:\/\/elpuucnoticias.com\/?p=7221","name":"Inicia el Circuito Nacional de las Artes Esc\u00e9nicas Chapultepec Ra\u00edz M\u00e9xico - El Puuc Noticias","isPartOf":{"@id":"https:\/\/elpuucnoticias.com\/#website"},"primaryImageOfPage":{"@id":"https:\/\/elpuucnoticias.com\/?p=7221#primaryimage"},"datePublished":"2023-05-09T17:02:33+00:00","dateModified":"2023-05-09T17:02:34+00:00","author":{"@id":"https:\/\/elpuucnoticias.com\/#\/schema\/person\/e34b3bcd87194824c1dd297628b62562"},"breadcrumb":{"@id":"https:\/\/elpuucnoticias.com\/?p=7221#breadcrumb"},"inLanguage":"es","potentialAction":[{"@type":"ReadAction","target":["https:\/\/elpuucnoticias.com\/?p=7221"]}]},{"@type":"BreadcrumbList","@id":"https:\/\/elpuucnoticias.com\/?p=7221#breadcrumb","itemListElement":[{"@type":"ListItem","position":1,"name":"Portada","item":"https:\/\/elpuucnoticias.com\/"},{"@type":"ListItem","position":2,"name":"Inicia el Circuito Nacional de las Artes Esc\u00e9nicas Chapultepec Ra\u00edz M\u00e9xico"}]},{"@type":"Person","@id":"https:\/\/elpuucnoticias.com\/#\/schema\/person\/e34b3bcd87194824c1dd297628b62562","name":"Arnulfo del Carmen Peraza Rodr\u00edguez","image":{"@type":"ImageObject","@id":"https:\/\/elpuucnoticias.com\/#personlogo","inLanguage":"es","url":"https:\/\/secure.gravatar.com\/avatar\/e0ef36e3f2fb84398004d5d5718303e062559071e79f7023ec7f22121648029a?s=96&d=mm&r=g","contentUrl":"https:\/\/secure.gravatar.com\/avatar\/e0ef36e3f2fb84398004d5d5718303e062559071e79f7023ec7f22121648029a?s=96&d=mm&r=g","caption":"Arnulfo del Carmen Peraza Rodr\u00edguez"},"url":"https:\/\/elpuucnoticias.com\/?author=3"}]}},"_links":{"self":[{"href":"https:\/\/elpuucnoticias.com\/index.php?rest_route=\/wp\/v2\/posts\/7221","targetHints":{"allow":["GET"]}}],"collection":[{"href":"https:\/\/elpuucnoticias.com\/index.php?rest_route=\/wp\/v2\/posts"}],"about":[{"href":"https:\/\/elpuucnoticias.com\/index.php?rest_route=\/wp\/v2\/types\/post"}],"author":[{"embeddable":true,"href":"https:\/\/elpuucnoticias.com\/index.php?rest_route=\/wp\/v2\/users\/3"}],"replies":[{"embeddable":true,"href":"https:\/\/elpuucnoticias.com\/index.php?rest_route=%2Fwp%2Fv2%2Fcomments&post=7221"}],"version-history":[{"count":1,"href":"https:\/\/elpuucnoticias.com\/index.php?rest_route=\/wp\/v2\/posts\/7221\/revisions"}],"predecessor-version":[{"id":7234,"href":"https:\/\/elpuucnoticias.com\/index.php?rest_route=\/wp\/v2\/posts\/7221\/revisions\/7234"}],"wp:featuredmedia":[{"embeddable":true,"href":"https:\/\/elpuucnoticias.com\/index.php?rest_route=\/wp\/v2\/media\/7225"}],"wp:attachment":[{"href":"https:\/\/elpuucnoticias.com\/index.php?rest_route=%2Fwp%2Fv2%2Fmedia&parent=7221"}],"wp:term":[{"taxonomy":"category","embeddable":true,"href":"https:\/\/elpuucnoticias.com\/index.php?rest_route=%2Fwp%2Fv2%2Fcategories&post=7221"},{"taxonomy":"post_tag","embeddable":true,"href":"https:\/\/elpuucnoticias.com\/index.php?rest_route=%2Fwp%2Fv2%2Ftags&post=7221"}],"curies":[{"name":"wp","href":"https:\/\/api.w.org\/{rel}","templated":true}]}}