{"id":7254,"date":"2023-05-09T15:50:20","date_gmt":"2023-05-09T21:50:20","guid":{"rendered":"https:\/\/elpuucnoticias.com\/?p=7254"},"modified":"2023-05-09T15:50:22","modified_gmt":"2023-05-09T21:50:22","slug":"celebran-el-dia-de-las-madres-en-el-jardin-de-ninos-eva-samano-bishop","status":"publish","type":"post","link":"https:\/\/elpuucnoticias.com\/?p=7254","title":{"rendered":"Celebran el D\u00eda de las Madres en el jard\u00edn de ni\u00f1os Eva S\u00e1mano Bishop"},"content":{"rendered":"\n<p>Con un concurso celebran el D\u00eda de las Madres en el jard\u00edn de ni\u00f1os Eva S\u00e1mano Bishop de Tekax, la directora de esta escuela profesora Mar\u00eda Jos\u00e9 Leal Sosa felicit\u00f3 a todas las mam\u00e1s que participaron en un certamen en el plantel esta ma\u00f1ana.<\/p>\n\n\n\n<figure class=\"wp-block-gallery has-nested-images columns-default is-cropped wp-block-gallery-1 is-layout-flex wp-block-gallery-is-layout-flex\">\n<figure class=\"wp-block-image size-large\"><img loading=\"lazy\" decoding=\"async\" width=\"768\" height=\"1024\" data-id=\"7264\" src=\"https:\/\/elpuucnoticias.com\/wp-content\/uploads\/2023\/05\/IMG-20230509-WA0068-768x1024.jpg\" alt=\"\" class=\"wp-image-7264\" srcset=\"https:\/\/elpuucnoticias.com\/wp-content\/uploads\/2023\/05\/IMG-20230509-WA0068-768x1024.jpg 768w, https:\/\/elpuucnoticias.com\/wp-content\/uploads\/2023\/05\/IMG-20230509-WA0068-225x300.jpg 225w, https:\/\/elpuucnoticias.com\/wp-content\/uploads\/2023\/05\/IMG-20230509-WA0068-1152x1536.jpg 1152w, https:\/\/elpuucnoticias.com\/wp-content\/uploads\/2023\/05\/IMG-20230509-WA0068.jpg 1200w\" sizes=\"auto, (max-width: 768px) 100vw, 768px\" \/><\/figure>\n\n\n\n<figure class=\"wp-block-image size-large\"><img loading=\"lazy\" decoding=\"async\" width=\"576\" height=\"1024\" data-id=\"7259\" src=\"https:\/\/elpuucnoticias.com\/wp-content\/uploads\/2023\/05\/IMG-20230509-WA0070-576x1024.jpg\" alt=\"\" class=\"wp-image-7259\" srcset=\"https:\/\/elpuucnoticias.com\/wp-content\/uploads\/2023\/05\/IMG-20230509-WA0070-576x1024.jpg 576w, https:\/\/elpuucnoticias.com\/wp-content\/uploads\/2023\/05\/IMG-20230509-WA0070-169x300.jpg 169w, https:\/\/elpuucnoticias.com\/wp-content\/uploads\/2023\/05\/IMG-20230509-WA0070-768x1365.jpg 768w, https:\/\/elpuucnoticias.com\/wp-content\/uploads\/2023\/05\/IMG-20230509-WA0070-864x1536.jpg 864w, https:\/\/elpuucnoticias.com\/wp-content\/uploads\/2023\/05\/IMG-20230509-WA0070.jpg 900w\" sizes=\"auto, (max-width: 576px) 100vw, 576px\" \/><\/figure>\n\n\n\n<figure class=\"wp-block-image size-large\"><img loading=\"lazy\" decoding=\"async\" width=\"768\" height=\"1024\" data-id=\"7256\" src=\"https:\/\/elpuucnoticias.com\/wp-content\/uploads\/2023\/05\/IMG-20230509-WA0072-768x1024.jpg\" alt=\"\" class=\"wp-image-7256\" srcset=\"https:\/\/elpuucnoticias.com\/wp-content\/uploads\/2023\/05\/IMG-20230509-WA0072-768x1024.jpg 768w, https:\/\/elpuucnoticias.com\/wp-content\/uploads\/2023\/05\/IMG-20230509-WA0072-225x300.jpg 225w, https:\/\/elpuucnoticias.com\/wp-content\/uploads\/2023\/05\/IMG-20230509-WA0072-1152x1536.jpg 1152w, https:\/\/elpuucnoticias.com\/wp-content\/uploads\/2023\/05\/IMG-20230509-WA0072.jpg 1200w\" sizes=\"auto, (max-width: 768px) 100vw, 768px\" \/><\/figure>\n\n\n\n<figure class=\"wp-block-image size-large\"><img loading=\"lazy\" decoding=\"async\" width=\"1024\" height=\"767\" data-id=\"7258\" src=\"https:\/\/elpuucnoticias.com\/wp-content\/uploads\/2023\/05\/Imagen-de-WhatsApp-2023-05-09-a-las-15.34.17-1024x767.jpg\" alt=\"\" class=\"wp-image-7258\" srcset=\"https:\/\/elpuucnoticias.com\/wp-content\/uploads\/2023\/05\/Imagen-de-WhatsApp-2023-05-09-a-las-15.34.17-1024x767.jpg 1024w, https:\/\/elpuucnoticias.com\/wp-content\/uploads\/2023\/05\/Imagen-de-WhatsApp-2023-05-09-a-las-15.34.17-300x225.jpg 300w, https:\/\/elpuucnoticias.com\/wp-content\/uploads\/2023\/05\/Imagen-de-WhatsApp-2023-05-09-a-las-15.34.17-768x575.jpg 768w, https:\/\/elpuucnoticias.com\/wp-content\/uploads\/2023\/05\/Imagen-de-WhatsApp-2023-05-09-a-las-15.34.17-1536x1150.jpg 1536w, https:\/\/elpuucnoticias.com\/wp-content\/uploads\/2023\/05\/Imagen-de-WhatsApp-2023-05-09-a-las-15.34.17.jpg 1600w\" sizes=\"auto, (max-width: 1024px) 100vw, 1024px\" \/><\/figure>\n\n\n\n<figure class=\"wp-block-image size-large\"><img loading=\"lazy\" decoding=\"async\" width=\"1024\" height=\"768\" data-id=\"7257\" src=\"https:\/\/elpuucnoticias.com\/wp-content\/uploads\/2023\/05\/IMG-20230509-WA0064-1024x768.jpg\" alt=\"\" class=\"wp-image-7257\" srcset=\"https:\/\/elpuucnoticias.com\/wp-content\/uploads\/2023\/05\/IMG-20230509-WA0064-1024x768.jpg 1024w, https:\/\/elpuucnoticias.com\/wp-content\/uploads\/2023\/05\/IMG-20230509-WA0064-300x225.jpg 300w, https:\/\/elpuucnoticias.com\/wp-content\/uploads\/2023\/05\/IMG-20230509-WA0064-768x576.jpg 768w, https:\/\/elpuucnoticias.com\/wp-content\/uploads\/2023\/05\/IMG-20230509-WA0064-1536x1152.jpg 1536w, https:\/\/elpuucnoticias.com\/wp-content\/uploads\/2023\/05\/IMG-20230509-WA0064.jpg 1600w\" sizes=\"auto, (max-width: 1024px) 100vw, 1024px\" \/><\/figure>\n\n\n\n<figure class=\"wp-block-image size-large\"><img loading=\"lazy\" decoding=\"async\" width=\"576\" height=\"1024\" data-id=\"7261\" src=\"https:\/\/elpuucnoticias.com\/wp-content\/uploads\/2023\/05\/IMG-20230509-WA0065-576x1024.jpg\" alt=\"\" class=\"wp-image-7261\" srcset=\"https:\/\/elpuucnoticias.com\/wp-content\/uploads\/2023\/05\/IMG-20230509-WA0065-576x1024.jpg 576w, https:\/\/elpuucnoticias.com\/wp-content\/uploads\/2023\/05\/IMG-20230509-WA0065-169x300.jpg 169w, https:\/\/elpuucnoticias.com\/wp-content\/uploads\/2023\/05\/IMG-20230509-WA0065-768x1365.jpg 768w, https:\/\/elpuucnoticias.com\/wp-content\/uploads\/2023\/05\/IMG-20230509-WA0065-864x1536.jpg 864w, https:\/\/elpuucnoticias.com\/wp-content\/uploads\/2023\/05\/IMG-20230509-WA0065.jpg 900w\" sizes=\"auto, (max-width: 576px) 100vw, 576px\" \/><\/figure>\n<\/figure>\n\n\n\n<p>En el evento Miss Mamita las participantes fueron Maria Dayanara Buenfil Cabrera, Santyvet Cabrera Basto, Aurea Flores Kant\u00fan. Fueron 3 etapas y la ganadora fue \u00c1urea&nbsp;Flores&nbsp;Kantum.<\/p>\n\n\n\n<p>Los peque\u00f1os estudiantes de ese jard\u00edn de ni\u00f1os estuvieron apoyando a las mam\u00e1s con cantos, poemas y dem\u00e1s porras, la directora de esa escuela Mar\u00eda Jos\u00e9 Leal Sosa felicit\u00f3 a las concursantes por su desempe\u00f1o en este concurso , tambi\u00e9n agradeci\u00f3 a los patrocinadores que apoyaron para que se pueda realizar&nbsp;el&nbsp;evento.<\/p>\n","protected":false},"excerpt":{"rendered":"<p>Con un concurso celebran el D\u00eda de las Madres en el jard\u00edn de ni\u00f1os Eva S\u00e1mano Bishop de<\/p>\n","protected":false},"author":3,"featured_media":7255,"comment_status":"closed","ping_status":"open","sticky":false,"template":"","format":"standard","meta":{"_monsterinsights_skip_tracking":false,"_monsterinsights_sitenote_active":false,"_monsterinsights_sitenote_note":"","_monsterinsights_sitenote_category":0,"footnotes":""},"categories":[11,4],"tags":[],"class_list":["post-7254","post","type-post","status-publish","format-standard","has-post-thumbnail","hentry","category-noticias","category-tekax"],"yoast_head":"<!-- This site is optimized with the Yoast SEO plugin v18.3 - https:\/\/yoast.com\/wordpress\/plugins\/seo\/ -->\n<title>Celebran el D\u00eda de las Madres en el jard\u00edn de ni\u00f1os Eva S\u00e1mano Bishop - El Puuc Noticias<\/title>\n<meta name=\"robots\" content=\"index, follow, max-snippet:-1, max-image-preview:large, max-video-preview:-1\" \/>\n<link rel=\"canonical\" href=\"https:\/\/elpuucnoticias.com\/?p=7254\" \/>\n<meta property=\"og:locale\" content=\"es_ES\" \/>\n<meta property=\"og:type\" content=\"article\" \/>\n<meta property=\"og:title\" content=\"Celebran el D\u00eda de las Madres en el jard\u00edn de ni\u00f1os Eva S\u00e1mano Bishop - El Puuc Noticias\" \/>\n<meta property=\"og:description\" content=\"Con un concurso celebran el D\u00eda de las Madres en el jard\u00edn de ni\u00f1os Eva S\u00e1mano Bishop de\" \/>\n<meta property=\"og:url\" content=\"https:\/\/elpuucnoticias.com\/?p=7254\" \/>\n<meta property=\"og:site_name\" content=\"El Puuc Noticias\" \/>\n<meta property=\"article:published_time\" content=\"2023-05-09T21:50:20+00:00\" \/>\n<meta property=\"article:modified_time\" content=\"2023-05-09T21:50:22+00:00\" \/>\n<meta property=\"og:image\" content=\"https:\/\/elpuucnoticias.com\/wp-content\/uploads\/2023\/05\/IMG-20230509-WA0069.jpg\" \/>\n\t<meta property=\"og:image:width\" content=\"1600\" \/>\n\t<meta property=\"og:image:height\" content=\"1200\" \/>\n\t<meta property=\"og:image:type\" content=\"image\/jpeg\" \/>\n<meta name=\"twitter:card\" content=\"summary_large_image\" \/>\n<meta name=\"twitter:label1\" content=\"Escrito por\" \/>\n\t<meta name=\"twitter:data1\" content=\"Arnulfo del Carmen Peraza Rodr\u00edguez\" \/>\n\t<meta name=\"twitter:label2\" content=\"Tiempo de lectura\" \/>\n\t<meta name=\"twitter:data2\" content=\"2 minutos\" \/>\n<script type=\"application\/ld+json\" class=\"yoast-schema-graph\">{\"@context\":\"https:\/\/schema.org\",\"@graph\":[{\"@type\":\"WebSite\",\"@id\":\"https:\/\/elpuucnoticias.com\/#website\",\"url\":\"https:\/\/elpuucnoticias.com\/\",\"name\":\"El Puuc Noticias\",\"description\":\"Noticias - Entretenimiento - Deportes\",\"potentialAction\":[{\"@type\":\"SearchAction\",\"target\":{\"@type\":\"EntryPoint\",\"urlTemplate\":\"https:\/\/elpuucnoticias.com\/?s={search_term_string}\"},\"query-input\":\"required name=search_term_string\"}],\"inLanguage\":\"es\"},{\"@type\":\"ImageObject\",\"@id\":\"https:\/\/elpuucnoticias.com\/?p=7254#primaryimage\",\"inLanguage\":\"es\",\"url\":\"https:\/\/elpuucnoticias.com\/wp-content\/uploads\/2023\/05\/IMG-20230509-WA0069.jpg\",\"contentUrl\":\"https:\/\/elpuucnoticias.com\/wp-content\/uploads\/2023\/05\/IMG-20230509-WA0069.jpg\",\"width\":1600,\"height\":1200},{\"@type\":\"WebPage\",\"@id\":\"https:\/\/elpuucnoticias.com\/?p=7254#webpage\",\"url\":\"https:\/\/elpuucnoticias.com\/?p=7254\",\"name\":\"Celebran el D\u00eda de las Madres en el jard\u00edn de ni\u00f1os Eva S\u00e1mano Bishop - El Puuc Noticias\",\"isPartOf\":{\"@id\":\"https:\/\/elpuucnoticias.com\/#website\"},\"primaryImageOfPage\":{\"@id\":\"https:\/\/elpuucnoticias.com\/?p=7254#primaryimage\"},\"datePublished\":\"2023-05-09T21:50:20+00:00\",\"dateModified\":\"2023-05-09T21:50:22+00:00\",\"author\":{\"@id\":\"https:\/\/elpuucnoticias.com\/#\/schema\/person\/e34b3bcd87194824c1dd297628b62562\"},\"breadcrumb\":{\"@id\":\"https:\/\/elpuucnoticias.com\/?p=7254#breadcrumb\"},\"inLanguage\":\"es\",\"potentialAction\":[{\"@type\":\"ReadAction\",\"target\":[\"https:\/\/elpuucnoticias.com\/?p=7254\"]}]},{\"@type\":\"BreadcrumbList\",\"@id\":\"https:\/\/elpuucnoticias.com\/?p=7254#breadcrumb\",\"itemListElement\":[{\"@type\":\"ListItem\",\"position\":1,\"name\":\"Portada\",\"item\":\"https:\/\/elpuucnoticias.com\/\"},{\"@type\":\"ListItem\",\"position\":2,\"name\":\"Celebran el D\u00eda de las Madres en el jard\u00edn de ni\u00f1os Eva S\u00e1mano Bishop\"}]},{\"@type\":\"Person\",\"@id\":\"https:\/\/elpuucnoticias.com\/#\/schema\/person\/e34b3bcd87194824c1dd297628b62562\",\"name\":\"Arnulfo del Carmen Peraza Rodr\u00edguez\",\"image\":{\"@type\":\"ImageObject\",\"@id\":\"https:\/\/elpuucnoticias.com\/#personlogo\",\"inLanguage\":\"es\",\"url\":\"https:\/\/secure.gravatar.com\/avatar\/e0ef36e3f2fb84398004d5d5718303e062559071e79f7023ec7f22121648029a?s=96&d=mm&r=g\",\"contentUrl\":\"https:\/\/secure.gravatar.com\/avatar\/e0ef36e3f2fb84398004d5d5718303e062559071e79f7023ec7f22121648029a?s=96&d=mm&r=g\",\"caption\":\"Arnulfo del Carmen Peraza Rodr\u00edguez\"},\"url\":\"https:\/\/elpuucnoticias.com\/?author=3\"}]}<\/script>\n<!-- \/ Yoast SEO plugin. -->","yoast_head_json":{"title":"Celebran el D\u00eda de las Madres en el jard\u00edn de ni\u00f1os Eva S\u00e1mano Bishop - El Puuc Noticias","robots":{"index":"index","follow":"follow","max-snippet":"max-snippet:-1","max-image-preview":"max-image-preview:large","max-video-preview":"max-video-preview:-1"},"canonical":"https:\/\/elpuucnoticias.com\/?p=7254","og_locale":"es_ES","og_type":"article","og_title":"Celebran el D\u00eda de las Madres en el jard\u00edn de ni\u00f1os Eva S\u00e1mano Bishop - El Puuc Noticias","og_description":"Con un concurso celebran el D\u00eda de las Madres en el jard\u00edn de ni\u00f1os Eva S\u00e1mano Bishop de","og_url":"https:\/\/elpuucnoticias.com\/?p=7254","og_site_name":"El Puuc Noticias","article_published_time":"2023-05-09T21:50:20+00:00","article_modified_time":"2023-05-09T21:50:22+00:00","og_image":[{"width":1600,"height":1200,"url":"https:\/\/elpuucnoticias.com\/wp-content\/uploads\/2023\/05\/IMG-20230509-WA0069.jpg","type":"image\/jpeg"}],"twitter_card":"summary_large_image","twitter_misc":{"Escrito por":"Arnulfo del Carmen Peraza Rodr\u00edguez","Tiempo de lectura":"2 minutos"},"schema":{"@context":"https:\/\/schema.org","@graph":[{"@type":"WebSite","@id":"https:\/\/elpuucnoticias.com\/#website","url":"https:\/\/elpuucnoticias.com\/","name":"El Puuc Noticias","description":"Noticias - Entretenimiento - Deportes","potentialAction":[{"@type":"SearchAction","target":{"@type":"EntryPoint","urlTemplate":"https:\/\/elpuucnoticias.com\/?s={search_term_string}"},"query-input":"required name=search_term_string"}],"inLanguage":"es"},{"@type":"ImageObject","@id":"https:\/\/elpuucnoticias.com\/?p=7254#primaryimage","inLanguage":"es","url":"https:\/\/elpuucnoticias.com\/wp-content\/uploads\/2023\/05\/IMG-20230509-WA0069.jpg","contentUrl":"https:\/\/elpuucnoticias.com\/wp-content\/uploads\/2023\/05\/IMG-20230509-WA0069.jpg","width":1600,"height":1200},{"@type":"WebPage","@id":"https:\/\/elpuucnoticias.com\/?p=7254#webpage","url":"https:\/\/elpuucnoticias.com\/?p=7254","name":"Celebran el D\u00eda de las Madres en el jard\u00edn de ni\u00f1os Eva S\u00e1mano Bishop - El Puuc Noticias","isPartOf":{"@id":"https:\/\/elpuucnoticias.com\/#website"},"primaryImageOfPage":{"@id":"https:\/\/elpuucnoticias.com\/?p=7254#primaryimage"},"datePublished":"2023-05-09T21:50:20+00:00","dateModified":"2023-05-09T21:50:22+00:00","author":{"@id":"https:\/\/elpuucnoticias.com\/#\/schema\/person\/e34b3bcd87194824c1dd297628b62562"},"breadcrumb":{"@id":"https:\/\/elpuucnoticias.com\/?p=7254#breadcrumb"},"inLanguage":"es","potentialAction":[{"@type":"ReadAction","target":["https:\/\/elpuucnoticias.com\/?p=7254"]}]},{"@type":"BreadcrumbList","@id":"https:\/\/elpuucnoticias.com\/?p=7254#breadcrumb","itemListElement":[{"@type":"ListItem","position":1,"name":"Portada","item":"https:\/\/elpuucnoticias.com\/"},{"@type":"ListItem","position":2,"name":"Celebran el D\u00eda de las Madres en el jard\u00edn de ni\u00f1os Eva S\u00e1mano Bishop"}]},{"@type":"Person","@id":"https:\/\/elpuucnoticias.com\/#\/schema\/person\/e34b3bcd87194824c1dd297628b62562","name":"Arnulfo del Carmen Peraza Rodr\u00edguez","image":{"@type":"ImageObject","@id":"https:\/\/elpuucnoticias.com\/#personlogo","inLanguage":"es","url":"https:\/\/secure.gravatar.com\/avatar\/e0ef36e3f2fb84398004d5d5718303e062559071e79f7023ec7f22121648029a?s=96&d=mm&r=g","contentUrl":"https:\/\/secure.gravatar.com\/avatar\/e0ef36e3f2fb84398004d5d5718303e062559071e79f7023ec7f22121648029a?s=96&d=mm&r=g","caption":"Arnulfo del Carmen Peraza Rodr\u00edguez"},"url":"https:\/\/elpuucnoticias.com\/?author=3"}]}},"_links":{"self":[{"href":"https:\/\/elpuucnoticias.com\/index.php?rest_route=\/wp\/v2\/posts\/7254","targetHints":{"allow":["GET"]}}],"collection":[{"href":"https:\/\/elpuucnoticias.com\/index.php?rest_route=\/wp\/v2\/posts"}],"about":[{"href":"https:\/\/elpuucnoticias.com\/index.php?rest_route=\/wp\/v2\/types\/post"}],"author":[{"embeddable":true,"href":"https:\/\/elpuucnoticias.com\/index.php?rest_route=\/wp\/v2\/users\/3"}],"replies":[{"embeddable":true,"href":"https:\/\/elpuucnoticias.com\/index.php?rest_route=%2Fwp%2Fv2%2Fcomments&post=7254"}],"version-history":[{"count":1,"href":"https:\/\/elpuucnoticias.com\/index.php?rest_route=\/wp\/v2\/posts\/7254\/revisions"}],"predecessor-version":[{"id":7265,"href":"https:\/\/elpuucnoticias.com\/index.php?rest_route=\/wp\/v2\/posts\/7254\/revisions\/7265"}],"wp:featuredmedia":[{"embeddable":true,"href":"https:\/\/elpuucnoticias.com\/index.php?rest_route=\/wp\/v2\/media\/7255"}],"wp:attachment":[{"href":"https:\/\/elpuucnoticias.com\/index.php?rest_route=%2Fwp%2Fv2%2Fmedia&parent=7254"}],"wp:term":[{"taxonomy":"category","embeddable":true,"href":"https:\/\/elpuucnoticias.com\/index.php?rest_route=%2Fwp%2Fv2%2Fcategories&post=7254"},{"taxonomy":"post_tag","embeddable":true,"href":"https:\/\/elpuucnoticias.com\/index.php?rest_route=%2Fwp%2Fv2%2Ftags&post=7254"}],"curies":[{"name":"wp","href":"https:\/\/api.w.org\/{rel}","templated":true}]}}