{"id":7457,"date":"2023-05-17T13:03:55","date_gmt":"2023-05-17T19:03:55","guid":{"rendered":"https:\/\/elpuucnoticias.com\/?p=7457"},"modified":"2023-05-17T13:03:56","modified_gmt":"2023-05-17T19:03:56","slug":"tekax-fue-sede-de-la-primera-edicion-de-la-carrera-de-ciclismo-mtb-polygon-2023","status":"publish","type":"post","link":"https:\/\/elpuucnoticias.com\/?p=7457","title":{"rendered":"Tekax fue sede de la primera edici\u00f3n de la Carrera de Ciclismo MTB POLYGON 2023"},"content":{"rendered":"\n<p>Este fin de semana se realiz\u00f3 la primera carrera de ciclismo del Reto POLYGON MTB 2023 donde m\u00e1s de 350 ciclistas provenientes de varios estados de la republica asi como de otros municipios del estado participaron en la primera edici\u00f3n de esta carrera.<\/p>\n\n\n\n<p>En punto de las 6:30 de la ma\u00f1ana todos los ciclistas salieron del centro de la ciudad, en las categorias femenil y varonil de 30 y 60 kilometros.<\/p>\n\n\n\n<figure class=\"wp-block-gallery has-nested-images columns-default is-cropped wp-block-gallery-1 is-layout-flex wp-block-gallery-is-layout-flex\">\n<figure class=\"wp-block-image size-large\"><img loading=\"lazy\" decoding=\"async\" width=\"1024\" height=\"683\" data-id=\"7459\" src=\"https:\/\/elpuucnoticias.com\/wp-content\/uploads\/2023\/05\/IMG-20230517-WA0041-1024x683.jpg\" alt=\"\" class=\"wp-image-7459\" srcset=\"https:\/\/elpuucnoticias.com\/wp-content\/uploads\/2023\/05\/IMG-20230517-WA0041-1024x683.jpg 1024w, https:\/\/elpuucnoticias.com\/wp-content\/uploads\/2023\/05\/IMG-20230517-WA0041-300x200.jpg 300w, https:\/\/elpuucnoticias.com\/wp-content\/uploads\/2023\/05\/IMG-20230517-WA0041-768x512.jpg 768w, https:\/\/elpuucnoticias.com\/wp-content\/uploads\/2023\/05\/IMG-20230517-WA0041.jpg 1080w\" sizes=\"auto, (max-width: 1024px) 100vw, 1024px\" \/><\/figure>\n\n\n\n<figure class=\"wp-block-image size-large\"><img loading=\"lazy\" decoding=\"async\" width=\"1024\" height=\"683\" data-id=\"7460\" src=\"https:\/\/elpuucnoticias.com\/wp-content\/uploads\/2023\/05\/IMG-20230517-WA0042-1024x683.jpg\" alt=\"\" class=\"wp-image-7460\" srcset=\"https:\/\/elpuucnoticias.com\/wp-content\/uploads\/2023\/05\/IMG-20230517-WA0042-1024x683.jpg 1024w, https:\/\/elpuucnoticias.com\/wp-content\/uploads\/2023\/05\/IMG-20230517-WA0042-300x200.jpg 300w, https:\/\/elpuucnoticias.com\/wp-content\/uploads\/2023\/05\/IMG-20230517-WA0042-768x512.jpg 768w, https:\/\/elpuucnoticias.com\/wp-content\/uploads\/2023\/05\/IMG-20230517-WA0042.jpg 1080w\" sizes=\"auto, (max-width: 1024px) 100vw, 1024px\" \/><\/figure>\n\n\n\n<figure class=\"wp-block-image size-large\"><img loading=\"lazy\" decoding=\"async\" width=\"1024\" height=\"683\" data-id=\"7462\" src=\"https:\/\/elpuucnoticias.com\/wp-content\/uploads\/2023\/05\/IMG-20230517-WA0035-1024x683.jpg\" alt=\"\" class=\"wp-image-7462\" srcset=\"https:\/\/elpuucnoticias.com\/wp-content\/uploads\/2023\/05\/IMG-20230517-WA0035-1024x683.jpg 1024w, https:\/\/elpuucnoticias.com\/wp-content\/uploads\/2023\/05\/IMG-20230517-WA0035-300x200.jpg 300w, https:\/\/elpuucnoticias.com\/wp-content\/uploads\/2023\/05\/IMG-20230517-WA0035-768x512.jpg 768w, https:\/\/elpuucnoticias.com\/wp-content\/uploads\/2023\/05\/IMG-20230517-WA0035.jpg 1080w\" sizes=\"auto, (max-width: 1024px) 100vw, 1024px\" \/><\/figure>\n\n\n\n<figure class=\"wp-block-image size-large\"><img loading=\"lazy\" decoding=\"async\" width=\"1024\" height=\"683\" data-id=\"7461\" src=\"https:\/\/elpuucnoticias.com\/wp-content\/uploads\/2023\/05\/IMG-20230517-WA0036-1024x683.jpg\" alt=\"\" class=\"wp-image-7461\" srcset=\"https:\/\/elpuucnoticias.com\/wp-content\/uploads\/2023\/05\/IMG-20230517-WA0036-1024x683.jpg 1024w, https:\/\/elpuucnoticias.com\/wp-content\/uploads\/2023\/05\/IMG-20230517-WA0036-300x200.jpg 300w, https:\/\/elpuucnoticias.com\/wp-content\/uploads\/2023\/05\/IMG-20230517-WA0036-768x512.jpg 768w, https:\/\/elpuucnoticias.com\/wp-content\/uploads\/2023\/05\/IMG-20230517-WA0036.jpg 1080w\" sizes=\"auto, (max-width: 1024px) 100vw, 1024px\" \/><\/figure>\n<\/figure>\n\n\n\n<p>En cada una de ellas, todos los ciclistas recorrieron varios senderos, camimos, brechas y comunidades del municipio.<\/p>\n\n\n\n<p>Con este tipo de eventos el Ayuntamiento de Tekax busca promover el turismo local, para que m\u00e1s personas conozcan esta ciudad.<\/p>\n\n\n\n<p>Ya que durante dos dias los participantes tuvieron la oportunidad de conocer los atractivos.<\/p>\n","protected":false},"excerpt":{"rendered":"<p>Este fin de semana se realiz\u00f3 la primera carrera de ciclismo del Reto POLYGON MTB 2023 donde m\u00e1s<\/p>\n","protected":false},"author":3,"featured_media":7458,"comment_status":"closed","ping_status":"open","sticky":false,"template":"","format":"standard","meta":{"_monsterinsights_skip_tracking":false,"_monsterinsights_sitenote_active":false,"_monsterinsights_sitenote_note":"","_monsterinsights_sitenote_category":0,"footnotes":""},"categories":[11,4],"tags":[],"class_list":["post-7457","post","type-post","status-publish","format-standard","has-post-thumbnail","hentry","category-noticias","category-tekax"],"yoast_head":"<!-- This site is optimized with the Yoast SEO plugin v18.3 - https:\/\/yoast.com\/wordpress\/plugins\/seo\/ -->\n<title>Tekax fue sede de la primera edici\u00f3n de la Carrera de Ciclismo MTB POLYGON 2023 - El Puuc Noticias<\/title>\n<meta name=\"robots\" content=\"index, follow, max-snippet:-1, max-image-preview:large, max-video-preview:-1\" \/>\n<link rel=\"canonical\" href=\"https:\/\/elpuucnoticias.com\/?p=7457\" \/>\n<meta property=\"og:locale\" content=\"es_ES\" \/>\n<meta property=\"og:type\" content=\"article\" \/>\n<meta property=\"og:title\" content=\"Tekax fue sede de la primera edici\u00f3n de la Carrera de Ciclismo MTB POLYGON 2023 - El Puuc Noticias\" \/>\n<meta property=\"og:description\" content=\"Este fin de semana se realiz\u00f3 la primera carrera de ciclismo del Reto POLYGON MTB 2023 donde m\u00e1s\" \/>\n<meta property=\"og:url\" content=\"https:\/\/elpuucnoticias.com\/?p=7457\" \/>\n<meta property=\"og:site_name\" content=\"El Puuc Noticias\" \/>\n<meta property=\"article:published_time\" content=\"2023-05-17T19:03:55+00:00\" \/>\n<meta property=\"article:modified_time\" content=\"2023-05-17T19:03:56+00:00\" \/>\n<meta property=\"og:image\" content=\"https:\/\/elpuucnoticias.com\/wp-content\/uploads\/2023\/05\/IMG-20230517-WA0037.jpg\" \/>\n\t<meta property=\"og:image:width\" content=\"1080\" \/>\n\t<meta property=\"og:image:height\" content=\"720\" \/>\n\t<meta property=\"og:image:type\" content=\"image\/jpeg\" \/>\n<meta name=\"twitter:card\" content=\"summary_large_image\" \/>\n<meta name=\"twitter:label1\" content=\"Escrito por\" \/>\n\t<meta name=\"twitter:data1\" content=\"Arnulfo del Carmen Peraza Rodr\u00edguez\" \/>\n\t<meta name=\"twitter:label2\" content=\"Tiempo de lectura\" \/>\n\t<meta name=\"twitter:data2\" content=\"2 minutos\" \/>\n<script type=\"application\/ld+json\" class=\"yoast-schema-graph\">{\"@context\":\"https:\/\/schema.org\",\"@graph\":[{\"@type\":\"WebSite\",\"@id\":\"https:\/\/elpuucnoticias.com\/#website\",\"url\":\"https:\/\/elpuucnoticias.com\/\",\"name\":\"El Puuc Noticias\",\"description\":\"Noticias - Entretenimiento - Deportes\",\"potentialAction\":[{\"@type\":\"SearchAction\",\"target\":{\"@type\":\"EntryPoint\",\"urlTemplate\":\"https:\/\/elpuucnoticias.com\/?s={search_term_string}\"},\"query-input\":\"required name=search_term_string\"}],\"inLanguage\":\"es\"},{\"@type\":\"ImageObject\",\"@id\":\"https:\/\/elpuucnoticias.com\/?p=7457#primaryimage\",\"inLanguage\":\"es\",\"url\":\"https:\/\/elpuucnoticias.com\/wp-content\/uploads\/2023\/05\/IMG-20230517-WA0037.jpg\",\"contentUrl\":\"https:\/\/elpuucnoticias.com\/wp-content\/uploads\/2023\/05\/IMG-20230517-WA0037.jpg\",\"width\":1080,\"height\":720},{\"@type\":\"WebPage\",\"@id\":\"https:\/\/elpuucnoticias.com\/?p=7457#webpage\",\"url\":\"https:\/\/elpuucnoticias.com\/?p=7457\",\"name\":\"Tekax fue sede de la primera edici\u00f3n de la Carrera de Ciclismo MTB POLYGON 2023 - El Puuc Noticias\",\"isPartOf\":{\"@id\":\"https:\/\/elpuucnoticias.com\/#website\"},\"primaryImageOfPage\":{\"@id\":\"https:\/\/elpuucnoticias.com\/?p=7457#primaryimage\"},\"datePublished\":\"2023-05-17T19:03:55+00:00\",\"dateModified\":\"2023-05-17T19:03:56+00:00\",\"author\":{\"@id\":\"https:\/\/elpuucnoticias.com\/#\/schema\/person\/e34b3bcd87194824c1dd297628b62562\"},\"breadcrumb\":{\"@id\":\"https:\/\/elpuucnoticias.com\/?p=7457#breadcrumb\"},\"inLanguage\":\"es\",\"potentialAction\":[{\"@type\":\"ReadAction\",\"target\":[\"https:\/\/elpuucnoticias.com\/?p=7457\"]}]},{\"@type\":\"BreadcrumbList\",\"@id\":\"https:\/\/elpuucnoticias.com\/?p=7457#breadcrumb\",\"itemListElement\":[{\"@type\":\"ListItem\",\"position\":1,\"name\":\"Portada\",\"item\":\"https:\/\/elpuucnoticias.com\/\"},{\"@type\":\"ListItem\",\"position\":2,\"name\":\"Tekax fue sede de la primera edici\u00f3n de la Carrera de Ciclismo MTB POLYGON 2023\"}]},{\"@type\":\"Person\",\"@id\":\"https:\/\/elpuucnoticias.com\/#\/schema\/person\/e34b3bcd87194824c1dd297628b62562\",\"name\":\"Arnulfo del Carmen Peraza Rodr\u00edguez\",\"image\":{\"@type\":\"ImageObject\",\"@id\":\"https:\/\/elpuucnoticias.com\/#personlogo\",\"inLanguage\":\"es\",\"url\":\"https:\/\/secure.gravatar.com\/avatar\/e0ef36e3f2fb84398004d5d5718303e062559071e79f7023ec7f22121648029a?s=96&d=mm&r=g\",\"contentUrl\":\"https:\/\/secure.gravatar.com\/avatar\/e0ef36e3f2fb84398004d5d5718303e062559071e79f7023ec7f22121648029a?s=96&d=mm&r=g\",\"caption\":\"Arnulfo del Carmen Peraza Rodr\u00edguez\"},\"url\":\"https:\/\/elpuucnoticias.com\/?author=3\"}]}<\/script>\n<!-- \/ Yoast SEO plugin. -->","yoast_head_json":{"title":"Tekax fue sede de la primera edici\u00f3n de la Carrera de Ciclismo MTB POLYGON 2023 - El Puuc Noticias","robots":{"index":"index","follow":"follow","max-snippet":"max-snippet:-1","max-image-preview":"max-image-preview:large","max-video-preview":"max-video-preview:-1"},"canonical":"https:\/\/elpuucnoticias.com\/?p=7457","og_locale":"es_ES","og_type":"article","og_title":"Tekax fue sede de la primera edici\u00f3n de la Carrera de Ciclismo MTB POLYGON 2023 - El Puuc Noticias","og_description":"Este fin de semana se realiz\u00f3 la primera carrera de ciclismo del Reto POLYGON MTB 2023 donde m\u00e1s","og_url":"https:\/\/elpuucnoticias.com\/?p=7457","og_site_name":"El Puuc Noticias","article_published_time":"2023-05-17T19:03:55+00:00","article_modified_time":"2023-05-17T19:03:56+00:00","og_image":[{"width":1080,"height":720,"url":"https:\/\/elpuucnoticias.com\/wp-content\/uploads\/2023\/05\/IMG-20230517-WA0037.jpg","type":"image\/jpeg"}],"twitter_card":"summary_large_image","twitter_misc":{"Escrito por":"Arnulfo del Carmen Peraza Rodr\u00edguez","Tiempo de lectura":"2 minutos"},"schema":{"@context":"https:\/\/schema.org","@graph":[{"@type":"WebSite","@id":"https:\/\/elpuucnoticias.com\/#website","url":"https:\/\/elpuucnoticias.com\/","name":"El Puuc Noticias","description":"Noticias - Entretenimiento - Deportes","potentialAction":[{"@type":"SearchAction","target":{"@type":"EntryPoint","urlTemplate":"https:\/\/elpuucnoticias.com\/?s={search_term_string}"},"query-input":"required name=search_term_string"}],"inLanguage":"es"},{"@type":"ImageObject","@id":"https:\/\/elpuucnoticias.com\/?p=7457#primaryimage","inLanguage":"es","url":"https:\/\/elpuucnoticias.com\/wp-content\/uploads\/2023\/05\/IMG-20230517-WA0037.jpg","contentUrl":"https:\/\/elpuucnoticias.com\/wp-content\/uploads\/2023\/05\/IMG-20230517-WA0037.jpg","width":1080,"height":720},{"@type":"WebPage","@id":"https:\/\/elpuucnoticias.com\/?p=7457#webpage","url":"https:\/\/elpuucnoticias.com\/?p=7457","name":"Tekax fue sede de la primera edici\u00f3n de la Carrera de Ciclismo MTB POLYGON 2023 - El Puuc Noticias","isPartOf":{"@id":"https:\/\/elpuucnoticias.com\/#website"},"primaryImageOfPage":{"@id":"https:\/\/elpuucnoticias.com\/?p=7457#primaryimage"},"datePublished":"2023-05-17T19:03:55+00:00","dateModified":"2023-05-17T19:03:56+00:00","author":{"@id":"https:\/\/elpuucnoticias.com\/#\/schema\/person\/e34b3bcd87194824c1dd297628b62562"},"breadcrumb":{"@id":"https:\/\/elpuucnoticias.com\/?p=7457#breadcrumb"},"inLanguage":"es","potentialAction":[{"@type":"ReadAction","target":["https:\/\/elpuucnoticias.com\/?p=7457"]}]},{"@type":"BreadcrumbList","@id":"https:\/\/elpuucnoticias.com\/?p=7457#breadcrumb","itemListElement":[{"@type":"ListItem","position":1,"name":"Portada","item":"https:\/\/elpuucnoticias.com\/"},{"@type":"ListItem","position":2,"name":"Tekax fue sede de la primera edici\u00f3n de la Carrera de Ciclismo MTB POLYGON 2023"}]},{"@type":"Person","@id":"https:\/\/elpuucnoticias.com\/#\/schema\/person\/e34b3bcd87194824c1dd297628b62562","name":"Arnulfo del Carmen Peraza Rodr\u00edguez","image":{"@type":"ImageObject","@id":"https:\/\/elpuucnoticias.com\/#personlogo","inLanguage":"es","url":"https:\/\/secure.gravatar.com\/avatar\/e0ef36e3f2fb84398004d5d5718303e062559071e79f7023ec7f22121648029a?s=96&d=mm&r=g","contentUrl":"https:\/\/secure.gravatar.com\/avatar\/e0ef36e3f2fb84398004d5d5718303e062559071e79f7023ec7f22121648029a?s=96&d=mm&r=g","caption":"Arnulfo del Carmen Peraza Rodr\u00edguez"},"url":"https:\/\/elpuucnoticias.com\/?author=3"}]}},"_links":{"self":[{"href":"https:\/\/elpuucnoticias.com\/index.php?rest_route=\/wp\/v2\/posts\/7457","targetHints":{"allow":["GET"]}}],"collection":[{"href":"https:\/\/elpuucnoticias.com\/index.php?rest_route=\/wp\/v2\/posts"}],"about":[{"href":"https:\/\/elpuucnoticias.com\/index.php?rest_route=\/wp\/v2\/types\/post"}],"author":[{"embeddable":true,"href":"https:\/\/elpuucnoticias.com\/index.php?rest_route=\/wp\/v2\/users\/3"}],"replies":[{"embeddable":true,"href":"https:\/\/elpuucnoticias.com\/index.php?rest_route=%2Fwp%2Fv2%2Fcomments&post=7457"}],"version-history":[{"count":1,"href":"https:\/\/elpuucnoticias.com\/index.php?rest_route=\/wp\/v2\/posts\/7457\/revisions"}],"predecessor-version":[{"id":7463,"href":"https:\/\/elpuucnoticias.com\/index.php?rest_route=\/wp\/v2\/posts\/7457\/revisions\/7463"}],"wp:featuredmedia":[{"embeddable":true,"href":"https:\/\/elpuucnoticias.com\/index.php?rest_route=\/wp\/v2\/media\/7458"}],"wp:attachment":[{"href":"https:\/\/elpuucnoticias.com\/index.php?rest_route=%2Fwp%2Fv2%2Fmedia&parent=7457"}],"wp:term":[{"taxonomy":"category","embeddable":true,"href":"https:\/\/elpuucnoticias.com\/index.php?rest_route=%2Fwp%2Fv2%2Fcategories&post=7457"},{"taxonomy":"post_tag","embeddable":true,"href":"https:\/\/elpuucnoticias.com\/index.php?rest_route=%2Fwp%2Fv2%2Ftags&post=7457"}],"curies":[{"name":"wp","href":"https:\/\/api.w.org\/{rel}","templated":true}]}}