{"id":7464,"date":"2023-05-17T13:11:16","date_gmt":"2023-05-17T19:11:16","guid":{"rendered":"https:\/\/elpuucnoticias.com\/?p=7464"},"modified":"2023-05-17T13:11:18","modified_gmt":"2023-05-17T19:11:18","slug":"celebran-a-los-docentes-tekaxenos","status":"publish","type":"post","link":"https:\/\/elpuucnoticias.com\/?p=7464","title":{"rendered":"Celebran a los Docentes Tekaxe\u00f1os"},"content":{"rendered":"\n<p>El Ayuntamiento de Tekax en coordinaci\u00f3n con la direcci\u00f3n de educaci\u00f3n, realizaron la tradicional cena para celebrar el Dia del Maestro.<\/p>\n\n\n\n<p>De igual manera se realiz\u00f3 un homenaje y colocaci\u00f3n de una ofrenda floral en el monumento dedicado a los maestros, en el parque que lleva el mismo nombre y donde se le rindi\u00f3 un homenaje a todos los docentes que d\u00eda con d\u00eda ayudan a la formaci\u00f3n de ni\u00f1os y j\u00f3venes de Tekax, y comisar\u00edas.<\/p>\n\n\n\n<figure class=\"wp-block-gallery has-nested-images columns-default is-cropped wp-block-gallery-1 is-layout-flex wp-block-gallery-is-layout-flex\">\n<figure class=\"wp-block-image size-large\"><img loading=\"lazy\" decoding=\"async\" width=\"1024\" height=\"683\" data-id=\"7466\" src=\"https:\/\/elpuucnoticias.com\/wp-content\/uploads\/2023\/05\/IMG-20230517-WA0048-1024x683.jpg\" alt=\"\" class=\"wp-image-7466\" srcset=\"https:\/\/elpuucnoticias.com\/wp-content\/uploads\/2023\/05\/IMG-20230517-WA0048-1024x683.jpg 1024w, https:\/\/elpuucnoticias.com\/wp-content\/uploads\/2023\/05\/IMG-20230517-WA0048-300x200.jpg 300w, https:\/\/elpuucnoticias.com\/wp-content\/uploads\/2023\/05\/IMG-20230517-WA0048-768x512.jpg 768w, https:\/\/elpuucnoticias.com\/wp-content\/uploads\/2023\/05\/IMG-20230517-WA0048.jpg 1080w\" sizes=\"auto, (max-width: 1024px) 100vw, 1024px\" \/><\/figure>\n\n\n\n<figure class=\"wp-block-image size-large\"><img loading=\"lazy\" decoding=\"async\" width=\"1024\" height=\"683\" data-id=\"7468\" src=\"https:\/\/elpuucnoticias.com\/wp-content\/uploads\/2023\/05\/IMG-20230517-WA0049-1024x683.jpg\" alt=\"\" class=\"wp-image-7468\" srcset=\"https:\/\/elpuucnoticias.com\/wp-content\/uploads\/2023\/05\/IMG-20230517-WA0049-1024x683.jpg 1024w, https:\/\/elpuucnoticias.com\/wp-content\/uploads\/2023\/05\/IMG-20230517-WA0049-300x200.jpg 300w, https:\/\/elpuucnoticias.com\/wp-content\/uploads\/2023\/05\/IMG-20230517-WA0049-768x512.jpg 768w, https:\/\/elpuucnoticias.com\/wp-content\/uploads\/2023\/05\/IMG-20230517-WA0049.jpg 1080w\" sizes=\"auto, (max-width: 1024px) 100vw, 1024px\" \/><\/figure>\n\n\n\n<figure class=\"wp-block-image size-large\"><img loading=\"lazy\" decoding=\"async\" width=\"1024\" height=\"683\" data-id=\"7467\" src=\"https:\/\/elpuucnoticias.com\/wp-content\/uploads\/2023\/05\/IMG-20230517-WA0043-1024x683.jpg\" alt=\"\" class=\"wp-image-7467\" srcset=\"https:\/\/elpuucnoticias.com\/wp-content\/uploads\/2023\/05\/IMG-20230517-WA0043-1024x683.jpg 1024w, https:\/\/elpuucnoticias.com\/wp-content\/uploads\/2023\/05\/IMG-20230517-WA0043-300x200.jpg 300w, https:\/\/elpuucnoticias.com\/wp-content\/uploads\/2023\/05\/IMG-20230517-WA0043-768x512.jpg 768w, https:\/\/elpuucnoticias.com\/wp-content\/uploads\/2023\/05\/IMG-20230517-WA0043.jpg 1080w\" sizes=\"auto, (max-width: 1024px) 100vw, 1024px\" \/><\/figure>\n\n\n\n<figure class=\"wp-block-image size-large\"><img loading=\"lazy\" decoding=\"async\" width=\"1024\" height=\"683\" data-id=\"7469\" src=\"https:\/\/elpuucnoticias.com\/wp-content\/uploads\/2023\/05\/IMG-20230517-WA0044-1024x683.jpg\" alt=\"\" class=\"wp-image-7469\" srcset=\"https:\/\/elpuucnoticias.com\/wp-content\/uploads\/2023\/05\/IMG-20230517-WA0044-1024x683.jpg 1024w, https:\/\/elpuucnoticias.com\/wp-content\/uploads\/2023\/05\/IMG-20230517-WA0044-300x200.jpg 300w, https:\/\/elpuucnoticias.com\/wp-content\/uploads\/2023\/05\/IMG-20230517-WA0044-768x512.jpg 768w, https:\/\/elpuucnoticias.com\/wp-content\/uploads\/2023\/05\/IMG-20230517-WA0044.jpg 1080w\" sizes=\"auto, (max-width: 1024px) 100vw, 1024px\" \/><\/figure>\n\n\n\n<figure class=\"wp-block-image size-large\"><img loading=\"lazy\" decoding=\"async\" width=\"1024\" height=\"683\" data-id=\"7470\" src=\"https:\/\/elpuucnoticias.com\/wp-content\/uploads\/2023\/05\/IMG-20230517-WA0045-1024x683.jpg\" alt=\"\" class=\"wp-image-7470\" srcset=\"https:\/\/elpuucnoticias.com\/wp-content\/uploads\/2023\/05\/IMG-20230517-WA0045-1024x683.jpg 1024w, https:\/\/elpuucnoticias.com\/wp-content\/uploads\/2023\/05\/IMG-20230517-WA0045-300x200.jpg 300w, https:\/\/elpuucnoticias.com\/wp-content\/uploads\/2023\/05\/IMG-20230517-WA0045-768x512.jpg 768w, https:\/\/elpuucnoticias.com\/wp-content\/uploads\/2023\/05\/IMG-20230517-WA0045.jpg 1080w\" sizes=\"auto, (max-width: 1024px) 100vw, 1024px\" \/><\/figure>\n<\/figure>\n\n\n\n<p>Durante este evento se homenajearon a los maestros: Juan Francisco S\u00e1nchez C\u00e1rdenas, Jorge Gabriel Ramirez Castillo. De igual manera se entreg\u00f3 el reconocimiento de Maestra Distinguida a Ligia Maria Segovia Manjarrez y como Maestro Distinguido a Manuel Alejandro Ontiveros Gual por los a\u00f1os en esta labor.<\/p>\n\n\n\n<p>\u00abEn este d\u00eda del maestro queremos reconocer la labor y el trabajo de los docentes, que son fundamentales en la formaci\u00f3n de ni\u00f1os y j\u00f3venes.<br>Admiro y agradezco la vocaci\u00f3n de cada uno de ellos, pues su trabajo es fundamental para el futuro de nuestra sociedad\u00bb mencion\u00f3 Diego \u00c1vila.<\/p>\n\n\n\n<p>En la entrega de estos reconocimientos acompa\u00f1aron al alcalde, regidores del Ayuntamiento\u00a0de\u00a0Tekax.<\/p>\n","protected":false},"excerpt":{"rendered":"<p>El Ayuntamiento de Tekax en coordinaci\u00f3n con la direcci\u00f3n de educaci\u00f3n, realizaron la tradicional cena para celebrar el<\/p>\n","protected":false},"author":3,"featured_media":7465,"comment_status":"closed","ping_status":"open","sticky":false,"template":"","format":"standard","meta":{"_monsterinsights_skip_tracking":false,"_monsterinsights_sitenote_active":false,"_monsterinsights_sitenote_note":"","_monsterinsights_sitenote_category":0,"footnotes":""},"categories":[11,4],"tags":[],"class_list":["post-7464","post","type-post","status-publish","format-standard","has-post-thumbnail","hentry","category-noticias","category-tekax"],"yoast_head":"<!-- This site is optimized with the Yoast SEO plugin v18.3 - https:\/\/yoast.com\/wordpress\/plugins\/seo\/ -->\n<title>Celebran a los Docentes Tekaxe\u00f1os - El Puuc Noticias<\/title>\n<meta name=\"robots\" content=\"index, follow, max-snippet:-1, max-image-preview:large, max-video-preview:-1\" \/>\n<link rel=\"canonical\" href=\"https:\/\/elpuucnoticias.com\/?p=7464\" \/>\n<meta property=\"og:locale\" content=\"es_ES\" \/>\n<meta property=\"og:type\" content=\"article\" \/>\n<meta property=\"og:title\" content=\"Celebran a los Docentes Tekaxe\u00f1os - El Puuc Noticias\" \/>\n<meta property=\"og:description\" content=\"El Ayuntamiento de Tekax en coordinaci\u00f3n con la direcci\u00f3n de educaci\u00f3n, realizaron la tradicional cena para celebrar el\" \/>\n<meta property=\"og:url\" content=\"https:\/\/elpuucnoticias.com\/?p=7464\" \/>\n<meta property=\"og:site_name\" content=\"El Puuc Noticias\" \/>\n<meta property=\"article:published_time\" content=\"2023-05-17T19:11:16+00:00\" \/>\n<meta property=\"article:modified_time\" content=\"2023-05-17T19:11:18+00:00\" \/>\n<meta property=\"og:image\" content=\"https:\/\/elpuucnoticias.com\/wp-content\/uploads\/2023\/05\/IMG-20230517-WA0046.jpg\" \/>\n\t<meta property=\"og:image:width\" content=\"1080\" \/>\n\t<meta property=\"og:image:height\" content=\"720\" \/>\n\t<meta property=\"og:image:type\" content=\"image\/jpeg\" \/>\n<meta name=\"twitter:card\" content=\"summary_large_image\" \/>\n<meta name=\"twitter:label1\" content=\"Escrito por\" \/>\n\t<meta name=\"twitter:data1\" content=\"Arnulfo del Carmen Peraza Rodr\u00edguez\" \/>\n\t<meta name=\"twitter:label2\" content=\"Tiempo de lectura\" \/>\n\t<meta name=\"twitter:data2\" content=\"2 minutos\" \/>\n<script type=\"application\/ld+json\" class=\"yoast-schema-graph\">{\"@context\":\"https:\/\/schema.org\",\"@graph\":[{\"@type\":\"WebSite\",\"@id\":\"https:\/\/elpuucnoticias.com\/#website\",\"url\":\"https:\/\/elpuucnoticias.com\/\",\"name\":\"El Puuc Noticias\",\"description\":\"Noticias - Entretenimiento - Deportes\",\"potentialAction\":[{\"@type\":\"SearchAction\",\"target\":{\"@type\":\"EntryPoint\",\"urlTemplate\":\"https:\/\/elpuucnoticias.com\/?s={search_term_string}\"},\"query-input\":\"required name=search_term_string\"}],\"inLanguage\":\"es\"},{\"@type\":\"ImageObject\",\"@id\":\"https:\/\/elpuucnoticias.com\/?p=7464#primaryimage\",\"inLanguage\":\"es\",\"url\":\"https:\/\/elpuucnoticias.com\/wp-content\/uploads\/2023\/05\/IMG-20230517-WA0046.jpg\",\"contentUrl\":\"https:\/\/elpuucnoticias.com\/wp-content\/uploads\/2023\/05\/IMG-20230517-WA0046.jpg\",\"width\":1080,\"height\":720},{\"@type\":\"WebPage\",\"@id\":\"https:\/\/elpuucnoticias.com\/?p=7464#webpage\",\"url\":\"https:\/\/elpuucnoticias.com\/?p=7464\",\"name\":\"Celebran a los Docentes Tekaxe\u00f1os - El Puuc Noticias\",\"isPartOf\":{\"@id\":\"https:\/\/elpuucnoticias.com\/#website\"},\"primaryImageOfPage\":{\"@id\":\"https:\/\/elpuucnoticias.com\/?p=7464#primaryimage\"},\"datePublished\":\"2023-05-17T19:11:16+00:00\",\"dateModified\":\"2023-05-17T19:11:18+00:00\",\"author\":{\"@id\":\"https:\/\/elpuucnoticias.com\/#\/schema\/person\/e34b3bcd87194824c1dd297628b62562\"},\"breadcrumb\":{\"@id\":\"https:\/\/elpuucnoticias.com\/?p=7464#breadcrumb\"},\"inLanguage\":\"es\",\"potentialAction\":[{\"@type\":\"ReadAction\",\"target\":[\"https:\/\/elpuucnoticias.com\/?p=7464\"]}]},{\"@type\":\"BreadcrumbList\",\"@id\":\"https:\/\/elpuucnoticias.com\/?p=7464#breadcrumb\",\"itemListElement\":[{\"@type\":\"ListItem\",\"position\":1,\"name\":\"Portada\",\"item\":\"https:\/\/elpuucnoticias.com\/\"},{\"@type\":\"ListItem\",\"position\":2,\"name\":\"Celebran a los Docentes Tekaxe\u00f1os\"}]},{\"@type\":\"Person\",\"@id\":\"https:\/\/elpuucnoticias.com\/#\/schema\/person\/e34b3bcd87194824c1dd297628b62562\",\"name\":\"Arnulfo del Carmen Peraza Rodr\u00edguez\",\"image\":{\"@type\":\"ImageObject\",\"@id\":\"https:\/\/elpuucnoticias.com\/#personlogo\",\"inLanguage\":\"es\",\"url\":\"https:\/\/secure.gravatar.com\/avatar\/e0ef36e3f2fb84398004d5d5718303e062559071e79f7023ec7f22121648029a?s=96&d=mm&r=g\",\"contentUrl\":\"https:\/\/secure.gravatar.com\/avatar\/e0ef36e3f2fb84398004d5d5718303e062559071e79f7023ec7f22121648029a?s=96&d=mm&r=g\",\"caption\":\"Arnulfo del Carmen Peraza Rodr\u00edguez\"},\"url\":\"https:\/\/elpuucnoticias.com\/?author=3\"}]}<\/script>\n<!-- \/ Yoast SEO plugin. -->","yoast_head_json":{"title":"Celebran a los Docentes Tekaxe\u00f1os - El Puuc Noticias","robots":{"index":"index","follow":"follow","max-snippet":"max-snippet:-1","max-image-preview":"max-image-preview:large","max-video-preview":"max-video-preview:-1"},"canonical":"https:\/\/elpuucnoticias.com\/?p=7464","og_locale":"es_ES","og_type":"article","og_title":"Celebran a los Docentes Tekaxe\u00f1os - El Puuc Noticias","og_description":"El Ayuntamiento de Tekax en coordinaci\u00f3n con la direcci\u00f3n de educaci\u00f3n, realizaron la tradicional cena para celebrar el","og_url":"https:\/\/elpuucnoticias.com\/?p=7464","og_site_name":"El Puuc Noticias","article_published_time":"2023-05-17T19:11:16+00:00","article_modified_time":"2023-05-17T19:11:18+00:00","og_image":[{"width":1080,"height":720,"url":"https:\/\/elpuucnoticias.com\/wp-content\/uploads\/2023\/05\/IMG-20230517-WA0046.jpg","type":"image\/jpeg"}],"twitter_card":"summary_large_image","twitter_misc":{"Escrito por":"Arnulfo del Carmen Peraza Rodr\u00edguez","Tiempo de lectura":"2 minutos"},"schema":{"@context":"https:\/\/schema.org","@graph":[{"@type":"WebSite","@id":"https:\/\/elpuucnoticias.com\/#website","url":"https:\/\/elpuucnoticias.com\/","name":"El Puuc Noticias","description":"Noticias - Entretenimiento - Deportes","potentialAction":[{"@type":"SearchAction","target":{"@type":"EntryPoint","urlTemplate":"https:\/\/elpuucnoticias.com\/?s={search_term_string}"},"query-input":"required name=search_term_string"}],"inLanguage":"es"},{"@type":"ImageObject","@id":"https:\/\/elpuucnoticias.com\/?p=7464#primaryimage","inLanguage":"es","url":"https:\/\/elpuucnoticias.com\/wp-content\/uploads\/2023\/05\/IMG-20230517-WA0046.jpg","contentUrl":"https:\/\/elpuucnoticias.com\/wp-content\/uploads\/2023\/05\/IMG-20230517-WA0046.jpg","width":1080,"height":720},{"@type":"WebPage","@id":"https:\/\/elpuucnoticias.com\/?p=7464#webpage","url":"https:\/\/elpuucnoticias.com\/?p=7464","name":"Celebran a los Docentes Tekaxe\u00f1os - El Puuc Noticias","isPartOf":{"@id":"https:\/\/elpuucnoticias.com\/#website"},"primaryImageOfPage":{"@id":"https:\/\/elpuucnoticias.com\/?p=7464#primaryimage"},"datePublished":"2023-05-17T19:11:16+00:00","dateModified":"2023-05-17T19:11:18+00:00","author":{"@id":"https:\/\/elpuucnoticias.com\/#\/schema\/person\/e34b3bcd87194824c1dd297628b62562"},"breadcrumb":{"@id":"https:\/\/elpuucnoticias.com\/?p=7464#breadcrumb"},"inLanguage":"es","potentialAction":[{"@type":"ReadAction","target":["https:\/\/elpuucnoticias.com\/?p=7464"]}]},{"@type":"BreadcrumbList","@id":"https:\/\/elpuucnoticias.com\/?p=7464#breadcrumb","itemListElement":[{"@type":"ListItem","position":1,"name":"Portada","item":"https:\/\/elpuucnoticias.com\/"},{"@type":"ListItem","position":2,"name":"Celebran a los Docentes Tekaxe\u00f1os"}]},{"@type":"Person","@id":"https:\/\/elpuucnoticias.com\/#\/schema\/person\/e34b3bcd87194824c1dd297628b62562","name":"Arnulfo del Carmen Peraza Rodr\u00edguez","image":{"@type":"ImageObject","@id":"https:\/\/elpuucnoticias.com\/#personlogo","inLanguage":"es","url":"https:\/\/secure.gravatar.com\/avatar\/e0ef36e3f2fb84398004d5d5718303e062559071e79f7023ec7f22121648029a?s=96&d=mm&r=g","contentUrl":"https:\/\/secure.gravatar.com\/avatar\/e0ef36e3f2fb84398004d5d5718303e062559071e79f7023ec7f22121648029a?s=96&d=mm&r=g","caption":"Arnulfo del Carmen Peraza Rodr\u00edguez"},"url":"https:\/\/elpuucnoticias.com\/?author=3"}]}},"_links":{"self":[{"href":"https:\/\/elpuucnoticias.com\/index.php?rest_route=\/wp\/v2\/posts\/7464","targetHints":{"allow":["GET"]}}],"collection":[{"href":"https:\/\/elpuucnoticias.com\/index.php?rest_route=\/wp\/v2\/posts"}],"about":[{"href":"https:\/\/elpuucnoticias.com\/index.php?rest_route=\/wp\/v2\/types\/post"}],"author":[{"embeddable":true,"href":"https:\/\/elpuucnoticias.com\/index.php?rest_route=\/wp\/v2\/users\/3"}],"replies":[{"embeddable":true,"href":"https:\/\/elpuucnoticias.com\/index.php?rest_route=%2Fwp%2Fv2%2Fcomments&post=7464"}],"version-history":[{"count":1,"href":"https:\/\/elpuucnoticias.com\/index.php?rest_route=\/wp\/v2\/posts\/7464\/revisions"}],"predecessor-version":[{"id":7471,"href":"https:\/\/elpuucnoticias.com\/index.php?rest_route=\/wp\/v2\/posts\/7464\/revisions\/7471"}],"wp:featuredmedia":[{"embeddable":true,"href":"https:\/\/elpuucnoticias.com\/index.php?rest_route=\/wp\/v2\/media\/7465"}],"wp:attachment":[{"href":"https:\/\/elpuucnoticias.com\/index.php?rest_route=%2Fwp%2Fv2%2Fmedia&parent=7464"}],"wp:term":[{"taxonomy":"category","embeddable":true,"href":"https:\/\/elpuucnoticias.com\/index.php?rest_route=%2Fwp%2Fv2%2Fcategories&post=7464"},{"taxonomy":"post_tag","embeddable":true,"href":"https:\/\/elpuucnoticias.com\/index.php?rest_route=%2Fwp%2Fv2%2Ftags&post=7464"}],"curies":[{"name":"wp","href":"https:\/\/api.w.org\/{rel}","templated":true}]}}