{"id":7472,"date":"2023-05-17T13:15:56","date_gmt":"2023-05-17T19:15:56","guid":{"rendered":"https:\/\/elpuucnoticias.com\/?p=7472"},"modified":"2023-05-17T13:15:57","modified_gmt":"2023-05-17T19:15:57","slug":"tekax-contara-con-un-plan-de-desarrollo-urbano-municipal","status":"publish","type":"post","link":"https:\/\/elpuucnoticias.com\/?p=7472","title":{"rendered":"Tekax contar\u00e1 con un Plan de Desarrollo Urbano Municipal"},"content":{"rendered":"\n<p>En el marco de la formulaci\u00f3n del Plan de Desarrollo Urbano, el alcalde Diego \u00c1vila sostuvo una reuni\u00f3n con personal de la SEDATU. Durante dicha reuni\u00f3n se habl\u00f3 sobre los temas de este ejercicio de planeaci\u00f3n que est\u00e1 realizando el Ayuntamiento de Tekax.<\/p>\n\n\n\n<p>Adenas se abordaron temas sobre los desaf\u00edos, retos y posibilidades que tiene Tekax para el desarrollo de este plan municipal.<\/p>\n\n\n\n<figure class=\"wp-block-gallery has-nested-images columns-default is-cropped wp-block-gallery-1 is-layout-flex wp-block-gallery-is-layout-flex\">\n<figure class=\"wp-block-image size-large\"><img loading=\"lazy\" decoding=\"async\" width=\"1024\" height=\"683\" data-id=\"7476\" src=\"https:\/\/elpuucnoticias.com\/wp-content\/uploads\/2023\/05\/IMG-20230517-WA0052-1024x683.jpg\" alt=\"\" class=\"wp-image-7476\" srcset=\"https:\/\/elpuucnoticias.com\/wp-content\/uploads\/2023\/05\/IMG-20230517-WA0052-1024x683.jpg 1024w, https:\/\/elpuucnoticias.com\/wp-content\/uploads\/2023\/05\/IMG-20230517-WA0052-300x200.jpg 300w, https:\/\/elpuucnoticias.com\/wp-content\/uploads\/2023\/05\/IMG-20230517-WA0052-768x512.jpg 768w, https:\/\/elpuucnoticias.com\/wp-content\/uploads\/2023\/05\/IMG-20230517-WA0052.jpg 1080w\" sizes=\"auto, (max-width: 1024px) 100vw, 1024px\" \/><\/figure>\n\n\n\n<figure class=\"wp-block-image size-large\"><img loading=\"lazy\" decoding=\"async\" width=\"1024\" height=\"683\" data-id=\"7475\" src=\"https:\/\/elpuucnoticias.com\/wp-content\/uploads\/2023\/05\/IMG-20230517-WA0047-1024x683.jpg\" alt=\"\" class=\"wp-image-7475\" srcset=\"https:\/\/elpuucnoticias.com\/wp-content\/uploads\/2023\/05\/IMG-20230517-WA0047-1024x683.jpg 1024w, https:\/\/elpuucnoticias.com\/wp-content\/uploads\/2023\/05\/IMG-20230517-WA0047-300x200.jpg 300w, https:\/\/elpuucnoticias.com\/wp-content\/uploads\/2023\/05\/IMG-20230517-WA0047-768x512.jpg 768w, https:\/\/elpuucnoticias.com\/wp-content\/uploads\/2023\/05\/IMG-20230517-WA0047.jpg 1080w\" sizes=\"auto, (max-width: 1024px) 100vw, 1024px\" \/><\/figure>\n\n\n\n<figure class=\"wp-block-image size-large\"><img loading=\"lazy\" decoding=\"async\" width=\"1024\" height=\"683\" data-id=\"7474\" src=\"https:\/\/elpuucnoticias.com\/wp-content\/uploads\/2023\/05\/IMG-20230517-WA0050-1024x683.jpg\" alt=\"\" class=\"wp-image-7474\" srcset=\"https:\/\/elpuucnoticias.com\/wp-content\/uploads\/2023\/05\/IMG-20230517-WA0050-1024x683.jpg 1024w, https:\/\/elpuucnoticias.com\/wp-content\/uploads\/2023\/05\/IMG-20230517-WA0050-300x200.jpg 300w, https:\/\/elpuucnoticias.com\/wp-content\/uploads\/2023\/05\/IMG-20230517-WA0050-768x512.jpg 768w, https:\/\/elpuucnoticias.com\/wp-content\/uploads\/2023\/05\/IMG-20230517-WA0050.jpg 1080w\" sizes=\"auto, (max-width: 1024px) 100vw, 1024px\" \/><\/figure>\n<\/figure>\n\n\n\n<p>El cual estar\u00e1 siendo desarrollado en colaboraci\u00f3n con la SEDATU y permitir\u00e1 la planificaci\u00f3n de nuevos proyectos, obras y programas para Tekax.<\/p>\n\n\n\n<p>Se cont\u00f3 con la presencia de Luis Sauma Castro, Jefe de Unidad de Desarrollo Urbano y Ordenaci\u00f3n del Territorio de la Secretar\u00eda de Desarrollo Agrario, Territorial y Urbano (SEDATU) y personal de esta misma dependencia.<\/p>\n\n\n\n<p>El Plan de Desarrollo Urbano permitir\u00e1 tener una ciudad planificada que beneficie a los tekaxe\u00f1os.<\/p>\n\n\n\n<p>\u00abEstamos trabajando hacia la ciudad con un crecimiento ordenado y sostenible, que en corto plazo beneficie a todos los ciudadanos\u00bb explic\u00f3\u00a0Diego\u00a0\u00c1vila.<\/p>\n","protected":false},"excerpt":{"rendered":"<p>En el marco de la formulaci\u00f3n del Plan de Desarrollo Urbano, el alcalde Diego \u00c1vila sostuvo una reuni\u00f3n<\/p>\n","protected":false},"author":3,"featured_media":7473,"comment_status":"closed","ping_status":"open","sticky":false,"template":"","format":"standard","meta":{"_monsterinsights_skip_tracking":false,"_monsterinsights_sitenote_active":false,"_monsterinsights_sitenote_note":"","_monsterinsights_sitenote_category":0,"footnotes":""},"categories":[11,4],"tags":[],"class_list":["post-7472","post","type-post","status-publish","format-standard","has-post-thumbnail","hentry","category-noticias","category-tekax"],"yoast_head":"<!-- This site is optimized with the Yoast SEO plugin v18.3 - https:\/\/yoast.com\/wordpress\/plugins\/seo\/ -->\n<title>Tekax contar\u00e1 con un Plan de Desarrollo Urbano Municipal - El Puuc Noticias<\/title>\n<meta name=\"robots\" content=\"index, follow, max-snippet:-1, max-image-preview:large, max-video-preview:-1\" \/>\n<link rel=\"canonical\" href=\"https:\/\/elpuucnoticias.com\/?p=7472\" \/>\n<meta property=\"og:locale\" content=\"es_ES\" \/>\n<meta property=\"og:type\" content=\"article\" \/>\n<meta property=\"og:title\" content=\"Tekax contar\u00e1 con un Plan de Desarrollo Urbano Municipal - El Puuc Noticias\" \/>\n<meta property=\"og:description\" content=\"En el marco de la formulaci\u00f3n del Plan de Desarrollo Urbano, el alcalde Diego \u00c1vila sostuvo una reuni\u00f3n\" \/>\n<meta property=\"og:url\" content=\"https:\/\/elpuucnoticias.com\/?p=7472\" \/>\n<meta property=\"og:site_name\" content=\"El Puuc Noticias\" \/>\n<meta property=\"article:published_time\" content=\"2023-05-17T19:15:56+00:00\" \/>\n<meta property=\"article:modified_time\" content=\"2023-05-17T19:15:57+00:00\" \/>\n<meta property=\"og:image\" content=\"https:\/\/elpuucnoticias.com\/wp-content\/uploads\/2023\/05\/IMG-20230517-WA0051.jpg\" \/>\n\t<meta property=\"og:image:width\" content=\"1080\" \/>\n\t<meta property=\"og:image:height\" content=\"720\" \/>\n\t<meta property=\"og:image:type\" content=\"image\/jpeg\" \/>\n<meta name=\"twitter:card\" content=\"summary_large_image\" \/>\n<meta name=\"twitter:label1\" content=\"Escrito por\" \/>\n\t<meta name=\"twitter:data1\" content=\"Arnulfo del Carmen Peraza Rodr\u00edguez\" \/>\n\t<meta name=\"twitter:label2\" content=\"Tiempo de lectura\" \/>\n\t<meta name=\"twitter:data2\" content=\"2 minutos\" \/>\n<script type=\"application\/ld+json\" class=\"yoast-schema-graph\">{\"@context\":\"https:\/\/schema.org\",\"@graph\":[{\"@type\":\"WebSite\",\"@id\":\"https:\/\/elpuucnoticias.com\/#website\",\"url\":\"https:\/\/elpuucnoticias.com\/\",\"name\":\"El Puuc Noticias\",\"description\":\"Noticias - Entretenimiento - Deportes\",\"potentialAction\":[{\"@type\":\"SearchAction\",\"target\":{\"@type\":\"EntryPoint\",\"urlTemplate\":\"https:\/\/elpuucnoticias.com\/?s={search_term_string}\"},\"query-input\":\"required name=search_term_string\"}],\"inLanguage\":\"es\"},{\"@type\":\"ImageObject\",\"@id\":\"https:\/\/elpuucnoticias.com\/?p=7472#primaryimage\",\"inLanguage\":\"es\",\"url\":\"https:\/\/elpuucnoticias.com\/wp-content\/uploads\/2023\/05\/IMG-20230517-WA0051.jpg\",\"contentUrl\":\"https:\/\/elpuucnoticias.com\/wp-content\/uploads\/2023\/05\/IMG-20230517-WA0051.jpg\",\"width\":1080,\"height\":720},{\"@type\":\"WebPage\",\"@id\":\"https:\/\/elpuucnoticias.com\/?p=7472#webpage\",\"url\":\"https:\/\/elpuucnoticias.com\/?p=7472\",\"name\":\"Tekax contar\u00e1 con un Plan de Desarrollo Urbano Municipal - El Puuc Noticias\",\"isPartOf\":{\"@id\":\"https:\/\/elpuucnoticias.com\/#website\"},\"primaryImageOfPage\":{\"@id\":\"https:\/\/elpuucnoticias.com\/?p=7472#primaryimage\"},\"datePublished\":\"2023-05-17T19:15:56+00:00\",\"dateModified\":\"2023-05-17T19:15:57+00:00\",\"author\":{\"@id\":\"https:\/\/elpuucnoticias.com\/#\/schema\/person\/e34b3bcd87194824c1dd297628b62562\"},\"breadcrumb\":{\"@id\":\"https:\/\/elpuucnoticias.com\/?p=7472#breadcrumb\"},\"inLanguage\":\"es\",\"potentialAction\":[{\"@type\":\"ReadAction\",\"target\":[\"https:\/\/elpuucnoticias.com\/?p=7472\"]}]},{\"@type\":\"BreadcrumbList\",\"@id\":\"https:\/\/elpuucnoticias.com\/?p=7472#breadcrumb\",\"itemListElement\":[{\"@type\":\"ListItem\",\"position\":1,\"name\":\"Portada\",\"item\":\"https:\/\/elpuucnoticias.com\/\"},{\"@type\":\"ListItem\",\"position\":2,\"name\":\"Tekax contar\u00e1 con un Plan de Desarrollo Urbano Municipal\"}]},{\"@type\":\"Person\",\"@id\":\"https:\/\/elpuucnoticias.com\/#\/schema\/person\/e34b3bcd87194824c1dd297628b62562\",\"name\":\"Arnulfo del Carmen Peraza Rodr\u00edguez\",\"image\":{\"@type\":\"ImageObject\",\"@id\":\"https:\/\/elpuucnoticias.com\/#personlogo\",\"inLanguage\":\"es\",\"url\":\"https:\/\/secure.gravatar.com\/avatar\/e0ef36e3f2fb84398004d5d5718303e062559071e79f7023ec7f22121648029a?s=96&d=mm&r=g\",\"contentUrl\":\"https:\/\/secure.gravatar.com\/avatar\/e0ef36e3f2fb84398004d5d5718303e062559071e79f7023ec7f22121648029a?s=96&d=mm&r=g\",\"caption\":\"Arnulfo del Carmen Peraza Rodr\u00edguez\"},\"url\":\"https:\/\/elpuucnoticias.com\/?author=3\"}]}<\/script>\n<!-- \/ Yoast SEO plugin. -->","yoast_head_json":{"title":"Tekax contar\u00e1 con un Plan de Desarrollo Urbano Municipal - El Puuc Noticias","robots":{"index":"index","follow":"follow","max-snippet":"max-snippet:-1","max-image-preview":"max-image-preview:large","max-video-preview":"max-video-preview:-1"},"canonical":"https:\/\/elpuucnoticias.com\/?p=7472","og_locale":"es_ES","og_type":"article","og_title":"Tekax contar\u00e1 con un Plan de Desarrollo Urbano Municipal - El Puuc Noticias","og_description":"En el marco de la formulaci\u00f3n del Plan de Desarrollo Urbano, el alcalde Diego \u00c1vila sostuvo una reuni\u00f3n","og_url":"https:\/\/elpuucnoticias.com\/?p=7472","og_site_name":"El Puuc Noticias","article_published_time":"2023-05-17T19:15:56+00:00","article_modified_time":"2023-05-17T19:15:57+00:00","og_image":[{"width":1080,"height":720,"url":"https:\/\/elpuucnoticias.com\/wp-content\/uploads\/2023\/05\/IMG-20230517-WA0051.jpg","type":"image\/jpeg"}],"twitter_card":"summary_large_image","twitter_misc":{"Escrito por":"Arnulfo del Carmen Peraza Rodr\u00edguez","Tiempo de lectura":"2 minutos"},"schema":{"@context":"https:\/\/schema.org","@graph":[{"@type":"WebSite","@id":"https:\/\/elpuucnoticias.com\/#website","url":"https:\/\/elpuucnoticias.com\/","name":"El Puuc Noticias","description":"Noticias - Entretenimiento - Deportes","potentialAction":[{"@type":"SearchAction","target":{"@type":"EntryPoint","urlTemplate":"https:\/\/elpuucnoticias.com\/?s={search_term_string}"},"query-input":"required name=search_term_string"}],"inLanguage":"es"},{"@type":"ImageObject","@id":"https:\/\/elpuucnoticias.com\/?p=7472#primaryimage","inLanguage":"es","url":"https:\/\/elpuucnoticias.com\/wp-content\/uploads\/2023\/05\/IMG-20230517-WA0051.jpg","contentUrl":"https:\/\/elpuucnoticias.com\/wp-content\/uploads\/2023\/05\/IMG-20230517-WA0051.jpg","width":1080,"height":720},{"@type":"WebPage","@id":"https:\/\/elpuucnoticias.com\/?p=7472#webpage","url":"https:\/\/elpuucnoticias.com\/?p=7472","name":"Tekax contar\u00e1 con un Plan de Desarrollo Urbano Municipal - El Puuc Noticias","isPartOf":{"@id":"https:\/\/elpuucnoticias.com\/#website"},"primaryImageOfPage":{"@id":"https:\/\/elpuucnoticias.com\/?p=7472#primaryimage"},"datePublished":"2023-05-17T19:15:56+00:00","dateModified":"2023-05-17T19:15:57+00:00","author":{"@id":"https:\/\/elpuucnoticias.com\/#\/schema\/person\/e34b3bcd87194824c1dd297628b62562"},"breadcrumb":{"@id":"https:\/\/elpuucnoticias.com\/?p=7472#breadcrumb"},"inLanguage":"es","potentialAction":[{"@type":"ReadAction","target":["https:\/\/elpuucnoticias.com\/?p=7472"]}]},{"@type":"BreadcrumbList","@id":"https:\/\/elpuucnoticias.com\/?p=7472#breadcrumb","itemListElement":[{"@type":"ListItem","position":1,"name":"Portada","item":"https:\/\/elpuucnoticias.com\/"},{"@type":"ListItem","position":2,"name":"Tekax contar\u00e1 con un Plan de Desarrollo Urbano Municipal"}]},{"@type":"Person","@id":"https:\/\/elpuucnoticias.com\/#\/schema\/person\/e34b3bcd87194824c1dd297628b62562","name":"Arnulfo del Carmen Peraza Rodr\u00edguez","image":{"@type":"ImageObject","@id":"https:\/\/elpuucnoticias.com\/#personlogo","inLanguage":"es","url":"https:\/\/secure.gravatar.com\/avatar\/e0ef36e3f2fb84398004d5d5718303e062559071e79f7023ec7f22121648029a?s=96&d=mm&r=g","contentUrl":"https:\/\/secure.gravatar.com\/avatar\/e0ef36e3f2fb84398004d5d5718303e062559071e79f7023ec7f22121648029a?s=96&d=mm&r=g","caption":"Arnulfo del Carmen Peraza Rodr\u00edguez"},"url":"https:\/\/elpuucnoticias.com\/?author=3"}]}},"_links":{"self":[{"href":"https:\/\/elpuucnoticias.com\/index.php?rest_route=\/wp\/v2\/posts\/7472","targetHints":{"allow":["GET"]}}],"collection":[{"href":"https:\/\/elpuucnoticias.com\/index.php?rest_route=\/wp\/v2\/posts"}],"about":[{"href":"https:\/\/elpuucnoticias.com\/index.php?rest_route=\/wp\/v2\/types\/post"}],"author":[{"embeddable":true,"href":"https:\/\/elpuucnoticias.com\/index.php?rest_route=\/wp\/v2\/users\/3"}],"replies":[{"embeddable":true,"href":"https:\/\/elpuucnoticias.com\/index.php?rest_route=%2Fwp%2Fv2%2Fcomments&post=7472"}],"version-history":[{"count":1,"href":"https:\/\/elpuucnoticias.com\/index.php?rest_route=\/wp\/v2\/posts\/7472\/revisions"}],"predecessor-version":[{"id":7477,"href":"https:\/\/elpuucnoticias.com\/index.php?rest_route=\/wp\/v2\/posts\/7472\/revisions\/7477"}],"wp:featuredmedia":[{"embeddable":true,"href":"https:\/\/elpuucnoticias.com\/index.php?rest_route=\/wp\/v2\/media\/7473"}],"wp:attachment":[{"href":"https:\/\/elpuucnoticias.com\/index.php?rest_route=%2Fwp%2Fv2%2Fmedia&parent=7472"}],"wp:term":[{"taxonomy":"category","embeddable":true,"href":"https:\/\/elpuucnoticias.com\/index.php?rest_route=%2Fwp%2Fv2%2Fcategories&post=7472"},{"taxonomy":"post_tag","embeddable":true,"href":"https:\/\/elpuucnoticias.com\/index.php?rest_route=%2Fwp%2Fv2%2Ftags&post=7472"}],"curies":[{"name":"wp","href":"https:\/\/api.w.org\/{rel}","templated":true}]}}