{"id":7480,"date":"2023-05-19T13:54:45","date_gmt":"2023-05-19T19:54:45","guid":{"rendered":"https:\/\/elpuucnoticias.com\/?p=7480"},"modified":"2023-05-19T13:54:47","modified_gmt":"2023-05-19T19:54:47","slug":"realizan-jornada-de-derechos-humanos-en-ticul","status":"publish","type":"post","link":"https:\/\/elpuucnoticias.com\/?p=7480","title":{"rendered":"Realizan jornada de Derechos Humanos en Ticul"},"content":{"rendered":"\n<p>Este mi\u00e9rcoles se llev\u00f3 a cabo en la Perla del Sur la \u201cJornada de derechos humanos en tu municipio\u201d donde se ofrecieron cursos, capacitaciones, talleres, as\u00ed como asesor\u00eda y orientaci\u00f3n de quejas, todo de manera gratuita para la ciudadan\u00eda.<br>Esto, con el fin de promover en el municipio los derechos de los ciudadanos.<\/p>\n\n\n\n<p>La Biblioteca Municipal de Ticul, fue una de las sedes de la primer conferencia denominada \u201cPrevenci\u00f3n de la Violencia Escolar\u201d dirigida a supervisores escolares, directores y profesores de la zona.<\/p>\n\n\n\n<figure class=\"wp-block-gallery has-nested-images columns-default is-cropped wp-block-gallery-1 is-layout-flex wp-block-gallery-is-layout-flex\">\n<figure class=\"wp-block-image size-large\"><img loading=\"lazy\" decoding=\"async\" width=\"1024\" height=\"713\" data-id=\"7482\" src=\"https:\/\/elpuucnoticias.com\/wp-content\/uploads\/2023\/05\/WhatsApp-Image-2023-05-19-at-8.46.52-AM-1-1024x713.jpeg\" alt=\"\" class=\"wp-image-7482\" srcset=\"https:\/\/elpuucnoticias.com\/wp-content\/uploads\/2023\/05\/WhatsApp-Image-2023-05-19-at-8.46.52-AM-1-1024x713.jpeg 1024w, https:\/\/elpuucnoticias.com\/wp-content\/uploads\/2023\/05\/WhatsApp-Image-2023-05-19-at-8.46.52-AM-1-300x209.jpeg 300w, https:\/\/elpuucnoticias.com\/wp-content\/uploads\/2023\/05\/WhatsApp-Image-2023-05-19-at-8.46.52-AM-1-768x535.jpeg 768w, https:\/\/elpuucnoticias.com\/wp-content\/uploads\/2023\/05\/WhatsApp-Image-2023-05-19-at-8.46.52-AM-1.jpeg 1466w\" sizes=\"auto, (max-width: 1024px) 100vw, 1024px\" \/><\/figure>\n\n\n\n<figure class=\"wp-block-image size-large\"><img loading=\"lazy\" decoding=\"async\" width=\"1024\" height=\"867\" data-id=\"7483\" src=\"https:\/\/elpuucnoticias.com\/wp-content\/uploads\/2023\/05\/WhatsApp-Image-2023-05-19-at-8.46.52-AM-1024x867.jpeg\" alt=\"\" class=\"wp-image-7483\" srcset=\"https:\/\/elpuucnoticias.com\/wp-content\/uploads\/2023\/05\/WhatsApp-Image-2023-05-19-at-8.46.52-AM-1024x867.jpeg 1024w, https:\/\/elpuucnoticias.com\/wp-content\/uploads\/2023\/05\/WhatsApp-Image-2023-05-19-at-8.46.52-AM-300x254.jpeg 300w, https:\/\/elpuucnoticias.com\/wp-content\/uploads\/2023\/05\/WhatsApp-Image-2023-05-19-at-8.46.52-AM-768x650.jpeg 768w, https:\/\/elpuucnoticias.com\/wp-content\/uploads\/2023\/05\/WhatsApp-Image-2023-05-19-at-8.46.52-AM-1536x1301.jpeg 1536w, https:\/\/elpuucnoticias.com\/wp-content\/uploads\/2023\/05\/WhatsApp-Image-2023-05-19-at-8.46.52-AM.jpeg 1600w\" sizes=\"auto, (max-width: 1024px) 100vw, 1024px\" \/><\/figure>\n\n\n\n<figure class=\"wp-block-image size-large\"><img loading=\"lazy\" decoding=\"async\" width=\"1024\" height=\"729\" data-id=\"7485\" src=\"https:\/\/elpuucnoticias.com\/wp-content\/uploads\/2023\/05\/WhatsApp-Image-2023-05-19-at-8.46.51-AM-4-1024x729.jpeg\" alt=\"\" class=\"wp-image-7485\" srcset=\"https:\/\/elpuucnoticias.com\/wp-content\/uploads\/2023\/05\/WhatsApp-Image-2023-05-19-at-8.46.51-AM-4-1024x729.jpeg 1024w, https:\/\/elpuucnoticias.com\/wp-content\/uploads\/2023\/05\/WhatsApp-Image-2023-05-19-at-8.46.51-AM-4-300x214.jpeg 300w, https:\/\/elpuucnoticias.com\/wp-content\/uploads\/2023\/05\/WhatsApp-Image-2023-05-19-at-8.46.51-AM-4-768x547.jpeg 768w, https:\/\/elpuucnoticias.com\/wp-content\/uploads\/2023\/05\/WhatsApp-Image-2023-05-19-at-8.46.51-AM-4.jpeg 1400w\" sizes=\"auto, (max-width: 1024px) 100vw, 1024px\" \/><\/figure>\n\n\n\n<figure class=\"wp-block-image size-large\"><img loading=\"lazy\" decoding=\"async\" width=\"1024\" height=\"683\" data-id=\"7484\" src=\"https:\/\/elpuucnoticias.com\/wp-content\/uploads\/2023\/05\/WhatsApp-Image-2023-05-19-at-8.46.51-AM-2-1024x683.jpeg\" alt=\"\" class=\"wp-image-7484\" srcset=\"https:\/\/elpuucnoticias.com\/wp-content\/uploads\/2023\/05\/WhatsApp-Image-2023-05-19-at-8.46.51-AM-2-1024x683.jpeg 1024w, https:\/\/elpuucnoticias.com\/wp-content\/uploads\/2023\/05\/WhatsApp-Image-2023-05-19-at-8.46.51-AM-2-300x200.jpeg 300w, https:\/\/elpuucnoticias.com\/wp-content\/uploads\/2023\/05\/WhatsApp-Image-2023-05-19-at-8.46.51-AM-2-768x512.jpeg 768w, https:\/\/elpuucnoticias.com\/wp-content\/uploads\/2023\/05\/WhatsApp-Image-2023-05-19-at-8.46.51-AM-2.jpeg 1531w\" sizes=\"auto, (max-width: 1024px) 100vw, 1024px\" \/><\/figure>\n<\/figure>\n\n\n\n<p>En el evento se cont\u00f3 con la presencia del Alcalde de Ticul, Lic. Rafael Montalvo Mata, del Mtro. Jos\u00e9 Arjona Canto, Secretario Ejecutivo de la Comisi\u00f3n de Derechos Humanos del Estado de Yucat\u00e1n, en representaci\u00f3n del Presidente de la Comisi\u00f3n de Derechos Humanos de Estado de Yucat\u00e1n (CODHEY), Mtro. Miguel Sabido Santana, tambi\u00e9n se cont\u00f3 con la presencia de la Dra. Mar\u00eda Jos\u00e9 Chabl\u00e9 Mendoza Supervisora de la zona escolar 21 en representaci\u00f3n de la Mtra. Linda Basto \u00c1vila Directora General de Educaci\u00f3n B\u00e1sica de la SEGEY.<\/p>\n\n\n\n<p>El Secretario Ejecutivo de la Comisi\u00f3n de Derechos Humanos del Estado de Yucat\u00e1n (CODHEY), Mtro. Jos\u00e9 Arjona Canto mencion\u00f3 que la necesidad de llevar los servicios que ofrece la CODHEY a las comunidades de Yucat\u00e1n, sobre todo las m\u00e1s alejadas y con poca accesibilidad es una prioridad para la comisi\u00f3n, por lo que se sent\u00eda agradecido de trabajar de manera coordinada con los alcaldes, reconoci\u00f3 la disposici\u00f3n de los Ayuntamientos para brindar los espacios y las facilidades para realizar las jornadas, y de esta manera trabajar en favor de los derechos humanos.<\/p>\n\n\n\n<p>Por su parte el alcalde de Ticul Rafael Montalvo Mata, dijo estar en la mejor disposici\u00f3n de hacer sinergia y trabajar en pro de los derechos de la personas, recalc\u00f3 que en Ticul se est\u00e1 trabajando por la inclusi\u00f3n, record\u00f3 que en el municipio se cuenta con un departamento de Igualdad de G\u00e9nero y Grupos Vulnerables, Una instancia municipal de Las mujeres y un Consejo Municipal contra la Violencia a la Mujer y a las Familias de cualquier tipo, es as\u00ed como en la Perla del Sur estamos sentando bases para ser un municipio m\u00e1s inclusivo, respetuoso y con mas oportunidades para todos.<\/p>\n\n\n\n<figure class=\"wp-block-gallery has-nested-images columns-default is-cropped wp-block-gallery-2 is-layout-flex wp-block-gallery-is-layout-flex\">\n<figure class=\"wp-block-image size-large\"><img loading=\"lazy\" decoding=\"async\" width=\"1024\" height=\"692\" data-id=\"7486\" src=\"https:\/\/elpuucnoticias.com\/wp-content\/uploads\/2023\/05\/WhatsApp-Image-2023-05-19-at-8.46.51-AM-1024x692.jpeg\" alt=\"\" class=\"wp-image-7486\" srcset=\"https:\/\/elpuucnoticias.com\/wp-content\/uploads\/2023\/05\/WhatsApp-Image-2023-05-19-at-8.46.51-AM-1024x692.jpeg 1024w, https:\/\/elpuucnoticias.com\/wp-content\/uploads\/2023\/05\/WhatsApp-Image-2023-05-19-at-8.46.51-AM-300x203.jpeg 300w, https:\/\/elpuucnoticias.com\/wp-content\/uploads\/2023\/05\/WhatsApp-Image-2023-05-19-at-8.46.51-AM-768x519.jpeg 768w, https:\/\/elpuucnoticias.com\/wp-content\/uploads\/2023\/05\/WhatsApp-Image-2023-05-19-at-8.46.51-AM.jpeg 1439w\" sizes=\"auto, (max-width: 1024px) 100vw, 1024px\" \/><\/figure>\n\n\n\n<figure class=\"wp-block-image size-large\"><img loading=\"lazy\" decoding=\"async\" width=\"1024\" height=\"683\" data-id=\"7488\" src=\"https:\/\/elpuucnoticias.com\/wp-content\/uploads\/2023\/05\/WhatsApp-Image-2023-05-19-at-8.46.50-AM-1-1024x683.jpeg\" alt=\"\" class=\"wp-image-7488\" srcset=\"https:\/\/elpuucnoticias.com\/wp-content\/uploads\/2023\/05\/WhatsApp-Image-2023-05-19-at-8.46.50-AM-1-1024x683.jpeg 1024w, https:\/\/elpuucnoticias.com\/wp-content\/uploads\/2023\/05\/WhatsApp-Image-2023-05-19-at-8.46.50-AM-1-300x200.jpeg 300w, https:\/\/elpuucnoticias.com\/wp-content\/uploads\/2023\/05\/WhatsApp-Image-2023-05-19-at-8.46.50-AM-1-768x512.jpeg 768w, https:\/\/elpuucnoticias.com\/wp-content\/uploads\/2023\/05\/WhatsApp-Image-2023-05-19-at-8.46.50-AM-1.jpeg 1531w\" sizes=\"auto, (max-width: 1024px) 100vw, 1024px\" \/><\/figure>\n\n\n\n<figure class=\"wp-block-image size-large\"><img loading=\"lazy\" decoding=\"async\" width=\"1024\" height=\"826\" data-id=\"7487\" src=\"https:\/\/elpuucnoticias.com\/wp-content\/uploads\/2023\/05\/WhatsApp-Image-2023-05-19-at-8.46.50-AM-1024x826.jpeg\" alt=\"\" class=\"wp-image-7487\" srcset=\"https:\/\/elpuucnoticias.com\/wp-content\/uploads\/2023\/05\/WhatsApp-Image-2023-05-19-at-8.46.50-AM-1024x826.jpeg 1024w, https:\/\/elpuucnoticias.com\/wp-content\/uploads\/2023\/05\/WhatsApp-Image-2023-05-19-at-8.46.50-AM-300x242.jpeg 300w, https:\/\/elpuucnoticias.com\/wp-content\/uploads\/2023\/05\/WhatsApp-Image-2023-05-19-at-8.46.50-AM-768x619.jpeg 768w, https:\/\/elpuucnoticias.com\/wp-content\/uploads\/2023\/05\/WhatsApp-Image-2023-05-19-at-8.46.50-AM-1536x1238.jpeg 1536w, https:\/\/elpuucnoticias.com\/wp-content\/uploads\/2023\/05\/WhatsApp-Image-2023-05-19-at-8.46.50-AM.jpeg 1600w\" sizes=\"auto, (max-width: 1024px) 100vw, 1024px\" \/><\/figure>\n\n\n\n<figure class=\"wp-block-image size-large\"><img loading=\"lazy\" decoding=\"async\" width=\"1024\" height=\"922\" data-id=\"7489\" src=\"https:\/\/elpuucnoticias.com\/wp-content\/uploads\/2023\/05\/WhatsApp-Image-2023-05-19-at-8.46.51-AM-1-1024x922.jpeg\" alt=\"\" class=\"wp-image-7489\" srcset=\"https:\/\/elpuucnoticias.com\/wp-content\/uploads\/2023\/05\/WhatsApp-Image-2023-05-19-at-8.46.51-AM-1-1024x922.jpeg 1024w, https:\/\/elpuucnoticias.com\/wp-content\/uploads\/2023\/05\/WhatsApp-Image-2023-05-19-at-8.46.51-AM-1-300x270.jpeg 300w, https:\/\/elpuucnoticias.com\/wp-content\/uploads\/2023\/05\/WhatsApp-Image-2023-05-19-at-8.46.51-AM-1-768x692.jpeg 768w, https:\/\/elpuucnoticias.com\/wp-content\/uploads\/2023\/05\/WhatsApp-Image-2023-05-19-at-8.46.51-AM-1-1536x1383.jpeg 1536w, https:\/\/elpuucnoticias.com\/wp-content\/uploads\/2023\/05\/WhatsApp-Image-2023-05-19-at-8.46.51-AM-1.jpeg 1600w\" sizes=\"auto, (max-width: 1024px) 100vw, 1024px\" \/><\/figure>\n<\/figure>\n\n\n\n<p>En las escuelas tambi\u00e9n se llevaron conferencias y talleres sobre los \u201cderechos humanos y la educaci\u00f3n\u201d, \u201cla no discriminaci\u00f3n\u201d y la \u201cprotecci\u00f3n de la salud\u201d, para difundir el mensaje de derechos y responsabilidades de las ni\u00f1as, ni\u00f1os y j\u00f3venes.<\/p>\n\n\n\n<p>Adem\u00e1s, se instalaron m\u00f3dulos para orientar a las personas que deseen interponer alguna queja por alguna violaci\u00f3n a sus derechos humanos, y en donde se cont\u00f3 con personal biling\u00fce.<\/p>\n\n\n\n<p>Estas jornadas llegaran a varios municipios del interior del estado con el de que la CODHEY haga llegar todos los servicios que ofrece y recalcar que son totalmente gratuitos.<\/p>\n","protected":false},"excerpt":{"rendered":"<p>Este mi\u00e9rcoles se llev\u00f3 a cabo en la Perla del Sur la \u201cJornada de derechos humanos en tu<\/p>\n","protected":false},"author":1,"featured_media":7481,"comment_status":"closed","ping_status":"open","sticky":false,"template":"","format":"standard","meta":{"_monsterinsights_skip_tracking":false,"_monsterinsights_sitenote_active":false,"_monsterinsights_sitenote_note":"","_monsterinsights_sitenote_category":0,"footnotes":""},"categories":[11,13],"tags":[],"class_list":["post-7480","post","type-post","status-publish","format-standard","has-post-thumbnail","hentry","category-noticias","category-ticul"],"yoast_head":"<!-- This site is optimized with the Yoast SEO plugin v18.3 - https:\/\/yoast.com\/wordpress\/plugins\/seo\/ -->\n<title>Realizan jornada de Derechos Humanos en Ticul - El Puuc Noticias<\/title>\n<meta name=\"robots\" content=\"index, follow, max-snippet:-1, max-image-preview:large, max-video-preview:-1\" \/>\n<link rel=\"canonical\" href=\"https:\/\/elpuucnoticias.com\/?p=7480\" \/>\n<meta property=\"og:locale\" content=\"es_ES\" \/>\n<meta property=\"og:type\" content=\"article\" \/>\n<meta property=\"og:title\" content=\"Realizan jornada de Derechos Humanos en Ticul - El Puuc Noticias\" \/>\n<meta property=\"og:description\" content=\"Este mi\u00e9rcoles se llev\u00f3 a cabo en la Perla del Sur la \u201cJornada de derechos humanos en tu\" \/>\n<meta property=\"og:url\" content=\"https:\/\/elpuucnoticias.com\/?p=7480\" \/>\n<meta property=\"og:site_name\" content=\"El Puuc Noticias\" \/>\n<meta property=\"article:published_time\" content=\"2023-05-19T19:54:45+00:00\" \/>\n<meta property=\"article:modified_time\" content=\"2023-05-19T19:54:47+00:00\" \/>\n<meta property=\"og:image\" content=\"https:\/\/elpuucnoticias.com\/wp-content\/uploads\/2023\/05\/WhatsApp-Image-2023-05-19-at-8.46.51-AM-3.jpeg\" \/>\n\t<meta property=\"og:image:width\" content=\"1600\" \/>\n\t<meta property=\"og:image:height\" content=\"1338\" \/>\n\t<meta property=\"og:image:type\" content=\"image\/jpeg\" \/>\n<meta name=\"twitter:card\" content=\"summary_large_image\" \/>\n<meta name=\"twitter:label1\" content=\"Escrito por\" \/>\n\t<meta name=\"twitter:data1\" content=\"elpuucnoticias\" \/>\n\t<meta name=\"twitter:label2\" content=\"Tiempo de lectura\" \/>\n\t<meta name=\"twitter:data2\" content=\"4 minutos\" \/>\n<script type=\"application\/ld+json\" class=\"yoast-schema-graph\">{\"@context\":\"https:\/\/schema.org\",\"@graph\":[{\"@type\":\"WebSite\",\"@id\":\"https:\/\/elpuucnoticias.com\/#website\",\"url\":\"https:\/\/elpuucnoticias.com\/\",\"name\":\"El Puuc Noticias\",\"description\":\"Noticias - Entretenimiento - Deportes\",\"potentialAction\":[{\"@type\":\"SearchAction\",\"target\":{\"@type\":\"EntryPoint\",\"urlTemplate\":\"https:\/\/elpuucnoticias.com\/?s={search_term_string}\"},\"query-input\":\"required name=search_term_string\"}],\"inLanguage\":\"es\"},{\"@type\":\"ImageObject\",\"@id\":\"https:\/\/elpuucnoticias.com\/?p=7480#primaryimage\",\"inLanguage\":\"es\",\"url\":\"https:\/\/elpuucnoticias.com\/wp-content\/uploads\/2023\/05\/WhatsApp-Image-2023-05-19-at-8.46.51-AM-3.jpeg\",\"contentUrl\":\"https:\/\/elpuucnoticias.com\/wp-content\/uploads\/2023\/05\/WhatsApp-Image-2023-05-19-at-8.46.51-AM-3.jpeg\",\"width\":1600,\"height\":1338},{\"@type\":\"WebPage\",\"@id\":\"https:\/\/elpuucnoticias.com\/?p=7480#webpage\",\"url\":\"https:\/\/elpuucnoticias.com\/?p=7480\",\"name\":\"Realizan jornada de Derechos Humanos en Ticul - El Puuc Noticias\",\"isPartOf\":{\"@id\":\"https:\/\/elpuucnoticias.com\/#website\"},\"primaryImageOfPage\":{\"@id\":\"https:\/\/elpuucnoticias.com\/?p=7480#primaryimage\"},\"datePublished\":\"2023-05-19T19:54:45+00:00\",\"dateModified\":\"2023-05-19T19:54:47+00:00\",\"author\":{\"@id\":\"https:\/\/elpuucnoticias.com\/#\/schema\/person\/d2ea09e4c97f0160b11cdfb1d856bd9e\"},\"breadcrumb\":{\"@id\":\"https:\/\/elpuucnoticias.com\/?p=7480#breadcrumb\"},\"inLanguage\":\"es\",\"potentialAction\":[{\"@type\":\"ReadAction\",\"target\":[\"https:\/\/elpuucnoticias.com\/?p=7480\"]}]},{\"@type\":\"BreadcrumbList\",\"@id\":\"https:\/\/elpuucnoticias.com\/?p=7480#breadcrumb\",\"itemListElement\":[{\"@type\":\"ListItem\",\"position\":1,\"name\":\"Portada\",\"item\":\"https:\/\/elpuucnoticias.com\/\"},{\"@type\":\"ListItem\",\"position\":2,\"name\":\"Realizan jornada de Derechos Humanos en Ticul\"}]},{\"@type\":\"Person\",\"@id\":\"https:\/\/elpuucnoticias.com\/#\/schema\/person\/d2ea09e4c97f0160b11cdfb1d856bd9e\",\"name\":\"elpuucnoticias\",\"image\":{\"@type\":\"ImageObject\",\"@id\":\"https:\/\/elpuucnoticias.com\/#personlogo\",\"inLanguage\":\"es\",\"url\":\"https:\/\/secure.gravatar.com\/avatar\/5290a43657c74ffa15701dbe5b846bd85cc71930d803c84e91046a7333de6ce2?s=96&d=mm&r=g\",\"contentUrl\":\"https:\/\/secure.gravatar.com\/avatar\/5290a43657c74ffa15701dbe5b846bd85cc71930d803c84e91046a7333de6ce2?s=96&d=mm&r=g\",\"caption\":\"elpuucnoticias\"},\"sameAs\":[\"https:\/\/elpuucnoticias.com\"],\"url\":\"https:\/\/elpuucnoticias.com\/?author=1\"}]}<\/script>\n<!-- \/ Yoast SEO plugin. -->","yoast_head_json":{"title":"Realizan jornada de Derechos Humanos en Ticul - El Puuc Noticias","robots":{"index":"index","follow":"follow","max-snippet":"max-snippet:-1","max-image-preview":"max-image-preview:large","max-video-preview":"max-video-preview:-1"},"canonical":"https:\/\/elpuucnoticias.com\/?p=7480","og_locale":"es_ES","og_type":"article","og_title":"Realizan jornada de Derechos Humanos en Ticul - El Puuc Noticias","og_description":"Este mi\u00e9rcoles se llev\u00f3 a cabo en la Perla del Sur la \u201cJornada de derechos humanos en tu","og_url":"https:\/\/elpuucnoticias.com\/?p=7480","og_site_name":"El Puuc Noticias","article_published_time":"2023-05-19T19:54:45+00:00","article_modified_time":"2023-05-19T19:54:47+00:00","og_image":[{"width":1600,"height":1338,"url":"https:\/\/elpuucnoticias.com\/wp-content\/uploads\/2023\/05\/WhatsApp-Image-2023-05-19-at-8.46.51-AM-3.jpeg","type":"image\/jpeg"}],"twitter_card":"summary_large_image","twitter_misc":{"Escrito por":"elpuucnoticias","Tiempo de lectura":"4 minutos"},"schema":{"@context":"https:\/\/schema.org","@graph":[{"@type":"WebSite","@id":"https:\/\/elpuucnoticias.com\/#website","url":"https:\/\/elpuucnoticias.com\/","name":"El Puuc Noticias","description":"Noticias - Entretenimiento - Deportes","potentialAction":[{"@type":"SearchAction","target":{"@type":"EntryPoint","urlTemplate":"https:\/\/elpuucnoticias.com\/?s={search_term_string}"},"query-input":"required name=search_term_string"}],"inLanguage":"es"},{"@type":"ImageObject","@id":"https:\/\/elpuucnoticias.com\/?p=7480#primaryimage","inLanguage":"es","url":"https:\/\/elpuucnoticias.com\/wp-content\/uploads\/2023\/05\/WhatsApp-Image-2023-05-19-at-8.46.51-AM-3.jpeg","contentUrl":"https:\/\/elpuucnoticias.com\/wp-content\/uploads\/2023\/05\/WhatsApp-Image-2023-05-19-at-8.46.51-AM-3.jpeg","width":1600,"height":1338},{"@type":"WebPage","@id":"https:\/\/elpuucnoticias.com\/?p=7480#webpage","url":"https:\/\/elpuucnoticias.com\/?p=7480","name":"Realizan jornada de Derechos Humanos en Ticul - El Puuc Noticias","isPartOf":{"@id":"https:\/\/elpuucnoticias.com\/#website"},"primaryImageOfPage":{"@id":"https:\/\/elpuucnoticias.com\/?p=7480#primaryimage"},"datePublished":"2023-05-19T19:54:45+00:00","dateModified":"2023-05-19T19:54:47+00:00","author":{"@id":"https:\/\/elpuucnoticias.com\/#\/schema\/person\/d2ea09e4c97f0160b11cdfb1d856bd9e"},"breadcrumb":{"@id":"https:\/\/elpuucnoticias.com\/?p=7480#breadcrumb"},"inLanguage":"es","potentialAction":[{"@type":"ReadAction","target":["https:\/\/elpuucnoticias.com\/?p=7480"]}]},{"@type":"BreadcrumbList","@id":"https:\/\/elpuucnoticias.com\/?p=7480#breadcrumb","itemListElement":[{"@type":"ListItem","position":1,"name":"Portada","item":"https:\/\/elpuucnoticias.com\/"},{"@type":"ListItem","position":2,"name":"Realizan jornada de Derechos Humanos en Ticul"}]},{"@type":"Person","@id":"https:\/\/elpuucnoticias.com\/#\/schema\/person\/d2ea09e4c97f0160b11cdfb1d856bd9e","name":"elpuucnoticias","image":{"@type":"ImageObject","@id":"https:\/\/elpuucnoticias.com\/#personlogo","inLanguage":"es","url":"https:\/\/secure.gravatar.com\/avatar\/5290a43657c74ffa15701dbe5b846bd85cc71930d803c84e91046a7333de6ce2?s=96&d=mm&r=g","contentUrl":"https:\/\/secure.gravatar.com\/avatar\/5290a43657c74ffa15701dbe5b846bd85cc71930d803c84e91046a7333de6ce2?s=96&d=mm&r=g","caption":"elpuucnoticias"},"sameAs":["https:\/\/elpuucnoticias.com"],"url":"https:\/\/elpuucnoticias.com\/?author=1"}]}},"_links":{"self":[{"href":"https:\/\/elpuucnoticias.com\/index.php?rest_route=\/wp\/v2\/posts\/7480","targetHints":{"allow":["GET"]}}],"collection":[{"href":"https:\/\/elpuucnoticias.com\/index.php?rest_route=\/wp\/v2\/posts"}],"about":[{"href":"https:\/\/elpuucnoticias.com\/index.php?rest_route=\/wp\/v2\/types\/post"}],"author":[{"embeddable":true,"href":"https:\/\/elpuucnoticias.com\/index.php?rest_route=\/wp\/v2\/users\/1"}],"replies":[{"embeddable":true,"href":"https:\/\/elpuucnoticias.com\/index.php?rest_route=%2Fwp%2Fv2%2Fcomments&post=7480"}],"version-history":[{"count":1,"href":"https:\/\/elpuucnoticias.com\/index.php?rest_route=\/wp\/v2\/posts\/7480\/revisions"}],"predecessor-version":[{"id":7490,"href":"https:\/\/elpuucnoticias.com\/index.php?rest_route=\/wp\/v2\/posts\/7480\/revisions\/7490"}],"wp:featuredmedia":[{"embeddable":true,"href":"https:\/\/elpuucnoticias.com\/index.php?rest_route=\/wp\/v2\/media\/7481"}],"wp:attachment":[{"href":"https:\/\/elpuucnoticias.com\/index.php?rest_route=%2Fwp%2Fv2%2Fmedia&parent=7480"}],"wp:term":[{"taxonomy":"category","embeddable":true,"href":"https:\/\/elpuucnoticias.com\/index.php?rest_route=%2Fwp%2Fv2%2Fcategories&post=7480"},{"taxonomy":"post_tag","embeddable":true,"href":"https:\/\/elpuucnoticias.com\/index.php?rest_route=%2Fwp%2Fv2%2Ftags&post=7480"}],"curies":[{"name":"wp","href":"https:\/\/api.w.org\/{rel}","templated":true}]}}