{"id":750,"date":"2022-03-30T16:11:07","date_gmt":"2022-03-30T22:11:07","guid":{"rendered":"https:\/\/elpuucnoticias.com\/?p=750"},"modified":"2022-03-30T16:11:07","modified_gmt":"2022-03-30T22:11:07","slug":"tekax-cuenta-con-brigadas-de-salud-mental-que-atienden-temas-sobre-la-prevencion-del-suicidio-y-serian-referente-en-latinoamerica","status":"publish","type":"post","link":"https:\/\/elpuucnoticias.com\/?p=750","title":{"rendered":"Tekax cuenta con brigadas de salud mental que atienden temas sobre la prevenci\u00f3n del suicidio y ser\u00edan referente en Latinoam\u00e9rica"},"content":{"rendered":"\n<p>El alcalde de Tekax, Diego \u00c1vila Romero, y la presidenta del DIF Municipal, Seraphine Weber, asistieron a la mesa de trabajo: \u00abAmor por la vida\u00bb organizada por la Comisi\u00f3n Permanente de Salud y Seguridad Social del Congreso del Estado.<\/p>\n\n\n\n<figure class=\"wp-block-image size-large is-resized\"><img loading=\"lazy\" decoding=\"async\" src=\"https:\/\/elpuucnoticias.com\/wp-content\/uploads\/2022\/03\/itssy-inscripciones-1024x478.jpg\" alt=\"\" class=\"wp-image-303\" width=\"425\" height=\"198\" srcset=\"https:\/\/elpuucnoticias.com\/wp-content\/uploads\/2022\/03\/itssy-inscripciones-1024x478.jpg 1024w, https:\/\/elpuucnoticias.com\/wp-content\/uploads\/2022\/03\/itssy-inscripciones-300x140.jpg 300w, https:\/\/elpuucnoticias.com\/wp-content\/uploads\/2022\/03\/itssy-inscripciones-768x358.jpg 768w, https:\/\/elpuucnoticias.com\/wp-content\/uploads\/2022\/03\/itssy-inscripciones.jpg 1080w\" sizes=\"auto, (max-width: 425px) 100vw, 425px\" \/><\/figure>\n\n\n\n<p>Durante su participaci\u00f3n en la reuni\u00f3n sobre modificaciones a la Ley de Prevenci\u00f3n del Suicidio en Yucat\u00e1n, el presidente municipal tuvo la oportunidad de explicar y brindar detalles sobre las Brigadas de Salud Mental de Tekax.<\/p>\n\n\n\n<p>Indic\u00f3 que estas brigadas son un referente en Latinoam\u00e9rica en el tema de prevenci\u00f3n y acci\u00f3n en caso de la atenci\u00f3n, prevenci\u00f3n y detecci\u00f3n de casos de salud mental y psicol\u00f3gicos.<\/p>\n\n\n\n<figure class=\"wp-block-gallery has-nested-images columns-default is-cropped wp-block-gallery-1 is-layout-flex wp-block-gallery-is-layout-flex\">\n<figure class=\"wp-block-image size-large\"><img loading=\"lazy\" decoding=\"async\" width=\"1024\" height=\"685\" data-id=\"754\" src=\"https:\/\/elpuucnoticias.com\/wp-content\/uploads\/2022\/03\/salud-mental-1-1024x685.jpeg\" alt=\"\" class=\"wp-image-754\" srcset=\"https:\/\/elpuucnoticias.com\/wp-content\/uploads\/2022\/03\/salud-mental-1-1024x685.jpeg 1024w, https:\/\/elpuucnoticias.com\/wp-content\/uploads\/2022\/03\/salud-mental-1-300x201.jpeg 300w, https:\/\/elpuucnoticias.com\/wp-content\/uploads\/2022\/03\/salud-mental-1-768x513.jpeg 768w, https:\/\/elpuucnoticias.com\/wp-content\/uploads\/2022\/03\/salud-mental-1.jpeg 1080w\" sizes=\"auto, (max-width: 1024px) 100vw, 1024px\" \/><\/figure>\n\n\n\n<figure class=\"wp-block-image size-large\"><img loading=\"lazy\" decoding=\"async\" width=\"1024\" height=\"685\" data-id=\"753\" src=\"https:\/\/elpuucnoticias.com\/wp-content\/uploads\/2022\/03\/salud-mental-2-1024x685.jpeg\" alt=\"\" class=\"wp-image-753\" srcset=\"https:\/\/elpuucnoticias.com\/wp-content\/uploads\/2022\/03\/salud-mental-2-1024x685.jpeg 1024w, https:\/\/elpuucnoticias.com\/wp-content\/uploads\/2022\/03\/salud-mental-2-300x201.jpeg 300w, https:\/\/elpuucnoticias.com\/wp-content\/uploads\/2022\/03\/salud-mental-2-768x513.jpeg 768w, https:\/\/elpuucnoticias.com\/wp-content\/uploads\/2022\/03\/salud-mental-2.jpeg 1080w\" sizes=\"auto, (max-width: 1024px) 100vw, 1024px\" \/><\/figure>\n<\/figure>\n\n\n\n<p>Recalc\u00f3 la importancia de que los servidores p\u00fablicos atiendan y pongan sobre la mesa pol\u00edticas y acciones encaminadas al tema de la salud mental.<\/p>\n\n\n\n<p>\u00abSeguir\u00e1n siendo una prioridad para esta gesti\u00f3n que ha trabajado de la mano desde el Ayuntamiento de Tekax y distintas dependencias municipales y estatales para poner en marcha esta brigada de salud\u00bb, puntualiz\u00f3.<\/p>\n\n\n\n<p>Agradeci\u00f3 tambi\u00e9n al Congreso del Estado por este espacio de colaboraci\u00f3n con todos los especialistas en psicolog\u00eda, psiquiatr\u00eda y otras autoridades.\u2014 <em>El Puuc Noticias<\/em><\/p>\n","protected":false},"excerpt":{"rendered":"<p>El alcalde de Tekax, Diego \u00c1vila Romero, y la presidenta del DIF Municipal, Seraphine Weber, asistieron a la<\/p>\n","protected":false},"author":1,"featured_media":752,"comment_status":"closed","ping_status":"open","sticky":false,"template":"","format":"standard","meta":{"_monsterinsights_skip_tracking":false,"_monsterinsights_sitenote_active":false,"_monsterinsights_sitenote_note":"","_monsterinsights_sitenote_category":0,"footnotes":""},"categories":[11,4],"tags":[],"class_list":["post-750","post","type-post","status-publish","format-standard","has-post-thumbnail","hentry","category-noticias","category-tekax"],"yoast_head":"<!-- This site is optimized with the Yoast SEO plugin v18.3 - https:\/\/yoast.com\/wordpress\/plugins\/seo\/ -->\n<title>Tekax cuenta con brigadas de salud mental que atienden temas sobre la prevenci\u00f3n del suicidio y ser\u00edan referente en Latinoam\u00e9rica - El Puuc Noticias<\/title>\n<meta name=\"robots\" content=\"index, follow, max-snippet:-1, max-image-preview:large, max-video-preview:-1\" \/>\n<link rel=\"canonical\" href=\"https:\/\/elpuucnoticias.com\/?p=750\" \/>\n<meta property=\"og:locale\" content=\"es_ES\" \/>\n<meta property=\"og:type\" content=\"article\" \/>\n<meta property=\"og:title\" content=\"Tekax cuenta con brigadas de salud mental que atienden temas sobre la prevenci\u00f3n del suicidio y ser\u00edan referente en Latinoam\u00e9rica - El Puuc Noticias\" \/>\n<meta property=\"og:description\" content=\"El alcalde de Tekax, Diego \u00c1vila Romero, y la presidenta del DIF Municipal, Seraphine Weber, asistieron a la\" \/>\n<meta property=\"og:url\" content=\"https:\/\/elpuucnoticias.com\/?p=750\" \/>\n<meta property=\"og:site_name\" content=\"El Puuc Noticias\" \/>\n<meta property=\"article:published_time\" content=\"2022-03-30T22:11:07+00:00\" \/>\n<meta property=\"og:image\" content=\"https:\/\/elpuucnoticias.com\/wp-content\/uploads\/2022\/03\/salud-mental-3.jpeg\" \/>\n\t<meta property=\"og:image:width\" content=\"1080\" \/>\n\t<meta property=\"og:image:height\" content=\"722\" \/>\n\t<meta property=\"og:image:type\" content=\"image\/jpeg\" \/>\n<meta name=\"twitter:card\" content=\"summary_large_image\" \/>\n<meta name=\"twitter:label1\" content=\"Escrito por\" \/>\n\t<meta name=\"twitter:data1\" content=\"elpuucnoticias\" \/>\n\t<meta name=\"twitter:label2\" content=\"Tiempo de lectura\" \/>\n\t<meta name=\"twitter:data2\" content=\"2 minutos\" \/>\n<script type=\"application\/ld+json\" class=\"yoast-schema-graph\">{\"@context\":\"https:\/\/schema.org\",\"@graph\":[{\"@type\":\"WebSite\",\"@id\":\"https:\/\/elpuucnoticias.com\/#website\",\"url\":\"https:\/\/elpuucnoticias.com\/\",\"name\":\"El Puuc Noticias\",\"description\":\"Noticias - Entretenimiento - Deportes\",\"potentialAction\":[{\"@type\":\"SearchAction\",\"target\":{\"@type\":\"EntryPoint\",\"urlTemplate\":\"https:\/\/elpuucnoticias.com\/?s={search_term_string}\"},\"query-input\":\"required name=search_term_string\"}],\"inLanguage\":\"es\"},{\"@type\":\"ImageObject\",\"@id\":\"https:\/\/elpuucnoticias.com\/?p=750#primaryimage\",\"inLanguage\":\"es\",\"url\":\"https:\/\/elpuucnoticias.com\/wp-content\/uploads\/2022\/03\/salud-mental-3.jpeg\",\"contentUrl\":\"https:\/\/elpuucnoticias.com\/wp-content\/uploads\/2022\/03\/salud-mental-3.jpeg\",\"width\":1080,\"height\":722},{\"@type\":\"WebPage\",\"@id\":\"https:\/\/elpuucnoticias.com\/?p=750#webpage\",\"url\":\"https:\/\/elpuucnoticias.com\/?p=750\",\"name\":\"Tekax cuenta con brigadas de salud mental que atienden temas sobre la prevenci\u00f3n del suicidio y ser\u00edan referente en Latinoam\u00e9rica - El Puuc Noticias\",\"isPartOf\":{\"@id\":\"https:\/\/elpuucnoticias.com\/#website\"},\"primaryImageOfPage\":{\"@id\":\"https:\/\/elpuucnoticias.com\/?p=750#primaryimage\"},\"datePublished\":\"2022-03-30T22:11:07+00:00\",\"dateModified\":\"2022-03-30T22:11:07+00:00\",\"author\":{\"@id\":\"https:\/\/elpuucnoticias.com\/#\/schema\/person\/d2ea09e4c97f0160b11cdfb1d856bd9e\"},\"breadcrumb\":{\"@id\":\"https:\/\/elpuucnoticias.com\/?p=750#breadcrumb\"},\"inLanguage\":\"es\",\"potentialAction\":[{\"@type\":\"ReadAction\",\"target\":[\"https:\/\/elpuucnoticias.com\/?p=750\"]}]},{\"@type\":\"BreadcrumbList\",\"@id\":\"https:\/\/elpuucnoticias.com\/?p=750#breadcrumb\",\"itemListElement\":[{\"@type\":\"ListItem\",\"position\":1,\"name\":\"Portada\",\"item\":\"https:\/\/elpuucnoticias.com\/\"},{\"@type\":\"ListItem\",\"position\":2,\"name\":\"Tekax cuenta con brigadas de salud mental que atienden temas sobre la prevenci\u00f3n del suicidio y ser\u00edan referente en Latinoam\u00e9rica\"}]},{\"@type\":\"Person\",\"@id\":\"https:\/\/elpuucnoticias.com\/#\/schema\/person\/d2ea09e4c97f0160b11cdfb1d856bd9e\",\"name\":\"elpuucnoticias\",\"image\":{\"@type\":\"ImageObject\",\"@id\":\"https:\/\/elpuucnoticias.com\/#personlogo\",\"inLanguage\":\"es\",\"url\":\"https:\/\/secure.gravatar.com\/avatar\/5290a43657c74ffa15701dbe5b846bd85cc71930d803c84e91046a7333de6ce2?s=96&d=mm&r=g\",\"contentUrl\":\"https:\/\/secure.gravatar.com\/avatar\/5290a43657c74ffa15701dbe5b846bd85cc71930d803c84e91046a7333de6ce2?s=96&d=mm&r=g\",\"caption\":\"elpuucnoticias\"},\"sameAs\":[\"https:\/\/elpuucnoticias.com\"],\"url\":\"https:\/\/elpuucnoticias.com\/?author=1\"}]}<\/script>\n<!-- \/ Yoast SEO plugin. -->","yoast_head_json":{"title":"Tekax cuenta con brigadas de salud mental que atienden temas sobre la prevenci\u00f3n del suicidio y ser\u00edan referente en Latinoam\u00e9rica - El Puuc Noticias","robots":{"index":"index","follow":"follow","max-snippet":"max-snippet:-1","max-image-preview":"max-image-preview:large","max-video-preview":"max-video-preview:-1"},"canonical":"https:\/\/elpuucnoticias.com\/?p=750","og_locale":"es_ES","og_type":"article","og_title":"Tekax cuenta con brigadas de salud mental que atienden temas sobre la prevenci\u00f3n del suicidio y ser\u00edan referente en Latinoam\u00e9rica - El Puuc Noticias","og_description":"El alcalde de Tekax, Diego \u00c1vila Romero, y la presidenta del DIF Municipal, Seraphine Weber, asistieron a la","og_url":"https:\/\/elpuucnoticias.com\/?p=750","og_site_name":"El Puuc Noticias","article_published_time":"2022-03-30T22:11:07+00:00","og_image":[{"width":1080,"height":722,"url":"https:\/\/elpuucnoticias.com\/wp-content\/uploads\/2022\/03\/salud-mental-3.jpeg","type":"image\/jpeg"}],"twitter_card":"summary_large_image","twitter_misc":{"Escrito por":"elpuucnoticias","Tiempo de lectura":"2 minutos"},"schema":{"@context":"https:\/\/schema.org","@graph":[{"@type":"WebSite","@id":"https:\/\/elpuucnoticias.com\/#website","url":"https:\/\/elpuucnoticias.com\/","name":"El Puuc Noticias","description":"Noticias - Entretenimiento - Deportes","potentialAction":[{"@type":"SearchAction","target":{"@type":"EntryPoint","urlTemplate":"https:\/\/elpuucnoticias.com\/?s={search_term_string}"},"query-input":"required name=search_term_string"}],"inLanguage":"es"},{"@type":"ImageObject","@id":"https:\/\/elpuucnoticias.com\/?p=750#primaryimage","inLanguage":"es","url":"https:\/\/elpuucnoticias.com\/wp-content\/uploads\/2022\/03\/salud-mental-3.jpeg","contentUrl":"https:\/\/elpuucnoticias.com\/wp-content\/uploads\/2022\/03\/salud-mental-3.jpeg","width":1080,"height":722},{"@type":"WebPage","@id":"https:\/\/elpuucnoticias.com\/?p=750#webpage","url":"https:\/\/elpuucnoticias.com\/?p=750","name":"Tekax cuenta con brigadas de salud mental que atienden temas sobre la prevenci\u00f3n del suicidio y ser\u00edan referente en Latinoam\u00e9rica - El Puuc Noticias","isPartOf":{"@id":"https:\/\/elpuucnoticias.com\/#website"},"primaryImageOfPage":{"@id":"https:\/\/elpuucnoticias.com\/?p=750#primaryimage"},"datePublished":"2022-03-30T22:11:07+00:00","dateModified":"2022-03-30T22:11:07+00:00","author":{"@id":"https:\/\/elpuucnoticias.com\/#\/schema\/person\/d2ea09e4c97f0160b11cdfb1d856bd9e"},"breadcrumb":{"@id":"https:\/\/elpuucnoticias.com\/?p=750#breadcrumb"},"inLanguage":"es","potentialAction":[{"@type":"ReadAction","target":["https:\/\/elpuucnoticias.com\/?p=750"]}]},{"@type":"BreadcrumbList","@id":"https:\/\/elpuucnoticias.com\/?p=750#breadcrumb","itemListElement":[{"@type":"ListItem","position":1,"name":"Portada","item":"https:\/\/elpuucnoticias.com\/"},{"@type":"ListItem","position":2,"name":"Tekax cuenta con brigadas de salud mental que atienden temas sobre la prevenci\u00f3n del suicidio y ser\u00edan referente en Latinoam\u00e9rica"}]},{"@type":"Person","@id":"https:\/\/elpuucnoticias.com\/#\/schema\/person\/d2ea09e4c97f0160b11cdfb1d856bd9e","name":"elpuucnoticias","image":{"@type":"ImageObject","@id":"https:\/\/elpuucnoticias.com\/#personlogo","inLanguage":"es","url":"https:\/\/secure.gravatar.com\/avatar\/5290a43657c74ffa15701dbe5b846bd85cc71930d803c84e91046a7333de6ce2?s=96&d=mm&r=g","contentUrl":"https:\/\/secure.gravatar.com\/avatar\/5290a43657c74ffa15701dbe5b846bd85cc71930d803c84e91046a7333de6ce2?s=96&d=mm&r=g","caption":"elpuucnoticias"},"sameAs":["https:\/\/elpuucnoticias.com"],"url":"https:\/\/elpuucnoticias.com\/?author=1"}]}},"_links":{"self":[{"href":"https:\/\/elpuucnoticias.com\/index.php?rest_route=\/wp\/v2\/posts\/750","targetHints":{"allow":["GET"]}}],"collection":[{"href":"https:\/\/elpuucnoticias.com\/index.php?rest_route=\/wp\/v2\/posts"}],"about":[{"href":"https:\/\/elpuucnoticias.com\/index.php?rest_route=\/wp\/v2\/types\/post"}],"author":[{"embeddable":true,"href":"https:\/\/elpuucnoticias.com\/index.php?rest_route=\/wp\/v2\/users\/1"}],"replies":[{"embeddable":true,"href":"https:\/\/elpuucnoticias.com\/index.php?rest_route=%2Fwp%2Fv2%2Fcomments&post=750"}],"version-history":[{"count":2,"href":"https:\/\/elpuucnoticias.com\/index.php?rest_route=\/wp\/v2\/posts\/750\/revisions"}],"predecessor-version":[{"id":755,"href":"https:\/\/elpuucnoticias.com\/index.php?rest_route=\/wp\/v2\/posts\/750\/revisions\/755"}],"wp:featuredmedia":[{"embeddable":true,"href":"https:\/\/elpuucnoticias.com\/index.php?rest_route=\/wp\/v2\/media\/752"}],"wp:attachment":[{"href":"https:\/\/elpuucnoticias.com\/index.php?rest_route=%2Fwp%2Fv2%2Fmedia&parent=750"}],"wp:term":[{"taxonomy":"category","embeddable":true,"href":"https:\/\/elpuucnoticias.com\/index.php?rest_route=%2Fwp%2Fv2%2Fcategories&post=750"},{"taxonomy":"post_tag","embeddable":true,"href":"https:\/\/elpuucnoticias.com\/index.php?rest_route=%2Fwp%2Fv2%2Ftags&post=750"}],"curies":[{"name":"wp","href":"https:\/\/api.w.org\/{rel}","templated":true}]}}