{"id":768,"date":"2022-03-30T16:44:27","date_gmt":"2022-03-30T22:44:27","guid":{"rendered":"https:\/\/elpuucnoticias.com\/?p=768"},"modified":"2022-03-30T16:44:29","modified_gmt":"2022-03-30T22:44:29","slug":"realizan-la-senalizacion-en-zona-donde-fue-instalada-la-base-militar-de-la-guardia-nacional-en-tekax","status":"publish","type":"post","link":"https:\/\/elpuucnoticias.com\/?p=768","title":{"rendered":"Realizan la se\u00f1alizaci\u00f3n en zona donde fue instalada la base militar de la Guardia Nacional en Tekax"},"content":{"rendered":"\n<p>La ma\u00f1ana de este mi\u00e9rcoles, un grupo de trabajadores se dieron a la tarea de se\u00f1alizar la zona donde se instal\u00f3 la base militar de la Guardia Nacional en Tekax, y que lleva tambi\u00e9n a las instalaciones de la secundaria t\u00e9cnica No. 3 de San Diego.<\/p>\n\n\n\n<figure class=\"wp-block-image size-large is-resized\"><img loading=\"lazy\" decoding=\"async\" src=\"https:\/\/elpuucnoticias.com\/wp-content\/uploads\/2022\/03\/itssy-inscripciones-1024x478.jpg\" alt=\"\" class=\"wp-image-303\" width=\"423\" height=\"197\" srcset=\"https:\/\/elpuucnoticias.com\/wp-content\/uploads\/2022\/03\/itssy-inscripciones-1024x478.jpg 1024w, https:\/\/elpuucnoticias.com\/wp-content\/uploads\/2022\/03\/itssy-inscripciones-300x140.jpg 300w, https:\/\/elpuucnoticias.com\/wp-content\/uploads\/2022\/03\/itssy-inscripciones-768x358.jpg 768w, https:\/\/elpuucnoticias.com\/wp-content\/uploads\/2022\/03\/itssy-inscripciones.jpg 1080w\" sizes=\"auto, (max-width: 423px) 100vw, 423px\" \/><\/figure>\n\n\n\n<p>Para la realizaci\u00f3n de los trabajos, los empleados se vieron en la necesidad de cerrar temporalmente uno de los carriles de la carretera estatal, como una medida para prevenir accidentes.<\/p>\n\n\n\n<figure class=\"wp-block-gallery has-nested-images columns-default is-cropped wp-block-gallery-1 is-layout-flex wp-block-gallery-is-layout-flex\">\n<figure class=\"wp-block-image size-large\"><img loading=\"lazy\" decoding=\"async\" width=\"1024\" height=\"678\" data-id=\"770\" src=\"https:\/\/elpuucnoticias.com\/wp-content\/uploads\/2022\/03\/senalizacion-3-1024x678.jpeg\" alt=\"\" class=\"wp-image-770\" srcset=\"https:\/\/elpuucnoticias.com\/wp-content\/uploads\/2022\/03\/senalizacion-3-1024x678.jpeg 1024w, https:\/\/elpuucnoticias.com\/wp-content\/uploads\/2022\/03\/senalizacion-3-300x199.jpeg 300w, https:\/\/elpuucnoticias.com\/wp-content\/uploads\/2022\/03\/senalizacion-3-768x509.jpeg 768w, https:\/\/elpuucnoticias.com\/wp-content\/uploads\/2022\/03\/senalizacion-3-1536x1018.jpeg 1536w, https:\/\/elpuucnoticias.com\/wp-content\/uploads\/2022\/03\/senalizacion-3.jpeg 1600w\" sizes=\"auto, (max-width: 1024px) 100vw, 1024px\" \/><\/figure>\n\n\n\n<figure class=\"wp-block-image size-large\"><img loading=\"lazy\" decoding=\"async\" width=\"1024\" height=\"698\" data-id=\"771\" src=\"https:\/\/elpuucnoticias.com\/wp-content\/uploads\/2022\/03\/senalizacion-2-1024x698.jpeg\" alt=\"\" class=\"wp-image-771\" srcset=\"https:\/\/elpuucnoticias.com\/wp-content\/uploads\/2022\/03\/senalizacion-2-1024x698.jpeg 1024w, https:\/\/elpuucnoticias.com\/wp-content\/uploads\/2022\/03\/senalizacion-2-300x204.jpeg 300w, https:\/\/elpuucnoticias.com\/wp-content\/uploads\/2022\/03\/senalizacion-2-768x523.jpeg 768w, https:\/\/elpuucnoticias.com\/wp-content\/uploads\/2022\/03\/senalizacion-2-1536x1046.jpeg 1536w, https:\/\/elpuucnoticias.com\/wp-content\/uploads\/2022\/03\/senalizacion-2.jpeg 1600w\" sizes=\"auto, (max-width: 1024px) 100vw, 1024px\" \/><\/figure>\n<\/figure>\n\n\n\n<p>En el lugar, tambi\u00e9n se solicit\u00f3 la intervenci\u00f3n de los elementos de la Polic\u00eda Municipal de Tekax, para que pudiesen dirigir el tr\u00e1nsito y as\u00ed evitar que los guiadores pasen poniendo en riesgo a los pintores.<\/p>\n\n\n\n<p>Sobre la carretera se se\u00f1aliz\u00f3 la ubicaci\u00f3n de la escuela y la base militar.\u2014 <em>El Puuc Noticias<\/em><\/p>\n","protected":false},"excerpt":{"rendered":"<p>La ma\u00f1ana de este mi\u00e9rcoles, un grupo de trabajadores se dieron a la tarea de se\u00f1alizar la zona<\/p>\n","protected":false},"author":1,"featured_media":769,"comment_status":"closed","ping_status":"open","sticky":false,"template":"","format":"standard","meta":{"_monsterinsights_skip_tracking":false,"_monsterinsights_sitenote_active":false,"_monsterinsights_sitenote_note":"","_monsterinsights_sitenote_category":0,"footnotes":""},"categories":[11,4],"tags":[],"class_list":["post-768","post","type-post","status-publish","format-standard","has-post-thumbnail","hentry","category-noticias","category-tekax"],"yoast_head":"<!-- This site is optimized with the Yoast SEO plugin v18.3 - https:\/\/yoast.com\/wordpress\/plugins\/seo\/ -->\n<title>Realizan la se\u00f1alizaci\u00f3n en zona donde fue instalada la base militar de la Guardia Nacional en Tekax - El Puuc Noticias<\/title>\n<meta name=\"robots\" content=\"index, follow, max-snippet:-1, max-image-preview:large, max-video-preview:-1\" \/>\n<link rel=\"canonical\" href=\"https:\/\/elpuucnoticias.com\/?p=768\" \/>\n<meta property=\"og:locale\" content=\"es_ES\" \/>\n<meta property=\"og:type\" content=\"article\" \/>\n<meta property=\"og:title\" content=\"Realizan la se\u00f1alizaci\u00f3n en zona donde fue instalada la base militar de la Guardia Nacional en Tekax - El Puuc Noticias\" \/>\n<meta property=\"og:description\" content=\"La ma\u00f1ana de este mi\u00e9rcoles, un grupo de trabajadores se dieron a la tarea de se\u00f1alizar la zona\" \/>\n<meta property=\"og:url\" content=\"https:\/\/elpuucnoticias.com\/?p=768\" \/>\n<meta property=\"og:site_name\" content=\"El Puuc Noticias\" \/>\n<meta property=\"article:published_time\" content=\"2022-03-30T22:44:27+00:00\" \/>\n<meta property=\"article:modified_time\" content=\"2022-03-30T22:44:29+00:00\" \/>\n<meta property=\"og:image\" content=\"https:\/\/elpuucnoticias.com\/wp-content\/uploads\/2022\/03\/senalizacion-1.jpeg\" \/>\n\t<meta property=\"og:image:width\" content=\"1600\" \/>\n\t<meta property=\"og:image:height\" content=\"1002\" \/>\n\t<meta property=\"og:image:type\" content=\"image\/jpeg\" \/>\n<meta name=\"twitter:card\" content=\"summary_large_image\" \/>\n<meta name=\"twitter:label1\" content=\"Escrito por\" \/>\n\t<meta name=\"twitter:data1\" content=\"elpuucnoticias\" \/>\n\t<meta name=\"twitter:label2\" content=\"Tiempo de lectura\" \/>\n\t<meta name=\"twitter:data2\" content=\"2 minutos\" \/>\n<script type=\"application\/ld+json\" class=\"yoast-schema-graph\">{\"@context\":\"https:\/\/schema.org\",\"@graph\":[{\"@type\":\"WebSite\",\"@id\":\"https:\/\/elpuucnoticias.com\/#website\",\"url\":\"https:\/\/elpuucnoticias.com\/\",\"name\":\"El Puuc Noticias\",\"description\":\"Noticias - Entretenimiento - Deportes\",\"potentialAction\":[{\"@type\":\"SearchAction\",\"target\":{\"@type\":\"EntryPoint\",\"urlTemplate\":\"https:\/\/elpuucnoticias.com\/?s={search_term_string}\"},\"query-input\":\"required name=search_term_string\"}],\"inLanguage\":\"es\"},{\"@type\":\"ImageObject\",\"@id\":\"https:\/\/elpuucnoticias.com\/?p=768#primaryimage\",\"inLanguage\":\"es\",\"url\":\"https:\/\/elpuucnoticias.com\/wp-content\/uploads\/2022\/03\/senalizacion-1.jpeg\",\"contentUrl\":\"https:\/\/elpuucnoticias.com\/wp-content\/uploads\/2022\/03\/senalizacion-1.jpeg\",\"width\":1600,\"height\":1002},{\"@type\":\"WebPage\",\"@id\":\"https:\/\/elpuucnoticias.com\/?p=768#webpage\",\"url\":\"https:\/\/elpuucnoticias.com\/?p=768\",\"name\":\"Realizan la se\u00f1alizaci\u00f3n en zona donde fue instalada la base militar de la Guardia Nacional en Tekax - El Puuc Noticias\",\"isPartOf\":{\"@id\":\"https:\/\/elpuucnoticias.com\/#website\"},\"primaryImageOfPage\":{\"@id\":\"https:\/\/elpuucnoticias.com\/?p=768#primaryimage\"},\"datePublished\":\"2022-03-30T22:44:27+00:00\",\"dateModified\":\"2022-03-30T22:44:29+00:00\",\"author\":{\"@id\":\"https:\/\/elpuucnoticias.com\/#\/schema\/person\/d2ea09e4c97f0160b11cdfb1d856bd9e\"},\"breadcrumb\":{\"@id\":\"https:\/\/elpuucnoticias.com\/?p=768#breadcrumb\"},\"inLanguage\":\"es\",\"potentialAction\":[{\"@type\":\"ReadAction\",\"target\":[\"https:\/\/elpuucnoticias.com\/?p=768\"]}]},{\"@type\":\"BreadcrumbList\",\"@id\":\"https:\/\/elpuucnoticias.com\/?p=768#breadcrumb\",\"itemListElement\":[{\"@type\":\"ListItem\",\"position\":1,\"name\":\"Portada\",\"item\":\"https:\/\/elpuucnoticias.com\/\"},{\"@type\":\"ListItem\",\"position\":2,\"name\":\"Realizan la se\u00f1alizaci\u00f3n en zona donde fue instalada la base militar de la Guardia Nacional en Tekax\"}]},{\"@type\":\"Person\",\"@id\":\"https:\/\/elpuucnoticias.com\/#\/schema\/person\/d2ea09e4c97f0160b11cdfb1d856bd9e\",\"name\":\"elpuucnoticias\",\"image\":{\"@type\":\"ImageObject\",\"@id\":\"https:\/\/elpuucnoticias.com\/#personlogo\",\"inLanguage\":\"es\",\"url\":\"https:\/\/secure.gravatar.com\/avatar\/5290a43657c74ffa15701dbe5b846bd85cc71930d803c84e91046a7333de6ce2?s=96&d=mm&r=g\",\"contentUrl\":\"https:\/\/secure.gravatar.com\/avatar\/5290a43657c74ffa15701dbe5b846bd85cc71930d803c84e91046a7333de6ce2?s=96&d=mm&r=g\",\"caption\":\"elpuucnoticias\"},\"sameAs\":[\"https:\/\/elpuucnoticias.com\"],\"url\":\"https:\/\/elpuucnoticias.com\/?author=1\"}]}<\/script>\n<!-- \/ Yoast SEO plugin. -->","yoast_head_json":{"title":"Realizan la se\u00f1alizaci\u00f3n en zona donde fue instalada la base militar de la Guardia Nacional en Tekax - El Puuc Noticias","robots":{"index":"index","follow":"follow","max-snippet":"max-snippet:-1","max-image-preview":"max-image-preview:large","max-video-preview":"max-video-preview:-1"},"canonical":"https:\/\/elpuucnoticias.com\/?p=768","og_locale":"es_ES","og_type":"article","og_title":"Realizan la se\u00f1alizaci\u00f3n en zona donde fue instalada la base militar de la Guardia Nacional en Tekax - El Puuc Noticias","og_description":"La ma\u00f1ana de este mi\u00e9rcoles, un grupo de trabajadores se dieron a la tarea de se\u00f1alizar la zona","og_url":"https:\/\/elpuucnoticias.com\/?p=768","og_site_name":"El Puuc Noticias","article_published_time":"2022-03-30T22:44:27+00:00","article_modified_time":"2022-03-30T22:44:29+00:00","og_image":[{"width":1600,"height":1002,"url":"https:\/\/elpuucnoticias.com\/wp-content\/uploads\/2022\/03\/senalizacion-1.jpeg","type":"image\/jpeg"}],"twitter_card":"summary_large_image","twitter_misc":{"Escrito por":"elpuucnoticias","Tiempo de lectura":"2 minutos"},"schema":{"@context":"https:\/\/schema.org","@graph":[{"@type":"WebSite","@id":"https:\/\/elpuucnoticias.com\/#website","url":"https:\/\/elpuucnoticias.com\/","name":"El Puuc Noticias","description":"Noticias - Entretenimiento - Deportes","potentialAction":[{"@type":"SearchAction","target":{"@type":"EntryPoint","urlTemplate":"https:\/\/elpuucnoticias.com\/?s={search_term_string}"},"query-input":"required name=search_term_string"}],"inLanguage":"es"},{"@type":"ImageObject","@id":"https:\/\/elpuucnoticias.com\/?p=768#primaryimage","inLanguage":"es","url":"https:\/\/elpuucnoticias.com\/wp-content\/uploads\/2022\/03\/senalizacion-1.jpeg","contentUrl":"https:\/\/elpuucnoticias.com\/wp-content\/uploads\/2022\/03\/senalizacion-1.jpeg","width":1600,"height":1002},{"@type":"WebPage","@id":"https:\/\/elpuucnoticias.com\/?p=768#webpage","url":"https:\/\/elpuucnoticias.com\/?p=768","name":"Realizan la se\u00f1alizaci\u00f3n en zona donde fue instalada la base militar de la Guardia Nacional en Tekax - El Puuc Noticias","isPartOf":{"@id":"https:\/\/elpuucnoticias.com\/#website"},"primaryImageOfPage":{"@id":"https:\/\/elpuucnoticias.com\/?p=768#primaryimage"},"datePublished":"2022-03-30T22:44:27+00:00","dateModified":"2022-03-30T22:44:29+00:00","author":{"@id":"https:\/\/elpuucnoticias.com\/#\/schema\/person\/d2ea09e4c97f0160b11cdfb1d856bd9e"},"breadcrumb":{"@id":"https:\/\/elpuucnoticias.com\/?p=768#breadcrumb"},"inLanguage":"es","potentialAction":[{"@type":"ReadAction","target":["https:\/\/elpuucnoticias.com\/?p=768"]}]},{"@type":"BreadcrumbList","@id":"https:\/\/elpuucnoticias.com\/?p=768#breadcrumb","itemListElement":[{"@type":"ListItem","position":1,"name":"Portada","item":"https:\/\/elpuucnoticias.com\/"},{"@type":"ListItem","position":2,"name":"Realizan la se\u00f1alizaci\u00f3n en zona donde fue instalada la base militar de la Guardia Nacional en Tekax"}]},{"@type":"Person","@id":"https:\/\/elpuucnoticias.com\/#\/schema\/person\/d2ea09e4c97f0160b11cdfb1d856bd9e","name":"elpuucnoticias","image":{"@type":"ImageObject","@id":"https:\/\/elpuucnoticias.com\/#personlogo","inLanguage":"es","url":"https:\/\/secure.gravatar.com\/avatar\/5290a43657c74ffa15701dbe5b846bd85cc71930d803c84e91046a7333de6ce2?s=96&d=mm&r=g","contentUrl":"https:\/\/secure.gravatar.com\/avatar\/5290a43657c74ffa15701dbe5b846bd85cc71930d803c84e91046a7333de6ce2?s=96&d=mm&r=g","caption":"elpuucnoticias"},"sameAs":["https:\/\/elpuucnoticias.com"],"url":"https:\/\/elpuucnoticias.com\/?author=1"}]}},"_links":{"self":[{"href":"https:\/\/elpuucnoticias.com\/index.php?rest_route=\/wp\/v2\/posts\/768","targetHints":{"allow":["GET"]}}],"collection":[{"href":"https:\/\/elpuucnoticias.com\/index.php?rest_route=\/wp\/v2\/posts"}],"about":[{"href":"https:\/\/elpuucnoticias.com\/index.php?rest_route=\/wp\/v2\/types\/post"}],"author":[{"embeddable":true,"href":"https:\/\/elpuucnoticias.com\/index.php?rest_route=\/wp\/v2\/users\/1"}],"replies":[{"embeddable":true,"href":"https:\/\/elpuucnoticias.com\/index.php?rest_route=%2Fwp%2Fv2%2Fcomments&post=768"}],"version-history":[{"count":1,"href":"https:\/\/elpuucnoticias.com\/index.php?rest_route=\/wp\/v2\/posts\/768\/revisions"}],"predecessor-version":[{"id":772,"href":"https:\/\/elpuucnoticias.com\/index.php?rest_route=\/wp\/v2\/posts\/768\/revisions\/772"}],"wp:featuredmedia":[{"embeddable":true,"href":"https:\/\/elpuucnoticias.com\/index.php?rest_route=\/wp\/v2\/media\/769"}],"wp:attachment":[{"href":"https:\/\/elpuucnoticias.com\/index.php?rest_route=%2Fwp%2Fv2%2Fmedia&parent=768"}],"wp:term":[{"taxonomy":"category","embeddable":true,"href":"https:\/\/elpuucnoticias.com\/index.php?rest_route=%2Fwp%2Fv2%2Fcategories&post=768"},{"taxonomy":"post_tag","embeddable":true,"href":"https:\/\/elpuucnoticias.com\/index.php?rest_route=%2Fwp%2Fv2%2Ftags&post=768"}],"curies":[{"name":"wp","href":"https:\/\/api.w.org\/{rel}","templated":true}]}}