{"id":7824,"date":"2023-06-14T23:31:39","date_gmt":"2023-06-15T05:31:39","guid":{"rendered":"https:\/\/elpuucnoticias.com\/?p=7824"},"modified":"2023-06-14T23:31:40","modified_gmt":"2023-06-15T05:31:40","slug":"quintana-roo-destaca-en-la-feria-internacional-de-turismo-world-expo-de-miami","status":"publish","type":"post","link":"https:\/\/elpuucnoticias.com\/?p=7824","title":{"rendered":"Quintana Roo destaca en la Feria Internacional de Turismo World Expo de Miami"},"content":{"rendered":"\n<p>Para destacar el potencial tur\u00edstico de Quintana Roo y fortalecer las relaciones internacionales en el sector, el secretario de Turismo en el estado, Bernardo Cueto Riestra, encabez\u00f3 el corte del list\u00f3n inaugural del pabell\u00f3n Caribe Mexicano en el marco de la Feria Internacional de Turismo World Travel Expo de Miami, Florida.<\/p>\n\n\n\n<p>Con la construcci\u00f3n del nuevo modelo tur\u00edstico en este gobierno humanista y progresista, que encabeza la primera mujer gobernadora Mara Lezama Espinosa, se diversifica y fortalece esta actividad que lleva prosperidad y justicia social a todas las familias en el estado.<\/p>\n\n\n\n<figure class=\"wp-block-image size-large\"><img loading=\"lazy\" decoding=\"async\" width=\"1024\" height=\"616\" src=\"https:\/\/elpuucnoticias.com\/wp-content\/uploads\/2023\/06\/WhatsApp-Image-2023-06-14-at-7.45.07-PM-1024x616.jpeg\" alt=\"\" class=\"wp-image-7826\" srcset=\"https:\/\/elpuucnoticias.com\/wp-content\/uploads\/2023\/06\/WhatsApp-Image-2023-06-14-at-7.45.07-PM-1024x616.jpeg 1024w, https:\/\/elpuucnoticias.com\/wp-content\/uploads\/2023\/06\/WhatsApp-Image-2023-06-14-at-7.45.07-PM-300x180.jpeg 300w, https:\/\/elpuucnoticias.com\/wp-content\/uploads\/2023\/06\/WhatsApp-Image-2023-06-14-at-7.45.07-PM-768x462.jpeg 768w, https:\/\/elpuucnoticias.com\/wp-content\/uploads\/2023\/06\/WhatsApp-Image-2023-06-14-at-7.45.07-PM.jpeg 1280w\" sizes=\"auto, (max-width: 1024px) 100vw, 1024px\" \/><\/figure>\n\n\n\n<p>Cueto Riestra explic\u00f3 que M\u00e9xico como pa\u00eds anfitri\u00f3n de la World Travel Expo de Miami, ha desplegado su liderazgo en el evento y Quintana Roo ha sido protagonista en el pabell\u00f3n con la participaci\u00f3n de representantes de la industria tur\u00edstica, incluyendo hoteles, tour operadores y las asociaciones de hoteles de la regi\u00f3n, con lo cual se demuestra el compromiso y la diversidad de la oferta tur\u00edstica que tiene el estado.<\/p>\n\n\n\n<p>Dijo que este evento ha sido tambi\u00e9n un espacio propicio para sostener reuniones de alto nivel con aerol\u00edneas como American Airlines, con el objetivo de fortalecer la conectividad de Quintana Roo principalmente con el sur del Estado.<\/p>\n\n\n\n<p>En estas reuniones se expusieron las cifras de crecimiento que han experimentado los destinos del sur como Bacalar, Mahahual y Chetumal.<\/p>\n\n\n\n<p>Adem\u00e1s, Bernardo Cueto particip\u00f3 en el panel \u00abMexico, A Top And Growing Tourist Destination\u00bb, donde se expusieron temas relevantes sobre la reactivaci\u00f3n del turismo, los destinos y sus potencialidades y durante su intervenci\u00f3n, resalt\u00f3 el caso de \u00e9xito del nuevo modelo de turismo que forma parte del Nuevo Acuerdo por el Bienestar y Desarrollo de Quintana Roo, impulsado por la gobernadora Mara Lezama Espinosa.<\/p>\n\n\n\n<p>La participaci\u00f3n de Quintana Roo en la World Tourism Expo de Miami ha sido una oportunidad para mostrar al mundo las bellezas y atractivos del Estado, as\u00ed como su capacidad de adaptaci\u00f3n e innovaci\u00f3n en el sector tur\u00edstico.<\/p>\n\n\n\n<p>Al evento asisti\u00f3 el presidente municipal de Bacalar, Jos\u00e9 Alfredo Contreras M\u00e9ndez; el presidente de la Asociaci\u00f3n de Hoteles de Canc\u00fan, Puerto Morelos &amp; Isla Mujeres, Jes\u00fas Almaguer; el presidente de la Asociaci\u00f3n de Hoteles del Centro y Sur de Quintana Roo, Ra\u00fal Andrade Angulo; de la Asociaci\u00f3n de Hoteles de Riviera Maya, Manuel Paredes; as\u00ed como del secretario de Turismo municipal de Benito Ju\u00e1rez, Juan Pablo de Zulueta y en representaci\u00f3n del Consejo de Promoci\u00f3n Tur\u00edstica de Quintana Roo, Jorge Tellez.<\/p>\n","protected":false},"excerpt":{"rendered":"<p>Para destacar el potencial tur\u00edstico de Quintana Roo y fortalecer las relaciones internacionales en el sector, el secretario<\/p>\n","protected":false},"author":1,"featured_media":7825,"comment_status":"closed","ping_status":"open","sticky":false,"template":"","format":"standard","meta":{"_monsterinsights_skip_tracking":false,"_monsterinsights_sitenote_active":false,"_monsterinsights_sitenote_note":"","_monsterinsights_sitenote_category":0,"footnotes":""},"categories":[11,24],"tags":[],"class_list":["post-7824","post","type-post","status-publish","format-standard","has-post-thumbnail","hentry","category-noticias","category-quintana-roo"],"yoast_head":"<!-- This site is optimized with the Yoast SEO plugin v18.3 - https:\/\/yoast.com\/wordpress\/plugins\/seo\/ -->\n<title>Quintana Roo destaca en la Feria Internacional de Turismo World Expo de Miami - El Puuc Noticias<\/title>\n<meta name=\"robots\" content=\"index, follow, max-snippet:-1, max-image-preview:large, max-video-preview:-1\" \/>\n<link rel=\"canonical\" href=\"https:\/\/elpuucnoticias.com\/?p=7824\" \/>\n<meta property=\"og:locale\" content=\"es_ES\" \/>\n<meta property=\"og:type\" content=\"article\" \/>\n<meta property=\"og:title\" content=\"Quintana Roo destaca en la Feria Internacional de Turismo World Expo de Miami - El Puuc Noticias\" \/>\n<meta property=\"og:description\" content=\"Para destacar el potencial tur\u00edstico de Quintana Roo y fortalecer las relaciones internacionales en el sector, el secretario\" \/>\n<meta property=\"og:url\" content=\"https:\/\/elpuucnoticias.com\/?p=7824\" \/>\n<meta property=\"og:site_name\" content=\"El Puuc Noticias\" \/>\n<meta property=\"article:published_time\" content=\"2023-06-15T05:31:39+00:00\" \/>\n<meta property=\"article:modified_time\" content=\"2023-06-15T05:31:40+00:00\" \/>\n<meta property=\"og:image\" content=\"https:\/\/elpuucnoticias.com\/wp-content\/uploads\/2023\/06\/WhatsApp-Image-2023-06-14-at-7.42.54-PM.jpeg\" \/>\n\t<meta property=\"og:image:width\" content=\"1280\" \/>\n\t<meta property=\"og:image:height\" content=\"960\" \/>\n\t<meta property=\"og:image:type\" content=\"image\/jpeg\" \/>\n<meta name=\"twitter:card\" content=\"summary_large_image\" \/>\n<meta name=\"twitter:label1\" content=\"Escrito por\" \/>\n\t<meta name=\"twitter:data1\" content=\"elpuucnoticias\" \/>\n\t<meta name=\"twitter:label2\" content=\"Tiempo de lectura\" \/>\n\t<meta name=\"twitter:data2\" content=\"3 minutos\" \/>\n<script type=\"application\/ld+json\" class=\"yoast-schema-graph\">{\"@context\":\"https:\/\/schema.org\",\"@graph\":[{\"@type\":\"WebSite\",\"@id\":\"https:\/\/elpuucnoticias.com\/#website\",\"url\":\"https:\/\/elpuucnoticias.com\/\",\"name\":\"El Puuc Noticias\",\"description\":\"Noticias - Entretenimiento - Deportes\",\"potentialAction\":[{\"@type\":\"SearchAction\",\"target\":{\"@type\":\"EntryPoint\",\"urlTemplate\":\"https:\/\/elpuucnoticias.com\/?s={search_term_string}\"},\"query-input\":\"required name=search_term_string\"}],\"inLanguage\":\"es\"},{\"@type\":\"ImageObject\",\"@id\":\"https:\/\/elpuucnoticias.com\/?p=7824#primaryimage\",\"inLanguage\":\"es\",\"url\":\"https:\/\/elpuucnoticias.com\/wp-content\/uploads\/2023\/06\/WhatsApp-Image-2023-06-14-at-7.42.54-PM.jpeg\",\"contentUrl\":\"https:\/\/elpuucnoticias.com\/wp-content\/uploads\/2023\/06\/WhatsApp-Image-2023-06-14-at-7.42.54-PM.jpeg\",\"width\":1280,\"height\":960},{\"@type\":\"WebPage\",\"@id\":\"https:\/\/elpuucnoticias.com\/?p=7824#webpage\",\"url\":\"https:\/\/elpuucnoticias.com\/?p=7824\",\"name\":\"Quintana Roo destaca en la Feria Internacional de Turismo World Expo de Miami - El Puuc Noticias\",\"isPartOf\":{\"@id\":\"https:\/\/elpuucnoticias.com\/#website\"},\"primaryImageOfPage\":{\"@id\":\"https:\/\/elpuucnoticias.com\/?p=7824#primaryimage\"},\"datePublished\":\"2023-06-15T05:31:39+00:00\",\"dateModified\":\"2023-06-15T05:31:40+00:00\",\"author\":{\"@id\":\"https:\/\/elpuucnoticias.com\/#\/schema\/person\/d2ea09e4c97f0160b11cdfb1d856bd9e\"},\"breadcrumb\":{\"@id\":\"https:\/\/elpuucnoticias.com\/?p=7824#breadcrumb\"},\"inLanguage\":\"es\",\"potentialAction\":[{\"@type\":\"ReadAction\",\"target\":[\"https:\/\/elpuucnoticias.com\/?p=7824\"]}]},{\"@type\":\"BreadcrumbList\",\"@id\":\"https:\/\/elpuucnoticias.com\/?p=7824#breadcrumb\",\"itemListElement\":[{\"@type\":\"ListItem\",\"position\":1,\"name\":\"Portada\",\"item\":\"https:\/\/elpuucnoticias.com\/\"},{\"@type\":\"ListItem\",\"position\":2,\"name\":\"Quintana Roo destaca en la Feria Internacional de Turismo World Expo de Miami\"}]},{\"@type\":\"Person\",\"@id\":\"https:\/\/elpuucnoticias.com\/#\/schema\/person\/d2ea09e4c97f0160b11cdfb1d856bd9e\",\"name\":\"elpuucnoticias\",\"image\":{\"@type\":\"ImageObject\",\"@id\":\"https:\/\/elpuucnoticias.com\/#personlogo\",\"inLanguage\":\"es\",\"url\":\"https:\/\/secure.gravatar.com\/avatar\/5290a43657c74ffa15701dbe5b846bd85cc71930d803c84e91046a7333de6ce2?s=96&d=mm&r=g\",\"contentUrl\":\"https:\/\/secure.gravatar.com\/avatar\/5290a43657c74ffa15701dbe5b846bd85cc71930d803c84e91046a7333de6ce2?s=96&d=mm&r=g\",\"caption\":\"elpuucnoticias\"},\"sameAs\":[\"https:\/\/elpuucnoticias.com\"],\"url\":\"https:\/\/elpuucnoticias.com\/?author=1\"}]}<\/script>\n<!-- \/ Yoast SEO plugin. -->","yoast_head_json":{"title":"Quintana Roo destaca en la Feria Internacional de Turismo World Expo de Miami - El Puuc Noticias","robots":{"index":"index","follow":"follow","max-snippet":"max-snippet:-1","max-image-preview":"max-image-preview:large","max-video-preview":"max-video-preview:-1"},"canonical":"https:\/\/elpuucnoticias.com\/?p=7824","og_locale":"es_ES","og_type":"article","og_title":"Quintana Roo destaca en la Feria Internacional de Turismo World Expo de Miami - El Puuc Noticias","og_description":"Para destacar el potencial tur\u00edstico de Quintana Roo y fortalecer las relaciones internacionales en el sector, el secretario","og_url":"https:\/\/elpuucnoticias.com\/?p=7824","og_site_name":"El Puuc Noticias","article_published_time":"2023-06-15T05:31:39+00:00","article_modified_time":"2023-06-15T05:31:40+00:00","og_image":[{"width":1280,"height":960,"url":"https:\/\/elpuucnoticias.com\/wp-content\/uploads\/2023\/06\/WhatsApp-Image-2023-06-14-at-7.42.54-PM.jpeg","type":"image\/jpeg"}],"twitter_card":"summary_large_image","twitter_misc":{"Escrito por":"elpuucnoticias","Tiempo de lectura":"3 minutos"},"schema":{"@context":"https:\/\/schema.org","@graph":[{"@type":"WebSite","@id":"https:\/\/elpuucnoticias.com\/#website","url":"https:\/\/elpuucnoticias.com\/","name":"El Puuc Noticias","description":"Noticias - Entretenimiento - Deportes","potentialAction":[{"@type":"SearchAction","target":{"@type":"EntryPoint","urlTemplate":"https:\/\/elpuucnoticias.com\/?s={search_term_string}"},"query-input":"required name=search_term_string"}],"inLanguage":"es"},{"@type":"ImageObject","@id":"https:\/\/elpuucnoticias.com\/?p=7824#primaryimage","inLanguage":"es","url":"https:\/\/elpuucnoticias.com\/wp-content\/uploads\/2023\/06\/WhatsApp-Image-2023-06-14-at-7.42.54-PM.jpeg","contentUrl":"https:\/\/elpuucnoticias.com\/wp-content\/uploads\/2023\/06\/WhatsApp-Image-2023-06-14-at-7.42.54-PM.jpeg","width":1280,"height":960},{"@type":"WebPage","@id":"https:\/\/elpuucnoticias.com\/?p=7824#webpage","url":"https:\/\/elpuucnoticias.com\/?p=7824","name":"Quintana Roo destaca en la Feria Internacional de Turismo World Expo de Miami - El Puuc Noticias","isPartOf":{"@id":"https:\/\/elpuucnoticias.com\/#website"},"primaryImageOfPage":{"@id":"https:\/\/elpuucnoticias.com\/?p=7824#primaryimage"},"datePublished":"2023-06-15T05:31:39+00:00","dateModified":"2023-06-15T05:31:40+00:00","author":{"@id":"https:\/\/elpuucnoticias.com\/#\/schema\/person\/d2ea09e4c97f0160b11cdfb1d856bd9e"},"breadcrumb":{"@id":"https:\/\/elpuucnoticias.com\/?p=7824#breadcrumb"},"inLanguage":"es","potentialAction":[{"@type":"ReadAction","target":["https:\/\/elpuucnoticias.com\/?p=7824"]}]},{"@type":"BreadcrumbList","@id":"https:\/\/elpuucnoticias.com\/?p=7824#breadcrumb","itemListElement":[{"@type":"ListItem","position":1,"name":"Portada","item":"https:\/\/elpuucnoticias.com\/"},{"@type":"ListItem","position":2,"name":"Quintana Roo destaca en la Feria Internacional de Turismo World Expo de Miami"}]},{"@type":"Person","@id":"https:\/\/elpuucnoticias.com\/#\/schema\/person\/d2ea09e4c97f0160b11cdfb1d856bd9e","name":"elpuucnoticias","image":{"@type":"ImageObject","@id":"https:\/\/elpuucnoticias.com\/#personlogo","inLanguage":"es","url":"https:\/\/secure.gravatar.com\/avatar\/5290a43657c74ffa15701dbe5b846bd85cc71930d803c84e91046a7333de6ce2?s=96&d=mm&r=g","contentUrl":"https:\/\/secure.gravatar.com\/avatar\/5290a43657c74ffa15701dbe5b846bd85cc71930d803c84e91046a7333de6ce2?s=96&d=mm&r=g","caption":"elpuucnoticias"},"sameAs":["https:\/\/elpuucnoticias.com"],"url":"https:\/\/elpuucnoticias.com\/?author=1"}]}},"_links":{"self":[{"href":"https:\/\/elpuucnoticias.com\/index.php?rest_route=\/wp\/v2\/posts\/7824","targetHints":{"allow":["GET"]}}],"collection":[{"href":"https:\/\/elpuucnoticias.com\/index.php?rest_route=\/wp\/v2\/posts"}],"about":[{"href":"https:\/\/elpuucnoticias.com\/index.php?rest_route=\/wp\/v2\/types\/post"}],"author":[{"embeddable":true,"href":"https:\/\/elpuucnoticias.com\/index.php?rest_route=\/wp\/v2\/users\/1"}],"replies":[{"embeddable":true,"href":"https:\/\/elpuucnoticias.com\/index.php?rest_route=%2Fwp%2Fv2%2Fcomments&post=7824"}],"version-history":[{"count":1,"href":"https:\/\/elpuucnoticias.com\/index.php?rest_route=\/wp\/v2\/posts\/7824\/revisions"}],"predecessor-version":[{"id":7827,"href":"https:\/\/elpuucnoticias.com\/index.php?rest_route=\/wp\/v2\/posts\/7824\/revisions\/7827"}],"wp:featuredmedia":[{"embeddable":true,"href":"https:\/\/elpuucnoticias.com\/index.php?rest_route=\/wp\/v2\/media\/7825"}],"wp:attachment":[{"href":"https:\/\/elpuucnoticias.com\/index.php?rest_route=%2Fwp%2Fv2%2Fmedia&parent=7824"}],"wp:term":[{"taxonomy":"category","embeddable":true,"href":"https:\/\/elpuucnoticias.com\/index.php?rest_route=%2Fwp%2Fv2%2Fcategories&post=7824"},{"taxonomy":"post_tag","embeddable":true,"href":"https:\/\/elpuucnoticias.com\/index.php?rest_route=%2Fwp%2Fv2%2Ftags&post=7824"}],"curies":[{"name":"wp","href":"https:\/\/api.w.org\/{rel}","templated":true}]}}