{"id":789,"date":"2022-04-01T19:18:27","date_gmt":"2022-04-02T01:18:27","guid":{"rendered":"https:\/\/elpuucnoticias.com\/?p=789"},"modified":"2022-04-01T19:18:28","modified_gmt":"2022-04-02T01:18:28","slug":"de-24-y-28-anos-de-edad-los-dos-detenidos-por-la-muerte-de-un-sexagenario-de-ticul-cuyo-cuerpo-fue-hallado-en-plena-via-publica-el-pasado-lunes-en-el-barrio-de-san-joaquin","status":"publish","type":"post","link":"https:\/\/elpuucnoticias.com\/?p=789","title":{"rendered":"De 24 y 28 a\u00f1os de edad, los dos detenidos por la muerte de un sexagenario de Ticul, cuyo cuerpo fue hallado en plena v\u00eda p\u00fablica el pasado lunes en el barrio de San Joaqu\u00edn"},"content":{"rendered":"\n<p>Tras ejecutarse una orden de aprehensi\u00f3n a cargo de elementos de la Fiscal\u00eda General del Estado (FGE) y agentes de la Polic\u00eda Estatal de Investigaci\u00f3n (PEI) de la Secretar\u00eda de Seguridad P\u00fablica (SSP), Cruz Mart\u00edn T.I, de 24 a\u00f1os de edad, y Juan Augusto P.C. (a) \u00abJuan Loco\u00bb, de 28 a\u00f1os, fueron imputados por el delito de homicidio, denunciado despu\u00e9s de los hechos ocurridos en d\u00edas pasados en la colonia San Joaqu\u00edn de Ticul, donde perdi\u00f3 la vida el ciudadano F.I.C.P.<\/p>\n\n\n\n<p>Despu\u00e9s de descubrirse el cuerpo del hoy occiso, se inici\u00f3 la indagatoria para la integraci\u00f3n de la carpeta de investigaci\u00f3n correspondiente, la cual deriv\u00f3 en la causa penal 20\/2022, donde se establece que los hechos ocurrieron el pasado 28 de marzo en calles de la citada colonia, cuando la v\u00edctima depart\u00eda con sus victimarios, quienes en un momento dado lo atacaron y provocaron lesiones que a la postre le causaron la muerte por un traumatismo craneoencef\u00e1lico, tal como dictamin\u00f3 un perito del Servicio M\u00e9dico Forense de la FGE.<\/p>\n\n\n\n<p>En la audiencia celebrada este d\u00eda en el Centro de Justicia Oral de Tekax, los fiscales de litigaci\u00f3n formularon la imputaci\u00f3n del delito y expusieron los datos de prueba contenidos en la carpeta de investigaci\u00f3n para solicitar se resolviera la situaci\u00f3n legal de ambos imputados, quienes pidieron la duplicidad del t\u00e9rmino constitucional para definir su condici\u00f3n jur\u00eddica, por lo que el Juez de Control del Tercer Distrito convoc\u00f3 a las partes para el pr\u00f3ximo cinco de abril continuar la diligencia judicial.<\/p>\n\n\n\n<p>Antes de concluir la audiencia de hoy, esta representaci\u00f3n social expuso los argumentos para justificar la solicitud de la prisi\u00f3n preventiva oficiosa como medida cautelar, misma que fue concedida por el Juez de Control por todo el tiempo que dure el proceso, por lo que ambos encausados continuar\u00e1n privados de su libertad hasta establecer su participaci\u00f3n en los hechos investigados.<\/p>\n","protected":false},"excerpt":{"rendered":"<p>Tras ejecutarse una orden de aprehensi\u00f3n a cargo de elementos de la Fiscal\u00eda General del Estado (FGE) y<\/p>\n","protected":false},"author":1,"featured_media":790,"comment_status":"closed","ping_status":"open","sticky":false,"template":"","format":"standard","meta":{"_monsterinsights_skip_tracking":false,"_monsterinsights_sitenote_active":false,"_monsterinsights_sitenote_note":"","_monsterinsights_sitenote_category":0,"footnotes":""},"categories":[11,3,13],"tags":[],"class_list":["post-789","post","type-post","status-publish","format-standard","has-post-thumbnail","hentry","category-noticias","category-policiacas","category-ticul"],"yoast_head":"<!-- This site is optimized with the Yoast SEO plugin v18.3 - https:\/\/yoast.com\/wordpress\/plugins\/seo\/ -->\n<title>De 24 y 28 a\u00f1os de edad, los dos detenidos por la muerte de un sexagenario de Ticul, cuyo cuerpo fue hallado en plena v\u00eda p\u00fablica el pasado lunes en el barrio de San Joaqu\u00edn - El Puuc Noticias<\/title>\n<meta name=\"robots\" content=\"index, follow, max-snippet:-1, max-image-preview:large, max-video-preview:-1\" \/>\n<link rel=\"canonical\" href=\"https:\/\/elpuucnoticias.com\/?p=789\" \/>\n<meta property=\"og:locale\" content=\"es_ES\" \/>\n<meta property=\"og:type\" content=\"article\" \/>\n<meta property=\"og:title\" content=\"De 24 y 28 a\u00f1os de edad, los dos detenidos por la muerte de un sexagenario de Ticul, cuyo cuerpo fue hallado en plena v\u00eda p\u00fablica el pasado lunes en el barrio de San Joaqu\u00edn - El Puuc Noticias\" \/>\n<meta property=\"og:description\" content=\"Tras ejecutarse una orden de aprehensi\u00f3n a cargo de elementos de la Fiscal\u00eda General del Estado (FGE) y\" \/>\n<meta property=\"og:url\" content=\"https:\/\/elpuucnoticias.com\/?p=789\" \/>\n<meta property=\"og:site_name\" content=\"El Puuc Noticias\" \/>\n<meta property=\"article:published_time\" content=\"2022-04-02T01:18:27+00:00\" \/>\n<meta property=\"article:modified_time\" content=\"2022-04-02T01:18:28+00:00\" \/>\n<meta property=\"og:image\" content=\"https:\/\/elpuucnoticias.com\/wp-content\/uploads\/2022\/04\/detenidos.jpg\" \/>\n\t<meta property=\"og:image:width\" content=\"1013\" \/>\n\t<meta property=\"og:image:height\" content=\"835\" \/>\n\t<meta property=\"og:image:type\" content=\"image\/jpeg\" \/>\n<meta name=\"twitter:card\" content=\"summary_large_image\" \/>\n<meta name=\"twitter:label1\" content=\"Escrito por\" \/>\n\t<meta name=\"twitter:data1\" content=\"elpuucnoticias\" \/>\n\t<meta name=\"twitter:label2\" content=\"Tiempo de lectura\" \/>\n\t<meta name=\"twitter:data2\" content=\"2 minutos\" \/>\n<script type=\"application\/ld+json\" class=\"yoast-schema-graph\">{\"@context\":\"https:\/\/schema.org\",\"@graph\":[{\"@type\":\"WebSite\",\"@id\":\"https:\/\/elpuucnoticias.com\/#website\",\"url\":\"https:\/\/elpuucnoticias.com\/\",\"name\":\"El Puuc Noticias\",\"description\":\"Noticias - Entretenimiento - Deportes\",\"potentialAction\":[{\"@type\":\"SearchAction\",\"target\":{\"@type\":\"EntryPoint\",\"urlTemplate\":\"https:\/\/elpuucnoticias.com\/?s={search_term_string}\"},\"query-input\":\"required name=search_term_string\"}],\"inLanguage\":\"es\"},{\"@type\":\"ImageObject\",\"@id\":\"https:\/\/elpuucnoticias.com\/?p=789#primaryimage\",\"inLanguage\":\"es\",\"url\":\"https:\/\/elpuucnoticias.com\/wp-content\/uploads\/2022\/04\/detenidos.jpg\",\"contentUrl\":\"https:\/\/elpuucnoticias.com\/wp-content\/uploads\/2022\/04\/detenidos.jpg\",\"width\":1013,\"height\":835},{\"@type\":\"WebPage\",\"@id\":\"https:\/\/elpuucnoticias.com\/?p=789#webpage\",\"url\":\"https:\/\/elpuucnoticias.com\/?p=789\",\"name\":\"De 24 y 28 a\u00f1os de edad, los dos detenidos por la muerte de un sexagenario de Ticul, cuyo cuerpo fue hallado en plena v\u00eda p\u00fablica el pasado lunes en el barrio de San Joaqu\u00edn - El Puuc Noticias\",\"isPartOf\":{\"@id\":\"https:\/\/elpuucnoticias.com\/#website\"},\"primaryImageOfPage\":{\"@id\":\"https:\/\/elpuucnoticias.com\/?p=789#primaryimage\"},\"datePublished\":\"2022-04-02T01:18:27+00:00\",\"dateModified\":\"2022-04-02T01:18:28+00:00\",\"author\":{\"@id\":\"https:\/\/elpuucnoticias.com\/#\/schema\/person\/d2ea09e4c97f0160b11cdfb1d856bd9e\"},\"breadcrumb\":{\"@id\":\"https:\/\/elpuucnoticias.com\/?p=789#breadcrumb\"},\"inLanguage\":\"es\",\"potentialAction\":[{\"@type\":\"ReadAction\",\"target\":[\"https:\/\/elpuucnoticias.com\/?p=789\"]}]},{\"@type\":\"BreadcrumbList\",\"@id\":\"https:\/\/elpuucnoticias.com\/?p=789#breadcrumb\",\"itemListElement\":[{\"@type\":\"ListItem\",\"position\":1,\"name\":\"Portada\",\"item\":\"https:\/\/elpuucnoticias.com\/\"},{\"@type\":\"ListItem\",\"position\":2,\"name\":\"De 24 y 28 a\u00f1os de edad, los dos detenidos por la muerte de un sexagenario de Ticul, cuyo cuerpo fue hallado en plena v\u00eda p\u00fablica el pasado lunes en el barrio de San Joaqu\u00edn\"}]},{\"@type\":\"Person\",\"@id\":\"https:\/\/elpuucnoticias.com\/#\/schema\/person\/d2ea09e4c97f0160b11cdfb1d856bd9e\",\"name\":\"elpuucnoticias\",\"image\":{\"@type\":\"ImageObject\",\"@id\":\"https:\/\/elpuucnoticias.com\/#personlogo\",\"inLanguage\":\"es\",\"url\":\"https:\/\/secure.gravatar.com\/avatar\/5290a43657c74ffa15701dbe5b846bd85cc71930d803c84e91046a7333de6ce2?s=96&d=mm&r=g\",\"contentUrl\":\"https:\/\/secure.gravatar.com\/avatar\/5290a43657c74ffa15701dbe5b846bd85cc71930d803c84e91046a7333de6ce2?s=96&d=mm&r=g\",\"caption\":\"elpuucnoticias\"},\"sameAs\":[\"https:\/\/elpuucnoticias.com\"],\"url\":\"https:\/\/elpuucnoticias.com\/?author=1\"}]}<\/script>\n<!-- \/ Yoast SEO plugin. -->","yoast_head_json":{"title":"De 24 y 28 a\u00f1os de edad, los dos detenidos por la muerte de un sexagenario de Ticul, cuyo cuerpo fue hallado en plena v\u00eda p\u00fablica el pasado lunes en el barrio de San Joaqu\u00edn - El Puuc Noticias","robots":{"index":"index","follow":"follow","max-snippet":"max-snippet:-1","max-image-preview":"max-image-preview:large","max-video-preview":"max-video-preview:-1"},"canonical":"https:\/\/elpuucnoticias.com\/?p=789","og_locale":"es_ES","og_type":"article","og_title":"De 24 y 28 a\u00f1os de edad, los dos detenidos por la muerte de un sexagenario de Ticul, cuyo cuerpo fue hallado en plena v\u00eda p\u00fablica el pasado lunes en el barrio de San Joaqu\u00edn - El Puuc Noticias","og_description":"Tras ejecutarse una orden de aprehensi\u00f3n a cargo de elementos de la Fiscal\u00eda General del Estado (FGE) y","og_url":"https:\/\/elpuucnoticias.com\/?p=789","og_site_name":"El Puuc Noticias","article_published_time":"2022-04-02T01:18:27+00:00","article_modified_time":"2022-04-02T01:18:28+00:00","og_image":[{"width":1013,"height":835,"url":"https:\/\/elpuucnoticias.com\/wp-content\/uploads\/2022\/04\/detenidos.jpg","type":"image\/jpeg"}],"twitter_card":"summary_large_image","twitter_misc":{"Escrito por":"elpuucnoticias","Tiempo de lectura":"2 minutos"},"schema":{"@context":"https:\/\/schema.org","@graph":[{"@type":"WebSite","@id":"https:\/\/elpuucnoticias.com\/#website","url":"https:\/\/elpuucnoticias.com\/","name":"El Puuc Noticias","description":"Noticias - Entretenimiento - Deportes","potentialAction":[{"@type":"SearchAction","target":{"@type":"EntryPoint","urlTemplate":"https:\/\/elpuucnoticias.com\/?s={search_term_string}"},"query-input":"required name=search_term_string"}],"inLanguage":"es"},{"@type":"ImageObject","@id":"https:\/\/elpuucnoticias.com\/?p=789#primaryimage","inLanguage":"es","url":"https:\/\/elpuucnoticias.com\/wp-content\/uploads\/2022\/04\/detenidos.jpg","contentUrl":"https:\/\/elpuucnoticias.com\/wp-content\/uploads\/2022\/04\/detenidos.jpg","width":1013,"height":835},{"@type":"WebPage","@id":"https:\/\/elpuucnoticias.com\/?p=789#webpage","url":"https:\/\/elpuucnoticias.com\/?p=789","name":"De 24 y 28 a\u00f1os de edad, los dos detenidos por la muerte de un sexagenario de Ticul, cuyo cuerpo fue hallado en plena v\u00eda p\u00fablica el pasado lunes en el barrio de San Joaqu\u00edn - El Puuc Noticias","isPartOf":{"@id":"https:\/\/elpuucnoticias.com\/#website"},"primaryImageOfPage":{"@id":"https:\/\/elpuucnoticias.com\/?p=789#primaryimage"},"datePublished":"2022-04-02T01:18:27+00:00","dateModified":"2022-04-02T01:18:28+00:00","author":{"@id":"https:\/\/elpuucnoticias.com\/#\/schema\/person\/d2ea09e4c97f0160b11cdfb1d856bd9e"},"breadcrumb":{"@id":"https:\/\/elpuucnoticias.com\/?p=789#breadcrumb"},"inLanguage":"es","potentialAction":[{"@type":"ReadAction","target":["https:\/\/elpuucnoticias.com\/?p=789"]}]},{"@type":"BreadcrumbList","@id":"https:\/\/elpuucnoticias.com\/?p=789#breadcrumb","itemListElement":[{"@type":"ListItem","position":1,"name":"Portada","item":"https:\/\/elpuucnoticias.com\/"},{"@type":"ListItem","position":2,"name":"De 24 y 28 a\u00f1os de edad, los dos detenidos por la muerte de un sexagenario de Ticul, cuyo cuerpo fue hallado en plena v\u00eda p\u00fablica el pasado lunes en el barrio de San Joaqu\u00edn"}]},{"@type":"Person","@id":"https:\/\/elpuucnoticias.com\/#\/schema\/person\/d2ea09e4c97f0160b11cdfb1d856bd9e","name":"elpuucnoticias","image":{"@type":"ImageObject","@id":"https:\/\/elpuucnoticias.com\/#personlogo","inLanguage":"es","url":"https:\/\/secure.gravatar.com\/avatar\/5290a43657c74ffa15701dbe5b846bd85cc71930d803c84e91046a7333de6ce2?s=96&d=mm&r=g","contentUrl":"https:\/\/secure.gravatar.com\/avatar\/5290a43657c74ffa15701dbe5b846bd85cc71930d803c84e91046a7333de6ce2?s=96&d=mm&r=g","caption":"elpuucnoticias"},"sameAs":["https:\/\/elpuucnoticias.com"],"url":"https:\/\/elpuucnoticias.com\/?author=1"}]}},"_links":{"self":[{"href":"https:\/\/elpuucnoticias.com\/index.php?rest_route=\/wp\/v2\/posts\/789","targetHints":{"allow":["GET"]}}],"collection":[{"href":"https:\/\/elpuucnoticias.com\/index.php?rest_route=\/wp\/v2\/posts"}],"about":[{"href":"https:\/\/elpuucnoticias.com\/index.php?rest_route=\/wp\/v2\/types\/post"}],"author":[{"embeddable":true,"href":"https:\/\/elpuucnoticias.com\/index.php?rest_route=\/wp\/v2\/users\/1"}],"replies":[{"embeddable":true,"href":"https:\/\/elpuucnoticias.com\/index.php?rest_route=%2Fwp%2Fv2%2Fcomments&post=789"}],"version-history":[{"count":1,"href":"https:\/\/elpuucnoticias.com\/index.php?rest_route=\/wp\/v2\/posts\/789\/revisions"}],"predecessor-version":[{"id":791,"href":"https:\/\/elpuucnoticias.com\/index.php?rest_route=\/wp\/v2\/posts\/789\/revisions\/791"}],"wp:featuredmedia":[{"embeddable":true,"href":"https:\/\/elpuucnoticias.com\/index.php?rest_route=\/wp\/v2\/media\/790"}],"wp:attachment":[{"href":"https:\/\/elpuucnoticias.com\/index.php?rest_route=%2Fwp%2Fv2%2Fmedia&parent=789"}],"wp:term":[{"taxonomy":"category","embeddable":true,"href":"https:\/\/elpuucnoticias.com\/index.php?rest_route=%2Fwp%2Fv2%2Fcategories&post=789"},{"taxonomy":"post_tag","embeddable":true,"href":"https:\/\/elpuucnoticias.com\/index.php?rest_route=%2Fwp%2Fv2%2Ftags&post=789"}],"curies":[{"name":"wp","href":"https:\/\/api.w.org\/{rel}","templated":true}]}}