{"id":7912,"date":"2023-06-21T18:58:55","date_gmt":"2023-06-22T00:58:55","guid":{"rendered":"https:\/\/elpuucnoticias.com\/?p=7912"},"modified":"2023-06-21T18:58:57","modified_gmt":"2023-06-22T00:58:57","slug":"ticul-se-consolida-como-una-sede-de-turismo-deportivo-anuncian-segunda-carrera-por-el-aniversario-de-la-perla-del-sur","status":"publish","type":"post","link":"https:\/\/elpuucnoticias.com\/?p=7912","title":{"rendered":"Ticul se consolida como una sede de turismo deportivo. Anuncian segunda carrera por el aniversario de La Perla del Sur"},"content":{"rendered":"\n<p>Ayer se realiz\u00f3 la presentaci\u00f3n en Ticul de la Carrera del 156 Aniversario de la ciudad que se realizar\u00e1 el 9 de julio, en el que particip\u00f3 el alcalde, Rafael Montalvo Mata, Lalo Barrera, organizador y autoridades del ramo de Deportes de Ticul.<\/p>\n\n\n\n<p>La promoci\u00f3n dice de la siguiente manera: \u00abUna ruta legendaria te espera para conquistar La Perla del Sur\u00bb.<\/p>\n\n\n\n<figure class=\"wp-block-gallery has-nested-images columns-default is-cropped wp-block-gallery-1 is-layout-flex wp-block-gallery-is-layout-flex\">\n<figure class=\"wp-block-image size-large\"><img loading=\"lazy\" decoding=\"async\" width=\"1024\" height=\"684\" data-id=\"7915\" src=\"https:\/\/elpuucnoticias.com\/wp-content\/uploads\/2023\/06\/DSC_0841-1024x684.jpg\" alt=\"\" class=\"wp-image-7915\" srcset=\"https:\/\/elpuucnoticias.com\/wp-content\/uploads\/2023\/06\/DSC_0841-1024x684.jpg 1024w, https:\/\/elpuucnoticias.com\/wp-content\/uploads\/2023\/06\/DSC_0841-300x201.jpg 300w, https:\/\/elpuucnoticias.com\/wp-content\/uploads\/2023\/06\/DSC_0841-768x513.jpg 768w, https:\/\/elpuucnoticias.com\/wp-content\/uploads\/2023\/06\/DSC_0841-1536x1027.jpg 1536w, https:\/\/elpuucnoticias.com\/wp-content\/uploads\/2023\/06\/DSC_0841-2048x1369.jpg 2048w\" sizes=\"auto, (max-width: 1024px) 100vw, 1024px\" \/><\/figure>\n\n\n\n<figure class=\"wp-block-image size-large\"><img loading=\"lazy\" decoding=\"async\" width=\"1024\" height=\"684\" data-id=\"7914\" src=\"https:\/\/elpuucnoticias.com\/wp-content\/uploads\/2023\/06\/DSC_0843-1024x684.jpg\" alt=\"\" class=\"wp-image-7914\" srcset=\"https:\/\/elpuucnoticias.com\/wp-content\/uploads\/2023\/06\/DSC_0843-1024x684.jpg 1024w, https:\/\/elpuucnoticias.com\/wp-content\/uploads\/2023\/06\/DSC_0843-300x201.jpg 300w, https:\/\/elpuucnoticias.com\/wp-content\/uploads\/2023\/06\/DSC_0843-768x513.jpg 768w, https:\/\/elpuucnoticias.com\/wp-content\/uploads\/2023\/06\/DSC_0843-1536x1027.jpg 1536w, https:\/\/elpuucnoticias.com\/wp-content\/uploads\/2023\/06\/DSC_0843-2048x1369.jpg 2048w\" sizes=\"auto, (max-width: 1024px) 100vw, 1024px\" \/><\/figure>\n\n\n\n<figure class=\"wp-block-image size-large\"><img loading=\"lazy\" decoding=\"async\" width=\"1024\" height=\"684\" data-id=\"7916\" src=\"https:\/\/elpuucnoticias.com\/wp-content\/uploads\/2023\/06\/DSC_0848-1024x684.jpg\" alt=\"\" class=\"wp-image-7916\" srcset=\"https:\/\/elpuucnoticias.com\/wp-content\/uploads\/2023\/06\/DSC_0848-1024x684.jpg 1024w, https:\/\/elpuucnoticias.com\/wp-content\/uploads\/2023\/06\/DSC_0848-300x201.jpg 300w, https:\/\/elpuucnoticias.com\/wp-content\/uploads\/2023\/06\/DSC_0848-768x513.jpg 768w, https:\/\/elpuucnoticias.com\/wp-content\/uploads\/2023\/06\/DSC_0848-1536x1027.jpg 1536w, https:\/\/elpuucnoticias.com\/wp-content\/uploads\/2023\/06\/DSC_0848-2048x1369.jpg 2048w\" sizes=\"auto, (max-width: 1024px) 100vw, 1024px\" \/><\/figure>\n<\/figure>\n\n\n\n<p>\u00abSaliendo del santuario de las momias en Santa Elena y recorrer la serran\u00eda del Sur con una altimetr\u00eda que te dejar\u00e1 una sensaci\u00f3n de mayor distancia\u00bb.<\/p>\n\n\n\n<p>\u00abBienvenidos a los 14.5 k de la tradicional \u201cSanta Elena-Ticul\u201d.<\/p>\n\n\n\n<p>\u00abTe esperamos este 9 de Julio a las 6:30 am, saliendo del Santuario de las momias en Santa Elena y meta en el Palacio Municipal de Ticul\u00bb.<\/p>\n\n\n\n<p>\u00abTenemos distancia corta de 5k y Carreras Infantiles\u00bb.<\/p>\n\n\n\n<p>\u00abCategor\u00edas (Premiaci\u00f3n en efectivo)<br>Libre (18 en adelante)<br>Submaster (30 a 39 a\u00f1os)<br>Master (40 a 49 a\u00f1os)<br>Veteranos (50 a 59 a\u00f1os)<br>Veteranos Plus (60 en adelante)<\/p>\n\n\n\n<p>Ramas<br>Varonil y Femenil<\/p>\n\n\n\n<p>Carrera 5k (Reconocimientos)<br>Categor\u00eda Libre<br>Ramas a varonil y Femenil<\/p>\n\n\n\n<p>Carreras Infantiles Gratis<br>Edad 5-6, 7-8,9-10 y 11-12 a\u00f1os<br>Ramas: Varonil y Femenil<\/p>\n\n\n\n<p>Inscripciones en l\u00ednea en https:\/\/www.khronometraje.com Tiendas Spiro y en Pirma Ticul. No te la puedes perder!\u00bb.\u2014 <em>El Puuc Noticias<\/em><\/p>\n","protected":false},"excerpt":{"rendered":"<p>Ayer se realiz\u00f3 la presentaci\u00f3n en Ticul de la Carrera del 156 Aniversario de la ciudad que se<\/p>\n","protected":false},"author":1,"featured_media":7913,"comment_status":"closed","ping_status":"open","sticky":false,"template":"","format":"standard","meta":{"_monsterinsights_skip_tracking":false,"_monsterinsights_sitenote_active":false,"_monsterinsights_sitenote_note":"","_monsterinsights_sitenote_category":0,"footnotes":""},"categories":[7,11,13],"tags":[],"class_list":["post-7912","post","type-post","status-publish","format-standard","has-post-thumbnail","hentry","category-impacto-deportivo","category-noticias","category-ticul"],"yoast_head":"<!-- This site is optimized with the Yoast SEO plugin v18.3 - https:\/\/yoast.com\/wordpress\/plugins\/seo\/ -->\n<title>Ticul se consolida como una sede de turismo deportivo. Anuncian segunda carrera por el aniversario de La Perla del Sur - El Puuc Noticias<\/title>\n<meta name=\"robots\" content=\"index, follow, max-snippet:-1, max-image-preview:large, max-video-preview:-1\" \/>\n<link rel=\"canonical\" href=\"https:\/\/elpuucnoticias.com\/?p=7912\" \/>\n<meta property=\"og:locale\" content=\"es_ES\" \/>\n<meta property=\"og:type\" content=\"article\" \/>\n<meta property=\"og:title\" content=\"Ticul se consolida como una sede de turismo deportivo. Anuncian segunda carrera por el aniversario de La Perla del Sur - El Puuc Noticias\" \/>\n<meta property=\"og:description\" content=\"Ayer se realiz\u00f3 la presentaci\u00f3n en Ticul de la Carrera del 156 Aniversario de la ciudad que se\" \/>\n<meta property=\"og:url\" content=\"https:\/\/elpuucnoticias.com\/?p=7912\" \/>\n<meta property=\"og:site_name\" content=\"El Puuc Noticias\" \/>\n<meta property=\"article:published_time\" content=\"2023-06-22T00:58:55+00:00\" \/>\n<meta property=\"article:modified_time\" content=\"2023-06-22T00:58:57+00:00\" \/>\n<meta property=\"og:image\" content=\"https:\/\/elpuucnoticias.com\/wp-content\/uploads\/2023\/06\/DSC_0853-scaled.jpg\" \/>\n\t<meta property=\"og:image:width\" content=\"2560\" \/>\n\t<meta property=\"og:image:height\" content=\"1711\" \/>\n\t<meta property=\"og:image:type\" content=\"image\/jpeg\" \/>\n<meta name=\"twitter:card\" content=\"summary_large_image\" \/>\n<meta name=\"twitter:label1\" content=\"Escrito por\" \/>\n\t<meta name=\"twitter:data1\" content=\"elpuucnoticias\" \/>\n\t<meta name=\"twitter:label2\" content=\"Tiempo de lectura\" \/>\n\t<meta name=\"twitter:data2\" content=\"2 minutos\" \/>\n<script type=\"application\/ld+json\" class=\"yoast-schema-graph\">{\"@context\":\"https:\/\/schema.org\",\"@graph\":[{\"@type\":\"WebSite\",\"@id\":\"https:\/\/elpuucnoticias.com\/#website\",\"url\":\"https:\/\/elpuucnoticias.com\/\",\"name\":\"El Puuc Noticias\",\"description\":\"Noticias - Entretenimiento - Deportes\",\"potentialAction\":[{\"@type\":\"SearchAction\",\"target\":{\"@type\":\"EntryPoint\",\"urlTemplate\":\"https:\/\/elpuucnoticias.com\/?s={search_term_string}\"},\"query-input\":\"required name=search_term_string\"}],\"inLanguage\":\"es\"},{\"@type\":\"ImageObject\",\"@id\":\"https:\/\/elpuucnoticias.com\/?p=7912#primaryimage\",\"inLanguage\":\"es\",\"url\":\"https:\/\/elpuucnoticias.com\/wp-content\/uploads\/2023\/06\/DSC_0853-scaled.jpg\",\"contentUrl\":\"https:\/\/elpuucnoticias.com\/wp-content\/uploads\/2023\/06\/DSC_0853-scaled.jpg\",\"width\":2560,\"height\":1711},{\"@type\":\"WebPage\",\"@id\":\"https:\/\/elpuucnoticias.com\/?p=7912#webpage\",\"url\":\"https:\/\/elpuucnoticias.com\/?p=7912\",\"name\":\"Ticul se consolida como una sede de turismo deportivo. Anuncian segunda carrera por el aniversario de La Perla del Sur - El Puuc Noticias\",\"isPartOf\":{\"@id\":\"https:\/\/elpuucnoticias.com\/#website\"},\"primaryImageOfPage\":{\"@id\":\"https:\/\/elpuucnoticias.com\/?p=7912#primaryimage\"},\"datePublished\":\"2023-06-22T00:58:55+00:00\",\"dateModified\":\"2023-06-22T00:58:57+00:00\",\"author\":{\"@id\":\"https:\/\/elpuucnoticias.com\/#\/schema\/person\/d2ea09e4c97f0160b11cdfb1d856bd9e\"},\"breadcrumb\":{\"@id\":\"https:\/\/elpuucnoticias.com\/?p=7912#breadcrumb\"},\"inLanguage\":\"es\",\"potentialAction\":[{\"@type\":\"ReadAction\",\"target\":[\"https:\/\/elpuucnoticias.com\/?p=7912\"]}]},{\"@type\":\"BreadcrumbList\",\"@id\":\"https:\/\/elpuucnoticias.com\/?p=7912#breadcrumb\",\"itemListElement\":[{\"@type\":\"ListItem\",\"position\":1,\"name\":\"Portada\",\"item\":\"https:\/\/elpuucnoticias.com\/\"},{\"@type\":\"ListItem\",\"position\":2,\"name\":\"Ticul se consolida como una sede de turismo deportivo. Anuncian segunda carrera por el aniversario de La Perla del Sur\"}]},{\"@type\":\"Person\",\"@id\":\"https:\/\/elpuucnoticias.com\/#\/schema\/person\/d2ea09e4c97f0160b11cdfb1d856bd9e\",\"name\":\"elpuucnoticias\",\"image\":{\"@type\":\"ImageObject\",\"@id\":\"https:\/\/elpuucnoticias.com\/#personlogo\",\"inLanguage\":\"es\",\"url\":\"https:\/\/secure.gravatar.com\/avatar\/5290a43657c74ffa15701dbe5b846bd85cc71930d803c84e91046a7333de6ce2?s=96&d=mm&r=g\",\"contentUrl\":\"https:\/\/secure.gravatar.com\/avatar\/5290a43657c74ffa15701dbe5b846bd85cc71930d803c84e91046a7333de6ce2?s=96&d=mm&r=g\",\"caption\":\"elpuucnoticias\"},\"sameAs\":[\"https:\/\/elpuucnoticias.com\"],\"url\":\"https:\/\/elpuucnoticias.com\/?author=1\"}]}<\/script>\n<!-- \/ Yoast SEO plugin. -->","yoast_head_json":{"title":"Ticul se consolida como una sede de turismo deportivo. Anuncian segunda carrera por el aniversario de La Perla del Sur - El Puuc Noticias","robots":{"index":"index","follow":"follow","max-snippet":"max-snippet:-1","max-image-preview":"max-image-preview:large","max-video-preview":"max-video-preview:-1"},"canonical":"https:\/\/elpuucnoticias.com\/?p=7912","og_locale":"es_ES","og_type":"article","og_title":"Ticul se consolida como una sede de turismo deportivo. Anuncian segunda carrera por el aniversario de La Perla del Sur - El Puuc Noticias","og_description":"Ayer se realiz\u00f3 la presentaci\u00f3n en Ticul de la Carrera del 156 Aniversario de la ciudad que se","og_url":"https:\/\/elpuucnoticias.com\/?p=7912","og_site_name":"El Puuc Noticias","article_published_time":"2023-06-22T00:58:55+00:00","article_modified_time":"2023-06-22T00:58:57+00:00","og_image":[{"width":2560,"height":1711,"url":"https:\/\/elpuucnoticias.com\/wp-content\/uploads\/2023\/06\/DSC_0853-scaled.jpg","type":"image\/jpeg"}],"twitter_card":"summary_large_image","twitter_misc":{"Escrito por":"elpuucnoticias","Tiempo de lectura":"2 minutos"},"schema":{"@context":"https:\/\/schema.org","@graph":[{"@type":"WebSite","@id":"https:\/\/elpuucnoticias.com\/#website","url":"https:\/\/elpuucnoticias.com\/","name":"El Puuc Noticias","description":"Noticias - Entretenimiento - Deportes","potentialAction":[{"@type":"SearchAction","target":{"@type":"EntryPoint","urlTemplate":"https:\/\/elpuucnoticias.com\/?s={search_term_string}"},"query-input":"required name=search_term_string"}],"inLanguage":"es"},{"@type":"ImageObject","@id":"https:\/\/elpuucnoticias.com\/?p=7912#primaryimage","inLanguage":"es","url":"https:\/\/elpuucnoticias.com\/wp-content\/uploads\/2023\/06\/DSC_0853-scaled.jpg","contentUrl":"https:\/\/elpuucnoticias.com\/wp-content\/uploads\/2023\/06\/DSC_0853-scaled.jpg","width":2560,"height":1711},{"@type":"WebPage","@id":"https:\/\/elpuucnoticias.com\/?p=7912#webpage","url":"https:\/\/elpuucnoticias.com\/?p=7912","name":"Ticul se consolida como una sede de turismo deportivo. Anuncian segunda carrera por el aniversario de La Perla del Sur - El Puuc Noticias","isPartOf":{"@id":"https:\/\/elpuucnoticias.com\/#website"},"primaryImageOfPage":{"@id":"https:\/\/elpuucnoticias.com\/?p=7912#primaryimage"},"datePublished":"2023-06-22T00:58:55+00:00","dateModified":"2023-06-22T00:58:57+00:00","author":{"@id":"https:\/\/elpuucnoticias.com\/#\/schema\/person\/d2ea09e4c97f0160b11cdfb1d856bd9e"},"breadcrumb":{"@id":"https:\/\/elpuucnoticias.com\/?p=7912#breadcrumb"},"inLanguage":"es","potentialAction":[{"@type":"ReadAction","target":["https:\/\/elpuucnoticias.com\/?p=7912"]}]},{"@type":"BreadcrumbList","@id":"https:\/\/elpuucnoticias.com\/?p=7912#breadcrumb","itemListElement":[{"@type":"ListItem","position":1,"name":"Portada","item":"https:\/\/elpuucnoticias.com\/"},{"@type":"ListItem","position":2,"name":"Ticul se consolida como una sede de turismo deportivo. Anuncian segunda carrera por el aniversario de La Perla del Sur"}]},{"@type":"Person","@id":"https:\/\/elpuucnoticias.com\/#\/schema\/person\/d2ea09e4c97f0160b11cdfb1d856bd9e","name":"elpuucnoticias","image":{"@type":"ImageObject","@id":"https:\/\/elpuucnoticias.com\/#personlogo","inLanguage":"es","url":"https:\/\/secure.gravatar.com\/avatar\/5290a43657c74ffa15701dbe5b846bd85cc71930d803c84e91046a7333de6ce2?s=96&d=mm&r=g","contentUrl":"https:\/\/secure.gravatar.com\/avatar\/5290a43657c74ffa15701dbe5b846bd85cc71930d803c84e91046a7333de6ce2?s=96&d=mm&r=g","caption":"elpuucnoticias"},"sameAs":["https:\/\/elpuucnoticias.com"],"url":"https:\/\/elpuucnoticias.com\/?author=1"}]}},"_links":{"self":[{"href":"https:\/\/elpuucnoticias.com\/index.php?rest_route=\/wp\/v2\/posts\/7912","targetHints":{"allow":["GET"]}}],"collection":[{"href":"https:\/\/elpuucnoticias.com\/index.php?rest_route=\/wp\/v2\/posts"}],"about":[{"href":"https:\/\/elpuucnoticias.com\/index.php?rest_route=\/wp\/v2\/types\/post"}],"author":[{"embeddable":true,"href":"https:\/\/elpuucnoticias.com\/index.php?rest_route=\/wp\/v2\/users\/1"}],"replies":[{"embeddable":true,"href":"https:\/\/elpuucnoticias.com\/index.php?rest_route=%2Fwp%2Fv2%2Fcomments&post=7912"}],"version-history":[{"count":1,"href":"https:\/\/elpuucnoticias.com\/index.php?rest_route=\/wp\/v2\/posts\/7912\/revisions"}],"predecessor-version":[{"id":7917,"href":"https:\/\/elpuucnoticias.com\/index.php?rest_route=\/wp\/v2\/posts\/7912\/revisions\/7917"}],"wp:featuredmedia":[{"embeddable":true,"href":"https:\/\/elpuucnoticias.com\/index.php?rest_route=\/wp\/v2\/media\/7913"}],"wp:attachment":[{"href":"https:\/\/elpuucnoticias.com\/index.php?rest_route=%2Fwp%2Fv2%2Fmedia&parent=7912"}],"wp:term":[{"taxonomy":"category","embeddable":true,"href":"https:\/\/elpuucnoticias.com\/index.php?rest_route=%2Fwp%2Fv2%2Fcategories&post=7912"},{"taxonomy":"post_tag","embeddable":true,"href":"https:\/\/elpuucnoticias.com\/index.php?rest_route=%2Fwp%2Fv2%2Ftags&post=7912"}],"curies":[{"name":"wp","href":"https:\/\/api.w.org\/{rel}","templated":true}]}}