{"id":800,"date":"2022-04-02T14:38:22","date_gmt":"2022-04-02T20:38:22","guid":{"rendered":"https:\/\/elpuucnoticias.com\/?p=800"},"modified":"2022-04-02T14:38:24","modified_gmt":"2022-04-02T20:38:24","slug":"cortes-de-cabello-gratuitos-una-campana-de-apoyo-a-las-familias-que-llega-a-las-colonias-de-oxkutzcab","status":"publish","type":"post","link":"https:\/\/elpuucnoticias.com\/?p=800","title":{"rendered":"Cortes de cabello gratuitos, una campa\u00f1a de apoyo a las familias que llega a las colonias de Oxkutzcab"},"content":{"rendered":"\n<p>Como una acci\u00f3n de apoyo a la econom\u00eda familiar, y ante el inicio de clases, el Ayuntamiento de Oxkutzcab, a trav\u00e9s de la Direcci\u00f3n de Inclusi\u00f3n Social contin\u00faa su campa\u00f1a de cortes de cabello gratuitos para los ni\u00f1os.<\/p>\n\n\n\n<p>Esta campa\u00f1a inici\u00f3 en marzo pasado y se ofrecen servicios de corte de cabello para dama, cortes para ni\u00f1os y ni\u00f1as, trenzas, planchado de cejas, depilado de cejas, entre otros.<\/p>\n\n\n\n<figure class=\"wp-block-gallery has-nested-images columns-default is-cropped wp-block-gallery-1 is-layout-flex wp-block-gallery-is-layout-flex\">\n<figure class=\"wp-block-image size-large\"><img loading=\"lazy\" decoding=\"async\" width=\"1024\" height=\"682\" data-id=\"802\" src=\"https:\/\/elpuucnoticias.com\/wp-content\/uploads\/2022\/04\/cabello01-1024x682.jpeg\" alt=\"\" class=\"wp-image-802\" srcset=\"https:\/\/elpuucnoticias.com\/wp-content\/uploads\/2022\/04\/cabello01-1024x682.jpeg 1024w, https:\/\/elpuucnoticias.com\/wp-content\/uploads\/2022\/04\/cabello01-300x200.jpeg 300w, https:\/\/elpuucnoticias.com\/wp-content\/uploads\/2022\/04\/cabello01-768x512.jpeg 768w, https:\/\/elpuucnoticias.com\/wp-content\/uploads\/2022\/04\/cabello01-1536x1023.jpeg 1536w, https:\/\/elpuucnoticias.com\/wp-content\/uploads\/2022\/04\/cabello01.jpeg 1600w\" sizes=\"auto, (max-width: 1024px) 100vw, 1024px\" \/><\/figure>\n\n\n\n<figure class=\"wp-block-image size-large\"><img loading=\"lazy\" decoding=\"async\" width=\"1024\" height=\"682\" data-id=\"803\" src=\"https:\/\/elpuucnoticias.com\/wp-content\/uploads\/2022\/04\/CABELLO-1024x682.jpeg\" alt=\"\" class=\"wp-image-803\" srcset=\"https:\/\/elpuucnoticias.com\/wp-content\/uploads\/2022\/04\/CABELLO-1024x682.jpeg 1024w, https:\/\/elpuucnoticias.com\/wp-content\/uploads\/2022\/04\/CABELLO-300x200.jpeg 300w, https:\/\/elpuucnoticias.com\/wp-content\/uploads\/2022\/04\/CABELLO-768x512.jpeg 768w, https:\/\/elpuucnoticias.com\/wp-content\/uploads\/2022\/04\/CABELLO-1536x1023.jpeg 1536w, https:\/\/elpuucnoticias.com\/wp-content\/uploads\/2022\/04\/CABELLO.jpeg 1600w\" sizes=\"auto, (max-width: 1024px) 100vw, 1024px\" \/><\/figure>\n<\/figure>\n\n\n\n<p>Se inform\u00f3 que con estas atenciones, este s\u00e1bado se estuvieron atendiendo a decenas de vecinos de la colonia Ceres y de un fraccionamiento, en la cancha del complejo deportivo J.J. Pacho de 9 a 11:30 de la ma\u00f1ana.<\/p>\n\n\n\n<figure class=\"wp-block-image size-large\"><img loading=\"lazy\" decoding=\"async\" width=\"1024\" height=\"152\" src=\"https:\/\/elpuucnoticias.com\/wp-content\/uploads\/2022\/02\/cropped-CABECERA-PUBLI-1-1-1024x152.jpg\" alt=\"\" class=\"wp-image-56\" srcset=\"https:\/\/elpuucnoticias.com\/wp-content\/uploads\/2022\/02\/cropped-CABECERA-PUBLI-1-1-1024x152.jpg 1024w, https:\/\/elpuucnoticias.com\/wp-content\/uploads\/2022\/02\/cropped-CABECERA-PUBLI-1-1-300x45.jpg 300w, https:\/\/elpuucnoticias.com\/wp-content\/uploads\/2022\/02\/cropped-CABECERA-PUBLI-1-1-768x114.jpg 768w, https:\/\/elpuucnoticias.com\/wp-content\/uploads\/2022\/02\/cropped-CABECERA-PUBLI-1-1-1536x228.jpg 1536w, https:\/\/elpuucnoticias.com\/wp-content\/uploads\/2022\/02\/cropped-CABECERA-PUBLI-1-1.jpg 1600w\" sizes=\"auto, (max-width: 1024px) 100vw, 1024px\" \/><\/figure>\n\n\n\n<p>Desde temprana hora el personal de Inclusi\u00f3n Social del Ayuntamiento estuvo invitando a los vecinos para aprovechar la campa\u00f1a de cortes de cabello, que se realiza con apoyo de la Academia de Belleza Martha.<\/p>\n\n\n\n<p>Seg\u00fan las autoridades municipales, la campa\u00f1a visitar\u00e1 los s\u00e1bados las diferentes colonias. La semana pasada estuvieron en Santoyo con estos servicios y ya habr\u00edan visitado la Venustiano Carranza, y otros sectores.\u2014 <em>El Puuc Noticias<\/em>\u00a0<\/p>\n","protected":false},"excerpt":{"rendered":"<p>Como una acci\u00f3n de apoyo a la econom\u00eda familiar, y ante el inicio de clases, el Ayuntamiento de<\/p>\n","protected":false},"author":1,"featured_media":801,"comment_status":"closed","ping_status":"open","sticky":false,"template":"","format":"standard","meta":{"_monsterinsights_skip_tracking":false,"_monsterinsights_sitenote_active":false,"_monsterinsights_sitenote_note":"","_monsterinsights_sitenote_category":0,"footnotes":""},"categories":[11,14],"tags":[],"class_list":["post-800","post","type-post","status-publish","format-standard","has-post-thumbnail","hentry","category-noticias","category-oxkutzcab"],"yoast_head":"<!-- This site is optimized with the Yoast SEO plugin v18.3 - https:\/\/yoast.com\/wordpress\/plugins\/seo\/ -->\n<title>Cortes de cabello gratuitos, una campa\u00f1a de apoyo a las familias que llega a las colonias de Oxkutzcab - El Puuc Noticias<\/title>\n<meta name=\"robots\" content=\"index, follow, max-snippet:-1, max-image-preview:large, max-video-preview:-1\" \/>\n<link rel=\"canonical\" href=\"https:\/\/elpuucnoticias.com\/?p=800\" \/>\n<meta property=\"og:locale\" content=\"es_ES\" \/>\n<meta property=\"og:type\" content=\"article\" \/>\n<meta property=\"og:title\" content=\"Cortes de cabello gratuitos, una campa\u00f1a de apoyo a las familias que llega a las colonias de Oxkutzcab - El Puuc Noticias\" \/>\n<meta property=\"og:description\" content=\"Como una acci\u00f3n de apoyo a la econom\u00eda familiar, y ante el inicio de clases, el Ayuntamiento de\" \/>\n<meta property=\"og:url\" content=\"https:\/\/elpuucnoticias.com\/?p=800\" \/>\n<meta property=\"og:site_name\" content=\"El Puuc Noticias\" \/>\n<meta property=\"article:published_time\" content=\"2022-04-02T20:38:22+00:00\" \/>\n<meta property=\"article:modified_time\" content=\"2022-04-02T20:38:24+00:00\" \/>\n<meta property=\"og:image\" content=\"https:\/\/elpuucnoticias.com\/wp-content\/uploads\/2022\/04\/cabello02.jpeg\" \/>\n\t<meta property=\"og:image:width\" content=\"1600\" \/>\n\t<meta property=\"og:image:height\" content=\"1066\" \/>\n\t<meta property=\"og:image:type\" content=\"image\/jpeg\" \/>\n<meta name=\"twitter:card\" content=\"summary_large_image\" \/>\n<meta name=\"twitter:label1\" content=\"Escrito por\" \/>\n\t<meta name=\"twitter:data1\" content=\"elpuucnoticias\" \/>\n\t<meta name=\"twitter:label2\" content=\"Tiempo de lectura\" \/>\n\t<meta name=\"twitter:data2\" content=\"2 minutos\" \/>\n<script type=\"application\/ld+json\" class=\"yoast-schema-graph\">{\"@context\":\"https:\/\/schema.org\",\"@graph\":[{\"@type\":\"WebSite\",\"@id\":\"https:\/\/elpuucnoticias.com\/#website\",\"url\":\"https:\/\/elpuucnoticias.com\/\",\"name\":\"El Puuc Noticias\",\"description\":\"Noticias - Entretenimiento - Deportes\",\"potentialAction\":[{\"@type\":\"SearchAction\",\"target\":{\"@type\":\"EntryPoint\",\"urlTemplate\":\"https:\/\/elpuucnoticias.com\/?s={search_term_string}\"},\"query-input\":\"required name=search_term_string\"}],\"inLanguage\":\"es\"},{\"@type\":\"ImageObject\",\"@id\":\"https:\/\/elpuucnoticias.com\/?p=800#primaryimage\",\"inLanguage\":\"es\",\"url\":\"https:\/\/elpuucnoticias.com\/wp-content\/uploads\/2022\/04\/cabello02.jpeg\",\"contentUrl\":\"https:\/\/elpuucnoticias.com\/wp-content\/uploads\/2022\/04\/cabello02.jpeg\",\"width\":1600,\"height\":1066},{\"@type\":\"WebPage\",\"@id\":\"https:\/\/elpuucnoticias.com\/?p=800#webpage\",\"url\":\"https:\/\/elpuucnoticias.com\/?p=800\",\"name\":\"Cortes de cabello gratuitos, una campa\u00f1a de apoyo a las familias que llega a las colonias de Oxkutzcab - El Puuc Noticias\",\"isPartOf\":{\"@id\":\"https:\/\/elpuucnoticias.com\/#website\"},\"primaryImageOfPage\":{\"@id\":\"https:\/\/elpuucnoticias.com\/?p=800#primaryimage\"},\"datePublished\":\"2022-04-02T20:38:22+00:00\",\"dateModified\":\"2022-04-02T20:38:24+00:00\",\"author\":{\"@id\":\"https:\/\/elpuucnoticias.com\/#\/schema\/person\/d2ea09e4c97f0160b11cdfb1d856bd9e\"},\"breadcrumb\":{\"@id\":\"https:\/\/elpuucnoticias.com\/?p=800#breadcrumb\"},\"inLanguage\":\"es\",\"potentialAction\":[{\"@type\":\"ReadAction\",\"target\":[\"https:\/\/elpuucnoticias.com\/?p=800\"]}]},{\"@type\":\"BreadcrumbList\",\"@id\":\"https:\/\/elpuucnoticias.com\/?p=800#breadcrumb\",\"itemListElement\":[{\"@type\":\"ListItem\",\"position\":1,\"name\":\"Portada\",\"item\":\"https:\/\/elpuucnoticias.com\/\"},{\"@type\":\"ListItem\",\"position\":2,\"name\":\"Cortes de cabello gratuitos, una campa\u00f1a de apoyo a las familias que llega a las colonias de Oxkutzcab\"}]},{\"@type\":\"Person\",\"@id\":\"https:\/\/elpuucnoticias.com\/#\/schema\/person\/d2ea09e4c97f0160b11cdfb1d856bd9e\",\"name\":\"elpuucnoticias\",\"image\":{\"@type\":\"ImageObject\",\"@id\":\"https:\/\/elpuucnoticias.com\/#personlogo\",\"inLanguage\":\"es\",\"url\":\"https:\/\/secure.gravatar.com\/avatar\/5290a43657c74ffa15701dbe5b846bd85cc71930d803c84e91046a7333de6ce2?s=96&d=mm&r=g\",\"contentUrl\":\"https:\/\/secure.gravatar.com\/avatar\/5290a43657c74ffa15701dbe5b846bd85cc71930d803c84e91046a7333de6ce2?s=96&d=mm&r=g\",\"caption\":\"elpuucnoticias\"},\"sameAs\":[\"https:\/\/elpuucnoticias.com\"],\"url\":\"https:\/\/elpuucnoticias.com\/?author=1\"}]}<\/script>\n<!-- \/ Yoast SEO plugin. -->","yoast_head_json":{"title":"Cortes de cabello gratuitos, una campa\u00f1a de apoyo a las familias que llega a las colonias de Oxkutzcab - El Puuc Noticias","robots":{"index":"index","follow":"follow","max-snippet":"max-snippet:-1","max-image-preview":"max-image-preview:large","max-video-preview":"max-video-preview:-1"},"canonical":"https:\/\/elpuucnoticias.com\/?p=800","og_locale":"es_ES","og_type":"article","og_title":"Cortes de cabello gratuitos, una campa\u00f1a de apoyo a las familias que llega a las colonias de Oxkutzcab - El Puuc Noticias","og_description":"Como una acci\u00f3n de apoyo a la econom\u00eda familiar, y ante el inicio de clases, el Ayuntamiento de","og_url":"https:\/\/elpuucnoticias.com\/?p=800","og_site_name":"El Puuc Noticias","article_published_time":"2022-04-02T20:38:22+00:00","article_modified_time":"2022-04-02T20:38:24+00:00","og_image":[{"width":1600,"height":1066,"url":"https:\/\/elpuucnoticias.com\/wp-content\/uploads\/2022\/04\/cabello02.jpeg","type":"image\/jpeg"}],"twitter_card":"summary_large_image","twitter_misc":{"Escrito por":"elpuucnoticias","Tiempo de lectura":"2 minutos"},"schema":{"@context":"https:\/\/schema.org","@graph":[{"@type":"WebSite","@id":"https:\/\/elpuucnoticias.com\/#website","url":"https:\/\/elpuucnoticias.com\/","name":"El Puuc Noticias","description":"Noticias - Entretenimiento - Deportes","potentialAction":[{"@type":"SearchAction","target":{"@type":"EntryPoint","urlTemplate":"https:\/\/elpuucnoticias.com\/?s={search_term_string}"},"query-input":"required name=search_term_string"}],"inLanguage":"es"},{"@type":"ImageObject","@id":"https:\/\/elpuucnoticias.com\/?p=800#primaryimage","inLanguage":"es","url":"https:\/\/elpuucnoticias.com\/wp-content\/uploads\/2022\/04\/cabello02.jpeg","contentUrl":"https:\/\/elpuucnoticias.com\/wp-content\/uploads\/2022\/04\/cabello02.jpeg","width":1600,"height":1066},{"@type":"WebPage","@id":"https:\/\/elpuucnoticias.com\/?p=800#webpage","url":"https:\/\/elpuucnoticias.com\/?p=800","name":"Cortes de cabello gratuitos, una campa\u00f1a de apoyo a las familias que llega a las colonias de Oxkutzcab - El Puuc Noticias","isPartOf":{"@id":"https:\/\/elpuucnoticias.com\/#website"},"primaryImageOfPage":{"@id":"https:\/\/elpuucnoticias.com\/?p=800#primaryimage"},"datePublished":"2022-04-02T20:38:22+00:00","dateModified":"2022-04-02T20:38:24+00:00","author":{"@id":"https:\/\/elpuucnoticias.com\/#\/schema\/person\/d2ea09e4c97f0160b11cdfb1d856bd9e"},"breadcrumb":{"@id":"https:\/\/elpuucnoticias.com\/?p=800#breadcrumb"},"inLanguage":"es","potentialAction":[{"@type":"ReadAction","target":["https:\/\/elpuucnoticias.com\/?p=800"]}]},{"@type":"BreadcrumbList","@id":"https:\/\/elpuucnoticias.com\/?p=800#breadcrumb","itemListElement":[{"@type":"ListItem","position":1,"name":"Portada","item":"https:\/\/elpuucnoticias.com\/"},{"@type":"ListItem","position":2,"name":"Cortes de cabello gratuitos, una campa\u00f1a de apoyo a las familias que llega a las colonias de Oxkutzcab"}]},{"@type":"Person","@id":"https:\/\/elpuucnoticias.com\/#\/schema\/person\/d2ea09e4c97f0160b11cdfb1d856bd9e","name":"elpuucnoticias","image":{"@type":"ImageObject","@id":"https:\/\/elpuucnoticias.com\/#personlogo","inLanguage":"es","url":"https:\/\/secure.gravatar.com\/avatar\/5290a43657c74ffa15701dbe5b846bd85cc71930d803c84e91046a7333de6ce2?s=96&d=mm&r=g","contentUrl":"https:\/\/secure.gravatar.com\/avatar\/5290a43657c74ffa15701dbe5b846bd85cc71930d803c84e91046a7333de6ce2?s=96&d=mm&r=g","caption":"elpuucnoticias"},"sameAs":["https:\/\/elpuucnoticias.com"],"url":"https:\/\/elpuucnoticias.com\/?author=1"}]}},"_links":{"self":[{"href":"https:\/\/elpuucnoticias.com\/index.php?rest_route=\/wp\/v2\/posts\/800","targetHints":{"allow":["GET"]}}],"collection":[{"href":"https:\/\/elpuucnoticias.com\/index.php?rest_route=\/wp\/v2\/posts"}],"about":[{"href":"https:\/\/elpuucnoticias.com\/index.php?rest_route=\/wp\/v2\/types\/post"}],"author":[{"embeddable":true,"href":"https:\/\/elpuucnoticias.com\/index.php?rest_route=\/wp\/v2\/users\/1"}],"replies":[{"embeddable":true,"href":"https:\/\/elpuucnoticias.com\/index.php?rest_route=%2Fwp%2Fv2%2Fcomments&post=800"}],"version-history":[{"count":1,"href":"https:\/\/elpuucnoticias.com\/index.php?rest_route=\/wp\/v2\/posts\/800\/revisions"}],"predecessor-version":[{"id":804,"href":"https:\/\/elpuucnoticias.com\/index.php?rest_route=\/wp\/v2\/posts\/800\/revisions\/804"}],"wp:featuredmedia":[{"embeddable":true,"href":"https:\/\/elpuucnoticias.com\/index.php?rest_route=\/wp\/v2\/media\/801"}],"wp:attachment":[{"href":"https:\/\/elpuucnoticias.com\/index.php?rest_route=%2Fwp%2Fv2%2Fmedia&parent=800"}],"wp:term":[{"taxonomy":"category","embeddable":true,"href":"https:\/\/elpuucnoticias.com\/index.php?rest_route=%2Fwp%2Fv2%2Fcategories&post=800"},{"taxonomy":"post_tag","embeddable":true,"href":"https:\/\/elpuucnoticias.com\/index.php?rest_route=%2Fwp%2Fv2%2Ftags&post=800"}],"curies":[{"name":"wp","href":"https:\/\/api.w.org\/{rel}","templated":true}]}}