{"id":820,"date":"2022-04-04T13:16:30","date_gmt":"2022-04-04T19:16:30","guid":{"rendered":"https:\/\/elpuucnoticias.com\/?p=820"},"modified":"2022-04-04T13:16:32","modified_gmt":"2022-04-04T19:16:32","slug":"alan-carrillo-de-cozumel-se-impone-en-la-venganza-del-alux-mas-de-1400-ciclistas-de-12-paises-recorren-los-senderos-de-la-region-del-puuc","status":"publish","type":"post","link":"https:\/\/elpuucnoticias.com\/?p=820","title":{"rendered":"Alan Carrillo, de Cozumel, se impone en La Venganza del Alux. M\u00e1s de 1,400 ciclistas de 12 pa\u00edses recorren los senderos de la regi\u00f3n del Puuc"},"content":{"rendered":"\n<p>Alan Carrillo, de Cozumel, Quintana Roo, fue el ganador absoluto de la carrera de 100 kil\u00f3metros, en la Cuarta Edici\u00f3n de La Venganza del Alux, que se realiz\u00f3 ayer en senderos de la regi\u00f3n del Puuc.<\/p>\n\n\n\n<p>De acuerdo con las autoridades, fueron m\u00e1s de 1,400 ciclistas quienes participaron en las diferentes categor\u00edas de una de las mejores carreras de ciclismo en esta regi\u00f3n del pa\u00eds.<\/p>\n\n\n\n<figure class=\"wp-block-gallery has-nested-images columns-default is-cropped wp-block-gallery-1 is-layout-flex wp-block-gallery-is-layout-flex\">\n<figure class=\"wp-block-image size-large\"><img loading=\"lazy\" decoding=\"async\" width=\"1024\" height=\"684\" data-id=\"822\" src=\"https:\/\/elpuucnoticias.com\/wp-content\/uploads\/2022\/04\/ciclismo-alux-10-1024x684.jpg\" alt=\"\" class=\"wp-image-822\" srcset=\"https:\/\/elpuucnoticias.com\/wp-content\/uploads\/2022\/04\/ciclismo-alux-10-1024x684.jpg 1024w, https:\/\/elpuucnoticias.com\/wp-content\/uploads\/2022\/04\/ciclismo-alux-10-300x201.jpg 300w, https:\/\/elpuucnoticias.com\/wp-content\/uploads\/2022\/04\/ciclismo-alux-10-768x513.jpg 768w, https:\/\/elpuucnoticias.com\/wp-content\/uploads\/2022\/04\/ciclismo-alux-10-1536x1027.jpg 1536w, https:\/\/elpuucnoticias.com\/wp-content\/uploads\/2022\/04\/ciclismo-alux-10-2048x1369.jpg 2048w\" sizes=\"auto, (max-width: 1024px) 100vw, 1024px\" \/><\/figure>\n\n\n\n<figure class=\"wp-block-image size-large\"><img loading=\"lazy\" decoding=\"async\" width=\"1024\" height=\"684\" data-id=\"823\" src=\"https:\/\/elpuucnoticias.com\/wp-content\/uploads\/2022\/04\/ciclismo-alux-14-1024x684.jpg\" alt=\"\" class=\"wp-image-823\" srcset=\"https:\/\/elpuucnoticias.com\/wp-content\/uploads\/2022\/04\/ciclismo-alux-14-1024x684.jpg 1024w, https:\/\/elpuucnoticias.com\/wp-content\/uploads\/2022\/04\/ciclismo-alux-14-300x201.jpg 300w, https:\/\/elpuucnoticias.com\/wp-content\/uploads\/2022\/04\/ciclismo-alux-14-768x513.jpg 768w, https:\/\/elpuucnoticias.com\/wp-content\/uploads\/2022\/04\/ciclismo-alux-14-1536x1027.jpg 1536w, https:\/\/elpuucnoticias.com\/wp-content\/uploads\/2022\/04\/ciclismo-alux-14-2048x1369.jpg 2048w\" sizes=\"auto, (max-width: 1024px) 100vw, 1024px\" \/><\/figure>\n<\/figure>\n\n\n\n<p>Como informamos, ayer a temprana hora las autoridades de Oxkutzcab, del IDEY y de varios municipios de la regi\u00f3n presenciaron la salida a las 7 de la ma\u00f1ana de los ciclistas.<\/p>\n\n\n\n<p>Participaron ciclistas de 16 estados de la Rep\u00fablica Mexicana, 12 pa\u00edses, entre europeos, brasile\u00f1os, espa\u00f1oles, brit\u00e1nicos y chilenos, entre otros.<\/p>\n\n\n\n<figure class=\"wp-block-gallery has-nested-images columns-default is-cropped wp-block-gallery-2 is-layout-flex wp-block-gallery-is-layout-flex\">\n<figure class=\"wp-block-image size-large\"><img loading=\"lazy\" decoding=\"async\" width=\"1024\" height=\"684\" data-id=\"825\" src=\"https:\/\/elpuucnoticias.com\/wp-content\/uploads\/2022\/04\/ciclismo-alux-9-1024x684.jpg\" alt=\"\" class=\"wp-image-825\" srcset=\"https:\/\/elpuucnoticias.com\/wp-content\/uploads\/2022\/04\/ciclismo-alux-9-1024x684.jpg 1024w, https:\/\/elpuucnoticias.com\/wp-content\/uploads\/2022\/04\/ciclismo-alux-9-300x201.jpg 300w, https:\/\/elpuucnoticias.com\/wp-content\/uploads\/2022\/04\/ciclismo-alux-9-768x513.jpg 768w, https:\/\/elpuucnoticias.com\/wp-content\/uploads\/2022\/04\/ciclismo-alux-9-1536x1027.jpg 1536w, https:\/\/elpuucnoticias.com\/wp-content\/uploads\/2022\/04\/ciclismo-alux-9-2048x1369.jpg 2048w\" sizes=\"auto, (max-width: 1024px) 100vw, 1024px\" \/><\/figure>\n\n\n\n<figure class=\"wp-block-image size-large\"><img loading=\"lazy\" decoding=\"async\" width=\"1024\" height=\"684\" data-id=\"824\" src=\"https:\/\/elpuucnoticias.com\/wp-content\/uploads\/2022\/04\/ciclismo-alux-7-1024x684.jpg\" alt=\"\" class=\"wp-image-824\" srcset=\"https:\/\/elpuucnoticias.com\/wp-content\/uploads\/2022\/04\/ciclismo-alux-7-1024x684.jpg 1024w, https:\/\/elpuucnoticias.com\/wp-content\/uploads\/2022\/04\/ciclismo-alux-7-300x201.jpg 300w, https:\/\/elpuucnoticias.com\/wp-content\/uploads\/2022\/04\/ciclismo-alux-7-768x513.jpg 768w, https:\/\/elpuucnoticias.com\/wp-content\/uploads\/2022\/04\/ciclismo-alux-7-1536x1027.jpg 1536w, https:\/\/elpuucnoticias.com\/wp-content\/uploads\/2022\/04\/ciclismo-alux-7-2048x1369.jpg 2048w\" sizes=\"auto, (max-width: 1024px) 100vw, 1024px\" \/><\/figure>\n<\/figure>\n\n\n\n<p>Los honores c\u00edvicos estuvieron a cargo de la escolta de la Direcci\u00f3n de Seguridad P\u00fablica y Tr\u00e1nsito de Oxkutzcab, en presencia de Carlos Pacho Granados, coordinador de Desarrollo Integral, los regidores, \u00c1ngel Sosa Chan, Fernando Lugo Carrillo, Vanessa C\u00f3rdova Pacheco y Mar\u00eda Isabel P\u00e9rez Campos.<\/p>\n\n\n\n<p>El alcalde, Juan Mart\u00edn Fragoso, indic\u00f3 que se siente emocionado del primer evento de este tipo que se realiza tras la pandemia y se siente la emoci\u00f3n demostrada con los 1,400 participantes. \u00abQue todos ganemos algo con esta carrera, que gane el mejor y felicidades, bienvenidos a La Huerta de Yucat\u00e1n\u00bb.\u00a0<\/p>\n\n\n\n<figure class=\"wp-block-gallery has-nested-images columns-default is-cropped wp-block-gallery-3 is-layout-flex wp-block-gallery-is-layout-flex\">\n<figure class=\"wp-block-image size-large\"><img loading=\"lazy\" decoding=\"async\" width=\"1024\" height=\"684\" data-id=\"826\" src=\"https:\/\/elpuucnoticias.com\/wp-content\/uploads\/2022\/04\/DSC_1606-1024x684.jpg\" alt=\"\" class=\"wp-image-826\" srcset=\"https:\/\/elpuucnoticias.com\/wp-content\/uploads\/2022\/04\/DSC_1606-1024x684.jpg 1024w, https:\/\/elpuucnoticias.com\/wp-content\/uploads\/2022\/04\/DSC_1606-300x201.jpg 300w, https:\/\/elpuucnoticias.com\/wp-content\/uploads\/2022\/04\/DSC_1606-768x513.jpg 768w, https:\/\/elpuucnoticias.com\/wp-content\/uploads\/2022\/04\/DSC_1606-1536x1027.jpg 1536w, https:\/\/elpuucnoticias.com\/wp-content\/uploads\/2022\/04\/DSC_1606-2048x1369.jpg 2048w\" sizes=\"auto, (max-width: 1024px) 100vw, 1024px\" \/><\/figure>\n\n\n\n<figure class=\"wp-block-image size-large\"><img loading=\"lazy\" decoding=\"async\" width=\"1024\" height=\"684\" data-id=\"827\" src=\"https:\/\/elpuucnoticias.com\/wp-content\/uploads\/2022\/04\/DSC_1601-1024x684.jpg\" alt=\"\" class=\"wp-image-827\" srcset=\"https:\/\/elpuucnoticias.com\/wp-content\/uploads\/2022\/04\/DSC_1601-1024x684.jpg 1024w, https:\/\/elpuucnoticias.com\/wp-content\/uploads\/2022\/04\/DSC_1601-300x201.jpg 300w, https:\/\/elpuucnoticias.com\/wp-content\/uploads\/2022\/04\/DSC_1601-768x513.jpg 768w, https:\/\/elpuucnoticias.com\/wp-content\/uploads\/2022\/04\/DSC_1601-1536x1027.jpg 1536w, https:\/\/elpuucnoticias.com\/wp-content\/uploads\/2022\/04\/DSC_1601-2048x1369.jpg 2048w\" sizes=\"auto, (max-width: 1024px) 100vw, 1024px\" \/><\/figure>\n\n\n\n<figure class=\"wp-block-image size-large\"><img loading=\"lazy\" decoding=\"async\" width=\"1024\" height=\"684\" data-id=\"828\" src=\"https:\/\/elpuucnoticias.com\/wp-content\/uploads\/2022\/04\/DSC_1600-1024x684.jpg\" alt=\"\" class=\"wp-image-828\" srcset=\"https:\/\/elpuucnoticias.com\/wp-content\/uploads\/2022\/04\/DSC_1600-1024x684.jpg 1024w, https:\/\/elpuucnoticias.com\/wp-content\/uploads\/2022\/04\/DSC_1600-300x201.jpg 300w, https:\/\/elpuucnoticias.com\/wp-content\/uploads\/2022\/04\/DSC_1600-768x513.jpg 768w, https:\/\/elpuucnoticias.com\/wp-content\/uploads\/2022\/04\/DSC_1600-1536x1027.jpg 1536w, https:\/\/elpuucnoticias.com\/wp-content\/uploads\/2022\/04\/DSC_1600-2048x1369.jpg 2048w\" sizes=\"auto, (max-width: 1024px) 100vw, 1024px\" \/><\/figure>\n<\/figure>\n\n\n\n<p>El organizador, Marco Antonio Brice\u00f1o Ayala, dio la bienvenida a esta nueva etapa de La Venganza del Alux, que vuelve con 160 equipos de 16 estados de la Rep\u00fablica y 12 pa\u00edses.<\/p>\n\n\n\n<p>En representaci\u00f3n del Gobierno del Estado estuvo Ivan Herrera y personal del Idey. Dio gracias al Ayuntamiento y al organizador del evento. \u00abYucat\u00e1n es majestuoso en su cultura y su gastronom\u00eda\u00bb, indic\u00f3.\u00a0<\/p>\n\n\n\n<p>\u00abDesde los ojos de los ciclistas, conocer\u00e1n todas las brechas, calles coloniales y todo lo majestoso del Sur del Estado, la competencia lo debemos hacer de algo que deje marca, gracias a Oxkutzcab, seguiremos trabajando para fortalecer este tipo de actividades\u00bb, puntualiz\u00f3.\u2014 <em>El Puuc Noticias<\/em><\/p>\n","protected":false},"excerpt":{"rendered":"<p>Alan Carrillo, de Cozumel, Quintana Roo, fue el ganador absoluto de la carrera de 100 kil\u00f3metros, en la<\/p>\n","protected":false},"author":1,"featured_media":821,"comment_status":"closed","ping_status":"open","sticky":false,"template":"","format":"standard","meta":{"_monsterinsights_skip_tracking":false,"_monsterinsights_sitenote_active":false,"_monsterinsights_sitenote_note":"","_monsterinsights_sitenote_category":0,"footnotes":""},"categories":[7,11,14],"tags":[],"class_list":["post-820","post","type-post","status-publish","format-standard","has-post-thumbnail","hentry","category-impacto-deportivo","category-noticias","category-oxkutzcab"],"yoast_head":"<!-- This site is optimized with the Yoast SEO plugin v18.3 - https:\/\/yoast.com\/wordpress\/plugins\/seo\/ -->\n<title>Alan Carrillo, de Cozumel, se impone en La Venganza del Alux. M\u00e1s de 1,400 ciclistas de 12 pa\u00edses recorren los senderos de la regi\u00f3n del Puuc - El Puuc Noticias<\/title>\n<meta name=\"robots\" content=\"index, follow, max-snippet:-1, max-image-preview:large, max-video-preview:-1\" \/>\n<link rel=\"canonical\" href=\"https:\/\/elpuucnoticias.com\/?p=820\" \/>\n<meta property=\"og:locale\" content=\"es_ES\" \/>\n<meta property=\"og:type\" content=\"article\" \/>\n<meta property=\"og:title\" content=\"Alan Carrillo, de Cozumel, se impone en La Venganza del Alux. M\u00e1s de 1,400 ciclistas de 12 pa\u00edses recorren los senderos de la regi\u00f3n del Puuc - El Puuc Noticias\" \/>\n<meta property=\"og:description\" content=\"Alan Carrillo, de Cozumel, Quintana Roo, fue el ganador absoluto de la carrera de 100 kil\u00f3metros, en la\" \/>\n<meta property=\"og:url\" content=\"https:\/\/elpuucnoticias.com\/?p=820\" \/>\n<meta property=\"og:site_name\" content=\"El Puuc Noticias\" \/>\n<meta property=\"article:published_time\" content=\"2022-04-04T19:16:30+00:00\" \/>\n<meta property=\"article:modified_time\" content=\"2022-04-04T19:16:32+00:00\" \/>\n<meta property=\"og:image\" content=\"https:\/\/elpuucnoticias.com\/wp-content\/uploads\/2022\/04\/DSC_1644-scaled.jpg\" \/>\n\t<meta property=\"og:image:width\" content=\"2560\" \/>\n\t<meta property=\"og:image:height\" content=\"1711\" \/>\n\t<meta property=\"og:image:type\" content=\"image\/jpeg\" \/>\n<meta name=\"twitter:card\" content=\"summary_large_image\" \/>\n<meta name=\"twitter:label1\" content=\"Escrito por\" \/>\n\t<meta name=\"twitter:data1\" content=\"elpuucnoticias\" \/>\n\t<meta name=\"twitter:label2\" content=\"Tiempo de lectura\" \/>\n\t<meta name=\"twitter:data2\" content=\"3 minutos\" \/>\n<script type=\"application\/ld+json\" class=\"yoast-schema-graph\">{\"@context\":\"https:\/\/schema.org\",\"@graph\":[{\"@type\":\"WebSite\",\"@id\":\"https:\/\/elpuucnoticias.com\/#website\",\"url\":\"https:\/\/elpuucnoticias.com\/\",\"name\":\"El Puuc Noticias\",\"description\":\"Noticias - Entretenimiento - Deportes\",\"potentialAction\":[{\"@type\":\"SearchAction\",\"target\":{\"@type\":\"EntryPoint\",\"urlTemplate\":\"https:\/\/elpuucnoticias.com\/?s={search_term_string}\"},\"query-input\":\"required name=search_term_string\"}],\"inLanguage\":\"es\"},{\"@type\":\"ImageObject\",\"@id\":\"https:\/\/elpuucnoticias.com\/?p=820#primaryimage\",\"inLanguage\":\"es\",\"url\":\"https:\/\/elpuucnoticias.com\/wp-content\/uploads\/2022\/04\/DSC_1644-scaled.jpg\",\"contentUrl\":\"https:\/\/elpuucnoticias.com\/wp-content\/uploads\/2022\/04\/DSC_1644-scaled.jpg\",\"width\":2560,\"height\":1711},{\"@type\":\"WebPage\",\"@id\":\"https:\/\/elpuucnoticias.com\/?p=820#webpage\",\"url\":\"https:\/\/elpuucnoticias.com\/?p=820\",\"name\":\"Alan Carrillo, de Cozumel, se impone en La Venganza del Alux. M\u00e1s de 1,400 ciclistas de 12 pa\u00edses recorren los senderos de la regi\u00f3n del Puuc - El Puuc Noticias\",\"isPartOf\":{\"@id\":\"https:\/\/elpuucnoticias.com\/#website\"},\"primaryImageOfPage\":{\"@id\":\"https:\/\/elpuucnoticias.com\/?p=820#primaryimage\"},\"datePublished\":\"2022-04-04T19:16:30+00:00\",\"dateModified\":\"2022-04-04T19:16:32+00:00\",\"author\":{\"@id\":\"https:\/\/elpuucnoticias.com\/#\/schema\/person\/d2ea09e4c97f0160b11cdfb1d856bd9e\"},\"breadcrumb\":{\"@id\":\"https:\/\/elpuucnoticias.com\/?p=820#breadcrumb\"},\"inLanguage\":\"es\",\"potentialAction\":[{\"@type\":\"ReadAction\",\"target\":[\"https:\/\/elpuucnoticias.com\/?p=820\"]}]},{\"@type\":\"BreadcrumbList\",\"@id\":\"https:\/\/elpuucnoticias.com\/?p=820#breadcrumb\",\"itemListElement\":[{\"@type\":\"ListItem\",\"position\":1,\"name\":\"Portada\",\"item\":\"https:\/\/elpuucnoticias.com\/\"},{\"@type\":\"ListItem\",\"position\":2,\"name\":\"Alan Carrillo, de Cozumel, se impone en La Venganza del Alux. M\u00e1s de 1,400 ciclistas de 12 pa\u00edses recorren los senderos de la regi\u00f3n del Puuc\"}]},{\"@type\":\"Person\",\"@id\":\"https:\/\/elpuucnoticias.com\/#\/schema\/person\/d2ea09e4c97f0160b11cdfb1d856bd9e\",\"name\":\"elpuucnoticias\",\"image\":{\"@type\":\"ImageObject\",\"@id\":\"https:\/\/elpuucnoticias.com\/#personlogo\",\"inLanguage\":\"es\",\"url\":\"https:\/\/secure.gravatar.com\/avatar\/5290a43657c74ffa15701dbe5b846bd85cc71930d803c84e91046a7333de6ce2?s=96&d=mm&r=g\",\"contentUrl\":\"https:\/\/secure.gravatar.com\/avatar\/5290a43657c74ffa15701dbe5b846bd85cc71930d803c84e91046a7333de6ce2?s=96&d=mm&r=g\",\"caption\":\"elpuucnoticias\"},\"sameAs\":[\"https:\/\/elpuucnoticias.com\"],\"url\":\"https:\/\/elpuucnoticias.com\/?author=1\"}]}<\/script>\n<!-- \/ Yoast SEO plugin. -->","yoast_head_json":{"title":"Alan Carrillo, de Cozumel, se impone en La Venganza del Alux. M\u00e1s de 1,400 ciclistas de 12 pa\u00edses recorren los senderos de la regi\u00f3n del Puuc - El Puuc Noticias","robots":{"index":"index","follow":"follow","max-snippet":"max-snippet:-1","max-image-preview":"max-image-preview:large","max-video-preview":"max-video-preview:-1"},"canonical":"https:\/\/elpuucnoticias.com\/?p=820","og_locale":"es_ES","og_type":"article","og_title":"Alan Carrillo, de Cozumel, se impone en La Venganza del Alux. M\u00e1s de 1,400 ciclistas de 12 pa\u00edses recorren los senderos de la regi\u00f3n del Puuc - El Puuc Noticias","og_description":"Alan Carrillo, de Cozumel, Quintana Roo, fue el ganador absoluto de la carrera de 100 kil\u00f3metros, en la","og_url":"https:\/\/elpuucnoticias.com\/?p=820","og_site_name":"El Puuc Noticias","article_published_time":"2022-04-04T19:16:30+00:00","article_modified_time":"2022-04-04T19:16:32+00:00","og_image":[{"width":2560,"height":1711,"url":"https:\/\/elpuucnoticias.com\/wp-content\/uploads\/2022\/04\/DSC_1644-scaled.jpg","type":"image\/jpeg"}],"twitter_card":"summary_large_image","twitter_misc":{"Escrito por":"elpuucnoticias","Tiempo de lectura":"3 minutos"},"schema":{"@context":"https:\/\/schema.org","@graph":[{"@type":"WebSite","@id":"https:\/\/elpuucnoticias.com\/#website","url":"https:\/\/elpuucnoticias.com\/","name":"El Puuc Noticias","description":"Noticias - Entretenimiento - Deportes","potentialAction":[{"@type":"SearchAction","target":{"@type":"EntryPoint","urlTemplate":"https:\/\/elpuucnoticias.com\/?s={search_term_string}"},"query-input":"required name=search_term_string"}],"inLanguage":"es"},{"@type":"ImageObject","@id":"https:\/\/elpuucnoticias.com\/?p=820#primaryimage","inLanguage":"es","url":"https:\/\/elpuucnoticias.com\/wp-content\/uploads\/2022\/04\/DSC_1644-scaled.jpg","contentUrl":"https:\/\/elpuucnoticias.com\/wp-content\/uploads\/2022\/04\/DSC_1644-scaled.jpg","width":2560,"height":1711},{"@type":"WebPage","@id":"https:\/\/elpuucnoticias.com\/?p=820#webpage","url":"https:\/\/elpuucnoticias.com\/?p=820","name":"Alan Carrillo, de Cozumel, se impone en La Venganza del Alux. M\u00e1s de 1,400 ciclistas de 12 pa\u00edses recorren los senderos de la regi\u00f3n del Puuc - El Puuc Noticias","isPartOf":{"@id":"https:\/\/elpuucnoticias.com\/#website"},"primaryImageOfPage":{"@id":"https:\/\/elpuucnoticias.com\/?p=820#primaryimage"},"datePublished":"2022-04-04T19:16:30+00:00","dateModified":"2022-04-04T19:16:32+00:00","author":{"@id":"https:\/\/elpuucnoticias.com\/#\/schema\/person\/d2ea09e4c97f0160b11cdfb1d856bd9e"},"breadcrumb":{"@id":"https:\/\/elpuucnoticias.com\/?p=820#breadcrumb"},"inLanguage":"es","potentialAction":[{"@type":"ReadAction","target":["https:\/\/elpuucnoticias.com\/?p=820"]}]},{"@type":"BreadcrumbList","@id":"https:\/\/elpuucnoticias.com\/?p=820#breadcrumb","itemListElement":[{"@type":"ListItem","position":1,"name":"Portada","item":"https:\/\/elpuucnoticias.com\/"},{"@type":"ListItem","position":2,"name":"Alan Carrillo, de Cozumel, se impone en La Venganza del Alux. M\u00e1s de 1,400 ciclistas de 12 pa\u00edses recorren los senderos de la regi\u00f3n del Puuc"}]},{"@type":"Person","@id":"https:\/\/elpuucnoticias.com\/#\/schema\/person\/d2ea09e4c97f0160b11cdfb1d856bd9e","name":"elpuucnoticias","image":{"@type":"ImageObject","@id":"https:\/\/elpuucnoticias.com\/#personlogo","inLanguage":"es","url":"https:\/\/secure.gravatar.com\/avatar\/5290a43657c74ffa15701dbe5b846bd85cc71930d803c84e91046a7333de6ce2?s=96&d=mm&r=g","contentUrl":"https:\/\/secure.gravatar.com\/avatar\/5290a43657c74ffa15701dbe5b846bd85cc71930d803c84e91046a7333de6ce2?s=96&d=mm&r=g","caption":"elpuucnoticias"},"sameAs":["https:\/\/elpuucnoticias.com"],"url":"https:\/\/elpuucnoticias.com\/?author=1"}]}},"_links":{"self":[{"href":"https:\/\/elpuucnoticias.com\/index.php?rest_route=\/wp\/v2\/posts\/820","targetHints":{"allow":["GET"]}}],"collection":[{"href":"https:\/\/elpuucnoticias.com\/index.php?rest_route=\/wp\/v2\/posts"}],"about":[{"href":"https:\/\/elpuucnoticias.com\/index.php?rest_route=\/wp\/v2\/types\/post"}],"author":[{"embeddable":true,"href":"https:\/\/elpuucnoticias.com\/index.php?rest_route=\/wp\/v2\/users\/1"}],"replies":[{"embeddable":true,"href":"https:\/\/elpuucnoticias.com\/index.php?rest_route=%2Fwp%2Fv2%2Fcomments&post=820"}],"version-history":[{"count":1,"href":"https:\/\/elpuucnoticias.com\/index.php?rest_route=\/wp\/v2\/posts\/820\/revisions"}],"predecessor-version":[{"id":829,"href":"https:\/\/elpuucnoticias.com\/index.php?rest_route=\/wp\/v2\/posts\/820\/revisions\/829"}],"wp:featuredmedia":[{"embeddable":true,"href":"https:\/\/elpuucnoticias.com\/index.php?rest_route=\/wp\/v2\/media\/821"}],"wp:attachment":[{"href":"https:\/\/elpuucnoticias.com\/index.php?rest_route=%2Fwp%2Fv2%2Fmedia&parent=820"}],"wp:term":[{"taxonomy":"category","embeddable":true,"href":"https:\/\/elpuucnoticias.com\/index.php?rest_route=%2Fwp%2Fv2%2Fcategories&post=820"},{"taxonomy":"post_tag","embeddable":true,"href":"https:\/\/elpuucnoticias.com\/index.php?rest_route=%2Fwp%2Fv2%2Ftags&post=820"}],"curies":[{"name":"wp","href":"https:\/\/api.w.org\/{rel}","templated":true}]}}