{"id":8220,"date":"2023-07-24T16:42:05","date_gmt":"2023-07-24T22:42:05","guid":{"rendered":"https:\/\/elpuucnoticias.com\/?p=8220"},"modified":"2023-07-24T16:42:06","modified_gmt":"2023-07-24T22:42:06","slug":"ocupacion-al-alza-en-quintana-roo-por-vacaciones-de-verano","status":"publish","type":"post","link":"https:\/\/elpuucnoticias.com\/?p=8220","title":{"rendered":"Ocupaci\u00f3n al alza en Quintana Roo por vacaciones de verano"},"content":{"rendered":"\n<p>Diversos destinos tur\u00edsticos de Quintana Roo registran un aumento en sus ocupaciones y preferencia de los miles de turistas durante esta temporada de verano, y se espera rebasen las expectativas de llegada de turistas de 1.8 millones, al contar con tasas de ocupaci\u00f3n del 80 y 53 por ciento en los sitios de la zona norte y sur, respectivamente, inform\u00f3 el secretario estatal de Turismo, Bernardo Cueto Riestra.<\/p>\n\n\n\n<p>Con la construcci\u00f3n del nuevo modelo tur\u00edstico, que permita diversificar y fortalecer esta importante actividad para Quintana Roo, y que lleve prosperidad y justicia social a todas las familias del estado y con ello cerrar las brechas de desigualdad, se trabaja en la promoci\u00f3n y seguridad de los diversos destinos para que un mayor n\u00famero de visitantes lleguen, dijo Cueto Riestra.<\/p>\n\n\n\n<p>En la semana del 15 al 21 de julio, el Caribe Mexicano recibi\u00f3 un total de 2 mil 126 vuelos, de los cuales 775 fueron nacionales y mil 351 internacionales. Durante este per\u00edodo, arribaron un total de 496 mil 168 turistas, lo que demuestra el gran potencial tur\u00edsticos que tiene Quintana Roo, puntualiz\u00f3.<\/p>\n\n\n\n<figure class=\"wp-block-image size-large\"><img loading=\"lazy\" decoding=\"async\" width=\"1024\" height=\"682\" src=\"https:\/\/elpuucnoticias.com\/wp-content\/uploads\/2023\/07\/Turismo-Vacaciones-02-1024x682.jpg\" alt=\"\" class=\"wp-image-8222\" srcset=\"https:\/\/elpuucnoticias.com\/wp-content\/uploads\/2023\/07\/Turismo-Vacaciones-02-1024x682.jpg 1024w, https:\/\/elpuucnoticias.com\/wp-content\/uploads\/2023\/07\/Turismo-Vacaciones-02-300x200.jpg 300w, https:\/\/elpuucnoticias.com\/wp-content\/uploads\/2023\/07\/Turismo-Vacaciones-02-768x512.jpg 768w, https:\/\/elpuucnoticias.com\/wp-content\/uploads\/2023\/07\/Turismo-Vacaciones-02-1536x1023.jpg 1536w, https:\/\/elpuucnoticias.com\/wp-content\/uploads\/2023\/07\/Turismo-Vacaciones-02.jpg 1600w\" sizes=\"auto, (max-width: 1024px) 100vw, 1024px\" \/><\/figure>\n\n\n\n<p>Detall\u00f3 que mediante el Nuevo Acuerdo por el Bienestar y Desarrollo de Quintana Roo que promueve la gobernadora Mara Lezama Espinosa, se busca que la prosperidad sea compartida y que nadie se quede atr\u00e1s.<\/p>\n\n\n\n<p>En cuanto a la ocupaci\u00f3n tur\u00edstica en el estado, a la fecha sigue creciendo conforme a las expectativas en las primeras semanas de la temporada vacacional, con tasas de ocupaci\u00f3n que ya superan el 80 por ciento en casi todos los destinos del norte del estado y casi un 53 por ciento en los del sur.<\/p>\n\n\n\n<p>El titular de la Secretar\u00eda estatal de Turismo (Sedetur) Cueto Riestra, coment\u00f3: \u201cEstamos satisfechos con el ritmo de crecimiento de la ocupaci\u00f3n tur\u00edstica. Los visitantes nacionales siguen liderando con un 36.85 por ciento de afluencia, seguidos por los turistas de los Estados Unidos, que representan un 32.22 por ciento, y Canad\u00e1, que ocupa el tercer lugar con un 10.93 por ciento\u201d.<\/p>\n\n\n\n<p>Finalmente dijo que se espera que, durante toda la temporada vacacional, el Caribe Mexicano reciba un total de 1.8 millones de turistas y con posibilidad de que se rebase, lo que demuestra una tendencia positiva que estar\u00e1 por encima del 2022 cuando se tuvo un registro de 1.5 millones de visitantes.<\/p>\n","protected":false},"excerpt":{"rendered":"<p>Diversos destinos tur\u00edsticos de Quintana Roo registran un aumento en sus ocupaciones y preferencia de los miles de<\/p>\n","protected":false},"author":1,"featured_media":8221,"comment_status":"closed","ping_status":"open","sticky":false,"template":"","format":"standard","meta":{"_monsterinsights_skip_tracking":false,"_monsterinsights_sitenote_active":false,"_monsterinsights_sitenote_note":"","_monsterinsights_sitenote_category":0,"footnotes":""},"categories":[11,24],"tags":[],"class_list":["post-8220","post","type-post","status-publish","format-standard","has-post-thumbnail","hentry","category-noticias","category-quintana-roo"],"yoast_head":"<!-- This site is optimized with the Yoast SEO plugin v18.3 - https:\/\/yoast.com\/wordpress\/plugins\/seo\/ -->\n<title>Ocupaci\u00f3n al alza en Quintana Roo por vacaciones de verano - El Puuc Noticias<\/title>\n<meta name=\"robots\" content=\"index, follow, max-snippet:-1, max-image-preview:large, max-video-preview:-1\" \/>\n<link rel=\"canonical\" href=\"https:\/\/elpuucnoticias.com\/?p=8220\" \/>\n<meta property=\"og:locale\" content=\"es_ES\" \/>\n<meta property=\"og:type\" content=\"article\" \/>\n<meta property=\"og:title\" content=\"Ocupaci\u00f3n al alza en Quintana Roo por vacaciones de verano - El Puuc Noticias\" \/>\n<meta property=\"og:description\" content=\"Diversos destinos tur\u00edsticos de Quintana Roo registran un aumento en sus ocupaciones y preferencia de los miles de\" \/>\n<meta property=\"og:url\" content=\"https:\/\/elpuucnoticias.com\/?p=8220\" \/>\n<meta property=\"og:site_name\" content=\"El Puuc Noticias\" \/>\n<meta property=\"article:published_time\" content=\"2023-07-24T22:42:05+00:00\" \/>\n<meta property=\"article:modified_time\" content=\"2023-07-24T22:42:06+00:00\" \/>\n<meta property=\"og:image\" content=\"https:\/\/elpuucnoticias.com\/wp-content\/uploads\/2023\/07\/Turismo-Vacaciones-03.jpg\" \/>\n\t<meta property=\"og:image:width\" content=\"1600\" \/>\n\t<meta property=\"og:image:height\" content=\"1066\" \/>\n\t<meta property=\"og:image:type\" content=\"image\/jpeg\" \/>\n<meta name=\"twitter:card\" content=\"summary_large_image\" \/>\n<meta name=\"twitter:label1\" content=\"Escrito por\" \/>\n\t<meta name=\"twitter:data1\" content=\"elpuucnoticias\" \/>\n\t<meta name=\"twitter:label2\" content=\"Tiempo de lectura\" \/>\n\t<meta name=\"twitter:data2\" content=\"2 minutos\" \/>\n<script type=\"application\/ld+json\" class=\"yoast-schema-graph\">{\"@context\":\"https:\/\/schema.org\",\"@graph\":[{\"@type\":\"WebSite\",\"@id\":\"https:\/\/elpuucnoticias.com\/#website\",\"url\":\"https:\/\/elpuucnoticias.com\/\",\"name\":\"El Puuc Noticias\",\"description\":\"Noticias - Entretenimiento - Deportes\",\"potentialAction\":[{\"@type\":\"SearchAction\",\"target\":{\"@type\":\"EntryPoint\",\"urlTemplate\":\"https:\/\/elpuucnoticias.com\/?s={search_term_string}\"},\"query-input\":\"required name=search_term_string\"}],\"inLanguage\":\"es\"},{\"@type\":\"ImageObject\",\"@id\":\"https:\/\/elpuucnoticias.com\/?p=8220#primaryimage\",\"inLanguage\":\"es\",\"url\":\"https:\/\/elpuucnoticias.com\/wp-content\/uploads\/2023\/07\/Turismo-Vacaciones-03.jpg\",\"contentUrl\":\"https:\/\/elpuucnoticias.com\/wp-content\/uploads\/2023\/07\/Turismo-Vacaciones-03.jpg\",\"width\":1600,\"height\":1066},{\"@type\":\"WebPage\",\"@id\":\"https:\/\/elpuucnoticias.com\/?p=8220#webpage\",\"url\":\"https:\/\/elpuucnoticias.com\/?p=8220\",\"name\":\"Ocupaci\u00f3n al alza en Quintana Roo por vacaciones de verano - El Puuc Noticias\",\"isPartOf\":{\"@id\":\"https:\/\/elpuucnoticias.com\/#website\"},\"primaryImageOfPage\":{\"@id\":\"https:\/\/elpuucnoticias.com\/?p=8220#primaryimage\"},\"datePublished\":\"2023-07-24T22:42:05+00:00\",\"dateModified\":\"2023-07-24T22:42:06+00:00\",\"author\":{\"@id\":\"https:\/\/elpuucnoticias.com\/#\/schema\/person\/d2ea09e4c97f0160b11cdfb1d856bd9e\"},\"breadcrumb\":{\"@id\":\"https:\/\/elpuucnoticias.com\/?p=8220#breadcrumb\"},\"inLanguage\":\"es\",\"potentialAction\":[{\"@type\":\"ReadAction\",\"target\":[\"https:\/\/elpuucnoticias.com\/?p=8220\"]}]},{\"@type\":\"BreadcrumbList\",\"@id\":\"https:\/\/elpuucnoticias.com\/?p=8220#breadcrumb\",\"itemListElement\":[{\"@type\":\"ListItem\",\"position\":1,\"name\":\"Portada\",\"item\":\"https:\/\/elpuucnoticias.com\/\"},{\"@type\":\"ListItem\",\"position\":2,\"name\":\"Ocupaci\u00f3n al alza en Quintana Roo por vacaciones de verano\"}]},{\"@type\":\"Person\",\"@id\":\"https:\/\/elpuucnoticias.com\/#\/schema\/person\/d2ea09e4c97f0160b11cdfb1d856bd9e\",\"name\":\"elpuucnoticias\",\"image\":{\"@type\":\"ImageObject\",\"@id\":\"https:\/\/elpuucnoticias.com\/#personlogo\",\"inLanguage\":\"es\",\"url\":\"https:\/\/secure.gravatar.com\/avatar\/5290a43657c74ffa15701dbe5b846bd85cc71930d803c84e91046a7333de6ce2?s=96&d=mm&r=g\",\"contentUrl\":\"https:\/\/secure.gravatar.com\/avatar\/5290a43657c74ffa15701dbe5b846bd85cc71930d803c84e91046a7333de6ce2?s=96&d=mm&r=g\",\"caption\":\"elpuucnoticias\"},\"sameAs\":[\"https:\/\/elpuucnoticias.com\"],\"url\":\"https:\/\/elpuucnoticias.com\/?author=1\"}]}<\/script>\n<!-- \/ Yoast SEO plugin. -->","yoast_head_json":{"title":"Ocupaci\u00f3n al alza en Quintana Roo por vacaciones de verano - El Puuc Noticias","robots":{"index":"index","follow":"follow","max-snippet":"max-snippet:-1","max-image-preview":"max-image-preview:large","max-video-preview":"max-video-preview:-1"},"canonical":"https:\/\/elpuucnoticias.com\/?p=8220","og_locale":"es_ES","og_type":"article","og_title":"Ocupaci\u00f3n al alza en Quintana Roo por vacaciones de verano - El Puuc Noticias","og_description":"Diversos destinos tur\u00edsticos de Quintana Roo registran un aumento en sus ocupaciones y preferencia de los miles de","og_url":"https:\/\/elpuucnoticias.com\/?p=8220","og_site_name":"El Puuc Noticias","article_published_time":"2023-07-24T22:42:05+00:00","article_modified_time":"2023-07-24T22:42:06+00:00","og_image":[{"width":1600,"height":1066,"url":"https:\/\/elpuucnoticias.com\/wp-content\/uploads\/2023\/07\/Turismo-Vacaciones-03.jpg","type":"image\/jpeg"}],"twitter_card":"summary_large_image","twitter_misc":{"Escrito por":"elpuucnoticias","Tiempo de lectura":"2 minutos"},"schema":{"@context":"https:\/\/schema.org","@graph":[{"@type":"WebSite","@id":"https:\/\/elpuucnoticias.com\/#website","url":"https:\/\/elpuucnoticias.com\/","name":"El Puuc Noticias","description":"Noticias - Entretenimiento - Deportes","potentialAction":[{"@type":"SearchAction","target":{"@type":"EntryPoint","urlTemplate":"https:\/\/elpuucnoticias.com\/?s={search_term_string}"},"query-input":"required name=search_term_string"}],"inLanguage":"es"},{"@type":"ImageObject","@id":"https:\/\/elpuucnoticias.com\/?p=8220#primaryimage","inLanguage":"es","url":"https:\/\/elpuucnoticias.com\/wp-content\/uploads\/2023\/07\/Turismo-Vacaciones-03.jpg","contentUrl":"https:\/\/elpuucnoticias.com\/wp-content\/uploads\/2023\/07\/Turismo-Vacaciones-03.jpg","width":1600,"height":1066},{"@type":"WebPage","@id":"https:\/\/elpuucnoticias.com\/?p=8220#webpage","url":"https:\/\/elpuucnoticias.com\/?p=8220","name":"Ocupaci\u00f3n al alza en Quintana Roo por vacaciones de verano - El Puuc Noticias","isPartOf":{"@id":"https:\/\/elpuucnoticias.com\/#website"},"primaryImageOfPage":{"@id":"https:\/\/elpuucnoticias.com\/?p=8220#primaryimage"},"datePublished":"2023-07-24T22:42:05+00:00","dateModified":"2023-07-24T22:42:06+00:00","author":{"@id":"https:\/\/elpuucnoticias.com\/#\/schema\/person\/d2ea09e4c97f0160b11cdfb1d856bd9e"},"breadcrumb":{"@id":"https:\/\/elpuucnoticias.com\/?p=8220#breadcrumb"},"inLanguage":"es","potentialAction":[{"@type":"ReadAction","target":["https:\/\/elpuucnoticias.com\/?p=8220"]}]},{"@type":"BreadcrumbList","@id":"https:\/\/elpuucnoticias.com\/?p=8220#breadcrumb","itemListElement":[{"@type":"ListItem","position":1,"name":"Portada","item":"https:\/\/elpuucnoticias.com\/"},{"@type":"ListItem","position":2,"name":"Ocupaci\u00f3n al alza en Quintana Roo por vacaciones de verano"}]},{"@type":"Person","@id":"https:\/\/elpuucnoticias.com\/#\/schema\/person\/d2ea09e4c97f0160b11cdfb1d856bd9e","name":"elpuucnoticias","image":{"@type":"ImageObject","@id":"https:\/\/elpuucnoticias.com\/#personlogo","inLanguage":"es","url":"https:\/\/secure.gravatar.com\/avatar\/5290a43657c74ffa15701dbe5b846bd85cc71930d803c84e91046a7333de6ce2?s=96&d=mm&r=g","contentUrl":"https:\/\/secure.gravatar.com\/avatar\/5290a43657c74ffa15701dbe5b846bd85cc71930d803c84e91046a7333de6ce2?s=96&d=mm&r=g","caption":"elpuucnoticias"},"sameAs":["https:\/\/elpuucnoticias.com"],"url":"https:\/\/elpuucnoticias.com\/?author=1"}]}},"_links":{"self":[{"href":"https:\/\/elpuucnoticias.com\/index.php?rest_route=\/wp\/v2\/posts\/8220","targetHints":{"allow":["GET"]}}],"collection":[{"href":"https:\/\/elpuucnoticias.com\/index.php?rest_route=\/wp\/v2\/posts"}],"about":[{"href":"https:\/\/elpuucnoticias.com\/index.php?rest_route=\/wp\/v2\/types\/post"}],"author":[{"embeddable":true,"href":"https:\/\/elpuucnoticias.com\/index.php?rest_route=\/wp\/v2\/users\/1"}],"replies":[{"embeddable":true,"href":"https:\/\/elpuucnoticias.com\/index.php?rest_route=%2Fwp%2Fv2%2Fcomments&post=8220"}],"version-history":[{"count":1,"href":"https:\/\/elpuucnoticias.com\/index.php?rest_route=\/wp\/v2\/posts\/8220\/revisions"}],"predecessor-version":[{"id":8223,"href":"https:\/\/elpuucnoticias.com\/index.php?rest_route=\/wp\/v2\/posts\/8220\/revisions\/8223"}],"wp:featuredmedia":[{"embeddable":true,"href":"https:\/\/elpuucnoticias.com\/index.php?rest_route=\/wp\/v2\/media\/8221"}],"wp:attachment":[{"href":"https:\/\/elpuucnoticias.com\/index.php?rest_route=%2Fwp%2Fv2%2Fmedia&parent=8220"}],"wp:term":[{"taxonomy":"category","embeddable":true,"href":"https:\/\/elpuucnoticias.com\/index.php?rest_route=%2Fwp%2Fv2%2Fcategories&post=8220"},{"taxonomy":"post_tag","embeddable":true,"href":"https:\/\/elpuucnoticias.com\/index.php?rest_route=%2Fwp%2Fv2%2Ftags&post=8220"}],"curies":[{"name":"wp","href":"https:\/\/api.w.org\/{rel}","templated":true}]}}