{"id":8318,"date":"2023-08-02T13:35:02","date_gmt":"2023-08-02T19:35:02","guid":{"rendered":"https:\/\/elpuucnoticias.com\/?p=8318"},"modified":"2023-08-02T13:35:03","modified_gmt":"2023-08-02T19:35:03","slug":"sede-lanza-la-plataforma-sistema-estatal-de-capacitacion-para-el-desarrollo-economico","status":"publish","type":"post","link":"https:\/\/elpuucnoticias.com\/?p=8318","title":{"rendered":"SEDE lanza la plataforma Sistema Estatal de Capacitaci\u00f3n para el Desarrollo Econ\u00f3mico"},"content":{"rendered":"\n<p>Con el objetivo de impulsar el crecimiento y la competitividad de las y los emprendedores y empresarios en Quintana Roo, permiti\u00e9ndoles el acceso a cursos de capacitaci\u00f3n empresarial de manera mixta o bien aprendiendo a su propio ritmo, la Secretar\u00eda de Desarrollo Econ\u00f3mico (SEDE) lanz\u00f3 la plataforma del Sistema Estatal de Capacitaci\u00f3n para el Desarrollo Econ\u00f3mico (SECDE).<\/p>\n\n\n\n<p>La titular de la SEDE, Karla Almanza L\u00f3pez, explic\u00f3 que esta plataforma busca impactar positivamente al empresariado como en el desarrollo social de la entidad; constituye un valioso recurso que permitir\u00e1 el acceso a cursos de capacitaci\u00f3n empresarial, mismos que est\u00e1n orientados a alinear los conocimientos y habilidades del talento humano con las necesidades y oportunidades del sector productivo local.<\/p>\n\n\n\n<p>Como parte del Nuevo Acuerdo por el Bienestar y Desarrollo de Quintana Roo, que promueve la gobernadora Mara Lezama Espinosa, se implementan pol\u00edticas que permitan que la prosperidad llegue a todos los hogares del estado y sea compartida, permitiendo cerrar las brechas de desigualad, dijo.<\/p>\n\n\n\n<p>La Plataforma del Sistema Estatal de Capacitaci\u00f3n para el Desarrollo Econ\u00f3mico (SECDE) se logra lanzar en coordinaci\u00f3n con la Universidad Aut\u00f3noma de Quintana Roo (UQROO) y la Universidad Aut\u00f3noma Metropolitana Unidad Azcapotzalco (UAM).<\/p>\n\n\n\n<p>Almanza L\u00f3pez detall\u00f3 que la importancia del emprendimiento y la iniciativa empresarial en el fortalecimiento de la econom\u00eda de Quintana Roo es innegable es por ello por lo que los usuarios podr\u00e1n interactuar, compartir experiencias, establecer redes de contacto, recibir asesor\u00eda de expertos en diversos campos, fomentando as\u00ed la sinergia y el intercambio de ideas entre los participantes.<\/p>\n\n\n\n<p>Finalmente dijo que la SEDE extiende una cordial invitaci\u00f3n a emprendedores y empresarios interesados en participar activamente en el crecimiento econ\u00f3mico y social de Quintana Roo por lo que pone a su disposici\u00f3n la liga de la Plataforma<\/p>\n","protected":false},"excerpt":{"rendered":"<p>Con el objetivo de impulsar el crecimiento y la competitividad de las y los emprendedores y empresarios en<\/p>\n","protected":false},"author":1,"featured_media":8319,"comment_status":"closed","ping_status":"open","sticky":false,"template":"","format":"standard","meta":{"_monsterinsights_skip_tracking":false,"_monsterinsights_sitenote_active":false,"_monsterinsights_sitenote_note":"","_monsterinsights_sitenote_category":0,"footnotes":""},"categories":[21,24],"tags":[],"class_list":["post-8318","post","type-post","status-publish","format-standard","has-post-thumbnail","hentry","category-galerias","category-quintana-roo"],"yoast_head":"<!-- This site is optimized with the Yoast SEO plugin v18.3 - https:\/\/yoast.com\/wordpress\/plugins\/seo\/ -->\n<title>SEDE lanza la plataforma Sistema Estatal de Capacitaci\u00f3n para el Desarrollo Econ\u00f3mico - El Puuc Noticias<\/title>\n<meta name=\"robots\" content=\"index, follow, max-snippet:-1, max-image-preview:large, max-video-preview:-1\" \/>\n<link rel=\"canonical\" href=\"https:\/\/elpuucnoticias.com\/?p=8318\" \/>\n<meta property=\"og:locale\" content=\"es_ES\" \/>\n<meta property=\"og:type\" content=\"article\" \/>\n<meta property=\"og:title\" content=\"SEDE lanza la plataforma Sistema Estatal de Capacitaci\u00f3n para el Desarrollo Econ\u00f3mico - El Puuc Noticias\" \/>\n<meta property=\"og:description\" content=\"Con el objetivo de impulsar el crecimiento y la competitividad de las y los emprendedores y empresarios en\" \/>\n<meta property=\"og:url\" content=\"https:\/\/elpuucnoticias.com\/?p=8318\" \/>\n<meta property=\"og:site_name\" content=\"El Puuc Noticias\" \/>\n<meta property=\"article:published_time\" content=\"2023-08-02T19:35:02+00:00\" \/>\n<meta property=\"article:modified_time\" content=\"2023-08-02T19:35:03+00:00\" \/>\n<meta property=\"og:image\" content=\"https:\/\/elpuucnoticias.com\/wp-content\/uploads\/2023\/08\/WhatsApp-Image-2023-08-01-at-1.36.20-PM.jpeg\" \/>\n\t<meta property=\"og:image:width\" content=\"1024\" \/>\n\t<meta property=\"og:image:height\" content=\"539\" \/>\n\t<meta property=\"og:image:type\" content=\"image\/jpeg\" \/>\n<meta name=\"twitter:card\" content=\"summary_large_image\" \/>\n<meta name=\"twitter:label1\" content=\"Escrito por\" \/>\n\t<meta name=\"twitter:data1\" content=\"elpuucnoticias\" \/>\n\t<meta name=\"twitter:label2\" content=\"Tiempo de lectura\" \/>\n\t<meta name=\"twitter:data2\" content=\"2 minutos\" \/>\n<script type=\"application\/ld+json\" class=\"yoast-schema-graph\">{\"@context\":\"https:\/\/schema.org\",\"@graph\":[{\"@type\":\"WebSite\",\"@id\":\"https:\/\/elpuucnoticias.com\/#website\",\"url\":\"https:\/\/elpuucnoticias.com\/\",\"name\":\"El Puuc Noticias\",\"description\":\"Noticias - Entretenimiento - Deportes\",\"potentialAction\":[{\"@type\":\"SearchAction\",\"target\":{\"@type\":\"EntryPoint\",\"urlTemplate\":\"https:\/\/elpuucnoticias.com\/?s={search_term_string}\"},\"query-input\":\"required name=search_term_string\"}],\"inLanguage\":\"es\"},{\"@type\":\"ImageObject\",\"@id\":\"https:\/\/elpuucnoticias.com\/?p=8318#primaryimage\",\"inLanguage\":\"es\",\"url\":\"https:\/\/elpuucnoticias.com\/wp-content\/uploads\/2023\/08\/WhatsApp-Image-2023-08-01-at-1.36.20-PM.jpeg\",\"contentUrl\":\"https:\/\/elpuucnoticias.com\/wp-content\/uploads\/2023\/08\/WhatsApp-Image-2023-08-01-at-1.36.20-PM.jpeg\",\"width\":1024,\"height\":539},{\"@type\":\"WebPage\",\"@id\":\"https:\/\/elpuucnoticias.com\/?p=8318#webpage\",\"url\":\"https:\/\/elpuucnoticias.com\/?p=8318\",\"name\":\"SEDE lanza la plataforma Sistema Estatal de Capacitaci\u00f3n para el Desarrollo Econ\u00f3mico - El Puuc Noticias\",\"isPartOf\":{\"@id\":\"https:\/\/elpuucnoticias.com\/#website\"},\"primaryImageOfPage\":{\"@id\":\"https:\/\/elpuucnoticias.com\/?p=8318#primaryimage\"},\"datePublished\":\"2023-08-02T19:35:02+00:00\",\"dateModified\":\"2023-08-02T19:35:03+00:00\",\"author\":{\"@id\":\"https:\/\/elpuucnoticias.com\/#\/schema\/person\/d2ea09e4c97f0160b11cdfb1d856bd9e\"},\"breadcrumb\":{\"@id\":\"https:\/\/elpuucnoticias.com\/?p=8318#breadcrumb\"},\"inLanguage\":\"es\",\"potentialAction\":[{\"@type\":\"ReadAction\",\"target\":[\"https:\/\/elpuucnoticias.com\/?p=8318\"]}]},{\"@type\":\"BreadcrumbList\",\"@id\":\"https:\/\/elpuucnoticias.com\/?p=8318#breadcrumb\",\"itemListElement\":[{\"@type\":\"ListItem\",\"position\":1,\"name\":\"Portada\",\"item\":\"https:\/\/elpuucnoticias.com\/\"},{\"@type\":\"ListItem\",\"position\":2,\"name\":\"SEDE lanza la plataforma Sistema Estatal de Capacitaci\u00f3n para el Desarrollo Econ\u00f3mico\"}]},{\"@type\":\"Person\",\"@id\":\"https:\/\/elpuucnoticias.com\/#\/schema\/person\/d2ea09e4c97f0160b11cdfb1d856bd9e\",\"name\":\"elpuucnoticias\",\"image\":{\"@type\":\"ImageObject\",\"@id\":\"https:\/\/elpuucnoticias.com\/#personlogo\",\"inLanguage\":\"es\",\"url\":\"https:\/\/secure.gravatar.com\/avatar\/5290a43657c74ffa15701dbe5b846bd85cc71930d803c84e91046a7333de6ce2?s=96&d=mm&r=g\",\"contentUrl\":\"https:\/\/secure.gravatar.com\/avatar\/5290a43657c74ffa15701dbe5b846bd85cc71930d803c84e91046a7333de6ce2?s=96&d=mm&r=g\",\"caption\":\"elpuucnoticias\"},\"sameAs\":[\"https:\/\/elpuucnoticias.com\"],\"url\":\"https:\/\/elpuucnoticias.com\/?author=1\"}]}<\/script>\n<!-- \/ Yoast SEO plugin. -->","yoast_head_json":{"title":"SEDE lanza la plataforma Sistema Estatal de Capacitaci\u00f3n para el Desarrollo Econ\u00f3mico - El Puuc Noticias","robots":{"index":"index","follow":"follow","max-snippet":"max-snippet:-1","max-image-preview":"max-image-preview:large","max-video-preview":"max-video-preview:-1"},"canonical":"https:\/\/elpuucnoticias.com\/?p=8318","og_locale":"es_ES","og_type":"article","og_title":"SEDE lanza la plataforma Sistema Estatal de Capacitaci\u00f3n para el Desarrollo Econ\u00f3mico - El Puuc Noticias","og_description":"Con el objetivo de impulsar el crecimiento y la competitividad de las y los emprendedores y empresarios en","og_url":"https:\/\/elpuucnoticias.com\/?p=8318","og_site_name":"El Puuc Noticias","article_published_time":"2023-08-02T19:35:02+00:00","article_modified_time":"2023-08-02T19:35:03+00:00","og_image":[{"width":1024,"height":539,"url":"https:\/\/elpuucnoticias.com\/wp-content\/uploads\/2023\/08\/WhatsApp-Image-2023-08-01-at-1.36.20-PM.jpeg","type":"image\/jpeg"}],"twitter_card":"summary_large_image","twitter_misc":{"Escrito por":"elpuucnoticias","Tiempo de lectura":"2 minutos"},"schema":{"@context":"https:\/\/schema.org","@graph":[{"@type":"WebSite","@id":"https:\/\/elpuucnoticias.com\/#website","url":"https:\/\/elpuucnoticias.com\/","name":"El Puuc Noticias","description":"Noticias - Entretenimiento - Deportes","potentialAction":[{"@type":"SearchAction","target":{"@type":"EntryPoint","urlTemplate":"https:\/\/elpuucnoticias.com\/?s={search_term_string}"},"query-input":"required name=search_term_string"}],"inLanguage":"es"},{"@type":"ImageObject","@id":"https:\/\/elpuucnoticias.com\/?p=8318#primaryimage","inLanguage":"es","url":"https:\/\/elpuucnoticias.com\/wp-content\/uploads\/2023\/08\/WhatsApp-Image-2023-08-01-at-1.36.20-PM.jpeg","contentUrl":"https:\/\/elpuucnoticias.com\/wp-content\/uploads\/2023\/08\/WhatsApp-Image-2023-08-01-at-1.36.20-PM.jpeg","width":1024,"height":539},{"@type":"WebPage","@id":"https:\/\/elpuucnoticias.com\/?p=8318#webpage","url":"https:\/\/elpuucnoticias.com\/?p=8318","name":"SEDE lanza la plataforma Sistema Estatal de Capacitaci\u00f3n para el Desarrollo Econ\u00f3mico - El Puuc Noticias","isPartOf":{"@id":"https:\/\/elpuucnoticias.com\/#website"},"primaryImageOfPage":{"@id":"https:\/\/elpuucnoticias.com\/?p=8318#primaryimage"},"datePublished":"2023-08-02T19:35:02+00:00","dateModified":"2023-08-02T19:35:03+00:00","author":{"@id":"https:\/\/elpuucnoticias.com\/#\/schema\/person\/d2ea09e4c97f0160b11cdfb1d856bd9e"},"breadcrumb":{"@id":"https:\/\/elpuucnoticias.com\/?p=8318#breadcrumb"},"inLanguage":"es","potentialAction":[{"@type":"ReadAction","target":["https:\/\/elpuucnoticias.com\/?p=8318"]}]},{"@type":"BreadcrumbList","@id":"https:\/\/elpuucnoticias.com\/?p=8318#breadcrumb","itemListElement":[{"@type":"ListItem","position":1,"name":"Portada","item":"https:\/\/elpuucnoticias.com\/"},{"@type":"ListItem","position":2,"name":"SEDE lanza la plataforma Sistema Estatal de Capacitaci\u00f3n para el Desarrollo Econ\u00f3mico"}]},{"@type":"Person","@id":"https:\/\/elpuucnoticias.com\/#\/schema\/person\/d2ea09e4c97f0160b11cdfb1d856bd9e","name":"elpuucnoticias","image":{"@type":"ImageObject","@id":"https:\/\/elpuucnoticias.com\/#personlogo","inLanguage":"es","url":"https:\/\/secure.gravatar.com\/avatar\/5290a43657c74ffa15701dbe5b846bd85cc71930d803c84e91046a7333de6ce2?s=96&d=mm&r=g","contentUrl":"https:\/\/secure.gravatar.com\/avatar\/5290a43657c74ffa15701dbe5b846bd85cc71930d803c84e91046a7333de6ce2?s=96&d=mm&r=g","caption":"elpuucnoticias"},"sameAs":["https:\/\/elpuucnoticias.com"],"url":"https:\/\/elpuucnoticias.com\/?author=1"}]}},"_links":{"self":[{"href":"https:\/\/elpuucnoticias.com\/index.php?rest_route=\/wp\/v2\/posts\/8318","targetHints":{"allow":["GET"]}}],"collection":[{"href":"https:\/\/elpuucnoticias.com\/index.php?rest_route=\/wp\/v2\/posts"}],"about":[{"href":"https:\/\/elpuucnoticias.com\/index.php?rest_route=\/wp\/v2\/types\/post"}],"author":[{"embeddable":true,"href":"https:\/\/elpuucnoticias.com\/index.php?rest_route=\/wp\/v2\/users\/1"}],"replies":[{"embeddable":true,"href":"https:\/\/elpuucnoticias.com\/index.php?rest_route=%2Fwp%2Fv2%2Fcomments&post=8318"}],"version-history":[{"count":1,"href":"https:\/\/elpuucnoticias.com\/index.php?rest_route=\/wp\/v2\/posts\/8318\/revisions"}],"predecessor-version":[{"id":8320,"href":"https:\/\/elpuucnoticias.com\/index.php?rest_route=\/wp\/v2\/posts\/8318\/revisions\/8320"}],"wp:featuredmedia":[{"embeddable":true,"href":"https:\/\/elpuucnoticias.com\/index.php?rest_route=\/wp\/v2\/media\/8319"}],"wp:attachment":[{"href":"https:\/\/elpuucnoticias.com\/index.php?rest_route=%2Fwp%2Fv2%2Fmedia&parent=8318"}],"wp:term":[{"taxonomy":"category","embeddable":true,"href":"https:\/\/elpuucnoticias.com\/index.php?rest_route=%2Fwp%2Fv2%2Fcategories&post=8318"},{"taxonomy":"post_tag","embeddable":true,"href":"https:\/\/elpuucnoticias.com\/index.php?rest_route=%2Fwp%2Fv2%2Ftags&post=8318"}],"curies":[{"name":"wp","href":"https:\/\/api.w.org\/{rel}","templated":true}]}}