{"id":8324,"date":"2023-08-02T13:53:03","date_gmt":"2023-08-02T19:53:03","guid":{"rendered":"https:\/\/elpuucnoticias.com\/?p=8324"},"modified":"2023-08-02T13:57:15","modified_gmt":"2023-08-02T19:57:15","slug":"en-reunion-con-el-almirante-secretario-rafael-ojeda-duran-revisaron-la-actividad-manejo-y-operacion-de-los-puertos","status":"publish","type":"post","link":"https:\/\/elpuucnoticias.com\/?p=8324","title":{"rendered":"En reuni\u00f3n con el Almirante Secretario Rafael Ojeda Dur\u00e1n, revisaron la actividad, manejo y operaci\u00f3n de los puertos"},"content":{"rendered":"\n<p>Como parte de los trabajos para las acciones de Construcci\u00f3n de la Paz y tranquilidad para el estado, la gobernadora Mara Lezama se reuni\u00f3 con el Almirante Jos\u00e9 Rafael Ojeda Dur\u00e1n, Secretario de Marina para gestionar acciones que permitan detonar el potencial econ\u00f3mico del sur y generar la prosperidad compartida que necesitan las personas.<\/p>\n\n\n\n<figure class=\"wp-block-gallery has-nested-images columns-default is-cropped wp-block-gallery-1 is-layout-flex wp-block-gallery-is-layout-flex\"><\/figure>\n\n\n\n<p>Durante la fruct\u00edfera reuni\u00f3n se analizaron proyectos de inversi\u00f3n para el sur del estado, y se revis\u00f3 la operatividad, manejo y operaci\u00f3n de los puertos de Quintana Roo. Adem\u00e1s, la log\u00edstica para aprovechar al m\u00e1ximo y potenciar su uso.<\/p>\n\n\n\n<figure class=\"wp-block-image size-large\"><img loading=\"lazy\" decoding=\"async\" width=\"1024\" height=\"682\" src=\"https:\/\/elpuucnoticias.com\/wp-content\/uploads\/2023\/08\/WhatsApp-Image-2023-08-01-at-9.44.57-AM-1-1024x682.jpeg\" alt=\"\" class=\"wp-image-8325\" srcset=\"https:\/\/elpuucnoticias.com\/wp-content\/uploads\/2023\/08\/WhatsApp-Image-2023-08-01-at-9.44.57-AM-1-1024x682.jpeg 1024w, https:\/\/elpuucnoticias.com\/wp-content\/uploads\/2023\/08\/WhatsApp-Image-2023-08-01-at-9.44.57-AM-1-300x200.jpeg 300w, https:\/\/elpuucnoticias.com\/wp-content\/uploads\/2023\/08\/WhatsApp-Image-2023-08-01-at-9.44.57-AM-1-768x512.jpeg 768w, https:\/\/elpuucnoticias.com\/wp-content\/uploads\/2023\/08\/WhatsApp-Image-2023-08-01-at-9.44.57-AM-1-1536x1023.jpeg 1536w, https:\/\/elpuucnoticias.com\/wp-content\/uploads\/2023\/08\/WhatsApp-Image-2023-08-01-at-9.44.57-AM-1.jpeg 1600w\" sizes=\"auto, (max-width: 1024px) 100vw, 1024px\" \/><\/figure>\n\n\n\n<p>Con la gobernadora Mara Lezama estuvieron el secretario de Finanzas y Planeaci\u00f3n Eugenio Segura, en tanto que el Secretario estuvo acompa\u00f1ado por la Coordinadora General de Puertos y Marina Mercante, Cap. Alt. Ana Laura L\u00f3pez Bautista; la Directora General de Puertos, Mar\u00eda Marisa Abarca, y la Directora General de ICA, Guadalupe Phillips.<\/p>\n","protected":false},"excerpt":{"rendered":"<p>Como parte de los trabajos para las acciones de Construcci\u00f3n de la Paz y tranquilidad para el estado,<\/p>\n","protected":false},"author":1,"featured_media":8328,"comment_status":"closed","ping_status":"open","sticky":false,"template":"","format":"standard","meta":{"_monsterinsights_skip_tracking":false,"_monsterinsights_sitenote_active":false,"_monsterinsights_sitenote_note":"","_monsterinsights_sitenote_category":0,"footnotes":""},"categories":[11,24],"tags":[],"class_list":["post-8324","post","type-post","status-publish","format-standard","has-post-thumbnail","hentry","category-noticias","category-quintana-roo"],"yoast_head":"<!-- This site is optimized with the Yoast SEO plugin v18.3 - https:\/\/yoast.com\/wordpress\/plugins\/seo\/ -->\n<title>En reuni\u00f3n con el Almirante Secretario Rafael Ojeda Dur\u00e1n, revisaron la actividad, manejo y operaci\u00f3n de los puertos - El Puuc Noticias<\/title>\n<meta name=\"robots\" content=\"index, follow, max-snippet:-1, max-image-preview:large, max-video-preview:-1\" \/>\n<link rel=\"canonical\" href=\"https:\/\/elpuucnoticias.com\/?p=8324\" \/>\n<meta property=\"og:locale\" content=\"es_ES\" \/>\n<meta property=\"og:type\" content=\"article\" \/>\n<meta property=\"og:title\" content=\"En reuni\u00f3n con el Almirante Secretario Rafael Ojeda Dur\u00e1n, revisaron la actividad, manejo y operaci\u00f3n de los puertos - El Puuc Noticias\" \/>\n<meta property=\"og:description\" content=\"Como parte de los trabajos para las acciones de Construcci\u00f3n de la Paz y tranquilidad para el estado,\" \/>\n<meta property=\"og:url\" content=\"https:\/\/elpuucnoticias.com\/?p=8324\" \/>\n<meta property=\"og:site_name\" content=\"El Puuc Noticias\" \/>\n<meta property=\"article:published_time\" content=\"2023-08-02T19:53:03+00:00\" \/>\n<meta property=\"article:modified_time\" content=\"2023-08-02T19:57:15+00:00\" \/>\n<meta property=\"og:image\" content=\"https:\/\/elpuucnoticias.com\/wp-content\/uploads\/2023\/08\/WhatsApp-Image-2023-08-01-at-1.24.49-PM-2.jpeg\" \/>\n\t<meta property=\"og:image:width\" content=\"1280\" \/>\n\t<meta property=\"og:image:height\" content=\"720\" \/>\n\t<meta property=\"og:image:type\" content=\"image\/jpeg\" \/>\n<meta name=\"twitter:card\" content=\"summary_large_image\" \/>\n<meta name=\"twitter:label1\" content=\"Escrito por\" \/>\n\t<meta name=\"twitter:data1\" content=\"elpuucnoticias\" \/>\n\t<meta name=\"twitter:label2\" content=\"Tiempo de lectura\" \/>\n\t<meta name=\"twitter:data2\" content=\"1 minuto\" \/>\n<script type=\"application\/ld+json\" class=\"yoast-schema-graph\">{\"@context\":\"https:\/\/schema.org\",\"@graph\":[{\"@type\":\"WebSite\",\"@id\":\"https:\/\/elpuucnoticias.com\/#website\",\"url\":\"https:\/\/elpuucnoticias.com\/\",\"name\":\"El Puuc Noticias\",\"description\":\"Noticias - Entretenimiento - Deportes\",\"potentialAction\":[{\"@type\":\"SearchAction\",\"target\":{\"@type\":\"EntryPoint\",\"urlTemplate\":\"https:\/\/elpuucnoticias.com\/?s={search_term_string}\"},\"query-input\":\"required name=search_term_string\"}],\"inLanguage\":\"es\"},{\"@type\":\"ImageObject\",\"@id\":\"https:\/\/elpuucnoticias.com\/?p=8324#primaryimage\",\"inLanguage\":\"es\",\"url\":\"https:\/\/elpuucnoticias.com\/wp-content\/uploads\/2023\/08\/WhatsApp-Image-2023-08-01-at-1.24.49-PM-2.jpeg\",\"contentUrl\":\"https:\/\/elpuucnoticias.com\/wp-content\/uploads\/2023\/08\/WhatsApp-Image-2023-08-01-at-1.24.49-PM-2.jpeg\",\"width\":1280,\"height\":720},{\"@type\":\"WebPage\",\"@id\":\"https:\/\/elpuucnoticias.com\/?p=8324#webpage\",\"url\":\"https:\/\/elpuucnoticias.com\/?p=8324\",\"name\":\"En reuni\u00f3n con el Almirante Secretario Rafael Ojeda Dur\u00e1n, revisaron la actividad, manejo y operaci\u00f3n de los puertos - El Puuc Noticias\",\"isPartOf\":{\"@id\":\"https:\/\/elpuucnoticias.com\/#website\"},\"primaryImageOfPage\":{\"@id\":\"https:\/\/elpuucnoticias.com\/?p=8324#primaryimage\"},\"datePublished\":\"2023-08-02T19:53:03+00:00\",\"dateModified\":\"2023-08-02T19:57:15+00:00\",\"author\":{\"@id\":\"https:\/\/elpuucnoticias.com\/#\/schema\/person\/d2ea09e4c97f0160b11cdfb1d856bd9e\"},\"breadcrumb\":{\"@id\":\"https:\/\/elpuucnoticias.com\/?p=8324#breadcrumb\"},\"inLanguage\":\"es\",\"potentialAction\":[{\"@type\":\"ReadAction\",\"target\":[\"https:\/\/elpuucnoticias.com\/?p=8324\"]}]},{\"@type\":\"BreadcrumbList\",\"@id\":\"https:\/\/elpuucnoticias.com\/?p=8324#breadcrumb\",\"itemListElement\":[{\"@type\":\"ListItem\",\"position\":1,\"name\":\"Portada\",\"item\":\"https:\/\/elpuucnoticias.com\/\"},{\"@type\":\"ListItem\",\"position\":2,\"name\":\"En reuni\u00f3n con el Almirante Secretario Rafael Ojeda Dur\u00e1n, revisaron la actividad, manejo y operaci\u00f3n de los puertos\"}]},{\"@type\":\"Person\",\"@id\":\"https:\/\/elpuucnoticias.com\/#\/schema\/person\/d2ea09e4c97f0160b11cdfb1d856bd9e\",\"name\":\"elpuucnoticias\",\"image\":{\"@type\":\"ImageObject\",\"@id\":\"https:\/\/elpuucnoticias.com\/#personlogo\",\"inLanguage\":\"es\",\"url\":\"https:\/\/secure.gravatar.com\/avatar\/5290a43657c74ffa15701dbe5b846bd85cc71930d803c84e91046a7333de6ce2?s=96&d=mm&r=g\",\"contentUrl\":\"https:\/\/secure.gravatar.com\/avatar\/5290a43657c74ffa15701dbe5b846bd85cc71930d803c84e91046a7333de6ce2?s=96&d=mm&r=g\",\"caption\":\"elpuucnoticias\"},\"sameAs\":[\"https:\/\/elpuucnoticias.com\"],\"url\":\"https:\/\/elpuucnoticias.com\/?author=1\"}]}<\/script>\n<!-- \/ Yoast SEO plugin. -->","yoast_head_json":{"title":"En reuni\u00f3n con el Almirante Secretario Rafael Ojeda Dur\u00e1n, revisaron la actividad, manejo y operaci\u00f3n de los puertos - El Puuc Noticias","robots":{"index":"index","follow":"follow","max-snippet":"max-snippet:-1","max-image-preview":"max-image-preview:large","max-video-preview":"max-video-preview:-1"},"canonical":"https:\/\/elpuucnoticias.com\/?p=8324","og_locale":"es_ES","og_type":"article","og_title":"En reuni\u00f3n con el Almirante Secretario Rafael Ojeda Dur\u00e1n, revisaron la actividad, manejo y operaci\u00f3n de los puertos - El Puuc Noticias","og_description":"Como parte de los trabajos para las acciones de Construcci\u00f3n de la Paz y tranquilidad para el estado,","og_url":"https:\/\/elpuucnoticias.com\/?p=8324","og_site_name":"El Puuc Noticias","article_published_time":"2023-08-02T19:53:03+00:00","article_modified_time":"2023-08-02T19:57:15+00:00","og_image":[{"width":1280,"height":720,"url":"https:\/\/elpuucnoticias.com\/wp-content\/uploads\/2023\/08\/WhatsApp-Image-2023-08-01-at-1.24.49-PM-2.jpeg","type":"image\/jpeg"}],"twitter_card":"summary_large_image","twitter_misc":{"Escrito por":"elpuucnoticias","Tiempo de lectura":"1 minuto"},"schema":{"@context":"https:\/\/schema.org","@graph":[{"@type":"WebSite","@id":"https:\/\/elpuucnoticias.com\/#website","url":"https:\/\/elpuucnoticias.com\/","name":"El Puuc Noticias","description":"Noticias - Entretenimiento - Deportes","potentialAction":[{"@type":"SearchAction","target":{"@type":"EntryPoint","urlTemplate":"https:\/\/elpuucnoticias.com\/?s={search_term_string}"},"query-input":"required name=search_term_string"}],"inLanguage":"es"},{"@type":"ImageObject","@id":"https:\/\/elpuucnoticias.com\/?p=8324#primaryimage","inLanguage":"es","url":"https:\/\/elpuucnoticias.com\/wp-content\/uploads\/2023\/08\/WhatsApp-Image-2023-08-01-at-1.24.49-PM-2.jpeg","contentUrl":"https:\/\/elpuucnoticias.com\/wp-content\/uploads\/2023\/08\/WhatsApp-Image-2023-08-01-at-1.24.49-PM-2.jpeg","width":1280,"height":720},{"@type":"WebPage","@id":"https:\/\/elpuucnoticias.com\/?p=8324#webpage","url":"https:\/\/elpuucnoticias.com\/?p=8324","name":"En reuni\u00f3n con el Almirante Secretario Rafael Ojeda Dur\u00e1n, revisaron la actividad, manejo y operaci\u00f3n de los puertos - El Puuc Noticias","isPartOf":{"@id":"https:\/\/elpuucnoticias.com\/#website"},"primaryImageOfPage":{"@id":"https:\/\/elpuucnoticias.com\/?p=8324#primaryimage"},"datePublished":"2023-08-02T19:53:03+00:00","dateModified":"2023-08-02T19:57:15+00:00","author":{"@id":"https:\/\/elpuucnoticias.com\/#\/schema\/person\/d2ea09e4c97f0160b11cdfb1d856bd9e"},"breadcrumb":{"@id":"https:\/\/elpuucnoticias.com\/?p=8324#breadcrumb"},"inLanguage":"es","potentialAction":[{"@type":"ReadAction","target":["https:\/\/elpuucnoticias.com\/?p=8324"]}]},{"@type":"BreadcrumbList","@id":"https:\/\/elpuucnoticias.com\/?p=8324#breadcrumb","itemListElement":[{"@type":"ListItem","position":1,"name":"Portada","item":"https:\/\/elpuucnoticias.com\/"},{"@type":"ListItem","position":2,"name":"En reuni\u00f3n con el Almirante Secretario Rafael Ojeda Dur\u00e1n, revisaron la actividad, manejo y operaci\u00f3n de los puertos"}]},{"@type":"Person","@id":"https:\/\/elpuucnoticias.com\/#\/schema\/person\/d2ea09e4c97f0160b11cdfb1d856bd9e","name":"elpuucnoticias","image":{"@type":"ImageObject","@id":"https:\/\/elpuucnoticias.com\/#personlogo","inLanguage":"es","url":"https:\/\/secure.gravatar.com\/avatar\/5290a43657c74ffa15701dbe5b846bd85cc71930d803c84e91046a7333de6ce2?s=96&d=mm&r=g","contentUrl":"https:\/\/secure.gravatar.com\/avatar\/5290a43657c74ffa15701dbe5b846bd85cc71930d803c84e91046a7333de6ce2?s=96&d=mm&r=g","caption":"elpuucnoticias"},"sameAs":["https:\/\/elpuucnoticias.com"],"url":"https:\/\/elpuucnoticias.com\/?author=1"}]}},"_links":{"self":[{"href":"https:\/\/elpuucnoticias.com\/index.php?rest_route=\/wp\/v2\/posts\/8324","targetHints":{"allow":["GET"]}}],"collection":[{"href":"https:\/\/elpuucnoticias.com\/index.php?rest_route=\/wp\/v2\/posts"}],"about":[{"href":"https:\/\/elpuucnoticias.com\/index.php?rest_route=\/wp\/v2\/types\/post"}],"author":[{"embeddable":true,"href":"https:\/\/elpuucnoticias.com\/index.php?rest_route=\/wp\/v2\/users\/1"}],"replies":[{"embeddable":true,"href":"https:\/\/elpuucnoticias.com\/index.php?rest_route=%2Fwp%2Fv2%2Fcomments&post=8324"}],"version-history":[{"count":2,"href":"https:\/\/elpuucnoticias.com\/index.php?rest_route=\/wp\/v2\/posts\/8324\/revisions"}],"predecessor-version":[{"id":8331,"href":"https:\/\/elpuucnoticias.com\/index.php?rest_route=\/wp\/v2\/posts\/8324\/revisions\/8331"}],"wp:featuredmedia":[{"embeddable":true,"href":"https:\/\/elpuucnoticias.com\/index.php?rest_route=\/wp\/v2\/media\/8328"}],"wp:attachment":[{"href":"https:\/\/elpuucnoticias.com\/index.php?rest_route=%2Fwp%2Fv2%2Fmedia&parent=8324"}],"wp:term":[{"taxonomy":"category","embeddable":true,"href":"https:\/\/elpuucnoticias.com\/index.php?rest_route=%2Fwp%2Fv2%2Fcategories&post=8324"},{"taxonomy":"post_tag","embeddable":true,"href":"https:\/\/elpuucnoticias.com\/index.php?rest_route=%2Fwp%2Fv2%2Ftags&post=8324"}],"curies":[{"name":"wp","href":"https:\/\/api.w.org\/{rel}","templated":true}]}}