{"id":8790,"date":"2023-08-17T14:02:22","date_gmt":"2023-08-17T20:02:22","guid":{"rendered":"https:\/\/elpuucnoticias.com\/?p=8790"},"modified":"2023-08-17T14:02:23","modified_gmt":"2023-08-17T20:02:23","slug":"el-alcade-de-peto-inaugura-los-semaforos-de-la-calle-21-por-30-de-la-ex-estacion-del-tren","status":"publish","type":"post","link":"https:\/\/elpuucnoticias.com\/?p=8790","title":{"rendered":"El alcade de Peto inaugura los semaforos de la calle 21 por 30 de la ex estaci\u00f3n del tren"},"content":{"rendered":"\n<p><\/p>\n\n\n\n<p>El alcalde Ren\u00e1n Jim\u00e9nez Tah encabezo el evento de inauguraci\u00f3n de los nuevos sem\u00e1foros que fueron instalados en la calle 21 entre 30 de la ex estaci\u00f3n del ferrocarril.<\/p>\n\n\n\n<figure class=\"wp-block-gallery has-nested-images columns-default is-cropped wp-block-gallery-1 is-layout-flex wp-block-gallery-is-layout-flex\">\n<figure class=\"wp-block-image size-large\"><img loading=\"lazy\" decoding=\"async\" width=\"720\" height=\"480\" data-id=\"8792\" src=\"https:\/\/elpuucnoticias.com\/wp-content\/uploads\/2023\/08\/WhatsApp-Image-2023-08-15-at-5.19.04-PM-2.jpeg\" alt=\"\" class=\"wp-image-8792\" srcset=\"https:\/\/elpuucnoticias.com\/wp-content\/uploads\/2023\/08\/WhatsApp-Image-2023-08-15-at-5.19.04-PM-2.jpeg 720w, https:\/\/elpuucnoticias.com\/wp-content\/uploads\/2023\/08\/WhatsApp-Image-2023-08-15-at-5.19.04-PM-2-300x200.jpeg 300w\" sizes=\"auto, (max-width: 720px) 100vw, 720px\" \/><\/figure>\n\n\n\n<figure class=\"wp-block-image size-large\"><img loading=\"lazy\" decoding=\"async\" width=\"720\" height=\"480\" data-id=\"8793\" src=\"https:\/\/elpuucnoticias.com\/wp-content\/uploads\/2023\/08\/WhatsApp-Image-2023-08-15-at-5.19.03-PM-1.jpeg\" alt=\"\" class=\"wp-image-8793\" srcset=\"https:\/\/elpuucnoticias.com\/wp-content\/uploads\/2023\/08\/WhatsApp-Image-2023-08-15-at-5.19.03-PM-1.jpeg 720w, https:\/\/elpuucnoticias.com\/wp-content\/uploads\/2023\/08\/WhatsApp-Image-2023-08-15-at-5.19.03-PM-1-300x200.jpeg 300w\" sizes=\"auto, (max-width: 720px) 100vw, 720px\" \/><\/figure>\n\n\n\n<figure class=\"wp-block-image size-large\"><img loading=\"lazy\" decoding=\"async\" width=\"720\" height=\"480\" data-id=\"8791\" src=\"https:\/\/elpuucnoticias.com\/wp-content\/uploads\/2023\/08\/WhatsApp-Image-2023-08-15-at-5.19.03-PM.jpeg\" alt=\"\" class=\"wp-image-8791\" srcset=\"https:\/\/elpuucnoticias.com\/wp-content\/uploads\/2023\/08\/WhatsApp-Image-2023-08-15-at-5.19.03-PM.jpeg 720w, https:\/\/elpuucnoticias.com\/wp-content\/uploads\/2023\/08\/WhatsApp-Image-2023-08-15-at-5.19.03-PM-300x200.jpeg 300w\" sizes=\"auto, (max-width: 720px) 100vw, 720px\" \/><\/figure>\n<\/figure>\n\n\n\n<p><br>El funcionario inform\u00f3 que la incorporaci\u00f3n de este moderno sem\u00e1foro representa un paso adelante en la gesti\u00f3n del tr\u00e1fico y la regulaci\u00f3n de los flujos vehiculares en una de las zonas m\u00e1s transitadas del municipio, donde han sucedido muchos accidentes vehiculares.<\/p>\n\n\n\n<p><br>Expres\u00f3 que la inauguraci\u00f3n de este sem\u00e1foro refleja el compromiso de la administraci\u00f3n municipal que encabeza, con el desarrollo integral del municipio.<\/p>\n\n\n\n<figure class=\"wp-block-gallery has-nested-images columns-default is-cropped wp-block-gallery-2 is-layout-flex wp-block-gallery-is-layout-flex\">\n<figure class=\"wp-block-image size-large\"><img loading=\"lazy\" decoding=\"async\" width=\"720\" height=\"480\" data-id=\"8794\" src=\"https:\/\/elpuucnoticias.com\/wp-content\/uploads\/2023\/08\/WhatsApp-Image-2023-08-15-at-5.19.02-PM-1.jpeg\" alt=\"\" class=\"wp-image-8794\" srcset=\"https:\/\/elpuucnoticias.com\/wp-content\/uploads\/2023\/08\/WhatsApp-Image-2023-08-15-at-5.19.02-PM-1.jpeg 720w, https:\/\/elpuucnoticias.com\/wp-content\/uploads\/2023\/08\/WhatsApp-Image-2023-08-15-at-5.19.02-PM-1-300x200.jpeg 300w\" sizes=\"auto, (max-width: 720px) 100vw, 720px\" \/><\/figure>\n\n\n\n<figure class=\"wp-block-image size-large\"><img loading=\"lazy\" decoding=\"async\" width=\"720\" height=\"480\" data-id=\"8795\" src=\"https:\/\/elpuucnoticias.com\/wp-content\/uploads\/2023\/08\/WhatsApp-Image-2023-08-15-at-5.19.02-PM.jpeg\" alt=\"\" class=\"wp-image-8795\" srcset=\"https:\/\/elpuucnoticias.com\/wp-content\/uploads\/2023\/08\/WhatsApp-Image-2023-08-15-at-5.19.02-PM.jpeg 720w, https:\/\/elpuucnoticias.com\/wp-content\/uploads\/2023\/08\/WhatsApp-Image-2023-08-15-at-5.19.02-PM-300x200.jpeg 300w\" sizes=\"auto, (max-width: 720px) 100vw, 720px\" \/><\/figure>\n<\/figure>\n\n\n\n<p><br>En el evento estuvieron presentes autoridades y trabajadores del Ayuntamiento y como parte de la actividad, se llev\u00f3 a cabo el corte de list\u00f3n y posteriormente el alcalde prendi\u00f3 los sem\u00e1foros.<\/p>\n\n\n\n<p><br>Con esto buscan evitar que haya accidente en ese sector de la poblaci\u00f3n, donde han ocurrido varios percances debido a que es de las calles m\u00e1s concurridas.<\/p>\n","protected":false},"excerpt":{"rendered":"<p>El alcalde Ren\u00e1n Jim\u00e9nez Tah encabezo el evento de inauguraci\u00f3n de los nuevos sem\u00e1foros que fueron instalados en<\/p>\n","protected":false},"author":1,"featured_media":8796,"comment_status":"closed","ping_status":"open","sticky":false,"template":"","format":"standard","meta":{"_monsterinsights_skip_tracking":false,"_monsterinsights_sitenote_active":false,"_monsterinsights_sitenote_note":"","_monsterinsights_sitenote_category":0,"footnotes":""},"categories":[11,20],"tags":[],"class_list":["post-8790","post","type-post","status-publish","format-standard","has-post-thumbnail","hentry","category-noticias","category-peto"],"yoast_head":"<!-- This site is optimized with the Yoast SEO plugin v18.3 - https:\/\/yoast.com\/wordpress\/plugins\/seo\/ -->\n<title>El alcade de Peto inaugura los semaforos de la calle 21 por 30 de la ex estaci\u00f3n del tren - El Puuc Noticias<\/title>\n<meta name=\"robots\" content=\"index, follow, max-snippet:-1, max-image-preview:large, max-video-preview:-1\" \/>\n<link rel=\"canonical\" href=\"https:\/\/elpuucnoticias.com\/?p=8790\" \/>\n<meta property=\"og:locale\" content=\"es_ES\" \/>\n<meta property=\"og:type\" content=\"article\" \/>\n<meta property=\"og:title\" content=\"El alcade de Peto inaugura los semaforos de la calle 21 por 30 de la ex estaci\u00f3n del tren - El Puuc Noticias\" \/>\n<meta property=\"og:description\" content=\"El alcalde Ren\u00e1n Jim\u00e9nez Tah encabezo el evento de inauguraci\u00f3n de los nuevos sem\u00e1foros que fueron instalados en\" \/>\n<meta property=\"og:url\" content=\"https:\/\/elpuucnoticias.com\/?p=8790\" \/>\n<meta property=\"og:site_name\" content=\"El Puuc Noticias\" \/>\n<meta property=\"article:published_time\" content=\"2023-08-17T20:02:22+00:00\" \/>\n<meta property=\"article:modified_time\" content=\"2023-08-17T20:02:23+00:00\" \/>\n<meta property=\"og:image\" content=\"https:\/\/elpuucnoticias.com\/wp-content\/uploads\/2023\/08\/WhatsApp-Image-2023-08-15-at-5.19.04-PM-1.jpeg\" \/>\n\t<meta property=\"og:image:width\" content=\"720\" \/>\n\t<meta property=\"og:image:height\" content=\"1080\" \/>\n\t<meta property=\"og:image:type\" content=\"image\/jpeg\" \/>\n<meta name=\"twitter:card\" content=\"summary_large_image\" \/>\n<meta name=\"twitter:label1\" content=\"Escrito por\" \/>\n\t<meta name=\"twitter:data1\" content=\"elpuucnoticias\" \/>\n\t<meta name=\"twitter:label2\" content=\"Tiempo de lectura\" \/>\n\t<meta name=\"twitter:data2\" content=\"2 minutos\" \/>\n<script type=\"application\/ld+json\" class=\"yoast-schema-graph\">{\"@context\":\"https:\/\/schema.org\",\"@graph\":[{\"@type\":\"WebSite\",\"@id\":\"https:\/\/elpuucnoticias.com\/#website\",\"url\":\"https:\/\/elpuucnoticias.com\/\",\"name\":\"El Puuc Noticias\",\"description\":\"Noticias - Entretenimiento - Deportes\",\"potentialAction\":[{\"@type\":\"SearchAction\",\"target\":{\"@type\":\"EntryPoint\",\"urlTemplate\":\"https:\/\/elpuucnoticias.com\/?s={search_term_string}\"},\"query-input\":\"required name=search_term_string\"}],\"inLanguage\":\"es\"},{\"@type\":\"ImageObject\",\"@id\":\"https:\/\/elpuucnoticias.com\/?p=8790#primaryimage\",\"inLanguage\":\"es\",\"url\":\"https:\/\/elpuucnoticias.com\/wp-content\/uploads\/2023\/08\/WhatsApp-Image-2023-08-15-at-5.19.04-PM-1.jpeg\",\"contentUrl\":\"https:\/\/elpuucnoticias.com\/wp-content\/uploads\/2023\/08\/WhatsApp-Image-2023-08-15-at-5.19.04-PM-1.jpeg\",\"width\":720,\"height\":1080},{\"@type\":\"WebPage\",\"@id\":\"https:\/\/elpuucnoticias.com\/?p=8790#webpage\",\"url\":\"https:\/\/elpuucnoticias.com\/?p=8790\",\"name\":\"El alcade de Peto inaugura los semaforos de la calle 21 por 30 de la ex estaci\u00f3n del tren - El Puuc Noticias\",\"isPartOf\":{\"@id\":\"https:\/\/elpuucnoticias.com\/#website\"},\"primaryImageOfPage\":{\"@id\":\"https:\/\/elpuucnoticias.com\/?p=8790#primaryimage\"},\"datePublished\":\"2023-08-17T20:02:22+00:00\",\"dateModified\":\"2023-08-17T20:02:23+00:00\",\"author\":{\"@id\":\"https:\/\/elpuucnoticias.com\/#\/schema\/person\/d2ea09e4c97f0160b11cdfb1d856bd9e\"},\"breadcrumb\":{\"@id\":\"https:\/\/elpuucnoticias.com\/?p=8790#breadcrumb\"},\"inLanguage\":\"es\",\"potentialAction\":[{\"@type\":\"ReadAction\",\"target\":[\"https:\/\/elpuucnoticias.com\/?p=8790\"]}]},{\"@type\":\"BreadcrumbList\",\"@id\":\"https:\/\/elpuucnoticias.com\/?p=8790#breadcrumb\",\"itemListElement\":[{\"@type\":\"ListItem\",\"position\":1,\"name\":\"Portada\",\"item\":\"https:\/\/elpuucnoticias.com\/\"},{\"@type\":\"ListItem\",\"position\":2,\"name\":\"El alcade de Peto inaugura los semaforos de la calle 21 por 30 de la ex estaci\u00f3n del tren\"}]},{\"@type\":\"Person\",\"@id\":\"https:\/\/elpuucnoticias.com\/#\/schema\/person\/d2ea09e4c97f0160b11cdfb1d856bd9e\",\"name\":\"elpuucnoticias\",\"image\":{\"@type\":\"ImageObject\",\"@id\":\"https:\/\/elpuucnoticias.com\/#personlogo\",\"inLanguage\":\"es\",\"url\":\"https:\/\/secure.gravatar.com\/avatar\/5290a43657c74ffa15701dbe5b846bd85cc71930d803c84e91046a7333de6ce2?s=96&d=mm&r=g\",\"contentUrl\":\"https:\/\/secure.gravatar.com\/avatar\/5290a43657c74ffa15701dbe5b846bd85cc71930d803c84e91046a7333de6ce2?s=96&d=mm&r=g\",\"caption\":\"elpuucnoticias\"},\"sameAs\":[\"https:\/\/elpuucnoticias.com\"],\"url\":\"https:\/\/elpuucnoticias.com\/?author=1\"}]}<\/script>\n<!-- \/ Yoast SEO plugin. -->","yoast_head_json":{"title":"El alcade de Peto inaugura los semaforos de la calle 21 por 30 de la ex estaci\u00f3n del tren - El Puuc Noticias","robots":{"index":"index","follow":"follow","max-snippet":"max-snippet:-1","max-image-preview":"max-image-preview:large","max-video-preview":"max-video-preview:-1"},"canonical":"https:\/\/elpuucnoticias.com\/?p=8790","og_locale":"es_ES","og_type":"article","og_title":"El alcade de Peto inaugura los semaforos de la calle 21 por 30 de la ex estaci\u00f3n del tren - El Puuc Noticias","og_description":"El alcalde Ren\u00e1n Jim\u00e9nez Tah encabezo el evento de inauguraci\u00f3n de los nuevos sem\u00e1foros que fueron instalados en","og_url":"https:\/\/elpuucnoticias.com\/?p=8790","og_site_name":"El Puuc Noticias","article_published_time":"2023-08-17T20:02:22+00:00","article_modified_time":"2023-08-17T20:02:23+00:00","og_image":[{"width":720,"height":1080,"url":"https:\/\/elpuucnoticias.com\/wp-content\/uploads\/2023\/08\/WhatsApp-Image-2023-08-15-at-5.19.04-PM-1.jpeg","type":"image\/jpeg"}],"twitter_card":"summary_large_image","twitter_misc":{"Escrito por":"elpuucnoticias","Tiempo de lectura":"2 minutos"},"schema":{"@context":"https:\/\/schema.org","@graph":[{"@type":"WebSite","@id":"https:\/\/elpuucnoticias.com\/#website","url":"https:\/\/elpuucnoticias.com\/","name":"El Puuc Noticias","description":"Noticias - Entretenimiento - Deportes","potentialAction":[{"@type":"SearchAction","target":{"@type":"EntryPoint","urlTemplate":"https:\/\/elpuucnoticias.com\/?s={search_term_string}"},"query-input":"required name=search_term_string"}],"inLanguage":"es"},{"@type":"ImageObject","@id":"https:\/\/elpuucnoticias.com\/?p=8790#primaryimage","inLanguage":"es","url":"https:\/\/elpuucnoticias.com\/wp-content\/uploads\/2023\/08\/WhatsApp-Image-2023-08-15-at-5.19.04-PM-1.jpeg","contentUrl":"https:\/\/elpuucnoticias.com\/wp-content\/uploads\/2023\/08\/WhatsApp-Image-2023-08-15-at-5.19.04-PM-1.jpeg","width":720,"height":1080},{"@type":"WebPage","@id":"https:\/\/elpuucnoticias.com\/?p=8790#webpage","url":"https:\/\/elpuucnoticias.com\/?p=8790","name":"El alcade de Peto inaugura los semaforos de la calle 21 por 30 de la ex estaci\u00f3n del tren - El Puuc Noticias","isPartOf":{"@id":"https:\/\/elpuucnoticias.com\/#website"},"primaryImageOfPage":{"@id":"https:\/\/elpuucnoticias.com\/?p=8790#primaryimage"},"datePublished":"2023-08-17T20:02:22+00:00","dateModified":"2023-08-17T20:02:23+00:00","author":{"@id":"https:\/\/elpuucnoticias.com\/#\/schema\/person\/d2ea09e4c97f0160b11cdfb1d856bd9e"},"breadcrumb":{"@id":"https:\/\/elpuucnoticias.com\/?p=8790#breadcrumb"},"inLanguage":"es","potentialAction":[{"@type":"ReadAction","target":["https:\/\/elpuucnoticias.com\/?p=8790"]}]},{"@type":"BreadcrumbList","@id":"https:\/\/elpuucnoticias.com\/?p=8790#breadcrumb","itemListElement":[{"@type":"ListItem","position":1,"name":"Portada","item":"https:\/\/elpuucnoticias.com\/"},{"@type":"ListItem","position":2,"name":"El alcade de Peto inaugura los semaforos de la calle 21 por 30 de la ex estaci\u00f3n del tren"}]},{"@type":"Person","@id":"https:\/\/elpuucnoticias.com\/#\/schema\/person\/d2ea09e4c97f0160b11cdfb1d856bd9e","name":"elpuucnoticias","image":{"@type":"ImageObject","@id":"https:\/\/elpuucnoticias.com\/#personlogo","inLanguage":"es","url":"https:\/\/secure.gravatar.com\/avatar\/5290a43657c74ffa15701dbe5b846bd85cc71930d803c84e91046a7333de6ce2?s=96&d=mm&r=g","contentUrl":"https:\/\/secure.gravatar.com\/avatar\/5290a43657c74ffa15701dbe5b846bd85cc71930d803c84e91046a7333de6ce2?s=96&d=mm&r=g","caption":"elpuucnoticias"},"sameAs":["https:\/\/elpuucnoticias.com"],"url":"https:\/\/elpuucnoticias.com\/?author=1"}]}},"_links":{"self":[{"href":"https:\/\/elpuucnoticias.com\/index.php?rest_route=\/wp\/v2\/posts\/8790","targetHints":{"allow":["GET"]}}],"collection":[{"href":"https:\/\/elpuucnoticias.com\/index.php?rest_route=\/wp\/v2\/posts"}],"about":[{"href":"https:\/\/elpuucnoticias.com\/index.php?rest_route=\/wp\/v2\/types\/post"}],"author":[{"embeddable":true,"href":"https:\/\/elpuucnoticias.com\/index.php?rest_route=\/wp\/v2\/users\/1"}],"replies":[{"embeddable":true,"href":"https:\/\/elpuucnoticias.com\/index.php?rest_route=%2Fwp%2Fv2%2Fcomments&post=8790"}],"version-history":[{"count":1,"href":"https:\/\/elpuucnoticias.com\/index.php?rest_route=\/wp\/v2\/posts\/8790\/revisions"}],"predecessor-version":[{"id":8797,"href":"https:\/\/elpuucnoticias.com\/index.php?rest_route=\/wp\/v2\/posts\/8790\/revisions\/8797"}],"wp:featuredmedia":[{"embeddable":true,"href":"https:\/\/elpuucnoticias.com\/index.php?rest_route=\/wp\/v2\/media\/8796"}],"wp:attachment":[{"href":"https:\/\/elpuucnoticias.com\/index.php?rest_route=%2Fwp%2Fv2%2Fmedia&parent=8790"}],"wp:term":[{"taxonomy":"category","embeddable":true,"href":"https:\/\/elpuucnoticias.com\/index.php?rest_route=%2Fwp%2Fv2%2Fcategories&post=8790"},{"taxonomy":"post_tag","embeddable":true,"href":"https:\/\/elpuucnoticias.com\/index.php?rest_route=%2Fwp%2Fv2%2Ftags&post=8790"}],"curies":[{"name":"wp","href":"https:\/\/api.w.org\/{rel}","templated":true}]}}