{"id":8806,"date":"2023-08-18T12:24:23","date_gmt":"2023-08-18T18:24:23","guid":{"rendered":"https:\/\/elpuucnoticias.com\/?p=8806"},"modified":"2023-08-18T12:24:25","modified_gmt":"2023-08-18T18:24:25","slug":"ponen-en-marcha-la-pavimentacion-de-calles-en-la-colonia-jose-maria-morelos-en-peto","status":"publish","type":"post","link":"https:\/\/elpuucnoticias.com\/?p=8806","title":{"rendered":"Ponen en marcha la pavimentaci\u00f3n de calles en la colonia Jos\u00e9 Mar\u00eda Morelos, en Peto"},"content":{"rendered":"\n<p>El alcalde Ren\u00e1n Jimenez Tah, acompa\u00f1ado a funcionarios de su administraci\u00f3n, dieron el banderzo simbolico del inicio de la construcci\u00f3n de calles en la colonia Jos\u00e9 Mar\u00eda Morelos y Pavon, lo cual beneficia directamente a familias de ese sector, que tendr\u00e1n un espacio seguro que circular.<\/p>\n\n\n\n<p>Estas obras beneficiar\u00e1 directamente y mejorara la calidad de vida de los pobladores de las calles 23 x 6 y 8, as\u00ed como de la calle 6 entre las intersecciones de la 21 y 23, y la 6 entre la 21 y 25.<\/p>\n\n\n\n<figure class=\"wp-block-gallery has-nested-images columns-default is-cropped wp-block-gallery-1 is-layout-flex wp-block-gallery-is-layout-flex\">\n<figure class=\"wp-block-image size-large\"><img loading=\"lazy\" decoding=\"async\" width=\"720\" height=\"480\" data-id=\"8810\" src=\"https:\/\/elpuucnoticias.com\/wp-content\/uploads\/2023\/08\/WhatsApp-Image-2023-08-17-at-4.40.20-PM-1.jpeg\" alt=\"\" class=\"wp-image-8810\" srcset=\"https:\/\/elpuucnoticias.com\/wp-content\/uploads\/2023\/08\/WhatsApp-Image-2023-08-17-at-4.40.20-PM-1.jpeg 720w, https:\/\/elpuucnoticias.com\/wp-content\/uploads\/2023\/08\/WhatsApp-Image-2023-08-17-at-4.40.20-PM-1-300x200.jpeg 300w\" sizes=\"auto, (max-width: 720px) 100vw, 720px\" \/><\/figure>\n\n\n\n<figure class=\"wp-block-image size-large\"><img loading=\"lazy\" decoding=\"async\" width=\"720\" height=\"480\" data-id=\"8809\" src=\"https:\/\/elpuucnoticias.com\/wp-content\/uploads\/2023\/08\/WhatsApp-Image-2023-08-17-at-4.40.20-PM.jpeg\" alt=\"\" class=\"wp-image-8809\" srcset=\"https:\/\/elpuucnoticias.com\/wp-content\/uploads\/2023\/08\/WhatsApp-Image-2023-08-17-at-4.40.20-PM.jpeg 720w, https:\/\/elpuucnoticias.com\/wp-content\/uploads\/2023\/08\/WhatsApp-Image-2023-08-17-at-4.40.20-PM-300x200.jpeg 300w\" sizes=\"auto, (max-width: 720px) 100vw, 720px\" \/><\/figure>\n\n\n\n<figure class=\"wp-block-image size-large\"><img loading=\"lazy\" decoding=\"async\" width=\"720\" height=\"480\" data-id=\"8808\" src=\"https:\/\/elpuucnoticias.com\/wp-content\/uploads\/2023\/08\/WhatsApp-Image-2023-08-17-at-4.40.21-PM-1.jpeg\" alt=\"\" class=\"wp-image-8808\" srcset=\"https:\/\/elpuucnoticias.com\/wp-content\/uploads\/2023\/08\/WhatsApp-Image-2023-08-17-at-4.40.21-PM-1.jpeg 720w, https:\/\/elpuucnoticias.com\/wp-content\/uploads\/2023\/08\/WhatsApp-Image-2023-08-17-at-4.40.21-PM-1-300x200.jpeg 300w\" sizes=\"auto, (max-width: 720px) 100vw, 720px\" \/><\/figure>\n<\/figure>\n\n\n\n<p>El primer edil aseguro que est\u00e1n comprometidos en seguir construyendo un entorno mejor para todos, es por eso, que han estado atendiendo las necesidades que de las familias de la comunidad.<\/p>\n\n\n\n<p>El presidente municipal tambi\u00e9n estuvo supervisando la primera etapa de pavimentaci\u00f3n de calle que se est\u00e1 realizando en la calle 15 x 48 y 50 de la colonia Cipr\u00e9s.<\/p>\n\n\n\n<p>Mencion\u00f3 que esta obra es de gran importancia, ya que beneficiar\u00e1 a muchas familias de esa colonia y mejorar\u00e1 el tr\u00e1nsito en la zona.<\/p>\n\n\n\n<figure class=\"wp-block-gallery has-nested-images columns-default is-cropped wp-block-gallery-2 is-layout-flex wp-block-gallery-is-layout-flex\">\n<figure class=\"wp-block-image size-large\"><img loading=\"lazy\" decoding=\"async\" width=\"720\" height=\"480\" data-id=\"8812\" src=\"https:\/\/elpuucnoticias.com\/wp-content\/uploads\/2023\/08\/WhatsApp-Image-2023-08-17-at-4.40.23-PM-1.jpeg\" alt=\"\" class=\"wp-image-8812\" srcset=\"https:\/\/elpuucnoticias.com\/wp-content\/uploads\/2023\/08\/WhatsApp-Image-2023-08-17-at-4.40.23-PM-1.jpeg 720w, https:\/\/elpuucnoticias.com\/wp-content\/uploads\/2023\/08\/WhatsApp-Image-2023-08-17-at-4.40.23-PM-1-300x200.jpeg 300w\" sizes=\"auto, (max-width: 720px) 100vw, 720px\" \/><\/figure>\n\n\n\n<figure class=\"wp-block-image size-large\"><img loading=\"lazy\" decoding=\"async\" width=\"720\" height=\"480\" data-id=\"8811\" src=\"https:\/\/elpuucnoticias.com\/wp-content\/uploads\/2023\/08\/WhatsApp-Image-2023-08-17-at-4.40.23-PM.jpeg\" alt=\"\" class=\"wp-image-8811\" srcset=\"https:\/\/elpuucnoticias.com\/wp-content\/uploads\/2023\/08\/WhatsApp-Image-2023-08-17-at-4.40.23-PM.jpeg 720w, https:\/\/elpuucnoticias.com\/wp-content\/uploads\/2023\/08\/WhatsApp-Image-2023-08-17-at-4.40.23-PM-300x200.jpeg 300w\" sizes=\"auto, (max-width: 720px) 100vw, 720px\" \/><\/figure>\n\n\n\n<figure class=\"wp-block-image size-large\"><img loading=\"lazy\" decoding=\"async\" width=\"720\" height=\"480\" data-id=\"8813\" src=\"https:\/\/elpuucnoticias.com\/wp-content\/uploads\/2023\/08\/WhatsApp-Image-2023-08-17-at-4.40.22-PM-1.jpeg\" alt=\"\" class=\"wp-image-8813\" srcset=\"https:\/\/elpuucnoticias.com\/wp-content\/uploads\/2023\/08\/WhatsApp-Image-2023-08-17-at-4.40.22-PM-1.jpeg 720w, https:\/\/elpuucnoticias.com\/wp-content\/uploads\/2023\/08\/WhatsApp-Image-2023-08-17-at-4.40.22-PM-1-300x200.jpeg 300w\" sizes=\"auto, (max-width: 720px) 100vw, 720px\" \/><\/figure>\n<\/figure>\n\n\n\n<p>Durante la supervisi\u00f3n, se verific\u00f3 el avance de los trabajos de pavimentaci\u00f3n, asegur\u00e1ndose de que se est\u00e9n utilizando los materiales adecuados y cumpliendo con los est\u00e1ndares de calidad.<\/p>\n\n\n\n<p>La supervisi\u00f3n de estas obras demuestra el compromiso del alcalde y su equipo de trabajo en el bienestar de los ciudadanos y el desarrollo de la localidad.<\/p>\n","protected":false},"excerpt":{"rendered":"<p>El alcalde Ren\u00e1n Jimenez Tah, acompa\u00f1ado a funcionarios de su administraci\u00f3n, dieron el banderzo simbolico del inicio de<\/p>\n","protected":false},"author":1,"featured_media":8807,"comment_status":"closed","ping_status":"open","sticky":false,"template":"","format":"standard","meta":{"_monsterinsights_skip_tracking":false,"_monsterinsights_sitenote_active":false,"_monsterinsights_sitenote_note":"","_monsterinsights_sitenote_category":0,"footnotes":""},"categories":[11,20],"tags":[],"class_list":["post-8806","post","type-post","status-publish","format-standard","has-post-thumbnail","hentry","category-noticias","category-peto"],"yoast_head":"<!-- This site is optimized with the Yoast SEO plugin v18.3 - https:\/\/yoast.com\/wordpress\/plugins\/seo\/ -->\n<title>Ponen en marcha la pavimentaci\u00f3n de calles en la colonia Jos\u00e9 Mar\u00eda Morelos, en Peto - El Puuc Noticias<\/title>\n<meta name=\"robots\" content=\"index, follow, max-snippet:-1, max-image-preview:large, max-video-preview:-1\" \/>\n<link rel=\"canonical\" href=\"https:\/\/elpuucnoticias.com\/?p=8806\" \/>\n<meta property=\"og:locale\" content=\"es_ES\" \/>\n<meta property=\"og:type\" content=\"article\" \/>\n<meta property=\"og:title\" content=\"Ponen en marcha la pavimentaci\u00f3n de calles en la colonia Jos\u00e9 Mar\u00eda Morelos, en Peto - El Puuc Noticias\" \/>\n<meta property=\"og:description\" content=\"El alcalde Ren\u00e1n Jimenez Tah, acompa\u00f1ado a funcionarios de su administraci\u00f3n, dieron el banderzo simbolico del inicio de\" \/>\n<meta property=\"og:url\" content=\"https:\/\/elpuucnoticias.com\/?p=8806\" \/>\n<meta property=\"og:site_name\" content=\"El Puuc Noticias\" \/>\n<meta property=\"article:published_time\" content=\"2023-08-18T18:24:23+00:00\" \/>\n<meta property=\"article:modified_time\" content=\"2023-08-18T18:24:25+00:00\" \/>\n<meta property=\"og:image\" content=\"https:\/\/elpuucnoticias.com\/wp-content\/uploads\/2023\/08\/WhatsApp-Image-2023-08-17-at-4.40.22-PM.jpeg\" \/>\n\t<meta property=\"og:image:width\" content=\"720\" \/>\n\t<meta property=\"og:image:height\" content=\"480\" \/>\n\t<meta property=\"og:image:type\" content=\"image\/jpeg\" \/>\n<meta name=\"twitter:card\" content=\"summary_large_image\" \/>\n<meta name=\"twitter:label1\" content=\"Escrito por\" \/>\n\t<meta name=\"twitter:data1\" content=\"elpuucnoticias\" \/>\n\t<meta name=\"twitter:label2\" content=\"Tiempo de lectura\" \/>\n\t<meta name=\"twitter:data2\" content=\"3 minutos\" \/>\n<script type=\"application\/ld+json\" class=\"yoast-schema-graph\">{\"@context\":\"https:\/\/schema.org\",\"@graph\":[{\"@type\":\"WebSite\",\"@id\":\"https:\/\/elpuucnoticias.com\/#website\",\"url\":\"https:\/\/elpuucnoticias.com\/\",\"name\":\"El Puuc Noticias\",\"description\":\"Noticias - Entretenimiento - Deportes\",\"potentialAction\":[{\"@type\":\"SearchAction\",\"target\":{\"@type\":\"EntryPoint\",\"urlTemplate\":\"https:\/\/elpuucnoticias.com\/?s={search_term_string}\"},\"query-input\":\"required name=search_term_string\"}],\"inLanguage\":\"es\"},{\"@type\":\"ImageObject\",\"@id\":\"https:\/\/elpuucnoticias.com\/?p=8806#primaryimage\",\"inLanguage\":\"es\",\"url\":\"https:\/\/elpuucnoticias.com\/wp-content\/uploads\/2023\/08\/WhatsApp-Image-2023-08-17-at-4.40.22-PM.jpeg\",\"contentUrl\":\"https:\/\/elpuucnoticias.com\/wp-content\/uploads\/2023\/08\/WhatsApp-Image-2023-08-17-at-4.40.22-PM.jpeg\",\"width\":720,\"height\":480},{\"@type\":\"WebPage\",\"@id\":\"https:\/\/elpuucnoticias.com\/?p=8806#webpage\",\"url\":\"https:\/\/elpuucnoticias.com\/?p=8806\",\"name\":\"Ponen en marcha la pavimentaci\u00f3n de calles en la colonia Jos\u00e9 Mar\u00eda Morelos, en Peto - El Puuc Noticias\",\"isPartOf\":{\"@id\":\"https:\/\/elpuucnoticias.com\/#website\"},\"primaryImageOfPage\":{\"@id\":\"https:\/\/elpuucnoticias.com\/?p=8806#primaryimage\"},\"datePublished\":\"2023-08-18T18:24:23+00:00\",\"dateModified\":\"2023-08-18T18:24:25+00:00\",\"author\":{\"@id\":\"https:\/\/elpuucnoticias.com\/#\/schema\/person\/d2ea09e4c97f0160b11cdfb1d856bd9e\"},\"breadcrumb\":{\"@id\":\"https:\/\/elpuucnoticias.com\/?p=8806#breadcrumb\"},\"inLanguage\":\"es\",\"potentialAction\":[{\"@type\":\"ReadAction\",\"target\":[\"https:\/\/elpuucnoticias.com\/?p=8806\"]}]},{\"@type\":\"BreadcrumbList\",\"@id\":\"https:\/\/elpuucnoticias.com\/?p=8806#breadcrumb\",\"itemListElement\":[{\"@type\":\"ListItem\",\"position\":1,\"name\":\"Portada\",\"item\":\"https:\/\/elpuucnoticias.com\/\"},{\"@type\":\"ListItem\",\"position\":2,\"name\":\"Ponen en marcha la pavimentaci\u00f3n de calles en la colonia Jos\u00e9 Mar\u00eda Morelos, en Peto\"}]},{\"@type\":\"Person\",\"@id\":\"https:\/\/elpuucnoticias.com\/#\/schema\/person\/d2ea09e4c97f0160b11cdfb1d856bd9e\",\"name\":\"elpuucnoticias\",\"image\":{\"@type\":\"ImageObject\",\"@id\":\"https:\/\/elpuucnoticias.com\/#personlogo\",\"inLanguage\":\"es\",\"url\":\"https:\/\/secure.gravatar.com\/avatar\/5290a43657c74ffa15701dbe5b846bd85cc71930d803c84e91046a7333de6ce2?s=96&d=mm&r=g\",\"contentUrl\":\"https:\/\/secure.gravatar.com\/avatar\/5290a43657c74ffa15701dbe5b846bd85cc71930d803c84e91046a7333de6ce2?s=96&d=mm&r=g\",\"caption\":\"elpuucnoticias\"},\"sameAs\":[\"https:\/\/elpuucnoticias.com\"],\"url\":\"https:\/\/elpuucnoticias.com\/?author=1\"}]}<\/script>\n<!-- \/ Yoast SEO plugin. -->","yoast_head_json":{"title":"Ponen en marcha la pavimentaci\u00f3n de calles en la colonia Jos\u00e9 Mar\u00eda Morelos, en Peto - El Puuc Noticias","robots":{"index":"index","follow":"follow","max-snippet":"max-snippet:-1","max-image-preview":"max-image-preview:large","max-video-preview":"max-video-preview:-1"},"canonical":"https:\/\/elpuucnoticias.com\/?p=8806","og_locale":"es_ES","og_type":"article","og_title":"Ponen en marcha la pavimentaci\u00f3n de calles en la colonia Jos\u00e9 Mar\u00eda Morelos, en Peto - El Puuc Noticias","og_description":"El alcalde Ren\u00e1n Jimenez Tah, acompa\u00f1ado a funcionarios de su administraci\u00f3n, dieron el banderzo simbolico del inicio de","og_url":"https:\/\/elpuucnoticias.com\/?p=8806","og_site_name":"El Puuc Noticias","article_published_time":"2023-08-18T18:24:23+00:00","article_modified_time":"2023-08-18T18:24:25+00:00","og_image":[{"width":720,"height":480,"url":"https:\/\/elpuucnoticias.com\/wp-content\/uploads\/2023\/08\/WhatsApp-Image-2023-08-17-at-4.40.22-PM.jpeg","type":"image\/jpeg"}],"twitter_card":"summary_large_image","twitter_misc":{"Escrito por":"elpuucnoticias","Tiempo de lectura":"3 minutos"},"schema":{"@context":"https:\/\/schema.org","@graph":[{"@type":"WebSite","@id":"https:\/\/elpuucnoticias.com\/#website","url":"https:\/\/elpuucnoticias.com\/","name":"El Puuc Noticias","description":"Noticias - Entretenimiento - Deportes","potentialAction":[{"@type":"SearchAction","target":{"@type":"EntryPoint","urlTemplate":"https:\/\/elpuucnoticias.com\/?s={search_term_string}"},"query-input":"required name=search_term_string"}],"inLanguage":"es"},{"@type":"ImageObject","@id":"https:\/\/elpuucnoticias.com\/?p=8806#primaryimage","inLanguage":"es","url":"https:\/\/elpuucnoticias.com\/wp-content\/uploads\/2023\/08\/WhatsApp-Image-2023-08-17-at-4.40.22-PM.jpeg","contentUrl":"https:\/\/elpuucnoticias.com\/wp-content\/uploads\/2023\/08\/WhatsApp-Image-2023-08-17-at-4.40.22-PM.jpeg","width":720,"height":480},{"@type":"WebPage","@id":"https:\/\/elpuucnoticias.com\/?p=8806#webpage","url":"https:\/\/elpuucnoticias.com\/?p=8806","name":"Ponen en marcha la pavimentaci\u00f3n de calles en la colonia Jos\u00e9 Mar\u00eda Morelos, en Peto - El Puuc Noticias","isPartOf":{"@id":"https:\/\/elpuucnoticias.com\/#website"},"primaryImageOfPage":{"@id":"https:\/\/elpuucnoticias.com\/?p=8806#primaryimage"},"datePublished":"2023-08-18T18:24:23+00:00","dateModified":"2023-08-18T18:24:25+00:00","author":{"@id":"https:\/\/elpuucnoticias.com\/#\/schema\/person\/d2ea09e4c97f0160b11cdfb1d856bd9e"},"breadcrumb":{"@id":"https:\/\/elpuucnoticias.com\/?p=8806#breadcrumb"},"inLanguage":"es","potentialAction":[{"@type":"ReadAction","target":["https:\/\/elpuucnoticias.com\/?p=8806"]}]},{"@type":"BreadcrumbList","@id":"https:\/\/elpuucnoticias.com\/?p=8806#breadcrumb","itemListElement":[{"@type":"ListItem","position":1,"name":"Portada","item":"https:\/\/elpuucnoticias.com\/"},{"@type":"ListItem","position":2,"name":"Ponen en marcha la pavimentaci\u00f3n de calles en la colonia Jos\u00e9 Mar\u00eda Morelos, en Peto"}]},{"@type":"Person","@id":"https:\/\/elpuucnoticias.com\/#\/schema\/person\/d2ea09e4c97f0160b11cdfb1d856bd9e","name":"elpuucnoticias","image":{"@type":"ImageObject","@id":"https:\/\/elpuucnoticias.com\/#personlogo","inLanguage":"es","url":"https:\/\/secure.gravatar.com\/avatar\/5290a43657c74ffa15701dbe5b846bd85cc71930d803c84e91046a7333de6ce2?s=96&d=mm&r=g","contentUrl":"https:\/\/secure.gravatar.com\/avatar\/5290a43657c74ffa15701dbe5b846bd85cc71930d803c84e91046a7333de6ce2?s=96&d=mm&r=g","caption":"elpuucnoticias"},"sameAs":["https:\/\/elpuucnoticias.com"],"url":"https:\/\/elpuucnoticias.com\/?author=1"}]}},"_links":{"self":[{"href":"https:\/\/elpuucnoticias.com\/index.php?rest_route=\/wp\/v2\/posts\/8806","targetHints":{"allow":["GET"]}}],"collection":[{"href":"https:\/\/elpuucnoticias.com\/index.php?rest_route=\/wp\/v2\/posts"}],"about":[{"href":"https:\/\/elpuucnoticias.com\/index.php?rest_route=\/wp\/v2\/types\/post"}],"author":[{"embeddable":true,"href":"https:\/\/elpuucnoticias.com\/index.php?rest_route=\/wp\/v2\/users\/1"}],"replies":[{"embeddable":true,"href":"https:\/\/elpuucnoticias.com\/index.php?rest_route=%2Fwp%2Fv2%2Fcomments&post=8806"}],"version-history":[{"count":1,"href":"https:\/\/elpuucnoticias.com\/index.php?rest_route=\/wp\/v2\/posts\/8806\/revisions"}],"predecessor-version":[{"id":8814,"href":"https:\/\/elpuucnoticias.com\/index.php?rest_route=\/wp\/v2\/posts\/8806\/revisions\/8814"}],"wp:featuredmedia":[{"embeddable":true,"href":"https:\/\/elpuucnoticias.com\/index.php?rest_route=\/wp\/v2\/media\/8807"}],"wp:attachment":[{"href":"https:\/\/elpuucnoticias.com\/index.php?rest_route=%2Fwp%2Fv2%2Fmedia&parent=8806"}],"wp:term":[{"taxonomy":"category","embeddable":true,"href":"https:\/\/elpuucnoticias.com\/index.php?rest_route=%2Fwp%2Fv2%2Fcategories&post=8806"},{"taxonomy":"post_tag","embeddable":true,"href":"https:\/\/elpuucnoticias.com\/index.php?rest_route=%2Fwp%2Fv2%2Ftags&post=8806"}],"curies":[{"name":"wp","href":"https:\/\/api.w.org\/{rel}","templated":true}]}}