{"id":883,"date":"2022-04-05T17:48:11","date_gmt":"2022-04-05T23:48:11","guid":{"rendered":"https:\/\/elpuucnoticias.com\/?p=883"},"modified":"2022-04-05T17:48:12","modified_gmt":"2022-04-05T23:48:12","slug":"quintana-roo-participa-en-una-caravana-nacional-de-promocion-por-morelia-tijuana-y-culiacan","status":"publish","type":"post","link":"https:\/\/elpuucnoticias.com\/?p=883","title":{"rendered":"Quintana Roo participa en una caravana nacional de promoci\u00f3n por Morelia, Tijuana y Culiac\u00e1n"},"content":{"rendered":"\n<p>Con el fin de promocionar los destinos del Caribe mexicano, incrementar la llegada de visitantes y fortalecer la creaci\u00f3n de empleos, el Consejo de Promoci\u00f3n Tur\u00edstica de Quintana Roo (CPTQ) dio a conocer que participa en una caravana nacional en conjunto con la aerol\u00ednea Volaris, dirigida a agentes de viaje.<\/p>\n\n\n\n<figure class=\"wp-block-image size-large\"><img loading=\"lazy\" decoding=\"async\" width=\"1024\" height=\"682\" src=\"https:\/\/elpuucnoticias.com\/wp-content\/uploads\/2022\/04\/WhatsApp-Image-2022-04-05-at-3.24.28-PM-1024x682.jpeg\" alt=\"\" class=\"wp-image-885\" srcset=\"https:\/\/elpuucnoticias.com\/wp-content\/uploads\/2022\/04\/WhatsApp-Image-2022-04-05-at-3.24.28-PM-1024x682.jpeg 1024w, https:\/\/elpuucnoticias.com\/wp-content\/uploads\/2022\/04\/WhatsApp-Image-2022-04-05-at-3.24.28-PM-300x200.jpeg 300w, https:\/\/elpuucnoticias.com\/wp-content\/uploads\/2022\/04\/WhatsApp-Image-2022-04-05-at-3.24.28-PM-768x512.jpeg 768w, https:\/\/elpuucnoticias.com\/wp-content\/uploads\/2022\/04\/WhatsApp-Image-2022-04-05-at-3.24.28-PM.jpeg 1280w\" sizes=\"auto, (max-width: 1024px) 100vw, 1024px\" \/><\/figure>\n\n\n\n<p>En esta caravana, que comenz\u00f3 en Morelia y continuar\u00e1 en Tijuana y Culiac\u00e1n, participan prestadores de servicios tur\u00edsticos de Quintana Roo.<\/p>\n\n\n\n<p>Esta aerol\u00ednea inaugur\u00f3, este fin de semana, dos nuevas rutas: Canc\u00fan-Morelia y Canc\u00fan-Culiac\u00e1n, de acuerdo con informaci\u00f3n conjunta.<\/p>\n\n\n\n<figure class=\"wp-block-image size-full is-resized\"><img loading=\"lazy\" decoding=\"async\" src=\"https:\/\/elpuucnoticias.com\/wp-content\/uploads\/2022\/02\/UPP-TEKAX.jpg\" alt=\"\" class=\"wp-image-71\" width=\"395\" height=\"191\" srcset=\"https:\/\/elpuucnoticias.com\/wp-content\/uploads\/2022\/02\/UPP-TEKAX.jpg 800w, https:\/\/elpuucnoticias.com\/wp-content\/uploads\/2022\/02\/UPP-TEKAX-300x145.jpg 300w, https:\/\/elpuucnoticias.com\/wp-content\/uploads\/2022\/02\/UPP-TEKAX-768x371.jpg 768w\" sizes=\"auto, (max-width: 395px) 100vw, 395px\" \/><\/figure>\n\n\n\n<p>La nueva ruta Canc\u00fan-Morelia tendr\u00e1 frecuencias los martes, jueves y s\u00e1bados, y con ella Volaris dar\u00e1 servicio a un mercado potencial de tres millones de personas que visitan Michoac\u00e1n cada a\u00f1o.<\/p>\n\n\n\n<p>La ruta Canc\u00fan-Culiac\u00e1n tendr\u00e1 frecuencia los mi\u00e9rcoles, viernes y domingos y aumentar\u00e1 la conectividad de Sinaloa con los principales destinos vacacionales del pa\u00eds.<\/p>\n\n\n\n<p>Bernardo Cueto Riestra, secretario de turismo de Quintana Roo, expres\u00f3 que estas nuevas rutas reflejan el dinamismo de la reactivaci\u00f3n econ\u00f3mica y de la conectividad para reforzar el turismo en el estado, donde, durante el a\u00f1o de 2021, m\u00e1s del 40 por ciento de los arribos correspondi\u00f3 a visitantes mexicanos.<\/p>\n\n\n\n<p>Dar\u00edo Flota Ocampo, director general del Consejo de Promoci\u00f3n Tur\u00edstica de Quintana Roo, explic\u00f3 que el Caribe mexicano ahora est\u00e1 m\u00e1s cerca del turista que desea descubrir uno de los destinos m\u00e1s diversos del mundo, a trav\u00e9s de experiencias que perdurar\u00e1n para siempre, ya que el lugar cuenta con una inigualable belleza natural, llena de aventuras y actividades para toda la familia y, por supuesto, con la enigm\u00e1tica cultura maya.<\/p>\n","protected":false},"excerpt":{"rendered":"<p>Con el fin de promocionar los destinos del Caribe mexicano, incrementar la llegada de visitantes y fortalecer la<\/p>\n","protected":false},"author":1,"featured_media":884,"comment_status":"closed","ping_status":"open","sticky":false,"template":"","format":"standard","meta":{"_monsterinsights_skip_tracking":false,"_monsterinsights_sitenote_active":false,"_monsterinsights_sitenote_note":"","_monsterinsights_sitenote_category":0,"footnotes":""},"categories":[11],"tags":[],"class_list":["post-883","post","type-post","status-publish","format-standard","has-post-thumbnail","hentry","category-noticias"],"yoast_head":"<!-- This site is optimized with the Yoast SEO plugin v18.3 - https:\/\/yoast.com\/wordpress\/plugins\/seo\/ -->\n<title>Quintana Roo participa en una caravana nacional de promoci\u00f3n por Morelia, Tijuana y Culiac\u00e1n - El Puuc Noticias<\/title>\n<meta name=\"robots\" content=\"index, follow, max-snippet:-1, max-image-preview:large, max-video-preview:-1\" \/>\n<link rel=\"canonical\" href=\"https:\/\/elpuucnoticias.com\/?p=883\" \/>\n<meta property=\"og:locale\" content=\"es_ES\" \/>\n<meta property=\"og:type\" content=\"article\" \/>\n<meta property=\"og:title\" content=\"Quintana Roo participa en una caravana nacional de promoci\u00f3n por Morelia, Tijuana y Culiac\u00e1n - El Puuc Noticias\" \/>\n<meta property=\"og:description\" content=\"Con el fin de promocionar los destinos del Caribe mexicano, incrementar la llegada de visitantes y fortalecer la\" \/>\n<meta property=\"og:url\" content=\"https:\/\/elpuucnoticias.com\/?p=883\" \/>\n<meta property=\"og:site_name\" content=\"El Puuc Noticias\" \/>\n<meta property=\"article:published_time\" content=\"2022-04-05T23:48:11+00:00\" \/>\n<meta property=\"article:modified_time\" content=\"2022-04-05T23:48:12+00:00\" \/>\n<meta property=\"og:image\" content=\"https:\/\/elpuucnoticias.com\/wp-content\/uploads\/2022\/04\/WhatsApp-Image-2022-04-05-at-3.24.29-PM-1.jpeg\" \/>\n\t<meta property=\"og:image:width\" content=\"1024\" \/>\n\t<meta property=\"og:image:height\" content=\"766\" \/>\n\t<meta property=\"og:image:type\" content=\"image\/jpeg\" \/>\n<meta name=\"twitter:card\" content=\"summary_large_image\" \/>\n<meta name=\"twitter:label1\" content=\"Escrito por\" \/>\n\t<meta name=\"twitter:data1\" content=\"elpuucnoticias\" \/>\n\t<meta name=\"twitter:label2\" content=\"Tiempo de lectura\" \/>\n\t<meta name=\"twitter:data2\" content=\"2 minutos\" \/>\n<script type=\"application\/ld+json\" class=\"yoast-schema-graph\">{\"@context\":\"https:\/\/schema.org\",\"@graph\":[{\"@type\":\"WebSite\",\"@id\":\"https:\/\/elpuucnoticias.com\/#website\",\"url\":\"https:\/\/elpuucnoticias.com\/\",\"name\":\"El Puuc Noticias\",\"description\":\"Noticias - Entretenimiento - Deportes\",\"potentialAction\":[{\"@type\":\"SearchAction\",\"target\":{\"@type\":\"EntryPoint\",\"urlTemplate\":\"https:\/\/elpuucnoticias.com\/?s={search_term_string}\"},\"query-input\":\"required name=search_term_string\"}],\"inLanguage\":\"es\"},{\"@type\":\"ImageObject\",\"@id\":\"https:\/\/elpuucnoticias.com\/?p=883#primaryimage\",\"inLanguage\":\"es\",\"url\":\"https:\/\/elpuucnoticias.com\/wp-content\/uploads\/2022\/04\/WhatsApp-Image-2022-04-05-at-3.24.29-PM-1.jpeg\",\"contentUrl\":\"https:\/\/elpuucnoticias.com\/wp-content\/uploads\/2022\/04\/WhatsApp-Image-2022-04-05-at-3.24.29-PM-1.jpeg\",\"width\":1024,\"height\":766},{\"@type\":\"WebPage\",\"@id\":\"https:\/\/elpuucnoticias.com\/?p=883#webpage\",\"url\":\"https:\/\/elpuucnoticias.com\/?p=883\",\"name\":\"Quintana Roo participa en una caravana nacional de promoci\u00f3n por Morelia, Tijuana y Culiac\u00e1n - El Puuc Noticias\",\"isPartOf\":{\"@id\":\"https:\/\/elpuucnoticias.com\/#website\"},\"primaryImageOfPage\":{\"@id\":\"https:\/\/elpuucnoticias.com\/?p=883#primaryimage\"},\"datePublished\":\"2022-04-05T23:48:11+00:00\",\"dateModified\":\"2022-04-05T23:48:12+00:00\",\"author\":{\"@id\":\"https:\/\/elpuucnoticias.com\/#\/schema\/person\/d2ea09e4c97f0160b11cdfb1d856bd9e\"},\"breadcrumb\":{\"@id\":\"https:\/\/elpuucnoticias.com\/?p=883#breadcrumb\"},\"inLanguage\":\"es\",\"potentialAction\":[{\"@type\":\"ReadAction\",\"target\":[\"https:\/\/elpuucnoticias.com\/?p=883\"]}]},{\"@type\":\"BreadcrumbList\",\"@id\":\"https:\/\/elpuucnoticias.com\/?p=883#breadcrumb\",\"itemListElement\":[{\"@type\":\"ListItem\",\"position\":1,\"name\":\"Portada\",\"item\":\"https:\/\/elpuucnoticias.com\/\"},{\"@type\":\"ListItem\",\"position\":2,\"name\":\"Quintana Roo participa en una caravana nacional de promoci\u00f3n por Morelia, Tijuana y Culiac\u00e1n\"}]},{\"@type\":\"Person\",\"@id\":\"https:\/\/elpuucnoticias.com\/#\/schema\/person\/d2ea09e4c97f0160b11cdfb1d856bd9e\",\"name\":\"elpuucnoticias\",\"image\":{\"@type\":\"ImageObject\",\"@id\":\"https:\/\/elpuucnoticias.com\/#personlogo\",\"inLanguage\":\"es\",\"url\":\"https:\/\/secure.gravatar.com\/avatar\/5290a43657c74ffa15701dbe5b846bd85cc71930d803c84e91046a7333de6ce2?s=96&d=mm&r=g\",\"contentUrl\":\"https:\/\/secure.gravatar.com\/avatar\/5290a43657c74ffa15701dbe5b846bd85cc71930d803c84e91046a7333de6ce2?s=96&d=mm&r=g\",\"caption\":\"elpuucnoticias\"},\"sameAs\":[\"https:\/\/elpuucnoticias.com\"],\"url\":\"https:\/\/elpuucnoticias.com\/?author=1\"}]}<\/script>\n<!-- \/ Yoast SEO plugin. -->","yoast_head_json":{"title":"Quintana Roo participa en una caravana nacional de promoci\u00f3n por Morelia, Tijuana y Culiac\u00e1n - El Puuc Noticias","robots":{"index":"index","follow":"follow","max-snippet":"max-snippet:-1","max-image-preview":"max-image-preview:large","max-video-preview":"max-video-preview:-1"},"canonical":"https:\/\/elpuucnoticias.com\/?p=883","og_locale":"es_ES","og_type":"article","og_title":"Quintana Roo participa en una caravana nacional de promoci\u00f3n por Morelia, Tijuana y Culiac\u00e1n - El Puuc Noticias","og_description":"Con el fin de promocionar los destinos del Caribe mexicano, incrementar la llegada de visitantes y fortalecer la","og_url":"https:\/\/elpuucnoticias.com\/?p=883","og_site_name":"El Puuc Noticias","article_published_time":"2022-04-05T23:48:11+00:00","article_modified_time":"2022-04-05T23:48:12+00:00","og_image":[{"width":1024,"height":766,"url":"https:\/\/elpuucnoticias.com\/wp-content\/uploads\/2022\/04\/WhatsApp-Image-2022-04-05-at-3.24.29-PM-1.jpeg","type":"image\/jpeg"}],"twitter_card":"summary_large_image","twitter_misc":{"Escrito por":"elpuucnoticias","Tiempo de lectura":"2 minutos"},"schema":{"@context":"https:\/\/schema.org","@graph":[{"@type":"WebSite","@id":"https:\/\/elpuucnoticias.com\/#website","url":"https:\/\/elpuucnoticias.com\/","name":"El Puuc Noticias","description":"Noticias - Entretenimiento - Deportes","potentialAction":[{"@type":"SearchAction","target":{"@type":"EntryPoint","urlTemplate":"https:\/\/elpuucnoticias.com\/?s={search_term_string}"},"query-input":"required name=search_term_string"}],"inLanguage":"es"},{"@type":"ImageObject","@id":"https:\/\/elpuucnoticias.com\/?p=883#primaryimage","inLanguage":"es","url":"https:\/\/elpuucnoticias.com\/wp-content\/uploads\/2022\/04\/WhatsApp-Image-2022-04-05-at-3.24.29-PM-1.jpeg","contentUrl":"https:\/\/elpuucnoticias.com\/wp-content\/uploads\/2022\/04\/WhatsApp-Image-2022-04-05-at-3.24.29-PM-1.jpeg","width":1024,"height":766},{"@type":"WebPage","@id":"https:\/\/elpuucnoticias.com\/?p=883#webpage","url":"https:\/\/elpuucnoticias.com\/?p=883","name":"Quintana Roo participa en una caravana nacional de promoci\u00f3n por Morelia, Tijuana y Culiac\u00e1n - El Puuc Noticias","isPartOf":{"@id":"https:\/\/elpuucnoticias.com\/#website"},"primaryImageOfPage":{"@id":"https:\/\/elpuucnoticias.com\/?p=883#primaryimage"},"datePublished":"2022-04-05T23:48:11+00:00","dateModified":"2022-04-05T23:48:12+00:00","author":{"@id":"https:\/\/elpuucnoticias.com\/#\/schema\/person\/d2ea09e4c97f0160b11cdfb1d856bd9e"},"breadcrumb":{"@id":"https:\/\/elpuucnoticias.com\/?p=883#breadcrumb"},"inLanguage":"es","potentialAction":[{"@type":"ReadAction","target":["https:\/\/elpuucnoticias.com\/?p=883"]}]},{"@type":"BreadcrumbList","@id":"https:\/\/elpuucnoticias.com\/?p=883#breadcrumb","itemListElement":[{"@type":"ListItem","position":1,"name":"Portada","item":"https:\/\/elpuucnoticias.com\/"},{"@type":"ListItem","position":2,"name":"Quintana Roo participa en una caravana nacional de promoci\u00f3n por Morelia, Tijuana y Culiac\u00e1n"}]},{"@type":"Person","@id":"https:\/\/elpuucnoticias.com\/#\/schema\/person\/d2ea09e4c97f0160b11cdfb1d856bd9e","name":"elpuucnoticias","image":{"@type":"ImageObject","@id":"https:\/\/elpuucnoticias.com\/#personlogo","inLanguage":"es","url":"https:\/\/secure.gravatar.com\/avatar\/5290a43657c74ffa15701dbe5b846bd85cc71930d803c84e91046a7333de6ce2?s=96&d=mm&r=g","contentUrl":"https:\/\/secure.gravatar.com\/avatar\/5290a43657c74ffa15701dbe5b846bd85cc71930d803c84e91046a7333de6ce2?s=96&d=mm&r=g","caption":"elpuucnoticias"},"sameAs":["https:\/\/elpuucnoticias.com"],"url":"https:\/\/elpuucnoticias.com\/?author=1"}]}},"_links":{"self":[{"href":"https:\/\/elpuucnoticias.com\/index.php?rest_route=\/wp\/v2\/posts\/883","targetHints":{"allow":["GET"]}}],"collection":[{"href":"https:\/\/elpuucnoticias.com\/index.php?rest_route=\/wp\/v2\/posts"}],"about":[{"href":"https:\/\/elpuucnoticias.com\/index.php?rest_route=\/wp\/v2\/types\/post"}],"author":[{"embeddable":true,"href":"https:\/\/elpuucnoticias.com\/index.php?rest_route=\/wp\/v2\/users\/1"}],"replies":[{"embeddable":true,"href":"https:\/\/elpuucnoticias.com\/index.php?rest_route=%2Fwp%2Fv2%2Fcomments&post=883"}],"version-history":[{"count":1,"href":"https:\/\/elpuucnoticias.com\/index.php?rest_route=\/wp\/v2\/posts\/883\/revisions"}],"predecessor-version":[{"id":886,"href":"https:\/\/elpuucnoticias.com\/index.php?rest_route=\/wp\/v2\/posts\/883\/revisions\/886"}],"wp:featuredmedia":[{"embeddable":true,"href":"https:\/\/elpuucnoticias.com\/index.php?rest_route=\/wp\/v2\/media\/884"}],"wp:attachment":[{"href":"https:\/\/elpuucnoticias.com\/index.php?rest_route=%2Fwp%2Fv2%2Fmedia&parent=883"}],"wp:term":[{"taxonomy":"category","embeddable":true,"href":"https:\/\/elpuucnoticias.com\/index.php?rest_route=%2Fwp%2Fv2%2Fcategories&post=883"},{"taxonomy":"post_tag","embeddable":true,"href":"https:\/\/elpuucnoticias.com\/index.php?rest_route=%2Fwp%2Fv2%2Ftags&post=883"}],"curies":[{"name":"wp","href":"https:\/\/api.w.org\/{rel}","templated":true}]}}