{"id":890,"date":"2022-04-05T17:54:17","date_gmt":"2022-04-05T23:54:17","guid":{"rendered":"https:\/\/elpuucnoticias.com\/?p=890"},"modified":"2022-04-05T17:54:20","modified_gmt":"2022-04-05T23:54:20","slug":"la-utr-sur-participa-en-ferias-vocacionales-y-brinda-platicas-para-jovenes-de-bachillerato-de-oxkutzcab-peto-y-santa-elena","status":"publish","type":"post","link":"https:\/\/elpuucnoticias.com\/?p=890","title":{"rendered":"La UTR Sur participa en ferias vocacionales y brinda pl\u00e1ticas para j\u00f3venes de bachillerato de Oxkutzcab, Peto y Santa Elena"},"content":{"rendered":"\n<p>Atendiendo la estrategia institucional para elevar su matr\u00edcula estudiantil, el equipo de Promoci\u00f3n y Captaci\u00f3n de la Universidad Tecnol\u00f3gica Regional del Sur, perteneciente a la Direcci\u00f3n de Vinculaci\u00f3n, particip\u00f3 esta semana en las ferias vocacionales y pl\u00e1ticas con j\u00f3venes de instituciones de nivel medio superior.<\/p>\n\n\n\n<figure class=\"wp-block-image size-large\"><img loading=\"lazy\" decoding=\"async\" width=\"1024\" height=\"498\" src=\"https:\/\/elpuucnoticias.com\/wp-content\/uploads\/2022\/04\/WhatsApp-Image-2022-04-05-at-9.14.39-AM-1024x498.jpeg\" alt=\"\" class=\"wp-image-892\" srcset=\"https:\/\/elpuucnoticias.com\/wp-content\/uploads\/2022\/04\/WhatsApp-Image-2022-04-05-at-9.14.39-AM-1024x498.jpeg 1024w, https:\/\/elpuucnoticias.com\/wp-content\/uploads\/2022\/04\/WhatsApp-Image-2022-04-05-at-9.14.39-AM-300x146.jpeg 300w, https:\/\/elpuucnoticias.com\/wp-content\/uploads\/2022\/04\/WhatsApp-Image-2022-04-05-at-9.14.39-AM-768x373.jpeg 768w, https:\/\/elpuucnoticias.com\/wp-content\/uploads\/2022\/04\/WhatsApp-Image-2022-04-05-at-9.14.39-AM-1536x747.jpeg 1536w, https:\/\/elpuucnoticias.com\/wp-content\/uploads\/2022\/04\/WhatsApp-Image-2022-04-05-at-9.14.39-AM.jpeg 1600w\" sizes=\"auto, (max-width: 1024px) 100vw, 1024px\" \/><\/figure>\n\n\n\n<p>Destacando la Preparatoria Estatal # 09 V\u00edctor Cervera Pacheco del municipio de Oxkutzcab, Colegio de Bachilleres del municipio de Peto y Colegio de Bachilleres plantel Santa Elena.<\/p>\n\n\n\n<p>El personal administrativo y docente comparti\u00f3 con los j\u00f3venes, informaci\u00f3n respecto a su oferta educativa, la cual consiste en 3 Licenciaturas (Licenciatura en Gesti\u00f3n y Desarrollo Tur\u00edstico, Licenciatura en Contadur\u00eda y Licenciatura en Innovaci\u00f3n de Negocios y Mercadotecnia) y 3 Ingenier\u00edas (Ingenier\u00eda en Mecatr\u00f3nica, Ingenier\u00eda en Sistemas Productivos, Ingenier\u00eda en Desarrollo y Gesti\u00f3n de Software).<\/p>\n\n\n\n<figure class=\"wp-block-image size-large is-resized\"><img loading=\"lazy\" decoding=\"async\" src=\"https:\/\/elpuucnoticias.com\/wp-content\/uploads\/2022\/02\/cropped-CABECERA-PUBLI-1-1-1024x152.jpg\" alt=\"\" class=\"wp-image-56\" width=\"431\" height=\"63\" srcset=\"https:\/\/elpuucnoticias.com\/wp-content\/uploads\/2022\/02\/cropped-CABECERA-PUBLI-1-1-1024x152.jpg 1024w, https:\/\/elpuucnoticias.com\/wp-content\/uploads\/2022\/02\/cropped-CABECERA-PUBLI-1-1-300x45.jpg 300w, https:\/\/elpuucnoticias.com\/wp-content\/uploads\/2022\/02\/cropped-CABECERA-PUBLI-1-1-768x114.jpg 768w, https:\/\/elpuucnoticias.com\/wp-content\/uploads\/2022\/02\/cropped-CABECERA-PUBLI-1-1-1536x228.jpg 1536w, https:\/\/elpuucnoticias.com\/wp-content\/uploads\/2022\/02\/cropped-CABECERA-PUBLI-1-1.jpg 1600w\" sizes=\"auto, (max-width: 431px) 100vw, 431px\" \/><\/figure>\n\n\n\n<p>As\u00ed como el conjunto de servicios complementarios que tienen a su disposici\u00f3n como parte de esta familia universitaria, los que quieran conocer m\u00e1s, pueden comunicarse a los n\u00fameros telef\u00f3nicos 9971076493, 9971120342, 9979734640.<\/p>\n\n\n\n<p>La UTR Sur agradece todo el apoyo y facilidades para acceder a sus planteles e instalaciones, y as\u00ed fomentar la cooperaci\u00f3n acad\u00e9mica a favor de los j\u00f3venes que estar\u00e1n frente a una de las decisiones m\u00e1s trascendentales de su vida; estudiar una carrera profesional.\u2014 <em>El Puuc Noticias<\/em><\/p>\n","protected":false},"excerpt":{"rendered":"<p>Atendiendo la estrategia institucional para elevar su matr\u00edcula estudiantil, el equipo de Promoci\u00f3n y Captaci\u00f3n de la Universidad<\/p>\n","protected":false},"author":1,"featured_media":891,"comment_status":"closed","ping_status":"open","sticky":false,"template":"","format":"standard","meta":{"_monsterinsights_skip_tracking":false,"_monsterinsights_sitenote_active":false,"_monsterinsights_sitenote_note":"","_monsterinsights_sitenote_category":0,"footnotes":""},"categories":[11,4],"tags":[],"class_list":["post-890","post","type-post","status-publish","format-standard","has-post-thumbnail","hentry","category-noticias","category-tekax"],"yoast_head":"<!-- This site is optimized with the Yoast SEO plugin v18.3 - https:\/\/yoast.com\/wordpress\/plugins\/seo\/ -->\n<title>La UTR Sur participa en ferias vocacionales y brinda pl\u00e1ticas para j\u00f3venes de bachillerato de Oxkutzcab, Peto y Santa Elena - El Puuc Noticias<\/title>\n<meta name=\"robots\" content=\"index, follow, max-snippet:-1, max-image-preview:large, max-video-preview:-1\" \/>\n<link rel=\"canonical\" href=\"https:\/\/elpuucnoticias.com\/?p=890\" \/>\n<meta property=\"og:locale\" content=\"es_ES\" \/>\n<meta property=\"og:type\" content=\"article\" \/>\n<meta property=\"og:title\" content=\"La UTR Sur participa en ferias vocacionales y brinda pl\u00e1ticas para j\u00f3venes de bachillerato de Oxkutzcab, Peto y Santa Elena - El Puuc Noticias\" \/>\n<meta property=\"og:description\" content=\"Atendiendo la estrategia institucional para elevar su matr\u00edcula estudiantil, el equipo de Promoci\u00f3n y Captaci\u00f3n de la Universidad\" \/>\n<meta property=\"og:url\" content=\"https:\/\/elpuucnoticias.com\/?p=890\" \/>\n<meta property=\"og:site_name\" content=\"El Puuc Noticias\" \/>\n<meta property=\"article:published_time\" content=\"2022-04-05T23:54:17+00:00\" \/>\n<meta property=\"article:modified_time\" content=\"2022-04-05T23:54:20+00:00\" \/>\n<meta property=\"og:image\" content=\"https:\/\/elpuucnoticias.com\/wp-content\/uploads\/2022\/04\/WhatsApp-Image-2022-04-05-at-9.14.40-AM.jpeg\" \/>\n\t<meta property=\"og:image:width\" content=\"1152\" \/>\n\t<meta property=\"og:image:height\" content=\"560\" \/>\n\t<meta property=\"og:image:type\" content=\"image\/jpeg\" \/>\n<meta name=\"twitter:card\" content=\"summary_large_image\" \/>\n<meta name=\"twitter:label1\" content=\"Escrito por\" \/>\n\t<meta name=\"twitter:data1\" content=\"elpuucnoticias\" \/>\n\t<meta name=\"twitter:label2\" content=\"Tiempo de lectura\" \/>\n\t<meta name=\"twitter:data2\" content=\"2 minutos\" \/>\n<script type=\"application\/ld+json\" class=\"yoast-schema-graph\">{\"@context\":\"https:\/\/schema.org\",\"@graph\":[{\"@type\":\"WebSite\",\"@id\":\"https:\/\/elpuucnoticias.com\/#website\",\"url\":\"https:\/\/elpuucnoticias.com\/\",\"name\":\"El Puuc Noticias\",\"description\":\"Noticias - Entretenimiento - Deportes\",\"potentialAction\":[{\"@type\":\"SearchAction\",\"target\":{\"@type\":\"EntryPoint\",\"urlTemplate\":\"https:\/\/elpuucnoticias.com\/?s={search_term_string}\"},\"query-input\":\"required name=search_term_string\"}],\"inLanguage\":\"es\"},{\"@type\":\"ImageObject\",\"@id\":\"https:\/\/elpuucnoticias.com\/?p=890#primaryimage\",\"inLanguage\":\"es\",\"url\":\"https:\/\/elpuucnoticias.com\/wp-content\/uploads\/2022\/04\/WhatsApp-Image-2022-04-05-at-9.14.40-AM.jpeg\",\"contentUrl\":\"https:\/\/elpuucnoticias.com\/wp-content\/uploads\/2022\/04\/WhatsApp-Image-2022-04-05-at-9.14.40-AM.jpeg\",\"width\":1152,\"height\":560},{\"@type\":\"WebPage\",\"@id\":\"https:\/\/elpuucnoticias.com\/?p=890#webpage\",\"url\":\"https:\/\/elpuucnoticias.com\/?p=890\",\"name\":\"La UTR Sur participa en ferias vocacionales y brinda pl\u00e1ticas para j\u00f3venes de bachillerato de Oxkutzcab, Peto y Santa Elena - El Puuc Noticias\",\"isPartOf\":{\"@id\":\"https:\/\/elpuucnoticias.com\/#website\"},\"primaryImageOfPage\":{\"@id\":\"https:\/\/elpuucnoticias.com\/?p=890#primaryimage\"},\"datePublished\":\"2022-04-05T23:54:17+00:00\",\"dateModified\":\"2022-04-05T23:54:20+00:00\",\"author\":{\"@id\":\"https:\/\/elpuucnoticias.com\/#\/schema\/person\/d2ea09e4c97f0160b11cdfb1d856bd9e\"},\"breadcrumb\":{\"@id\":\"https:\/\/elpuucnoticias.com\/?p=890#breadcrumb\"},\"inLanguage\":\"es\",\"potentialAction\":[{\"@type\":\"ReadAction\",\"target\":[\"https:\/\/elpuucnoticias.com\/?p=890\"]}]},{\"@type\":\"BreadcrumbList\",\"@id\":\"https:\/\/elpuucnoticias.com\/?p=890#breadcrumb\",\"itemListElement\":[{\"@type\":\"ListItem\",\"position\":1,\"name\":\"Portada\",\"item\":\"https:\/\/elpuucnoticias.com\/\"},{\"@type\":\"ListItem\",\"position\":2,\"name\":\"La UTR Sur participa en ferias vocacionales y brinda pl\u00e1ticas para j\u00f3venes de bachillerato de Oxkutzcab, Peto y Santa Elena\"}]},{\"@type\":\"Person\",\"@id\":\"https:\/\/elpuucnoticias.com\/#\/schema\/person\/d2ea09e4c97f0160b11cdfb1d856bd9e\",\"name\":\"elpuucnoticias\",\"image\":{\"@type\":\"ImageObject\",\"@id\":\"https:\/\/elpuucnoticias.com\/#personlogo\",\"inLanguage\":\"es\",\"url\":\"https:\/\/secure.gravatar.com\/avatar\/5290a43657c74ffa15701dbe5b846bd85cc71930d803c84e91046a7333de6ce2?s=96&d=mm&r=g\",\"contentUrl\":\"https:\/\/secure.gravatar.com\/avatar\/5290a43657c74ffa15701dbe5b846bd85cc71930d803c84e91046a7333de6ce2?s=96&d=mm&r=g\",\"caption\":\"elpuucnoticias\"},\"sameAs\":[\"https:\/\/elpuucnoticias.com\"],\"url\":\"https:\/\/elpuucnoticias.com\/?author=1\"}]}<\/script>\n<!-- \/ Yoast SEO plugin. -->","yoast_head_json":{"title":"La UTR Sur participa en ferias vocacionales y brinda pl\u00e1ticas para j\u00f3venes de bachillerato de Oxkutzcab, Peto y Santa Elena - El Puuc Noticias","robots":{"index":"index","follow":"follow","max-snippet":"max-snippet:-1","max-image-preview":"max-image-preview:large","max-video-preview":"max-video-preview:-1"},"canonical":"https:\/\/elpuucnoticias.com\/?p=890","og_locale":"es_ES","og_type":"article","og_title":"La UTR Sur participa en ferias vocacionales y brinda pl\u00e1ticas para j\u00f3venes de bachillerato de Oxkutzcab, Peto y Santa Elena - El Puuc Noticias","og_description":"Atendiendo la estrategia institucional para elevar su matr\u00edcula estudiantil, el equipo de Promoci\u00f3n y Captaci\u00f3n de la Universidad","og_url":"https:\/\/elpuucnoticias.com\/?p=890","og_site_name":"El Puuc Noticias","article_published_time":"2022-04-05T23:54:17+00:00","article_modified_time":"2022-04-05T23:54:20+00:00","og_image":[{"width":1152,"height":560,"url":"https:\/\/elpuucnoticias.com\/wp-content\/uploads\/2022\/04\/WhatsApp-Image-2022-04-05-at-9.14.40-AM.jpeg","type":"image\/jpeg"}],"twitter_card":"summary_large_image","twitter_misc":{"Escrito por":"elpuucnoticias","Tiempo de lectura":"2 minutos"},"schema":{"@context":"https:\/\/schema.org","@graph":[{"@type":"WebSite","@id":"https:\/\/elpuucnoticias.com\/#website","url":"https:\/\/elpuucnoticias.com\/","name":"El Puuc Noticias","description":"Noticias - Entretenimiento - Deportes","potentialAction":[{"@type":"SearchAction","target":{"@type":"EntryPoint","urlTemplate":"https:\/\/elpuucnoticias.com\/?s={search_term_string}"},"query-input":"required name=search_term_string"}],"inLanguage":"es"},{"@type":"ImageObject","@id":"https:\/\/elpuucnoticias.com\/?p=890#primaryimage","inLanguage":"es","url":"https:\/\/elpuucnoticias.com\/wp-content\/uploads\/2022\/04\/WhatsApp-Image-2022-04-05-at-9.14.40-AM.jpeg","contentUrl":"https:\/\/elpuucnoticias.com\/wp-content\/uploads\/2022\/04\/WhatsApp-Image-2022-04-05-at-9.14.40-AM.jpeg","width":1152,"height":560},{"@type":"WebPage","@id":"https:\/\/elpuucnoticias.com\/?p=890#webpage","url":"https:\/\/elpuucnoticias.com\/?p=890","name":"La UTR Sur participa en ferias vocacionales y brinda pl\u00e1ticas para j\u00f3venes de bachillerato de Oxkutzcab, Peto y Santa Elena - El Puuc Noticias","isPartOf":{"@id":"https:\/\/elpuucnoticias.com\/#website"},"primaryImageOfPage":{"@id":"https:\/\/elpuucnoticias.com\/?p=890#primaryimage"},"datePublished":"2022-04-05T23:54:17+00:00","dateModified":"2022-04-05T23:54:20+00:00","author":{"@id":"https:\/\/elpuucnoticias.com\/#\/schema\/person\/d2ea09e4c97f0160b11cdfb1d856bd9e"},"breadcrumb":{"@id":"https:\/\/elpuucnoticias.com\/?p=890#breadcrumb"},"inLanguage":"es","potentialAction":[{"@type":"ReadAction","target":["https:\/\/elpuucnoticias.com\/?p=890"]}]},{"@type":"BreadcrumbList","@id":"https:\/\/elpuucnoticias.com\/?p=890#breadcrumb","itemListElement":[{"@type":"ListItem","position":1,"name":"Portada","item":"https:\/\/elpuucnoticias.com\/"},{"@type":"ListItem","position":2,"name":"La UTR Sur participa en ferias vocacionales y brinda pl\u00e1ticas para j\u00f3venes de bachillerato de Oxkutzcab, Peto y Santa Elena"}]},{"@type":"Person","@id":"https:\/\/elpuucnoticias.com\/#\/schema\/person\/d2ea09e4c97f0160b11cdfb1d856bd9e","name":"elpuucnoticias","image":{"@type":"ImageObject","@id":"https:\/\/elpuucnoticias.com\/#personlogo","inLanguage":"es","url":"https:\/\/secure.gravatar.com\/avatar\/5290a43657c74ffa15701dbe5b846bd85cc71930d803c84e91046a7333de6ce2?s=96&d=mm&r=g","contentUrl":"https:\/\/secure.gravatar.com\/avatar\/5290a43657c74ffa15701dbe5b846bd85cc71930d803c84e91046a7333de6ce2?s=96&d=mm&r=g","caption":"elpuucnoticias"},"sameAs":["https:\/\/elpuucnoticias.com"],"url":"https:\/\/elpuucnoticias.com\/?author=1"}]}},"_links":{"self":[{"href":"https:\/\/elpuucnoticias.com\/index.php?rest_route=\/wp\/v2\/posts\/890","targetHints":{"allow":["GET"]}}],"collection":[{"href":"https:\/\/elpuucnoticias.com\/index.php?rest_route=\/wp\/v2\/posts"}],"about":[{"href":"https:\/\/elpuucnoticias.com\/index.php?rest_route=\/wp\/v2\/types\/post"}],"author":[{"embeddable":true,"href":"https:\/\/elpuucnoticias.com\/index.php?rest_route=\/wp\/v2\/users\/1"}],"replies":[{"embeddable":true,"href":"https:\/\/elpuucnoticias.com\/index.php?rest_route=%2Fwp%2Fv2%2Fcomments&post=890"}],"version-history":[{"count":1,"href":"https:\/\/elpuucnoticias.com\/index.php?rest_route=\/wp\/v2\/posts\/890\/revisions"}],"predecessor-version":[{"id":893,"href":"https:\/\/elpuucnoticias.com\/index.php?rest_route=\/wp\/v2\/posts\/890\/revisions\/893"}],"wp:featuredmedia":[{"embeddable":true,"href":"https:\/\/elpuucnoticias.com\/index.php?rest_route=\/wp\/v2\/media\/891"}],"wp:attachment":[{"href":"https:\/\/elpuucnoticias.com\/index.php?rest_route=%2Fwp%2Fv2%2Fmedia&parent=890"}],"wp:term":[{"taxonomy":"category","embeddable":true,"href":"https:\/\/elpuucnoticias.com\/index.php?rest_route=%2Fwp%2Fv2%2Fcategories&post=890"},{"taxonomy":"post_tag","embeddable":true,"href":"https:\/\/elpuucnoticias.com\/index.php?rest_route=%2Fwp%2Fv2%2Ftags&post=890"}],"curies":[{"name":"wp","href":"https:\/\/api.w.org\/{rel}","templated":true}]}}