{"id":9126,"date":"2023-09-06T16:46:25","date_gmt":"2023-09-06T22:46:25","guid":{"rendered":"https:\/\/elpuucnoticias.com\/?p=9126"},"modified":"2023-09-06T16:46:25","modified_gmt":"2023-09-06T22:46:25","slug":"cuatro-alumnos-del-conalep-de-cancun-representan-a-quintana-roo-en-expocientec-2023-en-paraguay","status":"publish","type":"post","link":"https:\/\/elpuucnoticias.com\/?p=9126","title":{"rendered":"Cuatro alumnos del Conalep de Canc\u00fan representan a Quintana Roo en EXPOCIENTEC 2023 en Paraguay"},"content":{"rendered":"\n<p>Cuatro destacados alumnos del Plantel del Colegio Nacional de Educaci\u00f3n Profesional T\u00e9cnica (CONALEP) Canc\u00fan II representan a Quintana Roo en EXPOCIENTEC 2023 en Paraguay, con proyectos de reciclaje y el uso de la tecnolog\u00eda solar, ideas innovadoras y reconocidas en el evento.<\/p>\n\n\n\n<p>Los alumnos Katherin Araceli Barrios Gracia, Joshua Ademir Canul Maay, Jorge Alexander Jim\u00e9nez Mu\u00f1oz y Auri Rosario de la Cruz Serrano y sus asesores Alba Solis y Erick Ecatl, presentaron en la XVI edici\u00f3n Exposici\u00f3n Cient\u00edfica y Tecnol\u00f3gica EXPOCIENTEC 2023 que se realiza del 5 al 8 de septiembre, en el Colegio T\u00e9cnico Nacional y Centro de Entrenamiento Vocacional \u201cArq. Ra\u00fal Mar\u00eda Ben\u00edtez Perdomo\u201d en Encarnaci\u00f3n, Paraguay.<\/p>\n\n\n\n<p>Estas acciones se suman al Nuevo Acuerdo por el Bienestar y Desarrollo de Quintana Roo que impulsa la gobernadora Mara Lezama Espinosa, de brindar las herramientas necesarias para impulsar a los j\u00f3venes en la ciencia, innovaci\u00f3n, ideas innovadoras, encaminados a la transformaci\u00f3n de la educaci\u00f3n en el estado.<\/p>\n\n\n\n<p>El director general del CONALEP Quintana Roo, An\u00edbal Montalvo P\u00e9rez, explic\u00f3 que los alumnos fueron los ganadores del Concurso de Innovaci\u00f3n y Emprendimiento (CIE) como parte del encuentro estudiantil STEAM CONALEP Quintana Roo y la premiaci\u00f3n fue participar en este concurso internacional.<\/p>\n\n\n\n<p>Destac\u00f3 que parte de las acciones que se realizan en el colegio es incentivar y fortalecer las cualidades creativas, innovadoras, de los estudiantes para generar proyectos de emprendimiento basados en las necesidades de su entorno social.<\/p>\n\n\n\n<p>Agreg\u00f3, que la idea de participar en este tipo de eventos es consolidar el emprendimiento y de que los alumnos demuestran sus habilidades y competencias con el fin de crear nuevas empresas.<\/p>\n\n\n\n<p>Los alumnos Katherin Araceli Barrios Gracia, Joshua Ademir Canul Maay, presentar\u00e1n su modelo de negocio \u201cNeat Sea\u201d, desarrollado a partir del reciclado de cigarros, que procesado les permite obtener una pasta que permite crear hojas gruesas para crear otros productos como porta-retratos, separadores, maceteros, para lienzo de pintura, d\u00e1ndole un segundo uso, adem\u00e1s de generar conciencia para disminuir la contaminaci\u00f3n ambiental.<\/p>\n\n\n\n<p>Mientras que los alumnos Jorge Alexander Jim\u00e9nez Mu\u00f1oz y Auri Rosario de la Cruz Serrano, quienes apuestan por el uso de la tecnolog\u00eda solar, que es eficiente, competitiva y no contamina, han desarrollado un modelo de prototipo de chalecos para deportistas con cargadores solares que viene integrado un panel solar donde es posible cargar el tel\u00e9fono celular, tableta utilizando \u00fanicamente la luz solar.<\/p>\n","protected":false},"excerpt":{"rendered":"<p>Cuatro destacados alumnos del Plantel del Colegio Nacional de Educaci\u00f3n Profesional T\u00e9cnica (CONALEP) Canc\u00fan II representan a Quintana<\/p>\n","protected":false},"author":1,"featured_media":9127,"comment_status":"closed","ping_status":"open","sticky":false,"template":"","format":"standard","meta":{"_monsterinsights_skip_tracking":false,"_monsterinsights_sitenote_active":false,"_monsterinsights_sitenote_note":"","_monsterinsights_sitenote_category":0,"footnotes":""},"categories":[11,24],"tags":[],"class_list":["post-9126","post","type-post","status-publish","format-standard","has-post-thumbnail","hentry","category-noticias","category-quintana-roo"],"yoast_head":"<!-- This site is optimized with the Yoast SEO plugin v18.3 - https:\/\/yoast.com\/wordpress\/plugins\/seo\/ -->\n<title>Cuatro alumnos del Conalep de Canc\u00fan representan a Quintana Roo en EXPOCIENTEC 2023 en Paraguay - El Puuc Noticias<\/title>\n<meta name=\"robots\" content=\"index, follow, max-snippet:-1, max-image-preview:large, max-video-preview:-1\" \/>\n<link rel=\"canonical\" href=\"https:\/\/elpuucnoticias.com\/?p=9126\" \/>\n<meta property=\"og:locale\" content=\"es_ES\" \/>\n<meta property=\"og:type\" content=\"article\" \/>\n<meta property=\"og:title\" content=\"Cuatro alumnos del Conalep de Canc\u00fan representan a Quintana Roo en EXPOCIENTEC 2023 en Paraguay - El Puuc Noticias\" \/>\n<meta property=\"og:description\" content=\"Cuatro destacados alumnos del Plantel del Colegio Nacional de Educaci\u00f3n Profesional T\u00e9cnica (CONALEP) Canc\u00fan II representan a Quintana\" \/>\n<meta property=\"og:url\" content=\"https:\/\/elpuucnoticias.com\/?p=9126\" \/>\n<meta property=\"og:site_name\" content=\"El Puuc Noticias\" \/>\n<meta property=\"article:published_time\" content=\"2023-09-06T22:46:25+00:00\" \/>\n<meta property=\"og:image\" content=\"https:\/\/elpuucnoticias.com\/wp-content\/uploads\/2023\/09\/WhatsApp-Image-2023-09-06-at-4.36.49-PM.jpeg\" \/>\n\t<meta property=\"og:image:width\" content=\"1600\" \/>\n\t<meta property=\"og:image:height\" content=\"900\" \/>\n\t<meta property=\"og:image:type\" content=\"image\/jpeg\" \/>\n<meta name=\"twitter:card\" content=\"summary_large_image\" \/>\n<meta name=\"twitter:label1\" content=\"Escrito por\" \/>\n\t<meta name=\"twitter:data1\" content=\"elpuucnoticias\" \/>\n\t<meta name=\"twitter:label2\" content=\"Tiempo de lectura\" \/>\n\t<meta name=\"twitter:data2\" content=\"2 minutos\" \/>\n<script type=\"application\/ld+json\" class=\"yoast-schema-graph\">{\"@context\":\"https:\/\/schema.org\",\"@graph\":[{\"@type\":\"WebSite\",\"@id\":\"https:\/\/elpuucnoticias.com\/#website\",\"url\":\"https:\/\/elpuucnoticias.com\/\",\"name\":\"El Puuc Noticias\",\"description\":\"Noticias - Entretenimiento - Deportes\",\"potentialAction\":[{\"@type\":\"SearchAction\",\"target\":{\"@type\":\"EntryPoint\",\"urlTemplate\":\"https:\/\/elpuucnoticias.com\/?s={search_term_string}\"},\"query-input\":\"required name=search_term_string\"}],\"inLanguage\":\"es\"},{\"@type\":\"ImageObject\",\"@id\":\"https:\/\/elpuucnoticias.com\/?p=9126#primaryimage\",\"inLanguage\":\"es\",\"url\":\"https:\/\/elpuucnoticias.com\/wp-content\/uploads\/2023\/09\/WhatsApp-Image-2023-09-06-at-4.36.49-PM.jpeg\",\"contentUrl\":\"https:\/\/elpuucnoticias.com\/wp-content\/uploads\/2023\/09\/WhatsApp-Image-2023-09-06-at-4.36.49-PM.jpeg\",\"width\":1600,\"height\":900},{\"@type\":\"WebPage\",\"@id\":\"https:\/\/elpuucnoticias.com\/?p=9126#webpage\",\"url\":\"https:\/\/elpuucnoticias.com\/?p=9126\",\"name\":\"Cuatro alumnos del Conalep de Canc\u00fan representan a Quintana Roo en EXPOCIENTEC 2023 en Paraguay - El Puuc Noticias\",\"isPartOf\":{\"@id\":\"https:\/\/elpuucnoticias.com\/#website\"},\"primaryImageOfPage\":{\"@id\":\"https:\/\/elpuucnoticias.com\/?p=9126#primaryimage\"},\"datePublished\":\"2023-09-06T22:46:25+00:00\",\"dateModified\":\"2023-09-06T22:46:25+00:00\",\"author\":{\"@id\":\"https:\/\/elpuucnoticias.com\/#\/schema\/person\/d2ea09e4c97f0160b11cdfb1d856bd9e\"},\"breadcrumb\":{\"@id\":\"https:\/\/elpuucnoticias.com\/?p=9126#breadcrumb\"},\"inLanguage\":\"es\",\"potentialAction\":[{\"@type\":\"ReadAction\",\"target\":[\"https:\/\/elpuucnoticias.com\/?p=9126\"]}]},{\"@type\":\"BreadcrumbList\",\"@id\":\"https:\/\/elpuucnoticias.com\/?p=9126#breadcrumb\",\"itemListElement\":[{\"@type\":\"ListItem\",\"position\":1,\"name\":\"Portada\",\"item\":\"https:\/\/elpuucnoticias.com\/\"},{\"@type\":\"ListItem\",\"position\":2,\"name\":\"Cuatro alumnos del Conalep de Canc\u00fan representan a Quintana Roo en EXPOCIENTEC 2023 en Paraguay\"}]},{\"@type\":\"Person\",\"@id\":\"https:\/\/elpuucnoticias.com\/#\/schema\/person\/d2ea09e4c97f0160b11cdfb1d856bd9e\",\"name\":\"elpuucnoticias\",\"image\":{\"@type\":\"ImageObject\",\"@id\":\"https:\/\/elpuucnoticias.com\/#personlogo\",\"inLanguage\":\"es\",\"url\":\"https:\/\/secure.gravatar.com\/avatar\/5290a43657c74ffa15701dbe5b846bd85cc71930d803c84e91046a7333de6ce2?s=96&d=mm&r=g\",\"contentUrl\":\"https:\/\/secure.gravatar.com\/avatar\/5290a43657c74ffa15701dbe5b846bd85cc71930d803c84e91046a7333de6ce2?s=96&d=mm&r=g\",\"caption\":\"elpuucnoticias\"},\"sameAs\":[\"https:\/\/elpuucnoticias.com\"],\"url\":\"https:\/\/elpuucnoticias.com\/?author=1\"}]}<\/script>\n<!-- \/ Yoast SEO plugin. -->","yoast_head_json":{"title":"Cuatro alumnos del Conalep de Canc\u00fan representan a Quintana Roo en EXPOCIENTEC 2023 en Paraguay - El Puuc Noticias","robots":{"index":"index","follow":"follow","max-snippet":"max-snippet:-1","max-image-preview":"max-image-preview:large","max-video-preview":"max-video-preview:-1"},"canonical":"https:\/\/elpuucnoticias.com\/?p=9126","og_locale":"es_ES","og_type":"article","og_title":"Cuatro alumnos del Conalep de Canc\u00fan representan a Quintana Roo en EXPOCIENTEC 2023 en Paraguay - El Puuc Noticias","og_description":"Cuatro destacados alumnos del Plantel del Colegio Nacional de Educaci\u00f3n Profesional T\u00e9cnica (CONALEP) Canc\u00fan II representan a Quintana","og_url":"https:\/\/elpuucnoticias.com\/?p=9126","og_site_name":"El Puuc Noticias","article_published_time":"2023-09-06T22:46:25+00:00","og_image":[{"width":1600,"height":900,"url":"https:\/\/elpuucnoticias.com\/wp-content\/uploads\/2023\/09\/WhatsApp-Image-2023-09-06-at-4.36.49-PM.jpeg","type":"image\/jpeg"}],"twitter_card":"summary_large_image","twitter_misc":{"Escrito por":"elpuucnoticias","Tiempo de lectura":"2 minutos"},"schema":{"@context":"https:\/\/schema.org","@graph":[{"@type":"WebSite","@id":"https:\/\/elpuucnoticias.com\/#website","url":"https:\/\/elpuucnoticias.com\/","name":"El Puuc Noticias","description":"Noticias - Entretenimiento - Deportes","potentialAction":[{"@type":"SearchAction","target":{"@type":"EntryPoint","urlTemplate":"https:\/\/elpuucnoticias.com\/?s={search_term_string}"},"query-input":"required name=search_term_string"}],"inLanguage":"es"},{"@type":"ImageObject","@id":"https:\/\/elpuucnoticias.com\/?p=9126#primaryimage","inLanguage":"es","url":"https:\/\/elpuucnoticias.com\/wp-content\/uploads\/2023\/09\/WhatsApp-Image-2023-09-06-at-4.36.49-PM.jpeg","contentUrl":"https:\/\/elpuucnoticias.com\/wp-content\/uploads\/2023\/09\/WhatsApp-Image-2023-09-06-at-4.36.49-PM.jpeg","width":1600,"height":900},{"@type":"WebPage","@id":"https:\/\/elpuucnoticias.com\/?p=9126#webpage","url":"https:\/\/elpuucnoticias.com\/?p=9126","name":"Cuatro alumnos del Conalep de Canc\u00fan representan a Quintana Roo en EXPOCIENTEC 2023 en Paraguay - El Puuc Noticias","isPartOf":{"@id":"https:\/\/elpuucnoticias.com\/#website"},"primaryImageOfPage":{"@id":"https:\/\/elpuucnoticias.com\/?p=9126#primaryimage"},"datePublished":"2023-09-06T22:46:25+00:00","dateModified":"2023-09-06T22:46:25+00:00","author":{"@id":"https:\/\/elpuucnoticias.com\/#\/schema\/person\/d2ea09e4c97f0160b11cdfb1d856bd9e"},"breadcrumb":{"@id":"https:\/\/elpuucnoticias.com\/?p=9126#breadcrumb"},"inLanguage":"es","potentialAction":[{"@type":"ReadAction","target":["https:\/\/elpuucnoticias.com\/?p=9126"]}]},{"@type":"BreadcrumbList","@id":"https:\/\/elpuucnoticias.com\/?p=9126#breadcrumb","itemListElement":[{"@type":"ListItem","position":1,"name":"Portada","item":"https:\/\/elpuucnoticias.com\/"},{"@type":"ListItem","position":2,"name":"Cuatro alumnos del Conalep de Canc\u00fan representan a Quintana Roo en EXPOCIENTEC 2023 en Paraguay"}]},{"@type":"Person","@id":"https:\/\/elpuucnoticias.com\/#\/schema\/person\/d2ea09e4c97f0160b11cdfb1d856bd9e","name":"elpuucnoticias","image":{"@type":"ImageObject","@id":"https:\/\/elpuucnoticias.com\/#personlogo","inLanguage":"es","url":"https:\/\/secure.gravatar.com\/avatar\/5290a43657c74ffa15701dbe5b846bd85cc71930d803c84e91046a7333de6ce2?s=96&d=mm&r=g","contentUrl":"https:\/\/secure.gravatar.com\/avatar\/5290a43657c74ffa15701dbe5b846bd85cc71930d803c84e91046a7333de6ce2?s=96&d=mm&r=g","caption":"elpuucnoticias"},"sameAs":["https:\/\/elpuucnoticias.com"],"url":"https:\/\/elpuucnoticias.com\/?author=1"}]}},"_links":{"self":[{"href":"https:\/\/elpuucnoticias.com\/index.php?rest_route=\/wp\/v2\/posts\/9126","targetHints":{"allow":["GET"]}}],"collection":[{"href":"https:\/\/elpuucnoticias.com\/index.php?rest_route=\/wp\/v2\/posts"}],"about":[{"href":"https:\/\/elpuucnoticias.com\/index.php?rest_route=\/wp\/v2\/types\/post"}],"author":[{"embeddable":true,"href":"https:\/\/elpuucnoticias.com\/index.php?rest_route=\/wp\/v2\/users\/1"}],"replies":[{"embeddable":true,"href":"https:\/\/elpuucnoticias.com\/index.php?rest_route=%2Fwp%2Fv2%2Fcomments&post=9126"}],"version-history":[{"count":1,"href":"https:\/\/elpuucnoticias.com\/index.php?rest_route=\/wp\/v2\/posts\/9126\/revisions"}],"predecessor-version":[{"id":9128,"href":"https:\/\/elpuucnoticias.com\/index.php?rest_route=\/wp\/v2\/posts\/9126\/revisions\/9128"}],"wp:featuredmedia":[{"embeddable":true,"href":"https:\/\/elpuucnoticias.com\/index.php?rest_route=\/wp\/v2\/media\/9127"}],"wp:attachment":[{"href":"https:\/\/elpuucnoticias.com\/index.php?rest_route=%2Fwp%2Fv2%2Fmedia&parent=9126"}],"wp:term":[{"taxonomy":"category","embeddable":true,"href":"https:\/\/elpuucnoticias.com\/index.php?rest_route=%2Fwp%2Fv2%2Fcategories&post=9126"},{"taxonomy":"post_tag","embeddable":true,"href":"https:\/\/elpuucnoticias.com\/index.php?rest_route=%2Fwp%2Fv2%2Ftags&post=9126"}],"curies":[{"name":"wp","href":"https:\/\/api.w.org\/{rel}","templated":true}]}}