{"id":9141,"date":"2023-09-08T20:07:44","date_gmt":"2023-09-09T02:07:44","guid":{"rendered":"https:\/\/elpuucnoticias.com\/?p=9141"},"modified":"2023-09-08T20:07:45","modified_gmt":"2023-09-09T02:07:45","slug":"convocan-a-artistas-plasticos-de-cozumel-a-participar-en-la-exposicion-colectiva-dia-de-muertos-un-legado-espiritual","status":"publish","type":"post","link":"https:\/\/elpuucnoticias.com\/?p=9141","title":{"rendered":"Convocan a artistas pl\u00e1sticos de Cozumel a participar en la exposici\u00f3n colectiva \u00abD\u00eda de Muertos: un Legado Espiritual\u00bb"},"content":{"rendered":"\n<p>Con el objeto de rescatar, promover y difundir las costumbres y tradiciones mexicanas, la Fundaci\u00f3n de Parques y Museos de Cozumel (FPMC) convoca a artistas pl\u00e1sticos que radiquen en la isla a participar en la novena exposici\u00f3n colectiva \u00abD\u00eda de Muertos: un Legado Espiritual\u00bb, que se inaugurar\u00e1 el jueves 26 de octubre, en el Museo de la Isla.<\/p>\n\n\n\n<p>Mediante el Nuevo Acuerdo por el Bienestar y Desarrollo de Quintana Roo, la gobernadora Mara Lezama Espinosa, promueve las tradiciones mexicanas y la participaci\u00f3n de los artistas en la divulgaci\u00f3n de las costumbres nacionales, resalt\u00f3 Isela Carrillo Cupul, directora del centro museogr\u00e1fico.<\/p>\n\n\n\n<p>Inform\u00f3 se aceptan obras de arte en formato de exposici\u00f3n y se recibir\u00e1n esculturas, pinturas, dibujos y fotograf\u00edas, con la tem\u00e1tica del D\u00eda de Muertos, celebraci\u00f3n que es catalogada por la UNESCO como Patrimonio Cultural Inmaterial de la Humanidad.<\/p>\n\n\n\n<p>Isela Carrillo especific\u00f3 que la modalidad de trabajo es individual y s\u00f3lo se expondr\u00e1 una obra por artista, cuyo tama\u00f1o ideal no debe exceder los 70 cent\u00edmetros de largo y ancho. Cada pieza debe ser acompa\u00f1ada por una ficha con el t\u00edtulo, t\u00e9cnica utilizada y nombre del autor, tambi\u00e9n se aceptar\u00e1 que se le fije un precio en caso de querer vender la obra.<\/p>\n\n\n\n<p>Mencion\u00f3 que las piezas art\u00edsticas ser\u00e1n recibidas en el Museo de la Isla, del 16 al 20 de octubre, de lunes a viernes de ocho y media de la ma\u00f1ana a cuatro de la tarde. El traslado de cada pieza corre a cuenta del expositor.<\/p>\n","protected":false},"excerpt":{"rendered":"<p>Con el objeto de rescatar, promover y difundir las costumbres y tradiciones mexicanas, la Fundaci\u00f3n de Parques y<\/p>\n","protected":false},"author":1,"featured_media":9142,"comment_status":"closed","ping_status":"open","sticky":false,"template":"","format":"standard","meta":{"_monsterinsights_skip_tracking":false,"_monsterinsights_sitenote_active":false,"_monsterinsights_sitenote_note":"","_monsterinsights_sitenote_category":0,"footnotes":""},"categories":[11,24],"tags":[],"class_list":["post-9141","post","type-post","status-publish","format-standard","has-post-thumbnail","hentry","category-noticias","category-quintana-roo"],"yoast_head":"<!-- This site is optimized with the Yoast SEO plugin v18.3 - https:\/\/yoast.com\/wordpress\/plugins\/seo\/ -->\n<title>Convocan a artistas pl\u00e1sticos de Cozumel a participar en la exposici\u00f3n colectiva &quot;D\u00eda de Muertos: un Legado Espiritual&quot; - El Puuc Noticias<\/title>\n<meta name=\"robots\" content=\"index, follow, max-snippet:-1, max-image-preview:large, max-video-preview:-1\" \/>\n<link rel=\"canonical\" href=\"https:\/\/elpuucnoticias.com\/?p=9141\" \/>\n<meta property=\"og:locale\" content=\"es_ES\" \/>\n<meta property=\"og:type\" content=\"article\" \/>\n<meta property=\"og:title\" content=\"Convocan a artistas pl\u00e1sticos de Cozumel a participar en la exposici\u00f3n colectiva &quot;D\u00eda de Muertos: un Legado Espiritual&quot; - El Puuc Noticias\" \/>\n<meta property=\"og:description\" content=\"Con el objeto de rescatar, promover y difundir las costumbres y tradiciones mexicanas, la Fundaci\u00f3n de Parques y\" \/>\n<meta property=\"og:url\" content=\"https:\/\/elpuucnoticias.com\/?p=9141\" \/>\n<meta property=\"og:site_name\" content=\"El Puuc Noticias\" \/>\n<meta property=\"article:published_time\" content=\"2023-09-09T02:07:44+00:00\" \/>\n<meta property=\"article:modified_time\" content=\"2023-09-09T02:07:45+00:00\" \/>\n<meta property=\"og:image\" content=\"https:\/\/elpuucnoticias.com\/wp-content\/uploads\/2023\/09\/WhatsApp-Image-2023-09-08-at-11.52.51-AM.jpeg\" \/>\n\t<meta property=\"og:image:width\" content=\"1600\" \/>\n\t<meta property=\"og:image:height\" content=\"1066\" \/>\n\t<meta property=\"og:image:type\" content=\"image\/jpeg\" \/>\n<meta name=\"twitter:card\" content=\"summary_large_image\" \/>\n<meta name=\"twitter:label1\" content=\"Escrito por\" \/>\n\t<meta name=\"twitter:data1\" content=\"elpuucnoticias\" \/>\n\t<meta name=\"twitter:label2\" content=\"Tiempo de lectura\" \/>\n\t<meta name=\"twitter:data2\" content=\"2 minutos\" \/>\n<script type=\"application\/ld+json\" class=\"yoast-schema-graph\">{\"@context\":\"https:\/\/schema.org\",\"@graph\":[{\"@type\":\"WebSite\",\"@id\":\"https:\/\/elpuucnoticias.com\/#website\",\"url\":\"https:\/\/elpuucnoticias.com\/\",\"name\":\"El Puuc Noticias\",\"description\":\"Noticias - Entretenimiento - Deportes\",\"potentialAction\":[{\"@type\":\"SearchAction\",\"target\":{\"@type\":\"EntryPoint\",\"urlTemplate\":\"https:\/\/elpuucnoticias.com\/?s={search_term_string}\"},\"query-input\":\"required name=search_term_string\"}],\"inLanguage\":\"es\"},{\"@type\":\"ImageObject\",\"@id\":\"https:\/\/elpuucnoticias.com\/?p=9141#primaryimage\",\"inLanguage\":\"es\",\"url\":\"https:\/\/elpuucnoticias.com\/wp-content\/uploads\/2023\/09\/WhatsApp-Image-2023-09-08-at-11.52.51-AM.jpeg\",\"contentUrl\":\"https:\/\/elpuucnoticias.com\/wp-content\/uploads\/2023\/09\/WhatsApp-Image-2023-09-08-at-11.52.51-AM.jpeg\",\"width\":1600,\"height\":1066},{\"@type\":\"WebPage\",\"@id\":\"https:\/\/elpuucnoticias.com\/?p=9141#webpage\",\"url\":\"https:\/\/elpuucnoticias.com\/?p=9141\",\"name\":\"Convocan a artistas pl\u00e1sticos de Cozumel a participar en la exposici\u00f3n colectiva \\\"D\u00eda de Muertos: un Legado Espiritual\\\" - El Puuc Noticias\",\"isPartOf\":{\"@id\":\"https:\/\/elpuucnoticias.com\/#website\"},\"primaryImageOfPage\":{\"@id\":\"https:\/\/elpuucnoticias.com\/?p=9141#primaryimage\"},\"datePublished\":\"2023-09-09T02:07:44+00:00\",\"dateModified\":\"2023-09-09T02:07:45+00:00\",\"author\":{\"@id\":\"https:\/\/elpuucnoticias.com\/#\/schema\/person\/d2ea09e4c97f0160b11cdfb1d856bd9e\"},\"breadcrumb\":{\"@id\":\"https:\/\/elpuucnoticias.com\/?p=9141#breadcrumb\"},\"inLanguage\":\"es\",\"potentialAction\":[{\"@type\":\"ReadAction\",\"target\":[\"https:\/\/elpuucnoticias.com\/?p=9141\"]}]},{\"@type\":\"BreadcrumbList\",\"@id\":\"https:\/\/elpuucnoticias.com\/?p=9141#breadcrumb\",\"itemListElement\":[{\"@type\":\"ListItem\",\"position\":1,\"name\":\"Portada\",\"item\":\"https:\/\/elpuucnoticias.com\/\"},{\"@type\":\"ListItem\",\"position\":2,\"name\":\"Convocan a artistas pl\u00e1sticos de Cozumel a participar en la exposici\u00f3n colectiva \u00abD\u00eda de Muertos: un Legado Espiritual\u00bb\"}]},{\"@type\":\"Person\",\"@id\":\"https:\/\/elpuucnoticias.com\/#\/schema\/person\/d2ea09e4c97f0160b11cdfb1d856bd9e\",\"name\":\"elpuucnoticias\",\"image\":{\"@type\":\"ImageObject\",\"@id\":\"https:\/\/elpuucnoticias.com\/#personlogo\",\"inLanguage\":\"es\",\"url\":\"https:\/\/secure.gravatar.com\/avatar\/5290a43657c74ffa15701dbe5b846bd85cc71930d803c84e91046a7333de6ce2?s=96&d=mm&r=g\",\"contentUrl\":\"https:\/\/secure.gravatar.com\/avatar\/5290a43657c74ffa15701dbe5b846bd85cc71930d803c84e91046a7333de6ce2?s=96&d=mm&r=g\",\"caption\":\"elpuucnoticias\"},\"sameAs\":[\"https:\/\/elpuucnoticias.com\"],\"url\":\"https:\/\/elpuucnoticias.com\/?author=1\"}]}<\/script>\n<!-- \/ Yoast SEO plugin. -->","yoast_head_json":{"title":"Convocan a artistas pl\u00e1sticos de Cozumel a participar en la exposici\u00f3n colectiva \"D\u00eda de Muertos: un Legado Espiritual\" - El Puuc Noticias","robots":{"index":"index","follow":"follow","max-snippet":"max-snippet:-1","max-image-preview":"max-image-preview:large","max-video-preview":"max-video-preview:-1"},"canonical":"https:\/\/elpuucnoticias.com\/?p=9141","og_locale":"es_ES","og_type":"article","og_title":"Convocan a artistas pl\u00e1sticos de Cozumel a participar en la exposici\u00f3n colectiva \"D\u00eda de Muertos: un Legado Espiritual\" - El Puuc Noticias","og_description":"Con el objeto de rescatar, promover y difundir las costumbres y tradiciones mexicanas, la Fundaci\u00f3n de Parques y","og_url":"https:\/\/elpuucnoticias.com\/?p=9141","og_site_name":"El Puuc Noticias","article_published_time":"2023-09-09T02:07:44+00:00","article_modified_time":"2023-09-09T02:07:45+00:00","og_image":[{"width":1600,"height":1066,"url":"https:\/\/elpuucnoticias.com\/wp-content\/uploads\/2023\/09\/WhatsApp-Image-2023-09-08-at-11.52.51-AM.jpeg","type":"image\/jpeg"}],"twitter_card":"summary_large_image","twitter_misc":{"Escrito por":"elpuucnoticias","Tiempo de lectura":"2 minutos"},"schema":{"@context":"https:\/\/schema.org","@graph":[{"@type":"WebSite","@id":"https:\/\/elpuucnoticias.com\/#website","url":"https:\/\/elpuucnoticias.com\/","name":"El Puuc Noticias","description":"Noticias - Entretenimiento - Deportes","potentialAction":[{"@type":"SearchAction","target":{"@type":"EntryPoint","urlTemplate":"https:\/\/elpuucnoticias.com\/?s={search_term_string}"},"query-input":"required name=search_term_string"}],"inLanguage":"es"},{"@type":"ImageObject","@id":"https:\/\/elpuucnoticias.com\/?p=9141#primaryimage","inLanguage":"es","url":"https:\/\/elpuucnoticias.com\/wp-content\/uploads\/2023\/09\/WhatsApp-Image-2023-09-08-at-11.52.51-AM.jpeg","contentUrl":"https:\/\/elpuucnoticias.com\/wp-content\/uploads\/2023\/09\/WhatsApp-Image-2023-09-08-at-11.52.51-AM.jpeg","width":1600,"height":1066},{"@type":"WebPage","@id":"https:\/\/elpuucnoticias.com\/?p=9141#webpage","url":"https:\/\/elpuucnoticias.com\/?p=9141","name":"Convocan a artistas pl\u00e1sticos de Cozumel a participar en la exposici\u00f3n colectiva \"D\u00eda de Muertos: un Legado Espiritual\" - El Puuc Noticias","isPartOf":{"@id":"https:\/\/elpuucnoticias.com\/#website"},"primaryImageOfPage":{"@id":"https:\/\/elpuucnoticias.com\/?p=9141#primaryimage"},"datePublished":"2023-09-09T02:07:44+00:00","dateModified":"2023-09-09T02:07:45+00:00","author":{"@id":"https:\/\/elpuucnoticias.com\/#\/schema\/person\/d2ea09e4c97f0160b11cdfb1d856bd9e"},"breadcrumb":{"@id":"https:\/\/elpuucnoticias.com\/?p=9141#breadcrumb"},"inLanguage":"es","potentialAction":[{"@type":"ReadAction","target":["https:\/\/elpuucnoticias.com\/?p=9141"]}]},{"@type":"BreadcrumbList","@id":"https:\/\/elpuucnoticias.com\/?p=9141#breadcrumb","itemListElement":[{"@type":"ListItem","position":1,"name":"Portada","item":"https:\/\/elpuucnoticias.com\/"},{"@type":"ListItem","position":2,"name":"Convocan a artistas pl\u00e1sticos de Cozumel a participar en la exposici\u00f3n colectiva \u00abD\u00eda de Muertos: un Legado Espiritual\u00bb"}]},{"@type":"Person","@id":"https:\/\/elpuucnoticias.com\/#\/schema\/person\/d2ea09e4c97f0160b11cdfb1d856bd9e","name":"elpuucnoticias","image":{"@type":"ImageObject","@id":"https:\/\/elpuucnoticias.com\/#personlogo","inLanguage":"es","url":"https:\/\/secure.gravatar.com\/avatar\/5290a43657c74ffa15701dbe5b846bd85cc71930d803c84e91046a7333de6ce2?s=96&d=mm&r=g","contentUrl":"https:\/\/secure.gravatar.com\/avatar\/5290a43657c74ffa15701dbe5b846bd85cc71930d803c84e91046a7333de6ce2?s=96&d=mm&r=g","caption":"elpuucnoticias"},"sameAs":["https:\/\/elpuucnoticias.com"],"url":"https:\/\/elpuucnoticias.com\/?author=1"}]}},"_links":{"self":[{"href":"https:\/\/elpuucnoticias.com\/index.php?rest_route=\/wp\/v2\/posts\/9141","targetHints":{"allow":["GET"]}}],"collection":[{"href":"https:\/\/elpuucnoticias.com\/index.php?rest_route=\/wp\/v2\/posts"}],"about":[{"href":"https:\/\/elpuucnoticias.com\/index.php?rest_route=\/wp\/v2\/types\/post"}],"author":[{"embeddable":true,"href":"https:\/\/elpuucnoticias.com\/index.php?rest_route=\/wp\/v2\/users\/1"}],"replies":[{"embeddable":true,"href":"https:\/\/elpuucnoticias.com\/index.php?rest_route=%2Fwp%2Fv2%2Fcomments&post=9141"}],"version-history":[{"count":1,"href":"https:\/\/elpuucnoticias.com\/index.php?rest_route=\/wp\/v2\/posts\/9141\/revisions"}],"predecessor-version":[{"id":9143,"href":"https:\/\/elpuucnoticias.com\/index.php?rest_route=\/wp\/v2\/posts\/9141\/revisions\/9143"}],"wp:featuredmedia":[{"embeddable":true,"href":"https:\/\/elpuucnoticias.com\/index.php?rest_route=\/wp\/v2\/media\/9142"}],"wp:attachment":[{"href":"https:\/\/elpuucnoticias.com\/index.php?rest_route=%2Fwp%2Fv2%2Fmedia&parent=9141"}],"wp:term":[{"taxonomy":"category","embeddable":true,"href":"https:\/\/elpuucnoticias.com\/index.php?rest_route=%2Fwp%2Fv2%2Fcategories&post=9141"},{"taxonomy":"post_tag","embeddable":true,"href":"https:\/\/elpuucnoticias.com\/index.php?rest_route=%2Fwp%2Fv2%2Ftags&post=9141"}],"curies":[{"name":"wp","href":"https:\/\/api.w.org\/{rel}","templated":true}]}}