{"id":915,"date":"2022-04-06T16:02:25","date_gmt":"2022-04-06T22:02:25","guid":{"rendered":"https:\/\/elpuucnoticias.com\/?p=915"},"modified":"2022-04-06T16:05:46","modified_gmt":"2022-04-06T22:05:46","slug":"investigaran-a-profesor-que-falta-mucho-a-clases-en-la-secundaria-emiliano-zapata-de-tekax","status":"publish","type":"post","link":"https:\/\/elpuucnoticias.com\/?p=915","title":{"rendered":"Investigar\u00e1n a profesor que falta mucho a clases en la secundaria Emiliano Zapata de Tekax"},"content":{"rendered":"\n<p>Padres de familia de la secundaria federal Emiliano Zapata de Tekax piden medidas contra el profesor Ceferino G.A. a quienes acusan de faltar mucho a su trabajo y que sus hijos, por segundo trimestre, no tienen calificaci\u00f3n de matem\u00e1ticas, asignatura que debe impartir esa persona.<\/p>\n\n\n\n<p>Los quejosos denuncian tambi\u00e9n que los alumnos estar\u00edan amenazados por el profesor de que si lo acusan \u00ables va a ir peor\u00bb. Esta ma\u00f1ana varios padres de familia con pancartas en mano se manifestaron en la escuela.<\/p>\n\n\n\n<figure class=\"wp-block-gallery has-nested-images columns-default is-cropped wp-block-gallery-1 is-layout-flex wp-block-gallery-is-layout-flex\">\n<figure class=\"wp-block-image size-large\"><img loading=\"lazy\" decoding=\"async\" width=\"1024\" height=\"768\" data-id=\"918\" src=\"https:\/\/elpuucnoticias.com\/wp-content\/uploads\/2022\/04\/protesta-escuela-tekax-4-1024x768.jpeg\" alt=\"\" class=\"wp-image-918\" srcset=\"https:\/\/elpuucnoticias.com\/wp-content\/uploads\/2022\/04\/protesta-escuela-tekax-4-1024x768.jpeg 1024w, https:\/\/elpuucnoticias.com\/wp-content\/uploads\/2022\/04\/protesta-escuela-tekax-4-300x225.jpeg 300w, https:\/\/elpuucnoticias.com\/wp-content\/uploads\/2022\/04\/protesta-escuela-tekax-4-768x576.jpeg 768w, https:\/\/elpuucnoticias.com\/wp-content\/uploads\/2022\/04\/protesta-escuela-tekax-4.jpeg 1040w\" sizes=\"auto, (max-width: 1024px) 100vw, 1024px\" \/><\/figure>\n<\/figure>\n\n\n\n<p>Aseguran tambi\u00e9n que esa persona mete licencia de 7 y 15 d\u00edas para faltar a la escuela y lamentan que la directora del plantel, Guadalupe \u00c1vila Buenfil, no investigue sobre el origen de esas licencias.<\/p>\n\n\n\n<p>\u00abQueremos un maestro que si tenga ganas de trabajar y atienda a nuestros hijos, ya no queremos al profesor de matem\u00e1ticas Ceferino G.A.\u00bb, denuncian.<\/p>\n\n\n\n<figure class=\"wp-block-image size-large is-resized\"><img loading=\"lazy\" decoding=\"async\" src=\"https:\/\/elpuucnoticias.com\/wp-content\/uploads\/2022\/03\/itssy-inscripciones-1024x478.jpg\" alt=\"\" class=\"wp-image-303\" width=\"423\" height=\"197\" srcset=\"https:\/\/elpuucnoticias.com\/wp-content\/uploads\/2022\/03\/itssy-inscripciones-1024x478.jpg 1024w, https:\/\/elpuucnoticias.com\/wp-content\/uploads\/2022\/03\/itssy-inscripciones-300x140.jpg 300w, https:\/\/elpuucnoticias.com\/wp-content\/uploads\/2022\/03\/itssy-inscripciones-768x358.jpg 768w, https:\/\/elpuucnoticias.com\/wp-content\/uploads\/2022\/03\/itssy-inscripciones.jpg 1080w\" sizes=\"auto, (max-width: 423px) 100vw, 423px\" \/><\/figure>\n\n\n\n<p>Karla Castro, una de las madres de familia que se manifestaron y que ha subido v\u00eddeos en las redes sociales de la protesta, se\u00f1ala que ayer, cuando fue a firmar la boleta de su hijo, se dio cuenta que el alumno no tiene calificaci\u00f3n en la asignatura de matem\u00e1ticas, al igual que otros ni\u00f1os.<\/p>\n\n\n\n<p>Por esa raz\u00f3n los padres de familia se manifestaron este d\u00eda en la secundaria.<\/p>\n\n\n\n<figure class=\"wp-block-gallery has-nested-images columns-default is-cropped wp-block-gallery-2 is-layout-flex wp-block-gallery-is-layout-flex\">\n<figure class=\"wp-block-image size-large\"><img loading=\"lazy\" decoding=\"async\" width=\"1024\" height=\"768\" data-id=\"919\" src=\"https:\/\/elpuucnoticias.com\/wp-content\/uploads\/2022\/04\/protesta-escuela-tekax-1-1024x768.jpeg\" alt=\"\" class=\"wp-image-919\" srcset=\"https:\/\/elpuucnoticias.com\/wp-content\/uploads\/2022\/04\/protesta-escuela-tekax-1-1024x768.jpeg 1024w, https:\/\/elpuucnoticias.com\/wp-content\/uploads\/2022\/04\/protesta-escuela-tekax-1-300x225.jpeg 300w, https:\/\/elpuucnoticias.com\/wp-content\/uploads\/2022\/04\/protesta-escuela-tekax-1-768x576.jpeg 768w, https:\/\/elpuucnoticias.com\/wp-content\/uploads\/2022\/04\/protesta-escuela-tekax-1.jpeg 1040w\" sizes=\"auto, (max-width: 1024px) 100vw, 1024px\" \/><\/figure>\n\n\n\n<figure class=\"wp-block-image size-large\"><img loading=\"lazy\" decoding=\"async\" width=\"768\" height=\"1024\" data-id=\"920\" src=\"https:\/\/elpuucnoticias.com\/wp-content\/uploads\/2022\/04\/protesta-escuela-tekax-5-768x1024.jpeg\" alt=\"\" class=\"wp-image-920\" srcset=\"https:\/\/elpuucnoticias.com\/wp-content\/uploads\/2022\/04\/protesta-escuela-tekax-5-768x1024.jpeg 768w, https:\/\/elpuucnoticias.com\/wp-content\/uploads\/2022\/04\/protesta-escuela-tekax-5-225x300.jpeg 225w, https:\/\/elpuucnoticias.com\/wp-content\/uploads\/2022\/04\/protesta-escuela-tekax-5.jpeg 780w\" sizes=\"auto, (max-width: 768px) 100vw, 768px\" \/><\/figure>\n<\/figure>\n\n\n\n<p>La directora, Guadalupe \u00c1vila Buenfil, se\u00f1ala que este caso ya se hab\u00eda turnado al supervisor escolar, Ram\u00f3n Pech Baas, quien ya se reuni\u00f3 con los padres y se levant\u00f3 un acta con todas las quejas.<\/p>\n\n\n\n<p>El directivo se comprometi\u00f3 a llevar el caso a la Direcci\u00f3n de Educaci\u00f3n Secundaria, en la Secretar\u00eda de Educaci\u00f3n del Gobierno del Estado de Yucat\u00e1n, que dirige Brenda Ruz, para que se tomen cartas en el asunto y se d\u00e9 una respuesta a los quejosos.\u2014 <em>El Puuc Noticias<\/em><\/p>\n","protected":false},"excerpt":{"rendered":"<p>Padres de familia de la secundaria federal Emiliano Zapata de Tekax piden medidas contra el profesor Ceferino G.A.<\/p>\n","protected":false},"author":1,"featured_media":916,"comment_status":"closed","ping_status":"open","sticky":false,"template":"","format":"standard","meta":{"_monsterinsights_skip_tracking":false,"_monsterinsights_sitenote_active":false,"_monsterinsights_sitenote_note":"","_monsterinsights_sitenote_category":0,"footnotes":""},"categories":[11,4],"tags":[],"class_list":["post-915","post","type-post","status-publish","format-standard","has-post-thumbnail","hentry","category-noticias","category-tekax"],"yoast_head":"<!-- This site is optimized with the Yoast SEO plugin v18.3 - https:\/\/yoast.com\/wordpress\/plugins\/seo\/ -->\n<title>Investigar\u00e1n a profesor que falta mucho a clases en la secundaria Emiliano Zapata de Tekax - El Puuc Noticias<\/title>\n<meta name=\"robots\" content=\"index, follow, max-snippet:-1, max-image-preview:large, max-video-preview:-1\" \/>\n<link rel=\"canonical\" href=\"https:\/\/elpuucnoticias.com\/?p=915\" \/>\n<meta property=\"og:locale\" content=\"es_ES\" \/>\n<meta property=\"og:type\" content=\"article\" \/>\n<meta property=\"og:title\" content=\"Investigar\u00e1n a profesor que falta mucho a clases en la secundaria Emiliano Zapata de Tekax - El Puuc Noticias\" \/>\n<meta property=\"og:description\" content=\"Padres de familia de la secundaria federal Emiliano Zapata de Tekax piden medidas contra el profesor Ceferino G.A.\" \/>\n<meta property=\"og:url\" content=\"https:\/\/elpuucnoticias.com\/?p=915\" \/>\n<meta property=\"og:site_name\" content=\"El Puuc Noticias\" \/>\n<meta property=\"article:published_time\" content=\"2022-04-06T22:02:25+00:00\" \/>\n<meta property=\"article:modified_time\" content=\"2022-04-06T22:05:46+00:00\" \/>\n<meta property=\"og:image\" content=\"https:\/\/elpuucnoticias.com\/wp-content\/uploads\/2022\/04\/protesta-escuela-tekax-2.jpeg\" \/>\n\t<meta property=\"og:image:width\" content=\"1040\" \/>\n\t<meta property=\"og:image:height\" content=\"780\" \/>\n\t<meta property=\"og:image:type\" content=\"image\/jpeg\" \/>\n<meta name=\"twitter:card\" content=\"summary_large_image\" \/>\n<meta name=\"twitter:label1\" content=\"Escrito por\" \/>\n\t<meta name=\"twitter:data1\" content=\"elpuucnoticias\" \/>\n\t<meta name=\"twitter:label2\" content=\"Tiempo de lectura\" \/>\n\t<meta name=\"twitter:data2\" content=\"3 minutos\" \/>\n<script type=\"application\/ld+json\" class=\"yoast-schema-graph\">{\"@context\":\"https:\/\/schema.org\",\"@graph\":[{\"@type\":\"WebSite\",\"@id\":\"https:\/\/elpuucnoticias.com\/#website\",\"url\":\"https:\/\/elpuucnoticias.com\/\",\"name\":\"El Puuc Noticias\",\"description\":\"Noticias - Entretenimiento - Deportes\",\"potentialAction\":[{\"@type\":\"SearchAction\",\"target\":{\"@type\":\"EntryPoint\",\"urlTemplate\":\"https:\/\/elpuucnoticias.com\/?s={search_term_string}\"},\"query-input\":\"required name=search_term_string\"}],\"inLanguage\":\"es\"},{\"@type\":\"ImageObject\",\"@id\":\"https:\/\/elpuucnoticias.com\/?p=915#primaryimage\",\"inLanguage\":\"es\",\"url\":\"https:\/\/elpuucnoticias.com\/wp-content\/uploads\/2022\/04\/protesta-escuela-tekax-2.jpeg\",\"contentUrl\":\"https:\/\/elpuucnoticias.com\/wp-content\/uploads\/2022\/04\/protesta-escuela-tekax-2.jpeg\",\"width\":1040,\"height\":780},{\"@type\":\"WebPage\",\"@id\":\"https:\/\/elpuucnoticias.com\/?p=915#webpage\",\"url\":\"https:\/\/elpuucnoticias.com\/?p=915\",\"name\":\"Investigar\u00e1n a profesor que falta mucho a clases en la secundaria Emiliano Zapata de Tekax - El Puuc Noticias\",\"isPartOf\":{\"@id\":\"https:\/\/elpuucnoticias.com\/#website\"},\"primaryImageOfPage\":{\"@id\":\"https:\/\/elpuucnoticias.com\/?p=915#primaryimage\"},\"datePublished\":\"2022-04-06T22:02:25+00:00\",\"dateModified\":\"2022-04-06T22:05:46+00:00\",\"author\":{\"@id\":\"https:\/\/elpuucnoticias.com\/#\/schema\/person\/d2ea09e4c97f0160b11cdfb1d856bd9e\"},\"breadcrumb\":{\"@id\":\"https:\/\/elpuucnoticias.com\/?p=915#breadcrumb\"},\"inLanguage\":\"es\",\"potentialAction\":[{\"@type\":\"ReadAction\",\"target\":[\"https:\/\/elpuucnoticias.com\/?p=915\"]}]},{\"@type\":\"BreadcrumbList\",\"@id\":\"https:\/\/elpuucnoticias.com\/?p=915#breadcrumb\",\"itemListElement\":[{\"@type\":\"ListItem\",\"position\":1,\"name\":\"Portada\",\"item\":\"https:\/\/elpuucnoticias.com\/\"},{\"@type\":\"ListItem\",\"position\":2,\"name\":\"Investigar\u00e1n a profesor que falta mucho a clases en la secundaria Emiliano Zapata de Tekax\"}]},{\"@type\":\"Person\",\"@id\":\"https:\/\/elpuucnoticias.com\/#\/schema\/person\/d2ea09e4c97f0160b11cdfb1d856bd9e\",\"name\":\"elpuucnoticias\",\"image\":{\"@type\":\"ImageObject\",\"@id\":\"https:\/\/elpuucnoticias.com\/#personlogo\",\"inLanguage\":\"es\",\"url\":\"https:\/\/secure.gravatar.com\/avatar\/5290a43657c74ffa15701dbe5b846bd85cc71930d803c84e91046a7333de6ce2?s=96&d=mm&r=g\",\"contentUrl\":\"https:\/\/secure.gravatar.com\/avatar\/5290a43657c74ffa15701dbe5b846bd85cc71930d803c84e91046a7333de6ce2?s=96&d=mm&r=g\",\"caption\":\"elpuucnoticias\"},\"sameAs\":[\"https:\/\/elpuucnoticias.com\"],\"url\":\"https:\/\/elpuucnoticias.com\/?author=1\"}]}<\/script>\n<!-- \/ Yoast SEO plugin. -->","yoast_head_json":{"title":"Investigar\u00e1n a profesor que falta mucho a clases en la secundaria Emiliano Zapata de Tekax - El Puuc Noticias","robots":{"index":"index","follow":"follow","max-snippet":"max-snippet:-1","max-image-preview":"max-image-preview:large","max-video-preview":"max-video-preview:-1"},"canonical":"https:\/\/elpuucnoticias.com\/?p=915","og_locale":"es_ES","og_type":"article","og_title":"Investigar\u00e1n a profesor que falta mucho a clases en la secundaria Emiliano Zapata de Tekax - El Puuc Noticias","og_description":"Padres de familia de la secundaria federal Emiliano Zapata de Tekax piden medidas contra el profesor Ceferino G.A.","og_url":"https:\/\/elpuucnoticias.com\/?p=915","og_site_name":"El Puuc Noticias","article_published_time":"2022-04-06T22:02:25+00:00","article_modified_time":"2022-04-06T22:05:46+00:00","og_image":[{"width":1040,"height":780,"url":"https:\/\/elpuucnoticias.com\/wp-content\/uploads\/2022\/04\/protesta-escuela-tekax-2.jpeg","type":"image\/jpeg"}],"twitter_card":"summary_large_image","twitter_misc":{"Escrito por":"elpuucnoticias","Tiempo de lectura":"3 minutos"},"schema":{"@context":"https:\/\/schema.org","@graph":[{"@type":"WebSite","@id":"https:\/\/elpuucnoticias.com\/#website","url":"https:\/\/elpuucnoticias.com\/","name":"El Puuc Noticias","description":"Noticias - Entretenimiento - Deportes","potentialAction":[{"@type":"SearchAction","target":{"@type":"EntryPoint","urlTemplate":"https:\/\/elpuucnoticias.com\/?s={search_term_string}"},"query-input":"required name=search_term_string"}],"inLanguage":"es"},{"@type":"ImageObject","@id":"https:\/\/elpuucnoticias.com\/?p=915#primaryimage","inLanguage":"es","url":"https:\/\/elpuucnoticias.com\/wp-content\/uploads\/2022\/04\/protesta-escuela-tekax-2.jpeg","contentUrl":"https:\/\/elpuucnoticias.com\/wp-content\/uploads\/2022\/04\/protesta-escuela-tekax-2.jpeg","width":1040,"height":780},{"@type":"WebPage","@id":"https:\/\/elpuucnoticias.com\/?p=915#webpage","url":"https:\/\/elpuucnoticias.com\/?p=915","name":"Investigar\u00e1n a profesor que falta mucho a clases en la secundaria Emiliano Zapata de Tekax - El Puuc Noticias","isPartOf":{"@id":"https:\/\/elpuucnoticias.com\/#website"},"primaryImageOfPage":{"@id":"https:\/\/elpuucnoticias.com\/?p=915#primaryimage"},"datePublished":"2022-04-06T22:02:25+00:00","dateModified":"2022-04-06T22:05:46+00:00","author":{"@id":"https:\/\/elpuucnoticias.com\/#\/schema\/person\/d2ea09e4c97f0160b11cdfb1d856bd9e"},"breadcrumb":{"@id":"https:\/\/elpuucnoticias.com\/?p=915#breadcrumb"},"inLanguage":"es","potentialAction":[{"@type":"ReadAction","target":["https:\/\/elpuucnoticias.com\/?p=915"]}]},{"@type":"BreadcrumbList","@id":"https:\/\/elpuucnoticias.com\/?p=915#breadcrumb","itemListElement":[{"@type":"ListItem","position":1,"name":"Portada","item":"https:\/\/elpuucnoticias.com\/"},{"@type":"ListItem","position":2,"name":"Investigar\u00e1n a profesor que falta mucho a clases en la secundaria Emiliano Zapata de Tekax"}]},{"@type":"Person","@id":"https:\/\/elpuucnoticias.com\/#\/schema\/person\/d2ea09e4c97f0160b11cdfb1d856bd9e","name":"elpuucnoticias","image":{"@type":"ImageObject","@id":"https:\/\/elpuucnoticias.com\/#personlogo","inLanguage":"es","url":"https:\/\/secure.gravatar.com\/avatar\/5290a43657c74ffa15701dbe5b846bd85cc71930d803c84e91046a7333de6ce2?s=96&d=mm&r=g","contentUrl":"https:\/\/secure.gravatar.com\/avatar\/5290a43657c74ffa15701dbe5b846bd85cc71930d803c84e91046a7333de6ce2?s=96&d=mm&r=g","caption":"elpuucnoticias"},"sameAs":["https:\/\/elpuucnoticias.com"],"url":"https:\/\/elpuucnoticias.com\/?author=1"}]}},"_links":{"self":[{"href":"https:\/\/elpuucnoticias.com\/index.php?rest_route=\/wp\/v2\/posts\/915","targetHints":{"allow":["GET"]}}],"collection":[{"href":"https:\/\/elpuucnoticias.com\/index.php?rest_route=\/wp\/v2\/posts"}],"about":[{"href":"https:\/\/elpuucnoticias.com\/index.php?rest_route=\/wp\/v2\/types\/post"}],"author":[{"embeddable":true,"href":"https:\/\/elpuucnoticias.com\/index.php?rest_route=\/wp\/v2\/users\/1"}],"replies":[{"embeddable":true,"href":"https:\/\/elpuucnoticias.com\/index.php?rest_route=%2Fwp%2Fv2%2Fcomments&post=915"}],"version-history":[{"count":2,"href":"https:\/\/elpuucnoticias.com\/index.php?rest_route=\/wp\/v2\/posts\/915\/revisions"}],"predecessor-version":[{"id":924,"href":"https:\/\/elpuucnoticias.com\/index.php?rest_route=\/wp\/v2\/posts\/915\/revisions\/924"}],"wp:featuredmedia":[{"embeddable":true,"href":"https:\/\/elpuucnoticias.com\/index.php?rest_route=\/wp\/v2\/media\/916"}],"wp:attachment":[{"href":"https:\/\/elpuucnoticias.com\/index.php?rest_route=%2Fwp%2Fv2%2Fmedia&parent=915"}],"wp:term":[{"taxonomy":"category","embeddable":true,"href":"https:\/\/elpuucnoticias.com\/index.php?rest_route=%2Fwp%2Fv2%2Fcategories&post=915"},{"taxonomy":"post_tag","embeddable":true,"href":"https:\/\/elpuucnoticias.com\/index.php?rest_route=%2Fwp%2Fv2%2Ftags&post=915"}],"curies":[{"name":"wp","href":"https:\/\/api.w.org\/{rel}","templated":true}]}}