{"id":9248,"date":"2023-09-13T12:59:46","date_gmt":"2023-09-13T18:59:46","guid":{"rendered":"https:\/\/elpuucnoticias.com\/?p=9248"},"modified":"2023-09-13T12:59:47","modified_gmt":"2023-09-13T18:59:47","slug":"sentenciado-a-prision-en-juicio-abreviado-por-violencia-familiar-2","status":"publish","type":"post","link":"https:\/\/elpuucnoticias.com\/?p=9248","title":{"rendered":"Sentenciado a prisi\u00f3n en juicio abreviado por violencia familiar"},"content":{"rendered":"\n<p>Una vez que se cont\u00f3 con la anuencia de las partes involucradas, el Juez de Control accedi\u00f3 a la celebraci\u00f3n de un juicio abreviado, donde se declar\u00f3 penalmente responsable al ciudadano L.A.H. por los delitos de violencia familiar y lesiones, en agravio de su pareja sentimental y por los que fue sentenciado a dos a\u00f1os de prisi\u00f3n.<\/p>\n\n\n\n<p>La Fiscal\u00eda General del Estado (FGE) realiz\u00f3 la indagatoria y expuso los datos y elementos de la carpeta de investigaci\u00f3n que fue judicializada bajo la causa penal 30\/2023, los cuales fueron considerados suficientes por el Juez Primero de Control del Centro de Justicia Oral de Valladolid, para otorgar el fallo condenatorio y sentenciar al encausado a la pena de prisi\u00f3n, adem\u00e1s del pago de la reparaci\u00f3n del da\u00f1o y se le prohibe acercarse a la v\u00edctima.<\/p>\n\n\n\n<p>Cabe recordar que esta representaci\u00f3n social logr\u00f3 establecer que el sentenciado tuvo una relaci\u00f3n de cinco a\u00f1os con la v\u00edctima, viviendo cada uno en sus domicilios en la localidad de Moctezuma, comisar\u00eda de Tizim\u00edn, pero a ra\u00edz de constantes viajes de la agraviada a Canc\u00fan, fue v\u00edctima de agresiones a causa de los celos de su pareja.<\/p>\n\n\n\n<p>El d\u00eda 6 de abril, en las puertas del domicilio de la denunciante, el acusado la agredi\u00f3 f\u00edsicamente y el hecho se repiti\u00f3 el d\u00eda 10, caus\u00e1ndole lesiones que tardan hasta 15 d\u00edas en sanar, todo esto con el fin de presionarla para que se vaya a vivir con \u00e9l, a pesar de que ella se ha negado.<\/p>\n\n\n\n<p>Entre las penas otorgadas por la autoridad judicial, se encuentran tambi\u00e9n la suspensi\u00f3n de los derechos pol\u00edticos del sentenciado y tambi\u00e9n recibi\u00f3 amonestaci\u00f3n p\u00fablica.<\/p>\n\n\n\n<p>Por \u00faltimo, la sentencia qued\u00f3 en firme, una vez que se renunci\u00f3 a los tiempos y se dispens\u00f3 la lectura de la misma.<\/p>\n","protected":false},"excerpt":{"rendered":"<p>Una vez que se cont\u00f3 con la anuencia de las partes involucradas, el Juez de Control accedi\u00f3 a<\/p>\n","protected":false},"author":1,"featured_media":9254,"comment_status":"closed","ping_status":"open","sticky":false,"template":"","format":"standard","meta":{"_monsterinsights_skip_tracking":false,"_monsterinsights_sitenote_active":false,"_monsterinsights_sitenote_note":"","_monsterinsights_sitenote_category":0,"footnotes":""},"categories":[3],"tags":[],"class_list":["post-9248","post","type-post","status-publish","format-standard","has-post-thumbnail","hentry","category-policiacas"],"yoast_head":"<!-- This site is optimized with the Yoast SEO plugin v18.3 - https:\/\/yoast.com\/wordpress\/plugins\/seo\/ -->\n<title>Sentenciado a prisi\u00f3n en juicio abreviado por violencia familiar - El Puuc Noticias<\/title>\n<meta name=\"robots\" content=\"index, follow, max-snippet:-1, max-image-preview:large, max-video-preview:-1\" \/>\n<link rel=\"canonical\" href=\"https:\/\/elpuucnoticias.com\/?p=9248\" \/>\n<meta property=\"og:locale\" content=\"es_ES\" \/>\n<meta property=\"og:type\" content=\"article\" \/>\n<meta property=\"og:title\" content=\"Sentenciado a prisi\u00f3n en juicio abreviado por violencia familiar - El Puuc Noticias\" \/>\n<meta property=\"og:description\" content=\"Una vez que se cont\u00f3 con la anuencia de las partes involucradas, el Juez de Control accedi\u00f3 a\" \/>\n<meta property=\"og:url\" content=\"https:\/\/elpuucnoticias.com\/?p=9248\" \/>\n<meta property=\"og:site_name\" content=\"El Puuc Noticias\" \/>\n<meta property=\"article:published_time\" content=\"2023-09-13T18:59:46+00:00\" \/>\n<meta property=\"article:modified_time\" content=\"2023-09-13T18:59:47+00:00\" \/>\n<meta property=\"og:image\" content=\"https:\/\/elpuucnoticias.com\/wp-content\/uploads\/2023\/09\/fiscalia-3.jpg\" \/>\n\t<meta property=\"og:image:width\" content=\"1466\" \/>\n\t<meta property=\"og:image:height\" content=\"978\" \/>\n\t<meta property=\"og:image:type\" content=\"image\/jpeg\" \/>\n<meta name=\"twitter:card\" content=\"summary_large_image\" \/>\n<meta name=\"twitter:label1\" content=\"Escrito por\" \/>\n\t<meta name=\"twitter:data1\" content=\"elpuucnoticias\" \/>\n\t<meta name=\"twitter:label2\" content=\"Tiempo de lectura\" \/>\n\t<meta name=\"twitter:data2\" content=\"2 minutos\" \/>\n<script type=\"application\/ld+json\" class=\"yoast-schema-graph\">{\"@context\":\"https:\/\/schema.org\",\"@graph\":[{\"@type\":\"WebSite\",\"@id\":\"https:\/\/elpuucnoticias.com\/#website\",\"url\":\"https:\/\/elpuucnoticias.com\/\",\"name\":\"El Puuc Noticias\",\"description\":\"Noticias - Entretenimiento - Deportes\",\"potentialAction\":[{\"@type\":\"SearchAction\",\"target\":{\"@type\":\"EntryPoint\",\"urlTemplate\":\"https:\/\/elpuucnoticias.com\/?s={search_term_string}\"},\"query-input\":\"required name=search_term_string\"}],\"inLanguage\":\"es\"},{\"@type\":\"ImageObject\",\"@id\":\"https:\/\/elpuucnoticias.com\/?p=9248#primaryimage\",\"inLanguage\":\"es\",\"url\":\"https:\/\/elpuucnoticias.com\/wp-content\/uploads\/2023\/09\/fiscalia-3.jpg\",\"contentUrl\":\"https:\/\/elpuucnoticias.com\/wp-content\/uploads\/2023\/09\/fiscalia-3.jpg\",\"width\":1466,\"height\":978},{\"@type\":\"WebPage\",\"@id\":\"https:\/\/elpuucnoticias.com\/?p=9248#webpage\",\"url\":\"https:\/\/elpuucnoticias.com\/?p=9248\",\"name\":\"Sentenciado a prisi\u00f3n en juicio abreviado por violencia familiar - El Puuc Noticias\",\"isPartOf\":{\"@id\":\"https:\/\/elpuucnoticias.com\/#website\"},\"primaryImageOfPage\":{\"@id\":\"https:\/\/elpuucnoticias.com\/?p=9248#primaryimage\"},\"datePublished\":\"2023-09-13T18:59:46+00:00\",\"dateModified\":\"2023-09-13T18:59:47+00:00\",\"author\":{\"@id\":\"https:\/\/elpuucnoticias.com\/#\/schema\/person\/d2ea09e4c97f0160b11cdfb1d856bd9e\"},\"breadcrumb\":{\"@id\":\"https:\/\/elpuucnoticias.com\/?p=9248#breadcrumb\"},\"inLanguage\":\"es\",\"potentialAction\":[{\"@type\":\"ReadAction\",\"target\":[\"https:\/\/elpuucnoticias.com\/?p=9248\"]}]},{\"@type\":\"BreadcrumbList\",\"@id\":\"https:\/\/elpuucnoticias.com\/?p=9248#breadcrumb\",\"itemListElement\":[{\"@type\":\"ListItem\",\"position\":1,\"name\":\"Portada\",\"item\":\"https:\/\/elpuucnoticias.com\/\"},{\"@type\":\"ListItem\",\"position\":2,\"name\":\"Sentenciado a prisi\u00f3n en juicio abreviado por violencia familiar\"}]},{\"@type\":\"Person\",\"@id\":\"https:\/\/elpuucnoticias.com\/#\/schema\/person\/d2ea09e4c97f0160b11cdfb1d856bd9e\",\"name\":\"elpuucnoticias\",\"image\":{\"@type\":\"ImageObject\",\"@id\":\"https:\/\/elpuucnoticias.com\/#personlogo\",\"inLanguage\":\"es\",\"url\":\"https:\/\/secure.gravatar.com\/avatar\/5290a43657c74ffa15701dbe5b846bd85cc71930d803c84e91046a7333de6ce2?s=96&d=mm&r=g\",\"contentUrl\":\"https:\/\/secure.gravatar.com\/avatar\/5290a43657c74ffa15701dbe5b846bd85cc71930d803c84e91046a7333de6ce2?s=96&d=mm&r=g\",\"caption\":\"elpuucnoticias\"},\"sameAs\":[\"https:\/\/elpuucnoticias.com\"],\"url\":\"https:\/\/elpuucnoticias.com\/?author=1\"}]}<\/script>\n<!-- \/ Yoast SEO plugin. -->","yoast_head_json":{"title":"Sentenciado a prisi\u00f3n en juicio abreviado por violencia familiar - El Puuc Noticias","robots":{"index":"index","follow":"follow","max-snippet":"max-snippet:-1","max-image-preview":"max-image-preview:large","max-video-preview":"max-video-preview:-1"},"canonical":"https:\/\/elpuucnoticias.com\/?p=9248","og_locale":"es_ES","og_type":"article","og_title":"Sentenciado a prisi\u00f3n en juicio abreviado por violencia familiar - El Puuc Noticias","og_description":"Una vez que se cont\u00f3 con la anuencia de las partes involucradas, el Juez de Control accedi\u00f3 a","og_url":"https:\/\/elpuucnoticias.com\/?p=9248","og_site_name":"El Puuc Noticias","article_published_time":"2023-09-13T18:59:46+00:00","article_modified_time":"2023-09-13T18:59:47+00:00","og_image":[{"width":1466,"height":978,"url":"https:\/\/elpuucnoticias.com\/wp-content\/uploads\/2023\/09\/fiscalia-3.jpg","type":"image\/jpeg"}],"twitter_card":"summary_large_image","twitter_misc":{"Escrito por":"elpuucnoticias","Tiempo de lectura":"2 minutos"},"schema":{"@context":"https:\/\/schema.org","@graph":[{"@type":"WebSite","@id":"https:\/\/elpuucnoticias.com\/#website","url":"https:\/\/elpuucnoticias.com\/","name":"El Puuc Noticias","description":"Noticias - Entretenimiento - Deportes","potentialAction":[{"@type":"SearchAction","target":{"@type":"EntryPoint","urlTemplate":"https:\/\/elpuucnoticias.com\/?s={search_term_string}"},"query-input":"required name=search_term_string"}],"inLanguage":"es"},{"@type":"ImageObject","@id":"https:\/\/elpuucnoticias.com\/?p=9248#primaryimage","inLanguage":"es","url":"https:\/\/elpuucnoticias.com\/wp-content\/uploads\/2023\/09\/fiscalia-3.jpg","contentUrl":"https:\/\/elpuucnoticias.com\/wp-content\/uploads\/2023\/09\/fiscalia-3.jpg","width":1466,"height":978},{"@type":"WebPage","@id":"https:\/\/elpuucnoticias.com\/?p=9248#webpage","url":"https:\/\/elpuucnoticias.com\/?p=9248","name":"Sentenciado a prisi\u00f3n en juicio abreviado por violencia familiar - El Puuc Noticias","isPartOf":{"@id":"https:\/\/elpuucnoticias.com\/#website"},"primaryImageOfPage":{"@id":"https:\/\/elpuucnoticias.com\/?p=9248#primaryimage"},"datePublished":"2023-09-13T18:59:46+00:00","dateModified":"2023-09-13T18:59:47+00:00","author":{"@id":"https:\/\/elpuucnoticias.com\/#\/schema\/person\/d2ea09e4c97f0160b11cdfb1d856bd9e"},"breadcrumb":{"@id":"https:\/\/elpuucnoticias.com\/?p=9248#breadcrumb"},"inLanguage":"es","potentialAction":[{"@type":"ReadAction","target":["https:\/\/elpuucnoticias.com\/?p=9248"]}]},{"@type":"BreadcrumbList","@id":"https:\/\/elpuucnoticias.com\/?p=9248#breadcrumb","itemListElement":[{"@type":"ListItem","position":1,"name":"Portada","item":"https:\/\/elpuucnoticias.com\/"},{"@type":"ListItem","position":2,"name":"Sentenciado a prisi\u00f3n en juicio abreviado por violencia familiar"}]},{"@type":"Person","@id":"https:\/\/elpuucnoticias.com\/#\/schema\/person\/d2ea09e4c97f0160b11cdfb1d856bd9e","name":"elpuucnoticias","image":{"@type":"ImageObject","@id":"https:\/\/elpuucnoticias.com\/#personlogo","inLanguage":"es","url":"https:\/\/secure.gravatar.com\/avatar\/5290a43657c74ffa15701dbe5b846bd85cc71930d803c84e91046a7333de6ce2?s=96&d=mm&r=g","contentUrl":"https:\/\/secure.gravatar.com\/avatar\/5290a43657c74ffa15701dbe5b846bd85cc71930d803c84e91046a7333de6ce2?s=96&d=mm&r=g","caption":"elpuucnoticias"},"sameAs":["https:\/\/elpuucnoticias.com"],"url":"https:\/\/elpuucnoticias.com\/?author=1"}]}},"_links":{"self":[{"href":"https:\/\/elpuucnoticias.com\/index.php?rest_route=\/wp\/v2\/posts\/9248","targetHints":{"allow":["GET"]}}],"collection":[{"href":"https:\/\/elpuucnoticias.com\/index.php?rest_route=\/wp\/v2\/posts"}],"about":[{"href":"https:\/\/elpuucnoticias.com\/index.php?rest_route=\/wp\/v2\/types\/post"}],"author":[{"embeddable":true,"href":"https:\/\/elpuucnoticias.com\/index.php?rest_route=\/wp\/v2\/users\/1"}],"replies":[{"embeddable":true,"href":"https:\/\/elpuucnoticias.com\/index.php?rest_route=%2Fwp%2Fv2%2Fcomments&post=9248"}],"version-history":[{"count":1,"href":"https:\/\/elpuucnoticias.com\/index.php?rest_route=\/wp\/v2\/posts\/9248\/revisions"}],"predecessor-version":[{"id":9258,"href":"https:\/\/elpuucnoticias.com\/index.php?rest_route=\/wp\/v2\/posts\/9248\/revisions\/9258"}],"wp:featuredmedia":[{"embeddable":true,"href":"https:\/\/elpuucnoticias.com\/index.php?rest_route=\/wp\/v2\/media\/9254"}],"wp:attachment":[{"href":"https:\/\/elpuucnoticias.com\/index.php?rest_route=%2Fwp%2Fv2%2Fmedia&parent=9248"}],"wp:term":[{"taxonomy":"category","embeddable":true,"href":"https:\/\/elpuucnoticias.com\/index.php?rest_route=%2Fwp%2Fv2%2Fcategories&post=9248"},{"taxonomy":"post_tag","embeddable":true,"href":"https:\/\/elpuucnoticias.com\/index.php?rest_route=%2Fwp%2Fv2%2Ftags&post=9248"}],"curies":[{"name":"wp","href":"https:\/\/api.w.org\/{rel}","templated":true}]}}