{"id":9259,"date":"2023-09-13T13:01:57","date_gmt":"2023-09-13T19:01:57","guid":{"rendered":"https:\/\/elpuucnoticias.com\/?p=9259"},"modified":"2023-09-13T13:01:58","modified_gmt":"2023-09-13T19:01:58","slug":"imputado-y-en-prision-por-intento-de-feminicidio-en-tizimin","status":"publish","type":"post","link":"https:\/\/elpuucnoticias.com\/?p=9259","title":{"rendered":"Imputado y en prisi\u00f3n por intento de feminicidio en Tizim\u00edn"},"content":{"rendered":"\n<p>Por el delito de feminicidio en grado de tentativa, la Fiscal\u00eda General del Estado (FGE) formul\u00f3 la imputaci\u00f3n del delito a V.A.T.C., luego de los hechos ocurridos la semana pasada en Tizim\u00edn en agravio de su pareja sentimental, por lo que permanecer\u00e1 bajo la medida cautelar de prisi\u00f3n preventiva.<\/p>\n\n\n\n<p>En la audiencia celebrada ante el Juzgado Primero de Control del Quinto Distrito, con sede en Valladolid, los fiscales de litigaci\u00f3n formularon la imputaci\u00f3n de los hechos y argumentaron la vinculaci\u00f3n a proceso del encausado, quien solicit\u00f3 que su situaci\u00f3n se resolviera dentro del plazo constitucional, por lo que la autoridad judicial estableci\u00f3 que la audiencia se reanude el pr\u00f3ximo 16 de septiembre.<\/p>\n\n\n\n<p>Los hechos, reunidos por los especialistas de la Fiscal\u00eda, ocurrieron el pasado ocho de septiembre, en un predio ubicado en la colonia San Martin de la citada localidad, donde el encausado le lanz\u00f3 a la v\u00edctima dos tajos con un hacha, pero \u00e9sta logr\u00f3 cubrirse con el antebrazo caus\u00e1ndole lesiones en dicha parte del cuerpo.<\/p>\n\n\n\n<p>Por \u00faltimo, antes de concluir a diligencia, esta representaci\u00f3n social expuso los argumentos para sustentar la solicitud de la prisi\u00f3n preventiva oficiosa como medida cautelar, la cual fue concedida por la Juez de Control por todo el tiempo que dure el proceso, por lo que el encausado permanecer\u00e1 privado de su libertad hasta esclarecer su participaci\u00f3n en los hechos denunciados.<\/p>\n","protected":false},"excerpt":{"rendered":"<p>Por el delito de feminicidio en grado de tentativa, la Fiscal\u00eda General del Estado (FGE) formul\u00f3 la imputaci\u00f3n<\/p>\n","protected":false},"author":1,"featured_media":9250,"comment_status":"closed","ping_status":"open","sticky":false,"template":"","format":"standard","meta":{"_monsterinsights_skip_tracking":false,"_monsterinsights_sitenote_active":false,"_monsterinsights_sitenote_note":"","_monsterinsights_sitenote_category":0,"footnotes":""},"categories":[3],"tags":[],"class_list":["post-9259","post","type-post","status-publish","format-standard","has-post-thumbnail","hentry","category-policiacas"],"yoast_head":"<!-- This site is optimized with the Yoast SEO plugin v18.3 - https:\/\/yoast.com\/wordpress\/plugins\/seo\/ -->\n<title>Imputado y en prisi\u00f3n por intento de feminicidio en Tizim\u00edn - El Puuc Noticias<\/title>\n<meta name=\"robots\" content=\"index, follow, max-snippet:-1, max-image-preview:large, max-video-preview:-1\" \/>\n<link rel=\"canonical\" href=\"https:\/\/elpuucnoticias.com\/?p=9259\" \/>\n<meta property=\"og:locale\" content=\"es_ES\" \/>\n<meta property=\"og:type\" content=\"article\" \/>\n<meta property=\"og:title\" content=\"Imputado y en prisi\u00f3n por intento de feminicidio en Tizim\u00edn - El Puuc Noticias\" \/>\n<meta property=\"og:description\" content=\"Por el delito de feminicidio en grado de tentativa, la Fiscal\u00eda General del Estado (FGE) formul\u00f3 la imputaci\u00f3n\" \/>\n<meta property=\"og:url\" content=\"https:\/\/elpuucnoticias.com\/?p=9259\" \/>\n<meta property=\"og:site_name\" content=\"El Puuc Noticias\" \/>\n<meta property=\"article:published_time\" content=\"2023-09-13T19:01:57+00:00\" \/>\n<meta property=\"article:modified_time\" content=\"2023-09-13T19:01:58+00:00\" \/>\n<meta property=\"og:image\" content=\"https:\/\/elpuucnoticias.com\/wp-content\/uploads\/2023\/09\/fiscalia-7.jpg\" \/>\n\t<meta property=\"og:image:width\" content=\"1459\" \/>\n\t<meta property=\"og:image:height\" content=\"973\" \/>\n\t<meta property=\"og:image:type\" content=\"image\/jpeg\" \/>\n<meta name=\"twitter:card\" content=\"summary_large_image\" \/>\n<meta name=\"twitter:label1\" content=\"Escrito por\" \/>\n\t<meta name=\"twitter:data1\" content=\"elpuucnoticias\" \/>\n\t<meta name=\"twitter:label2\" content=\"Tiempo de lectura\" \/>\n\t<meta name=\"twitter:data2\" content=\"2 minutos\" \/>\n<script type=\"application\/ld+json\" class=\"yoast-schema-graph\">{\"@context\":\"https:\/\/schema.org\",\"@graph\":[{\"@type\":\"WebSite\",\"@id\":\"https:\/\/elpuucnoticias.com\/#website\",\"url\":\"https:\/\/elpuucnoticias.com\/\",\"name\":\"El Puuc Noticias\",\"description\":\"Noticias - Entretenimiento - Deportes\",\"potentialAction\":[{\"@type\":\"SearchAction\",\"target\":{\"@type\":\"EntryPoint\",\"urlTemplate\":\"https:\/\/elpuucnoticias.com\/?s={search_term_string}\"},\"query-input\":\"required name=search_term_string\"}],\"inLanguage\":\"es\"},{\"@type\":\"ImageObject\",\"@id\":\"https:\/\/elpuucnoticias.com\/?p=9259#primaryimage\",\"inLanguage\":\"es\",\"url\":\"https:\/\/elpuucnoticias.com\/wp-content\/uploads\/2023\/09\/fiscalia-7.jpg\",\"contentUrl\":\"https:\/\/elpuucnoticias.com\/wp-content\/uploads\/2023\/09\/fiscalia-7.jpg\",\"width\":1459,\"height\":973},{\"@type\":\"WebPage\",\"@id\":\"https:\/\/elpuucnoticias.com\/?p=9259#webpage\",\"url\":\"https:\/\/elpuucnoticias.com\/?p=9259\",\"name\":\"Imputado y en prisi\u00f3n por intento de feminicidio en Tizim\u00edn - El Puuc Noticias\",\"isPartOf\":{\"@id\":\"https:\/\/elpuucnoticias.com\/#website\"},\"primaryImageOfPage\":{\"@id\":\"https:\/\/elpuucnoticias.com\/?p=9259#primaryimage\"},\"datePublished\":\"2023-09-13T19:01:57+00:00\",\"dateModified\":\"2023-09-13T19:01:58+00:00\",\"author\":{\"@id\":\"https:\/\/elpuucnoticias.com\/#\/schema\/person\/d2ea09e4c97f0160b11cdfb1d856bd9e\"},\"breadcrumb\":{\"@id\":\"https:\/\/elpuucnoticias.com\/?p=9259#breadcrumb\"},\"inLanguage\":\"es\",\"potentialAction\":[{\"@type\":\"ReadAction\",\"target\":[\"https:\/\/elpuucnoticias.com\/?p=9259\"]}]},{\"@type\":\"BreadcrumbList\",\"@id\":\"https:\/\/elpuucnoticias.com\/?p=9259#breadcrumb\",\"itemListElement\":[{\"@type\":\"ListItem\",\"position\":1,\"name\":\"Portada\",\"item\":\"https:\/\/elpuucnoticias.com\/\"},{\"@type\":\"ListItem\",\"position\":2,\"name\":\"Imputado y en prisi\u00f3n por intento de feminicidio en Tizim\u00edn\"}]},{\"@type\":\"Person\",\"@id\":\"https:\/\/elpuucnoticias.com\/#\/schema\/person\/d2ea09e4c97f0160b11cdfb1d856bd9e\",\"name\":\"elpuucnoticias\",\"image\":{\"@type\":\"ImageObject\",\"@id\":\"https:\/\/elpuucnoticias.com\/#personlogo\",\"inLanguage\":\"es\",\"url\":\"https:\/\/secure.gravatar.com\/avatar\/5290a43657c74ffa15701dbe5b846bd85cc71930d803c84e91046a7333de6ce2?s=96&d=mm&r=g\",\"contentUrl\":\"https:\/\/secure.gravatar.com\/avatar\/5290a43657c74ffa15701dbe5b846bd85cc71930d803c84e91046a7333de6ce2?s=96&d=mm&r=g\",\"caption\":\"elpuucnoticias\"},\"sameAs\":[\"https:\/\/elpuucnoticias.com\"],\"url\":\"https:\/\/elpuucnoticias.com\/?author=1\"}]}<\/script>\n<!-- \/ Yoast SEO plugin. -->","yoast_head_json":{"title":"Imputado y en prisi\u00f3n por intento de feminicidio en Tizim\u00edn - El Puuc Noticias","robots":{"index":"index","follow":"follow","max-snippet":"max-snippet:-1","max-image-preview":"max-image-preview:large","max-video-preview":"max-video-preview:-1"},"canonical":"https:\/\/elpuucnoticias.com\/?p=9259","og_locale":"es_ES","og_type":"article","og_title":"Imputado y en prisi\u00f3n por intento de feminicidio en Tizim\u00edn - El Puuc Noticias","og_description":"Por el delito de feminicidio en grado de tentativa, la Fiscal\u00eda General del Estado (FGE) formul\u00f3 la imputaci\u00f3n","og_url":"https:\/\/elpuucnoticias.com\/?p=9259","og_site_name":"El Puuc Noticias","article_published_time":"2023-09-13T19:01:57+00:00","article_modified_time":"2023-09-13T19:01:58+00:00","og_image":[{"width":1459,"height":973,"url":"https:\/\/elpuucnoticias.com\/wp-content\/uploads\/2023\/09\/fiscalia-7.jpg","type":"image\/jpeg"}],"twitter_card":"summary_large_image","twitter_misc":{"Escrito por":"elpuucnoticias","Tiempo de lectura":"2 minutos"},"schema":{"@context":"https:\/\/schema.org","@graph":[{"@type":"WebSite","@id":"https:\/\/elpuucnoticias.com\/#website","url":"https:\/\/elpuucnoticias.com\/","name":"El Puuc Noticias","description":"Noticias - Entretenimiento - Deportes","potentialAction":[{"@type":"SearchAction","target":{"@type":"EntryPoint","urlTemplate":"https:\/\/elpuucnoticias.com\/?s={search_term_string}"},"query-input":"required name=search_term_string"}],"inLanguage":"es"},{"@type":"ImageObject","@id":"https:\/\/elpuucnoticias.com\/?p=9259#primaryimage","inLanguage":"es","url":"https:\/\/elpuucnoticias.com\/wp-content\/uploads\/2023\/09\/fiscalia-7.jpg","contentUrl":"https:\/\/elpuucnoticias.com\/wp-content\/uploads\/2023\/09\/fiscalia-7.jpg","width":1459,"height":973},{"@type":"WebPage","@id":"https:\/\/elpuucnoticias.com\/?p=9259#webpage","url":"https:\/\/elpuucnoticias.com\/?p=9259","name":"Imputado y en prisi\u00f3n por intento de feminicidio en Tizim\u00edn - El Puuc Noticias","isPartOf":{"@id":"https:\/\/elpuucnoticias.com\/#website"},"primaryImageOfPage":{"@id":"https:\/\/elpuucnoticias.com\/?p=9259#primaryimage"},"datePublished":"2023-09-13T19:01:57+00:00","dateModified":"2023-09-13T19:01:58+00:00","author":{"@id":"https:\/\/elpuucnoticias.com\/#\/schema\/person\/d2ea09e4c97f0160b11cdfb1d856bd9e"},"breadcrumb":{"@id":"https:\/\/elpuucnoticias.com\/?p=9259#breadcrumb"},"inLanguage":"es","potentialAction":[{"@type":"ReadAction","target":["https:\/\/elpuucnoticias.com\/?p=9259"]}]},{"@type":"BreadcrumbList","@id":"https:\/\/elpuucnoticias.com\/?p=9259#breadcrumb","itemListElement":[{"@type":"ListItem","position":1,"name":"Portada","item":"https:\/\/elpuucnoticias.com\/"},{"@type":"ListItem","position":2,"name":"Imputado y en prisi\u00f3n por intento de feminicidio en Tizim\u00edn"}]},{"@type":"Person","@id":"https:\/\/elpuucnoticias.com\/#\/schema\/person\/d2ea09e4c97f0160b11cdfb1d856bd9e","name":"elpuucnoticias","image":{"@type":"ImageObject","@id":"https:\/\/elpuucnoticias.com\/#personlogo","inLanguage":"es","url":"https:\/\/secure.gravatar.com\/avatar\/5290a43657c74ffa15701dbe5b846bd85cc71930d803c84e91046a7333de6ce2?s=96&d=mm&r=g","contentUrl":"https:\/\/secure.gravatar.com\/avatar\/5290a43657c74ffa15701dbe5b846bd85cc71930d803c84e91046a7333de6ce2?s=96&d=mm&r=g","caption":"elpuucnoticias"},"sameAs":["https:\/\/elpuucnoticias.com"],"url":"https:\/\/elpuucnoticias.com\/?author=1"}]}},"_links":{"self":[{"href":"https:\/\/elpuucnoticias.com\/index.php?rest_route=\/wp\/v2\/posts\/9259","targetHints":{"allow":["GET"]}}],"collection":[{"href":"https:\/\/elpuucnoticias.com\/index.php?rest_route=\/wp\/v2\/posts"}],"about":[{"href":"https:\/\/elpuucnoticias.com\/index.php?rest_route=\/wp\/v2\/types\/post"}],"author":[{"embeddable":true,"href":"https:\/\/elpuucnoticias.com\/index.php?rest_route=\/wp\/v2\/users\/1"}],"replies":[{"embeddable":true,"href":"https:\/\/elpuucnoticias.com\/index.php?rest_route=%2Fwp%2Fv2%2Fcomments&post=9259"}],"version-history":[{"count":1,"href":"https:\/\/elpuucnoticias.com\/index.php?rest_route=\/wp\/v2\/posts\/9259\/revisions"}],"predecessor-version":[{"id":9260,"href":"https:\/\/elpuucnoticias.com\/index.php?rest_route=\/wp\/v2\/posts\/9259\/revisions\/9260"}],"wp:featuredmedia":[{"embeddable":true,"href":"https:\/\/elpuucnoticias.com\/index.php?rest_route=\/wp\/v2\/media\/9250"}],"wp:attachment":[{"href":"https:\/\/elpuucnoticias.com\/index.php?rest_route=%2Fwp%2Fv2%2Fmedia&parent=9259"}],"wp:term":[{"taxonomy":"category","embeddable":true,"href":"https:\/\/elpuucnoticias.com\/index.php?rest_route=%2Fwp%2Fv2%2Fcategories&post=9259"},{"taxonomy":"post_tag","embeddable":true,"href":"https:\/\/elpuucnoticias.com\/index.php?rest_route=%2Fwp%2Fv2%2Ftags&post=9259"}],"curies":[{"name":"wp","href":"https:\/\/api.w.org\/{rel}","templated":true}]}}