{"id":9658,"date":"2023-09-22T13:54:53","date_gmt":"2023-09-22T19:54:53","guid":{"rendered":"https:\/\/elpuucnoticias.com\/?p=9658"},"modified":"2023-09-22T13:54:54","modified_gmt":"2023-09-22T19:54:54","slug":"la-alcaldesa-de-akil-iginia-zapata-chi-anuncia-campana-de-vacunacion-canina-y-felina-para-la-proxima-semana","status":"publish","type":"post","link":"https:\/\/elpuucnoticias.com\/?p=9658","title":{"rendered":"La alcaldesa de Akil, Iginia Zapata Chi, anuncia campa\u00f1a de vacunaci\u00f3n canina y felina para la pr\u00f3xima semana"},"content":{"rendered":"\n<p>La alcaldesa de Akil, Iginia Zapata Chi, informa que del 25 al 30 de septiembre se realizar\u00e1n las jornadas de vacunaci\u00f3n antirr\u00e1bica canina y felina para el municipio.<\/p>\n\n\n\n<p>Las autoridades hacen un llamado a la comunidad para participar llevando a sus animalitos al m\u00f3dulo de vacunaci\u00f3n.<\/p>\n\n\n\n<p>El lunes el m\u00f3dulo estar\u00e1 en los bajos del Palacio Municipal, el martes en la colonia 20 de noviembre, el mi\u00e9rcoles estar\u00e1 en el mercado municipal, el jueves 28 en la colonia Hidalgo, el viernes en el campo Centenario, y el s\u00e1bado en la colonia Benito Ju\u00e1rez.\u2014 <em>Nelson Bacab Poot<\/em><\/p>\n","protected":false},"excerpt":{"rendered":"<p>La alcaldesa de Akil, Iginia Zapata Chi, informa que del 25 al 30 de septiembre se realizar\u00e1n las<\/p>\n","protected":false},"author":1,"featured_media":9669,"comment_status":"closed","ping_status":"open","sticky":false,"template":"","format":"standard","meta":{"_monsterinsights_skip_tracking":false,"_monsterinsights_sitenote_active":false,"_monsterinsights_sitenote_note":"","_monsterinsights_sitenote_category":0,"footnotes":""},"categories":[25,11],"tags":[],"class_list":["post-9658","post","type-post","status-publish","format-standard","has-post-thumbnail","hentry","category-akil","category-noticias"],"yoast_head":"<!-- This site is optimized with the Yoast SEO plugin v18.3 - https:\/\/yoast.com\/wordpress\/plugins\/seo\/ -->\n<title>La alcaldesa de Akil, Iginia Zapata Chi, anuncia campa\u00f1a de vacunaci\u00f3n canina y felina para la pr\u00f3xima semana - El Puuc Noticias<\/title>\n<meta name=\"robots\" content=\"index, follow, max-snippet:-1, max-image-preview:large, max-video-preview:-1\" \/>\n<link rel=\"canonical\" href=\"https:\/\/elpuucnoticias.com\/?p=9658\" \/>\n<meta property=\"og:locale\" content=\"es_ES\" \/>\n<meta property=\"og:type\" content=\"article\" \/>\n<meta property=\"og:title\" content=\"La alcaldesa de Akil, Iginia Zapata Chi, anuncia campa\u00f1a de vacunaci\u00f3n canina y felina para la pr\u00f3xima semana - El Puuc Noticias\" \/>\n<meta property=\"og:description\" content=\"La alcaldesa de Akil, Iginia Zapata Chi, informa que del 25 al 30 de septiembre se realizar\u00e1n las\" \/>\n<meta property=\"og:url\" content=\"https:\/\/elpuucnoticias.com\/?p=9658\" \/>\n<meta property=\"og:site_name\" content=\"El Puuc Noticias\" \/>\n<meta property=\"article:published_time\" content=\"2023-09-22T19:54:53+00:00\" \/>\n<meta property=\"article:modified_time\" content=\"2023-09-22T19:54:54+00:00\" \/>\n<meta property=\"og:image\" content=\"https:\/\/elpuucnoticias.com\/wp-content\/uploads\/2023\/09\/antirrabica-1.jpg\" \/>\n\t<meta property=\"og:image:width\" content=\"1903\" \/>\n\t<meta property=\"og:image:height\" content=\"1224\" \/>\n\t<meta property=\"og:image:type\" content=\"image\/jpeg\" \/>\n<meta name=\"twitter:card\" content=\"summary_large_image\" \/>\n<meta name=\"twitter:label1\" content=\"Escrito por\" \/>\n\t<meta name=\"twitter:data1\" content=\"elpuucnoticias\" \/>\n\t<meta name=\"twitter:label2\" content=\"Tiempo de lectura\" \/>\n\t<meta name=\"twitter:data2\" content=\"1 minuto\" \/>\n<script type=\"application\/ld+json\" class=\"yoast-schema-graph\">{\"@context\":\"https:\/\/schema.org\",\"@graph\":[{\"@type\":\"WebSite\",\"@id\":\"https:\/\/elpuucnoticias.com\/#website\",\"url\":\"https:\/\/elpuucnoticias.com\/\",\"name\":\"El Puuc Noticias\",\"description\":\"Noticias - Entretenimiento - Deportes\",\"potentialAction\":[{\"@type\":\"SearchAction\",\"target\":{\"@type\":\"EntryPoint\",\"urlTemplate\":\"https:\/\/elpuucnoticias.com\/?s={search_term_string}\"},\"query-input\":\"required name=search_term_string\"}],\"inLanguage\":\"es\"},{\"@type\":\"ImageObject\",\"@id\":\"https:\/\/elpuucnoticias.com\/?p=9658#primaryimage\",\"inLanguage\":\"es\",\"url\":\"https:\/\/elpuucnoticias.com\/wp-content\/uploads\/2023\/09\/antirrabica-1.jpg\",\"contentUrl\":\"https:\/\/elpuucnoticias.com\/wp-content\/uploads\/2023\/09\/antirrabica-1.jpg\",\"width\":1903,\"height\":1224},{\"@type\":\"WebPage\",\"@id\":\"https:\/\/elpuucnoticias.com\/?p=9658#webpage\",\"url\":\"https:\/\/elpuucnoticias.com\/?p=9658\",\"name\":\"La alcaldesa de Akil, Iginia Zapata Chi, anuncia campa\u00f1a de vacunaci\u00f3n canina y felina para la pr\u00f3xima semana - El Puuc Noticias\",\"isPartOf\":{\"@id\":\"https:\/\/elpuucnoticias.com\/#website\"},\"primaryImageOfPage\":{\"@id\":\"https:\/\/elpuucnoticias.com\/?p=9658#primaryimage\"},\"datePublished\":\"2023-09-22T19:54:53+00:00\",\"dateModified\":\"2023-09-22T19:54:54+00:00\",\"author\":{\"@id\":\"https:\/\/elpuucnoticias.com\/#\/schema\/person\/d2ea09e4c97f0160b11cdfb1d856bd9e\"},\"breadcrumb\":{\"@id\":\"https:\/\/elpuucnoticias.com\/?p=9658#breadcrumb\"},\"inLanguage\":\"es\",\"potentialAction\":[{\"@type\":\"ReadAction\",\"target\":[\"https:\/\/elpuucnoticias.com\/?p=9658\"]}]},{\"@type\":\"BreadcrumbList\",\"@id\":\"https:\/\/elpuucnoticias.com\/?p=9658#breadcrumb\",\"itemListElement\":[{\"@type\":\"ListItem\",\"position\":1,\"name\":\"Portada\",\"item\":\"https:\/\/elpuucnoticias.com\/\"},{\"@type\":\"ListItem\",\"position\":2,\"name\":\"La alcaldesa de Akil, Iginia Zapata Chi, anuncia campa\u00f1a de vacunaci\u00f3n canina y felina para la pr\u00f3xima semana\"}]},{\"@type\":\"Person\",\"@id\":\"https:\/\/elpuucnoticias.com\/#\/schema\/person\/d2ea09e4c97f0160b11cdfb1d856bd9e\",\"name\":\"elpuucnoticias\",\"image\":{\"@type\":\"ImageObject\",\"@id\":\"https:\/\/elpuucnoticias.com\/#personlogo\",\"inLanguage\":\"es\",\"url\":\"https:\/\/secure.gravatar.com\/avatar\/5290a43657c74ffa15701dbe5b846bd85cc71930d803c84e91046a7333de6ce2?s=96&d=mm&r=g\",\"contentUrl\":\"https:\/\/secure.gravatar.com\/avatar\/5290a43657c74ffa15701dbe5b846bd85cc71930d803c84e91046a7333de6ce2?s=96&d=mm&r=g\",\"caption\":\"elpuucnoticias\"},\"sameAs\":[\"https:\/\/elpuucnoticias.com\"],\"url\":\"https:\/\/elpuucnoticias.com\/?author=1\"}]}<\/script>\n<!-- \/ Yoast SEO plugin. -->","yoast_head_json":{"title":"La alcaldesa de Akil, Iginia Zapata Chi, anuncia campa\u00f1a de vacunaci\u00f3n canina y felina para la pr\u00f3xima semana - El Puuc Noticias","robots":{"index":"index","follow":"follow","max-snippet":"max-snippet:-1","max-image-preview":"max-image-preview:large","max-video-preview":"max-video-preview:-1"},"canonical":"https:\/\/elpuucnoticias.com\/?p=9658","og_locale":"es_ES","og_type":"article","og_title":"La alcaldesa de Akil, Iginia Zapata Chi, anuncia campa\u00f1a de vacunaci\u00f3n canina y felina para la pr\u00f3xima semana - El Puuc Noticias","og_description":"La alcaldesa de Akil, Iginia Zapata Chi, informa que del 25 al 30 de septiembre se realizar\u00e1n las","og_url":"https:\/\/elpuucnoticias.com\/?p=9658","og_site_name":"El Puuc Noticias","article_published_time":"2023-09-22T19:54:53+00:00","article_modified_time":"2023-09-22T19:54:54+00:00","og_image":[{"width":1903,"height":1224,"url":"https:\/\/elpuucnoticias.com\/wp-content\/uploads\/2023\/09\/antirrabica-1.jpg","type":"image\/jpeg"}],"twitter_card":"summary_large_image","twitter_misc":{"Escrito por":"elpuucnoticias","Tiempo de lectura":"1 minuto"},"schema":{"@context":"https:\/\/schema.org","@graph":[{"@type":"WebSite","@id":"https:\/\/elpuucnoticias.com\/#website","url":"https:\/\/elpuucnoticias.com\/","name":"El Puuc Noticias","description":"Noticias - Entretenimiento - Deportes","potentialAction":[{"@type":"SearchAction","target":{"@type":"EntryPoint","urlTemplate":"https:\/\/elpuucnoticias.com\/?s={search_term_string}"},"query-input":"required name=search_term_string"}],"inLanguage":"es"},{"@type":"ImageObject","@id":"https:\/\/elpuucnoticias.com\/?p=9658#primaryimage","inLanguage":"es","url":"https:\/\/elpuucnoticias.com\/wp-content\/uploads\/2023\/09\/antirrabica-1.jpg","contentUrl":"https:\/\/elpuucnoticias.com\/wp-content\/uploads\/2023\/09\/antirrabica-1.jpg","width":1903,"height":1224},{"@type":"WebPage","@id":"https:\/\/elpuucnoticias.com\/?p=9658#webpage","url":"https:\/\/elpuucnoticias.com\/?p=9658","name":"La alcaldesa de Akil, Iginia Zapata Chi, anuncia campa\u00f1a de vacunaci\u00f3n canina y felina para la pr\u00f3xima semana - El Puuc Noticias","isPartOf":{"@id":"https:\/\/elpuucnoticias.com\/#website"},"primaryImageOfPage":{"@id":"https:\/\/elpuucnoticias.com\/?p=9658#primaryimage"},"datePublished":"2023-09-22T19:54:53+00:00","dateModified":"2023-09-22T19:54:54+00:00","author":{"@id":"https:\/\/elpuucnoticias.com\/#\/schema\/person\/d2ea09e4c97f0160b11cdfb1d856bd9e"},"breadcrumb":{"@id":"https:\/\/elpuucnoticias.com\/?p=9658#breadcrumb"},"inLanguage":"es","potentialAction":[{"@type":"ReadAction","target":["https:\/\/elpuucnoticias.com\/?p=9658"]}]},{"@type":"BreadcrumbList","@id":"https:\/\/elpuucnoticias.com\/?p=9658#breadcrumb","itemListElement":[{"@type":"ListItem","position":1,"name":"Portada","item":"https:\/\/elpuucnoticias.com\/"},{"@type":"ListItem","position":2,"name":"La alcaldesa de Akil, Iginia Zapata Chi, anuncia campa\u00f1a de vacunaci\u00f3n canina y felina para la pr\u00f3xima semana"}]},{"@type":"Person","@id":"https:\/\/elpuucnoticias.com\/#\/schema\/person\/d2ea09e4c97f0160b11cdfb1d856bd9e","name":"elpuucnoticias","image":{"@type":"ImageObject","@id":"https:\/\/elpuucnoticias.com\/#personlogo","inLanguage":"es","url":"https:\/\/secure.gravatar.com\/avatar\/5290a43657c74ffa15701dbe5b846bd85cc71930d803c84e91046a7333de6ce2?s=96&d=mm&r=g","contentUrl":"https:\/\/secure.gravatar.com\/avatar\/5290a43657c74ffa15701dbe5b846bd85cc71930d803c84e91046a7333de6ce2?s=96&d=mm&r=g","caption":"elpuucnoticias"},"sameAs":["https:\/\/elpuucnoticias.com"],"url":"https:\/\/elpuucnoticias.com\/?author=1"}]}},"_links":{"self":[{"href":"https:\/\/elpuucnoticias.com\/index.php?rest_route=\/wp\/v2\/posts\/9658","targetHints":{"allow":["GET"]}}],"collection":[{"href":"https:\/\/elpuucnoticias.com\/index.php?rest_route=\/wp\/v2\/posts"}],"about":[{"href":"https:\/\/elpuucnoticias.com\/index.php?rest_route=\/wp\/v2\/types\/post"}],"author":[{"embeddable":true,"href":"https:\/\/elpuucnoticias.com\/index.php?rest_route=\/wp\/v2\/users\/1"}],"replies":[{"embeddable":true,"href":"https:\/\/elpuucnoticias.com\/index.php?rest_route=%2Fwp%2Fv2%2Fcomments&post=9658"}],"version-history":[{"count":1,"href":"https:\/\/elpuucnoticias.com\/index.php?rest_route=\/wp\/v2\/posts\/9658\/revisions"}],"predecessor-version":[{"id":9670,"href":"https:\/\/elpuucnoticias.com\/index.php?rest_route=\/wp\/v2\/posts\/9658\/revisions\/9670"}],"wp:featuredmedia":[{"embeddable":true,"href":"https:\/\/elpuucnoticias.com\/index.php?rest_route=\/wp\/v2\/media\/9669"}],"wp:attachment":[{"href":"https:\/\/elpuucnoticias.com\/index.php?rest_route=%2Fwp%2Fv2%2Fmedia&parent=9658"}],"wp:term":[{"taxonomy":"category","embeddable":true,"href":"https:\/\/elpuucnoticias.com\/index.php?rest_route=%2Fwp%2Fv2%2Fcategories&post=9658"},{"taxonomy":"post_tag","embeddable":true,"href":"https:\/\/elpuucnoticias.com\/index.php?rest_route=%2Fwp%2Fv2%2Ftags&post=9658"}],"curies":[{"name":"wp","href":"https:\/\/api.w.org\/{rel}","templated":true}]}}