{"id":9701,"date":"2023-09-28T02:01:08","date_gmt":"2023-09-28T08:01:08","guid":{"rendered":"https:\/\/elpuucnoticias.com\/?p=9701"},"modified":"2023-09-28T02:01:09","modified_gmt":"2023-09-28T08:01:09","slug":"la-secundaria-estatal-de-tekax-alista-su-festejo-de-aniversario-sylvanna-altamirano-burgos-sera-su-embajadora","status":"publish","type":"post","link":"https:\/\/elpuucnoticias.com\/?p=9701","title":{"rendered":"La secundaria estatal de Tekax alista su festejo de aniversario. Sylvanna Altamirano Burgos ser\u00e1 su embajadora"},"content":{"rendered":"\n<p>Sylvanna Michelle Altamirano Burgos ser\u00e1 la embajadora de las festividades con motivo del 69 aniversario de la escuela secundaria estatal No. 10 Juan Pacheco Torres de Tekax, evento que se llevar\u00e1 a cabo el pr\u00f3ximo 6 de octubre.<\/p>\n\n\n\n<p>El 4 de octubre la secundaria cumple 69 a\u00f1os de fundaci\u00f3n, pero las actividades se realizar\u00e1n el d\u00eda 6 donde habr\u00e1 eventos deportivos y culturales, afirm\u00f3 el director, Diego Castro Cervera.<\/p>\n\n\n\n<figure class=\"wp-block-gallery has-nested-images columns-default is-cropped wp-block-gallery-1 is-layout-flex wp-block-gallery-is-layout-flex\">\n<figure class=\"wp-block-image size-large\"><img loading=\"lazy\" decoding=\"async\" width=\"461\" height=\"1024\" data-id=\"9704\" src=\"https:\/\/elpuucnoticias.com\/wp-content\/uploads\/2023\/09\/WhatsApp-Image-2023-09-27-at-11.40.52-AM-461x1024.jpeg\" alt=\"\" class=\"wp-image-9704\" srcset=\"https:\/\/elpuucnoticias.com\/wp-content\/uploads\/2023\/09\/WhatsApp-Image-2023-09-27-at-11.40.52-AM-461x1024.jpeg 461w, https:\/\/elpuucnoticias.com\/wp-content\/uploads\/2023\/09\/WhatsApp-Image-2023-09-27-at-11.40.52-AM-135x300.jpeg 135w, https:\/\/elpuucnoticias.com\/wp-content\/uploads\/2023\/09\/WhatsApp-Image-2023-09-27-at-11.40.52-AM-691x1536.jpeg 691w, https:\/\/elpuucnoticias.com\/wp-content\/uploads\/2023\/09\/WhatsApp-Image-2023-09-27-at-11.40.52-AM.jpeg 720w\" sizes=\"auto, (max-width: 461px) 100vw, 461px\" \/><\/figure>\n\n\n\n<figure class=\"wp-block-image size-large\"><img loading=\"lazy\" decoding=\"async\" width=\"461\" height=\"1024\" data-id=\"9703\" src=\"https:\/\/elpuucnoticias.com\/wp-content\/uploads\/2023\/09\/WhatsApp-Image-2023-09-27-at-11.40.51-AM-2-461x1024.jpeg\" alt=\"\" class=\"wp-image-9703\" srcset=\"https:\/\/elpuucnoticias.com\/wp-content\/uploads\/2023\/09\/WhatsApp-Image-2023-09-27-at-11.40.51-AM-2-461x1024.jpeg 461w, https:\/\/elpuucnoticias.com\/wp-content\/uploads\/2023\/09\/WhatsApp-Image-2023-09-27-at-11.40.51-AM-2-135x300.jpeg 135w, https:\/\/elpuucnoticias.com\/wp-content\/uploads\/2023\/09\/WhatsApp-Image-2023-09-27-at-11.40.51-AM-2-691x1536.jpeg 691w, https:\/\/elpuucnoticias.com\/wp-content\/uploads\/2023\/09\/WhatsApp-Image-2023-09-27-at-11.40.51-AM-2.jpeg 720w\" sizes=\"auto, (max-width: 461px) 100vw, 461px\" \/><\/figure>\n<\/figure>\n\n\n\n<p>Sylvanna Michelle Altamirano Burgos, alumna de segundo grado, del turno matutino, ser\u00e1 la embajadora de las festividades.<\/p>\n\n\n\n<p>El profesor Jorge Alberto Romero Pech, subdirector del turno matutino, y Luis Alberto Mart\u00ednez Carballo, del vespertino, forman parte del comit\u00e9 organizador.\u2014 <em>Arnulfo Peraza Rodr\u00edguez \/ El Puuc Noticias<\/em><\/p>\n","protected":false},"excerpt":{"rendered":"<p>Sylvanna Michelle Altamirano Burgos ser\u00e1 la embajadora de las festividades con motivo del 69 aniversario de la escuela<\/p>\n","protected":false},"author":1,"featured_media":9702,"comment_status":"closed","ping_status":"open","sticky":false,"template":"","format":"standard","meta":{"_monsterinsights_skip_tracking":false,"_monsterinsights_sitenote_active":false,"_monsterinsights_sitenote_note":"","_monsterinsights_sitenote_category":0,"footnotes":""},"categories":[11,4],"tags":[],"class_list":["post-9701","post","type-post","status-publish","format-standard","has-post-thumbnail","hentry","category-noticias","category-tekax"],"yoast_head":"<!-- This site is optimized with the Yoast SEO plugin v18.3 - https:\/\/yoast.com\/wordpress\/plugins\/seo\/ -->\n<title>La secundaria estatal de Tekax alista su festejo de aniversario. Sylvanna Altamirano Burgos ser\u00e1 su embajadora - El Puuc Noticias<\/title>\n<meta name=\"robots\" content=\"index, follow, max-snippet:-1, max-image-preview:large, max-video-preview:-1\" \/>\n<link rel=\"canonical\" href=\"https:\/\/elpuucnoticias.com\/?p=9701\" \/>\n<meta property=\"og:locale\" content=\"es_ES\" \/>\n<meta property=\"og:type\" content=\"article\" \/>\n<meta property=\"og:title\" content=\"La secundaria estatal de Tekax alista su festejo de aniversario. Sylvanna Altamirano Burgos ser\u00e1 su embajadora - El Puuc Noticias\" \/>\n<meta property=\"og:description\" content=\"Sylvanna Michelle Altamirano Burgos ser\u00e1 la embajadora de las festividades con motivo del 69 aniversario de la escuela\" \/>\n<meta property=\"og:url\" content=\"https:\/\/elpuucnoticias.com\/?p=9701\" \/>\n<meta property=\"og:site_name\" content=\"El Puuc Noticias\" \/>\n<meta property=\"article:published_time\" content=\"2023-09-28T08:01:08+00:00\" \/>\n<meta property=\"article:modified_time\" content=\"2023-09-28T08:01:09+00:00\" \/>\n<meta property=\"og:image\" content=\"https:\/\/elpuucnoticias.com\/wp-content\/uploads\/2023\/09\/WhatsApp-Image-2023-09-27-at-11.40.51-AM-1.jpeg\" \/>\n\t<meta property=\"og:image:width\" content=\"1600\" \/>\n\t<meta property=\"og:image:height\" content=\"1064\" \/>\n\t<meta property=\"og:image:type\" content=\"image\/jpeg\" \/>\n<meta name=\"twitter:card\" content=\"summary_large_image\" \/>\n<meta name=\"twitter:label1\" content=\"Escrito por\" \/>\n\t<meta name=\"twitter:data1\" content=\"elpuucnoticias\" \/>\n\t<meta name=\"twitter:label2\" content=\"Tiempo de lectura\" \/>\n\t<meta name=\"twitter:data2\" content=\"1 minuto\" \/>\n<script type=\"application\/ld+json\" class=\"yoast-schema-graph\">{\"@context\":\"https:\/\/schema.org\",\"@graph\":[{\"@type\":\"WebSite\",\"@id\":\"https:\/\/elpuucnoticias.com\/#website\",\"url\":\"https:\/\/elpuucnoticias.com\/\",\"name\":\"El Puuc Noticias\",\"description\":\"Noticias - Entretenimiento - Deportes\",\"potentialAction\":[{\"@type\":\"SearchAction\",\"target\":{\"@type\":\"EntryPoint\",\"urlTemplate\":\"https:\/\/elpuucnoticias.com\/?s={search_term_string}\"},\"query-input\":\"required name=search_term_string\"}],\"inLanguage\":\"es\"},{\"@type\":\"ImageObject\",\"@id\":\"https:\/\/elpuucnoticias.com\/?p=9701#primaryimage\",\"inLanguage\":\"es\",\"url\":\"https:\/\/elpuucnoticias.com\/wp-content\/uploads\/2023\/09\/WhatsApp-Image-2023-09-27-at-11.40.51-AM-1.jpeg\",\"contentUrl\":\"https:\/\/elpuucnoticias.com\/wp-content\/uploads\/2023\/09\/WhatsApp-Image-2023-09-27-at-11.40.51-AM-1.jpeg\",\"width\":1600,\"height\":1064},{\"@type\":\"WebPage\",\"@id\":\"https:\/\/elpuucnoticias.com\/?p=9701#webpage\",\"url\":\"https:\/\/elpuucnoticias.com\/?p=9701\",\"name\":\"La secundaria estatal de Tekax alista su festejo de aniversario. Sylvanna Altamirano Burgos ser\u00e1 su embajadora - El Puuc Noticias\",\"isPartOf\":{\"@id\":\"https:\/\/elpuucnoticias.com\/#website\"},\"primaryImageOfPage\":{\"@id\":\"https:\/\/elpuucnoticias.com\/?p=9701#primaryimage\"},\"datePublished\":\"2023-09-28T08:01:08+00:00\",\"dateModified\":\"2023-09-28T08:01:09+00:00\",\"author\":{\"@id\":\"https:\/\/elpuucnoticias.com\/#\/schema\/person\/d2ea09e4c97f0160b11cdfb1d856bd9e\"},\"breadcrumb\":{\"@id\":\"https:\/\/elpuucnoticias.com\/?p=9701#breadcrumb\"},\"inLanguage\":\"es\",\"potentialAction\":[{\"@type\":\"ReadAction\",\"target\":[\"https:\/\/elpuucnoticias.com\/?p=9701\"]}]},{\"@type\":\"BreadcrumbList\",\"@id\":\"https:\/\/elpuucnoticias.com\/?p=9701#breadcrumb\",\"itemListElement\":[{\"@type\":\"ListItem\",\"position\":1,\"name\":\"Portada\",\"item\":\"https:\/\/elpuucnoticias.com\/\"},{\"@type\":\"ListItem\",\"position\":2,\"name\":\"La secundaria estatal de Tekax alista su festejo de aniversario. Sylvanna Altamirano Burgos ser\u00e1 su embajadora\"}]},{\"@type\":\"Person\",\"@id\":\"https:\/\/elpuucnoticias.com\/#\/schema\/person\/d2ea09e4c97f0160b11cdfb1d856bd9e\",\"name\":\"elpuucnoticias\",\"image\":{\"@type\":\"ImageObject\",\"@id\":\"https:\/\/elpuucnoticias.com\/#personlogo\",\"inLanguage\":\"es\",\"url\":\"https:\/\/secure.gravatar.com\/avatar\/5290a43657c74ffa15701dbe5b846bd85cc71930d803c84e91046a7333de6ce2?s=96&d=mm&r=g\",\"contentUrl\":\"https:\/\/secure.gravatar.com\/avatar\/5290a43657c74ffa15701dbe5b846bd85cc71930d803c84e91046a7333de6ce2?s=96&d=mm&r=g\",\"caption\":\"elpuucnoticias\"},\"sameAs\":[\"https:\/\/elpuucnoticias.com\"],\"url\":\"https:\/\/elpuucnoticias.com\/?author=1\"}]}<\/script>\n<!-- \/ Yoast SEO plugin. -->","yoast_head_json":{"title":"La secundaria estatal de Tekax alista su festejo de aniversario. Sylvanna Altamirano Burgos ser\u00e1 su embajadora - El Puuc Noticias","robots":{"index":"index","follow":"follow","max-snippet":"max-snippet:-1","max-image-preview":"max-image-preview:large","max-video-preview":"max-video-preview:-1"},"canonical":"https:\/\/elpuucnoticias.com\/?p=9701","og_locale":"es_ES","og_type":"article","og_title":"La secundaria estatal de Tekax alista su festejo de aniversario. Sylvanna Altamirano Burgos ser\u00e1 su embajadora - El Puuc Noticias","og_description":"Sylvanna Michelle Altamirano Burgos ser\u00e1 la embajadora de las festividades con motivo del 69 aniversario de la escuela","og_url":"https:\/\/elpuucnoticias.com\/?p=9701","og_site_name":"El Puuc Noticias","article_published_time":"2023-09-28T08:01:08+00:00","article_modified_time":"2023-09-28T08:01:09+00:00","og_image":[{"width":1600,"height":1064,"url":"https:\/\/elpuucnoticias.com\/wp-content\/uploads\/2023\/09\/WhatsApp-Image-2023-09-27-at-11.40.51-AM-1.jpeg","type":"image\/jpeg"}],"twitter_card":"summary_large_image","twitter_misc":{"Escrito por":"elpuucnoticias","Tiempo de lectura":"1 minuto"},"schema":{"@context":"https:\/\/schema.org","@graph":[{"@type":"WebSite","@id":"https:\/\/elpuucnoticias.com\/#website","url":"https:\/\/elpuucnoticias.com\/","name":"El Puuc Noticias","description":"Noticias - Entretenimiento - Deportes","potentialAction":[{"@type":"SearchAction","target":{"@type":"EntryPoint","urlTemplate":"https:\/\/elpuucnoticias.com\/?s={search_term_string}"},"query-input":"required name=search_term_string"}],"inLanguage":"es"},{"@type":"ImageObject","@id":"https:\/\/elpuucnoticias.com\/?p=9701#primaryimage","inLanguage":"es","url":"https:\/\/elpuucnoticias.com\/wp-content\/uploads\/2023\/09\/WhatsApp-Image-2023-09-27-at-11.40.51-AM-1.jpeg","contentUrl":"https:\/\/elpuucnoticias.com\/wp-content\/uploads\/2023\/09\/WhatsApp-Image-2023-09-27-at-11.40.51-AM-1.jpeg","width":1600,"height":1064},{"@type":"WebPage","@id":"https:\/\/elpuucnoticias.com\/?p=9701#webpage","url":"https:\/\/elpuucnoticias.com\/?p=9701","name":"La secundaria estatal de Tekax alista su festejo de aniversario. Sylvanna Altamirano Burgos ser\u00e1 su embajadora - El Puuc Noticias","isPartOf":{"@id":"https:\/\/elpuucnoticias.com\/#website"},"primaryImageOfPage":{"@id":"https:\/\/elpuucnoticias.com\/?p=9701#primaryimage"},"datePublished":"2023-09-28T08:01:08+00:00","dateModified":"2023-09-28T08:01:09+00:00","author":{"@id":"https:\/\/elpuucnoticias.com\/#\/schema\/person\/d2ea09e4c97f0160b11cdfb1d856bd9e"},"breadcrumb":{"@id":"https:\/\/elpuucnoticias.com\/?p=9701#breadcrumb"},"inLanguage":"es","potentialAction":[{"@type":"ReadAction","target":["https:\/\/elpuucnoticias.com\/?p=9701"]}]},{"@type":"BreadcrumbList","@id":"https:\/\/elpuucnoticias.com\/?p=9701#breadcrumb","itemListElement":[{"@type":"ListItem","position":1,"name":"Portada","item":"https:\/\/elpuucnoticias.com\/"},{"@type":"ListItem","position":2,"name":"La secundaria estatal de Tekax alista su festejo de aniversario. Sylvanna Altamirano Burgos ser\u00e1 su embajadora"}]},{"@type":"Person","@id":"https:\/\/elpuucnoticias.com\/#\/schema\/person\/d2ea09e4c97f0160b11cdfb1d856bd9e","name":"elpuucnoticias","image":{"@type":"ImageObject","@id":"https:\/\/elpuucnoticias.com\/#personlogo","inLanguage":"es","url":"https:\/\/secure.gravatar.com\/avatar\/5290a43657c74ffa15701dbe5b846bd85cc71930d803c84e91046a7333de6ce2?s=96&d=mm&r=g","contentUrl":"https:\/\/secure.gravatar.com\/avatar\/5290a43657c74ffa15701dbe5b846bd85cc71930d803c84e91046a7333de6ce2?s=96&d=mm&r=g","caption":"elpuucnoticias"},"sameAs":["https:\/\/elpuucnoticias.com"],"url":"https:\/\/elpuucnoticias.com\/?author=1"}]}},"_links":{"self":[{"href":"https:\/\/elpuucnoticias.com\/index.php?rest_route=\/wp\/v2\/posts\/9701","targetHints":{"allow":["GET"]}}],"collection":[{"href":"https:\/\/elpuucnoticias.com\/index.php?rest_route=\/wp\/v2\/posts"}],"about":[{"href":"https:\/\/elpuucnoticias.com\/index.php?rest_route=\/wp\/v2\/types\/post"}],"author":[{"embeddable":true,"href":"https:\/\/elpuucnoticias.com\/index.php?rest_route=\/wp\/v2\/users\/1"}],"replies":[{"embeddable":true,"href":"https:\/\/elpuucnoticias.com\/index.php?rest_route=%2Fwp%2Fv2%2Fcomments&post=9701"}],"version-history":[{"count":1,"href":"https:\/\/elpuucnoticias.com\/index.php?rest_route=\/wp\/v2\/posts\/9701\/revisions"}],"predecessor-version":[{"id":9705,"href":"https:\/\/elpuucnoticias.com\/index.php?rest_route=\/wp\/v2\/posts\/9701\/revisions\/9705"}],"wp:featuredmedia":[{"embeddable":true,"href":"https:\/\/elpuucnoticias.com\/index.php?rest_route=\/wp\/v2\/media\/9702"}],"wp:attachment":[{"href":"https:\/\/elpuucnoticias.com\/index.php?rest_route=%2Fwp%2Fv2%2Fmedia&parent=9701"}],"wp:term":[{"taxonomy":"category","embeddable":true,"href":"https:\/\/elpuucnoticias.com\/index.php?rest_route=%2Fwp%2Fv2%2Fcategories&post=9701"},{"taxonomy":"post_tag","embeddable":true,"href":"https:\/\/elpuucnoticias.com\/index.php?rest_route=%2Fwp%2Fv2%2Ftags&post=9701"}],"curies":[{"name":"wp","href":"https:\/\/api.w.org\/{rel}","templated":true}]}}