{"id":9706,"date":"2023-09-28T02:05:32","date_gmt":"2023-09-28T08:05:32","guid":{"rendered":"https:\/\/elpuucnoticias.com\/?p=9706"},"modified":"2023-09-28T02:05:33","modified_gmt":"2023-09-28T08:05:33","slug":"ponen-en-marcha-la-construccion-del-domo-del-jardin-de-ninos-victor-cervera-pacheco-de-peto","status":"publish","type":"post","link":"https:\/\/elpuucnoticias.com\/?p=9706","title":{"rendered":"Ponen en marcha la construcci\u00f3n del domo del jard\u00edn de ni\u00f1os V\u00edctor Cervera Pacheco, de Peto"},"content":{"rendered":"\n<p>Con la presencia de alumnos, maestras y padres de familia, se llev\u00f3 a cabo un emotivo evento en el jard\u00edn de ni\u00f1os V\u00edctor Cervera Pacheco, donde el alcalde Ren\u00e1n Jim\u00e9nez Tah dio el banderazo de inici\u00f3 de la construcci\u00f3n del domo de ese plantel educativo.<\/p>\n\n\n\n<p>El domo, es un proyecto que ha sido largamente esperado por la comunidad educativa, seg\u00fan informaron padres de familia y maestras del plantel.<\/p>\n\n\n\n<figure class=\"wp-block-gallery has-nested-images columns-default is-cropped wp-block-gallery-1 is-layout-flex wp-block-gallery-is-layout-flex\">\n<figure class=\"wp-block-image size-large\"><img loading=\"lazy\" decoding=\"async\" width=\"720\" height=\"480\" data-id=\"9708\" src=\"https:\/\/elpuucnoticias.com\/wp-content\/uploads\/2023\/09\/WhatsApp-Image-2023-09-25-at-5.21.41-PM.jpeg\" alt=\"\" class=\"wp-image-9708\" srcset=\"https:\/\/elpuucnoticias.com\/wp-content\/uploads\/2023\/09\/WhatsApp-Image-2023-09-25-at-5.21.41-PM.jpeg 720w, https:\/\/elpuucnoticias.com\/wp-content\/uploads\/2023\/09\/WhatsApp-Image-2023-09-25-at-5.21.41-PM-300x200.jpeg 300w\" sizes=\"auto, (max-width: 720px) 100vw, 720px\" \/><\/figure>\n\n\n\n<figure class=\"wp-block-image size-large\"><img loading=\"lazy\" decoding=\"async\" width=\"720\" height=\"480\" data-id=\"9710\" src=\"https:\/\/elpuucnoticias.com\/wp-content\/uploads\/2023\/09\/WhatsApp-Image-2023-09-25-at-5.21.41-PM-1.jpeg\" alt=\"\" class=\"wp-image-9710\" srcset=\"https:\/\/elpuucnoticias.com\/wp-content\/uploads\/2023\/09\/WhatsApp-Image-2023-09-25-at-5.21.41-PM-1.jpeg 720w, https:\/\/elpuucnoticias.com\/wp-content\/uploads\/2023\/09\/WhatsApp-Image-2023-09-25-at-5.21.41-PM-1-300x200.jpeg 300w\" sizes=\"auto, (max-width: 720px) 100vw, 720px\" \/><\/figure>\n\n\n\n<figure class=\"wp-block-image size-large\"><img loading=\"lazy\" decoding=\"async\" width=\"720\" height=\"480\" data-id=\"9709\" src=\"https:\/\/elpuucnoticias.com\/wp-content\/uploads\/2023\/09\/WhatsApp-Image-2023-09-25-at-5.21.41-PM-2.jpeg\" alt=\"\" class=\"wp-image-9709\" srcset=\"https:\/\/elpuucnoticias.com\/wp-content\/uploads\/2023\/09\/WhatsApp-Image-2023-09-25-at-5.21.41-PM-2.jpeg 720w, https:\/\/elpuucnoticias.com\/wp-content\/uploads\/2023\/09\/WhatsApp-Image-2023-09-25-at-5.21.41-PM-2-300x200.jpeg 300w\" sizes=\"auto, (max-width: 720px) 100vw, 720px\" \/><\/figure>\n<\/figure>\n\n\n\n<p>El primer edil se\u00f1al\u00f3 que esta obra representa un compromiso s\u00f3lido para mejorar las condiciones de aprendizaje y recreaci\u00f3n de los estudiantes de este jardin de ni\u00f1os.<\/p>\n\n\n\n<p>De manera simbolica el alcalde y personal de la instituci\u00f3n colocaron la primera piedra de lo que sera el domo, que mas adelante permitira que los alumnos tengan un espacio seguro donde puedan realizar sus actividades de manera cotidiana.<\/p>\n\n\n\n<figure class=\"wp-block-gallery has-nested-images columns-default is-cropped wp-block-gallery-2 is-layout-flex wp-block-gallery-is-layout-flex\">\n<figure class=\"wp-block-image size-large\"><img loading=\"lazy\" decoding=\"async\" width=\"720\" height=\"480\" data-id=\"9711\" src=\"https:\/\/elpuucnoticias.com\/wp-content\/uploads\/2023\/09\/WhatsApp-Image-2023-09-25-at-5.21.40-PM.jpeg\" alt=\"\" class=\"wp-image-9711\" srcset=\"https:\/\/elpuucnoticias.com\/wp-content\/uploads\/2023\/09\/WhatsApp-Image-2023-09-25-at-5.21.40-PM.jpeg 720w, https:\/\/elpuucnoticias.com\/wp-content\/uploads\/2023\/09\/WhatsApp-Image-2023-09-25-at-5.21.40-PM-300x200.jpeg 300w\" sizes=\"auto, (max-width: 720px) 100vw, 720px\" \/><\/figure>\n\n\n\n<figure class=\"wp-block-image size-large\"><img loading=\"lazy\" decoding=\"async\" width=\"720\" height=\"480\" data-id=\"9712\" src=\"https:\/\/elpuucnoticias.com\/wp-content\/uploads\/2023\/09\/WhatsApp-Image-2023-09-25-at-5.21.39-PM.jpeg\" alt=\"\" class=\"wp-image-9712\" srcset=\"https:\/\/elpuucnoticias.com\/wp-content\/uploads\/2023\/09\/WhatsApp-Image-2023-09-25-at-5.21.39-PM.jpeg 720w, https:\/\/elpuucnoticias.com\/wp-content\/uploads\/2023\/09\/WhatsApp-Image-2023-09-25-at-5.21.39-PM-300x200.jpeg 300w\" sizes=\"auto, (max-width: 720px) 100vw, 720px\" \/><\/figure>\n<\/figure>\n\n\n\n<p>El alcalde asegur\u00f3 que est\u00e1 obra marca el inicio de un proyecto que sin duda dejar\u00e1 una huella imborrable en la comunidad y en las futuras generaciones de estudiantes que se beneficiar\u00e1n de sus instalaciones.<\/p>\n\n\n\n<p>Luego del evento se llev\u00f3 a cabo un convivi\u00f3 entre todos los presentes, donde se degustaron tacos de cochinita.<\/p>\n","protected":false},"excerpt":{"rendered":"<p>Con la presencia de alumnos, maestras y padres de familia, se llev\u00f3 a cabo un emotivo evento en<\/p>\n","protected":false},"author":1,"featured_media":9707,"comment_status":"closed","ping_status":"open","sticky":false,"template":"","format":"standard","meta":{"_monsterinsights_skip_tracking":false,"_monsterinsights_sitenote_active":false,"_monsterinsights_sitenote_note":"","_monsterinsights_sitenote_category":0,"footnotes":""},"categories":[11,20],"tags":[],"class_list":["post-9706","post","type-post","status-publish","format-standard","has-post-thumbnail","hentry","category-noticias","category-peto"],"yoast_head":"<!-- This site is optimized with the Yoast SEO plugin v18.3 - https:\/\/yoast.com\/wordpress\/plugins\/seo\/ -->\n<title>Ponen en marcha la construcci\u00f3n del domo del jard\u00edn de ni\u00f1os V\u00edctor Cervera Pacheco, de Peto - El Puuc Noticias<\/title>\n<meta name=\"robots\" content=\"index, follow, max-snippet:-1, max-image-preview:large, max-video-preview:-1\" \/>\n<link rel=\"canonical\" href=\"https:\/\/elpuucnoticias.com\/?p=9706\" \/>\n<meta property=\"og:locale\" content=\"es_ES\" \/>\n<meta property=\"og:type\" content=\"article\" \/>\n<meta property=\"og:title\" content=\"Ponen en marcha la construcci\u00f3n del domo del jard\u00edn de ni\u00f1os V\u00edctor Cervera Pacheco, de Peto - El Puuc Noticias\" \/>\n<meta property=\"og:description\" content=\"Con la presencia de alumnos, maestras y padres de familia, se llev\u00f3 a cabo un emotivo evento en\" \/>\n<meta property=\"og:url\" content=\"https:\/\/elpuucnoticias.com\/?p=9706\" \/>\n<meta property=\"og:site_name\" content=\"El Puuc Noticias\" \/>\n<meta property=\"article:published_time\" content=\"2023-09-28T08:05:32+00:00\" \/>\n<meta property=\"article:modified_time\" content=\"2023-09-28T08:05:33+00:00\" \/>\n<meta property=\"og:image\" content=\"https:\/\/elpuucnoticias.com\/wp-content\/uploads\/2023\/09\/WhatsApp-Image-2023-09-25-at-5.21.40-PM-1.jpeg\" \/>\n\t<meta property=\"og:image:width\" content=\"720\" \/>\n\t<meta property=\"og:image:height\" content=\"405\" \/>\n\t<meta property=\"og:image:type\" content=\"image\/jpeg\" \/>\n<meta name=\"twitter:card\" content=\"summary_large_image\" \/>\n<meta name=\"twitter:label1\" content=\"Escrito por\" \/>\n\t<meta name=\"twitter:data1\" content=\"elpuucnoticias\" \/>\n\t<meta name=\"twitter:label2\" content=\"Tiempo de lectura\" \/>\n\t<meta name=\"twitter:data2\" content=\"2 minutos\" \/>\n<script type=\"application\/ld+json\" class=\"yoast-schema-graph\">{\"@context\":\"https:\/\/schema.org\",\"@graph\":[{\"@type\":\"WebSite\",\"@id\":\"https:\/\/elpuucnoticias.com\/#website\",\"url\":\"https:\/\/elpuucnoticias.com\/\",\"name\":\"El Puuc Noticias\",\"description\":\"Noticias - Entretenimiento - Deportes\",\"potentialAction\":[{\"@type\":\"SearchAction\",\"target\":{\"@type\":\"EntryPoint\",\"urlTemplate\":\"https:\/\/elpuucnoticias.com\/?s={search_term_string}\"},\"query-input\":\"required name=search_term_string\"}],\"inLanguage\":\"es\"},{\"@type\":\"ImageObject\",\"@id\":\"https:\/\/elpuucnoticias.com\/?p=9706#primaryimage\",\"inLanguage\":\"es\",\"url\":\"https:\/\/elpuucnoticias.com\/wp-content\/uploads\/2023\/09\/WhatsApp-Image-2023-09-25-at-5.21.40-PM-1.jpeg\",\"contentUrl\":\"https:\/\/elpuucnoticias.com\/wp-content\/uploads\/2023\/09\/WhatsApp-Image-2023-09-25-at-5.21.40-PM-1.jpeg\",\"width\":720,\"height\":405},{\"@type\":\"WebPage\",\"@id\":\"https:\/\/elpuucnoticias.com\/?p=9706#webpage\",\"url\":\"https:\/\/elpuucnoticias.com\/?p=9706\",\"name\":\"Ponen en marcha la construcci\u00f3n del domo del jard\u00edn de ni\u00f1os V\u00edctor Cervera Pacheco, de Peto - El Puuc Noticias\",\"isPartOf\":{\"@id\":\"https:\/\/elpuucnoticias.com\/#website\"},\"primaryImageOfPage\":{\"@id\":\"https:\/\/elpuucnoticias.com\/?p=9706#primaryimage\"},\"datePublished\":\"2023-09-28T08:05:32+00:00\",\"dateModified\":\"2023-09-28T08:05:33+00:00\",\"author\":{\"@id\":\"https:\/\/elpuucnoticias.com\/#\/schema\/person\/d2ea09e4c97f0160b11cdfb1d856bd9e\"},\"breadcrumb\":{\"@id\":\"https:\/\/elpuucnoticias.com\/?p=9706#breadcrumb\"},\"inLanguage\":\"es\",\"potentialAction\":[{\"@type\":\"ReadAction\",\"target\":[\"https:\/\/elpuucnoticias.com\/?p=9706\"]}]},{\"@type\":\"BreadcrumbList\",\"@id\":\"https:\/\/elpuucnoticias.com\/?p=9706#breadcrumb\",\"itemListElement\":[{\"@type\":\"ListItem\",\"position\":1,\"name\":\"Portada\",\"item\":\"https:\/\/elpuucnoticias.com\/\"},{\"@type\":\"ListItem\",\"position\":2,\"name\":\"Ponen en marcha la construcci\u00f3n del domo del jard\u00edn de ni\u00f1os V\u00edctor Cervera Pacheco, de Peto\"}]},{\"@type\":\"Person\",\"@id\":\"https:\/\/elpuucnoticias.com\/#\/schema\/person\/d2ea09e4c97f0160b11cdfb1d856bd9e\",\"name\":\"elpuucnoticias\",\"image\":{\"@type\":\"ImageObject\",\"@id\":\"https:\/\/elpuucnoticias.com\/#personlogo\",\"inLanguage\":\"es\",\"url\":\"https:\/\/secure.gravatar.com\/avatar\/5290a43657c74ffa15701dbe5b846bd85cc71930d803c84e91046a7333de6ce2?s=96&d=mm&r=g\",\"contentUrl\":\"https:\/\/secure.gravatar.com\/avatar\/5290a43657c74ffa15701dbe5b846bd85cc71930d803c84e91046a7333de6ce2?s=96&d=mm&r=g\",\"caption\":\"elpuucnoticias\"},\"sameAs\":[\"https:\/\/elpuucnoticias.com\"],\"url\":\"https:\/\/elpuucnoticias.com\/?author=1\"}]}<\/script>\n<!-- \/ Yoast SEO plugin. -->","yoast_head_json":{"title":"Ponen en marcha la construcci\u00f3n del domo del jard\u00edn de ni\u00f1os V\u00edctor Cervera Pacheco, de Peto - El Puuc Noticias","robots":{"index":"index","follow":"follow","max-snippet":"max-snippet:-1","max-image-preview":"max-image-preview:large","max-video-preview":"max-video-preview:-1"},"canonical":"https:\/\/elpuucnoticias.com\/?p=9706","og_locale":"es_ES","og_type":"article","og_title":"Ponen en marcha la construcci\u00f3n del domo del jard\u00edn de ni\u00f1os V\u00edctor Cervera Pacheco, de Peto - El Puuc Noticias","og_description":"Con la presencia de alumnos, maestras y padres de familia, se llev\u00f3 a cabo un emotivo evento en","og_url":"https:\/\/elpuucnoticias.com\/?p=9706","og_site_name":"El Puuc Noticias","article_published_time":"2023-09-28T08:05:32+00:00","article_modified_time":"2023-09-28T08:05:33+00:00","og_image":[{"width":720,"height":405,"url":"https:\/\/elpuucnoticias.com\/wp-content\/uploads\/2023\/09\/WhatsApp-Image-2023-09-25-at-5.21.40-PM-1.jpeg","type":"image\/jpeg"}],"twitter_card":"summary_large_image","twitter_misc":{"Escrito por":"elpuucnoticias","Tiempo de lectura":"2 minutos"},"schema":{"@context":"https:\/\/schema.org","@graph":[{"@type":"WebSite","@id":"https:\/\/elpuucnoticias.com\/#website","url":"https:\/\/elpuucnoticias.com\/","name":"El Puuc Noticias","description":"Noticias - Entretenimiento - Deportes","potentialAction":[{"@type":"SearchAction","target":{"@type":"EntryPoint","urlTemplate":"https:\/\/elpuucnoticias.com\/?s={search_term_string}"},"query-input":"required name=search_term_string"}],"inLanguage":"es"},{"@type":"ImageObject","@id":"https:\/\/elpuucnoticias.com\/?p=9706#primaryimage","inLanguage":"es","url":"https:\/\/elpuucnoticias.com\/wp-content\/uploads\/2023\/09\/WhatsApp-Image-2023-09-25-at-5.21.40-PM-1.jpeg","contentUrl":"https:\/\/elpuucnoticias.com\/wp-content\/uploads\/2023\/09\/WhatsApp-Image-2023-09-25-at-5.21.40-PM-1.jpeg","width":720,"height":405},{"@type":"WebPage","@id":"https:\/\/elpuucnoticias.com\/?p=9706#webpage","url":"https:\/\/elpuucnoticias.com\/?p=9706","name":"Ponen en marcha la construcci\u00f3n del domo del jard\u00edn de ni\u00f1os V\u00edctor Cervera Pacheco, de Peto - El Puuc Noticias","isPartOf":{"@id":"https:\/\/elpuucnoticias.com\/#website"},"primaryImageOfPage":{"@id":"https:\/\/elpuucnoticias.com\/?p=9706#primaryimage"},"datePublished":"2023-09-28T08:05:32+00:00","dateModified":"2023-09-28T08:05:33+00:00","author":{"@id":"https:\/\/elpuucnoticias.com\/#\/schema\/person\/d2ea09e4c97f0160b11cdfb1d856bd9e"},"breadcrumb":{"@id":"https:\/\/elpuucnoticias.com\/?p=9706#breadcrumb"},"inLanguage":"es","potentialAction":[{"@type":"ReadAction","target":["https:\/\/elpuucnoticias.com\/?p=9706"]}]},{"@type":"BreadcrumbList","@id":"https:\/\/elpuucnoticias.com\/?p=9706#breadcrumb","itemListElement":[{"@type":"ListItem","position":1,"name":"Portada","item":"https:\/\/elpuucnoticias.com\/"},{"@type":"ListItem","position":2,"name":"Ponen en marcha la construcci\u00f3n del domo del jard\u00edn de ni\u00f1os V\u00edctor Cervera Pacheco, de Peto"}]},{"@type":"Person","@id":"https:\/\/elpuucnoticias.com\/#\/schema\/person\/d2ea09e4c97f0160b11cdfb1d856bd9e","name":"elpuucnoticias","image":{"@type":"ImageObject","@id":"https:\/\/elpuucnoticias.com\/#personlogo","inLanguage":"es","url":"https:\/\/secure.gravatar.com\/avatar\/5290a43657c74ffa15701dbe5b846bd85cc71930d803c84e91046a7333de6ce2?s=96&d=mm&r=g","contentUrl":"https:\/\/secure.gravatar.com\/avatar\/5290a43657c74ffa15701dbe5b846bd85cc71930d803c84e91046a7333de6ce2?s=96&d=mm&r=g","caption":"elpuucnoticias"},"sameAs":["https:\/\/elpuucnoticias.com"],"url":"https:\/\/elpuucnoticias.com\/?author=1"}]}},"_links":{"self":[{"href":"https:\/\/elpuucnoticias.com\/index.php?rest_route=\/wp\/v2\/posts\/9706","targetHints":{"allow":["GET"]}}],"collection":[{"href":"https:\/\/elpuucnoticias.com\/index.php?rest_route=\/wp\/v2\/posts"}],"about":[{"href":"https:\/\/elpuucnoticias.com\/index.php?rest_route=\/wp\/v2\/types\/post"}],"author":[{"embeddable":true,"href":"https:\/\/elpuucnoticias.com\/index.php?rest_route=\/wp\/v2\/users\/1"}],"replies":[{"embeddable":true,"href":"https:\/\/elpuucnoticias.com\/index.php?rest_route=%2Fwp%2Fv2%2Fcomments&post=9706"}],"version-history":[{"count":1,"href":"https:\/\/elpuucnoticias.com\/index.php?rest_route=\/wp\/v2\/posts\/9706\/revisions"}],"predecessor-version":[{"id":9713,"href":"https:\/\/elpuucnoticias.com\/index.php?rest_route=\/wp\/v2\/posts\/9706\/revisions\/9713"}],"wp:featuredmedia":[{"embeddable":true,"href":"https:\/\/elpuucnoticias.com\/index.php?rest_route=\/wp\/v2\/media\/9707"}],"wp:attachment":[{"href":"https:\/\/elpuucnoticias.com\/index.php?rest_route=%2Fwp%2Fv2%2Fmedia&parent=9706"}],"wp:term":[{"taxonomy":"category","embeddable":true,"href":"https:\/\/elpuucnoticias.com\/index.php?rest_route=%2Fwp%2Fv2%2Fcategories&post=9706"},{"taxonomy":"post_tag","embeddable":true,"href":"https:\/\/elpuucnoticias.com\/index.php?rest_route=%2Fwp%2Fv2%2Ftags&post=9706"}],"curies":[{"name":"wp","href":"https:\/\/api.w.org\/{rel}","templated":true}]}}