{"id":9798,"date":"2023-10-04T16:54:48","date_gmt":"2023-10-04T22:54:48","guid":{"rendered":"https:\/\/elpuucnoticias.com\/?p=9798"},"modified":"2023-10-04T16:54:50","modified_gmt":"2023-10-04T22:54:50","slug":"ticul-da-el-ultimo-adios-a-don-evelio-bah-gongora-propietario-de-la-panaderia-el-sagrado-corazon-de-jesus-del-barrio-de-san-juan","status":"publish","type":"post","link":"https:\/\/elpuucnoticias.com\/?p=9798","title":{"rendered":"Ticul da el \u00faltimo adi\u00f3s a don Evelio Bah G\u00f3ngora, propietario de la Panader\u00eda El Sagrado Coraz\u00f3n de Jes\u00fas, del barrio de San Juan"},"content":{"rendered":"\n<p>Este mi\u00e9rcoles, Ticul dio el \u00faltimo adi\u00f3s a don Evelio Bah G\u00f3ngora, quien desde los 12 a\u00f1os de edad comenz\u00f3 a trabajar el noble oficio de la panader\u00eda, y quien en los \u00faltimos a\u00f1os fue conocido por ser el propietario de la Panader\u00eda El Sagrado Coraz\u00f3n de Jes\u00fas, del barrio de San Juan.<\/p>\n\n\n\n<p>Padre de familia, un gran amigo de los ticule\u00f1os, falleci\u00f3 este martes. Su viuda es do\u00f1a Mar\u00eda Mireya Interi\u00e1n, con quien tuvo cuatro hijos, Ana Laura, Adriana Marisela, Rub\u00ed Esmeralda y Jos\u00e9 Luis; toda la familia ha trabajado por a\u00f1os el oficio de la panader\u00eda. <\/p>\n\n\n\n<figure class=\"wp-block-video\"><video controls src=\"https:\/\/elpuucnoticias.com\/wp-content\/uploads\/2023\/10\/385582220_6237672736338294_7027506791335375011_n-1.mp4\"><\/video><\/figure>\n\n\n\n<p>Don Evelio Bah G\u00f3ngora naci\u00f3 el 1 de julio de 1964, en una familia distinguida por la panader\u00eda y ampliamente conocidos en La Perla del Sur como los \u00abBah\u00bb. El era el menor de la familia, sus hermanos: C\u00e9sar Alfredo, Juana Mar\u00eda de la tienda La San Juanera; Evelio, de la Panader\u00eda El Sagrado Coraz\u00f3n de Jes\u00fas, y Mar\u00eda Magdalena, de la panader\u00eda La Bendici\u00f3n de Dios.<\/p>\n\n\n\n<p>El pasado mes de agosto de 2022, el equipo de El Puuc Noticias comparti\u00f3 momentos de alegr\u00eda con la familia Bah Interi\u00e1n, con una entrevista con don Evelio (QEPD), por un aniversario m\u00e1s de su panader\u00eda conocida en el barrio de San Juan.<\/p>\n\n\n<p><iframe loading=\"lazy\" src=\"https:\/\/www.facebook.com\/plugins\/video.php?height=314&#038;href=https%3A%2F%2Fwww.facebook.com%2FElPuuc%2Fvideos%2F1299631404112611%2F&#038;show_text=false&#038;width=560&#038;t=0\" width=\"560\" height=\"314\" style=\"border:none;overflow:hidden\" scrolling=\"no\" frameborder=\"0\" allowfullscreen=\"true\" allow=\"autoplay; clipboard-write; encrypted-media; picture-in-picture; web-share\" allowFullScreen=\"true\"><\/iframe><\/p>\n\n\n\n<p>Desde la direcci\u00f3n editorial de El Puuc Noticias, enviamos nuestras sinceras condolencias y respeto a la familia, esperando tengan pronta resignaci\u00f3n ante tal p\u00e9rdida.\u2014 <em>Herbert Nelson Bacab Poot \/ Director de  El Puuc Noticias<\/em><\/p>\n","protected":false},"excerpt":{"rendered":"<p>Este mi\u00e9rcoles, Ticul dio el \u00faltimo adi\u00f3s a don Evelio Bah G\u00f3ngora, quien desde los 12 a\u00f1os de<\/p>\n","protected":false},"author":1,"featured_media":9799,"comment_status":"closed","ping_status":"open","sticky":false,"template":"","format":"standard","meta":{"_monsterinsights_skip_tracking":false,"_monsterinsights_sitenote_active":false,"_monsterinsights_sitenote_note":"","_monsterinsights_sitenote_category":0,"footnotes":""},"categories":[11,13],"tags":[],"class_list":["post-9798","post","type-post","status-publish","format-standard","has-post-thumbnail","hentry","category-noticias","category-ticul"],"yoast_head":"<!-- This site is optimized with the Yoast SEO plugin v18.3 - https:\/\/yoast.com\/wordpress\/plugins\/seo\/ -->\n<title>Ticul da el \u00faltimo adi\u00f3s a don Evelio Bah G\u00f3ngora, propietario de la Panader\u00eda El Sagrado Coraz\u00f3n de Jes\u00fas, del barrio de San Juan - El Puuc Noticias<\/title>\n<meta name=\"robots\" content=\"index, follow, max-snippet:-1, max-image-preview:large, max-video-preview:-1\" \/>\n<link rel=\"canonical\" href=\"https:\/\/elpuucnoticias.com\/?p=9798\" \/>\n<meta property=\"og:locale\" content=\"es_ES\" \/>\n<meta property=\"og:type\" content=\"article\" \/>\n<meta property=\"og:title\" content=\"Ticul da el \u00faltimo adi\u00f3s a don Evelio Bah G\u00f3ngora, propietario de la Panader\u00eda El Sagrado Coraz\u00f3n de Jes\u00fas, del barrio de San Juan - El Puuc Noticias\" \/>\n<meta property=\"og:description\" content=\"Este mi\u00e9rcoles, Ticul dio el \u00faltimo adi\u00f3s a don Evelio Bah G\u00f3ngora, quien desde los 12 a\u00f1os de\" \/>\n<meta property=\"og:url\" content=\"https:\/\/elpuucnoticias.com\/?p=9798\" \/>\n<meta property=\"og:site_name\" content=\"El Puuc Noticias\" \/>\n<meta property=\"article:published_time\" content=\"2023-10-04T22:54:48+00:00\" \/>\n<meta property=\"article:modified_time\" content=\"2023-10-04T22:54:50+00:00\" \/>\n<meta property=\"og:image\" content=\"https:\/\/elpuucnoticias.com\/wp-content\/uploads\/2023\/10\/384547531_1377595309502175_1393334933852610986_n.jpg\" \/>\n\t<meta property=\"og:image:width\" content=\"1600\" \/>\n\t<meta property=\"og:image:height\" content=\"1122\" \/>\n\t<meta property=\"og:image:type\" content=\"image\/jpeg\" \/>\n<meta name=\"twitter:card\" content=\"summary_large_image\" \/>\n<meta name=\"twitter:label1\" content=\"Escrito por\" \/>\n\t<meta name=\"twitter:data1\" content=\"elpuucnoticias\" \/>\n\t<meta name=\"twitter:label2\" content=\"Tiempo de lectura\" \/>\n\t<meta name=\"twitter:data2\" content=\"2 minutos\" \/>\n<script type=\"application\/ld+json\" class=\"yoast-schema-graph\">{\"@context\":\"https:\/\/schema.org\",\"@graph\":[{\"@type\":\"WebSite\",\"@id\":\"https:\/\/elpuucnoticias.com\/#website\",\"url\":\"https:\/\/elpuucnoticias.com\/\",\"name\":\"El Puuc Noticias\",\"description\":\"Noticias - Entretenimiento - Deportes\",\"potentialAction\":[{\"@type\":\"SearchAction\",\"target\":{\"@type\":\"EntryPoint\",\"urlTemplate\":\"https:\/\/elpuucnoticias.com\/?s={search_term_string}\"},\"query-input\":\"required name=search_term_string\"}],\"inLanguage\":\"es\"},{\"@type\":\"ImageObject\",\"@id\":\"https:\/\/elpuucnoticias.com\/?p=9798#primaryimage\",\"inLanguage\":\"es\",\"url\":\"https:\/\/elpuucnoticias.com\/wp-content\/uploads\/2023\/10\/384547531_1377595309502175_1393334933852610986_n.jpg\",\"contentUrl\":\"https:\/\/elpuucnoticias.com\/wp-content\/uploads\/2023\/10\/384547531_1377595309502175_1393334933852610986_n.jpg\",\"width\":1600,\"height\":1122},{\"@type\":\"WebPage\",\"@id\":\"https:\/\/elpuucnoticias.com\/?p=9798#webpage\",\"url\":\"https:\/\/elpuucnoticias.com\/?p=9798\",\"name\":\"Ticul da el \u00faltimo adi\u00f3s a don Evelio Bah G\u00f3ngora, propietario de la Panader\u00eda El Sagrado Coraz\u00f3n de Jes\u00fas, del barrio de San Juan - El Puuc Noticias\",\"isPartOf\":{\"@id\":\"https:\/\/elpuucnoticias.com\/#website\"},\"primaryImageOfPage\":{\"@id\":\"https:\/\/elpuucnoticias.com\/?p=9798#primaryimage\"},\"datePublished\":\"2023-10-04T22:54:48+00:00\",\"dateModified\":\"2023-10-04T22:54:50+00:00\",\"author\":{\"@id\":\"https:\/\/elpuucnoticias.com\/#\/schema\/person\/d2ea09e4c97f0160b11cdfb1d856bd9e\"},\"breadcrumb\":{\"@id\":\"https:\/\/elpuucnoticias.com\/?p=9798#breadcrumb\"},\"inLanguage\":\"es\",\"potentialAction\":[{\"@type\":\"ReadAction\",\"target\":[\"https:\/\/elpuucnoticias.com\/?p=9798\"]}]},{\"@type\":\"BreadcrumbList\",\"@id\":\"https:\/\/elpuucnoticias.com\/?p=9798#breadcrumb\",\"itemListElement\":[{\"@type\":\"ListItem\",\"position\":1,\"name\":\"Portada\",\"item\":\"https:\/\/elpuucnoticias.com\/\"},{\"@type\":\"ListItem\",\"position\":2,\"name\":\"Ticul da el \u00faltimo adi\u00f3s a don Evelio Bah G\u00f3ngora, propietario de la Panader\u00eda El Sagrado Coraz\u00f3n de Jes\u00fas, del barrio de San Juan\"}]},{\"@type\":\"Person\",\"@id\":\"https:\/\/elpuucnoticias.com\/#\/schema\/person\/d2ea09e4c97f0160b11cdfb1d856bd9e\",\"name\":\"elpuucnoticias\",\"image\":{\"@type\":\"ImageObject\",\"@id\":\"https:\/\/elpuucnoticias.com\/#personlogo\",\"inLanguage\":\"es\",\"url\":\"https:\/\/secure.gravatar.com\/avatar\/5290a43657c74ffa15701dbe5b846bd85cc71930d803c84e91046a7333de6ce2?s=96&d=mm&r=g\",\"contentUrl\":\"https:\/\/secure.gravatar.com\/avatar\/5290a43657c74ffa15701dbe5b846bd85cc71930d803c84e91046a7333de6ce2?s=96&d=mm&r=g\",\"caption\":\"elpuucnoticias\"},\"sameAs\":[\"https:\/\/elpuucnoticias.com\"],\"url\":\"https:\/\/elpuucnoticias.com\/?author=1\"}]}<\/script>\n<!-- \/ Yoast SEO plugin. -->","yoast_head_json":{"title":"Ticul da el \u00faltimo adi\u00f3s a don Evelio Bah G\u00f3ngora, propietario de la Panader\u00eda El Sagrado Coraz\u00f3n de Jes\u00fas, del barrio de San Juan - El Puuc Noticias","robots":{"index":"index","follow":"follow","max-snippet":"max-snippet:-1","max-image-preview":"max-image-preview:large","max-video-preview":"max-video-preview:-1"},"canonical":"https:\/\/elpuucnoticias.com\/?p=9798","og_locale":"es_ES","og_type":"article","og_title":"Ticul da el \u00faltimo adi\u00f3s a don Evelio Bah G\u00f3ngora, propietario de la Panader\u00eda El Sagrado Coraz\u00f3n de Jes\u00fas, del barrio de San Juan - El Puuc Noticias","og_description":"Este mi\u00e9rcoles, Ticul dio el \u00faltimo adi\u00f3s a don Evelio Bah G\u00f3ngora, quien desde los 12 a\u00f1os de","og_url":"https:\/\/elpuucnoticias.com\/?p=9798","og_site_name":"El Puuc Noticias","article_published_time":"2023-10-04T22:54:48+00:00","article_modified_time":"2023-10-04T22:54:50+00:00","og_image":[{"width":1600,"height":1122,"url":"https:\/\/elpuucnoticias.com\/wp-content\/uploads\/2023\/10\/384547531_1377595309502175_1393334933852610986_n.jpg","type":"image\/jpeg"}],"twitter_card":"summary_large_image","twitter_misc":{"Escrito por":"elpuucnoticias","Tiempo de lectura":"2 minutos"},"schema":{"@context":"https:\/\/schema.org","@graph":[{"@type":"WebSite","@id":"https:\/\/elpuucnoticias.com\/#website","url":"https:\/\/elpuucnoticias.com\/","name":"El Puuc Noticias","description":"Noticias - Entretenimiento - Deportes","potentialAction":[{"@type":"SearchAction","target":{"@type":"EntryPoint","urlTemplate":"https:\/\/elpuucnoticias.com\/?s={search_term_string}"},"query-input":"required name=search_term_string"}],"inLanguage":"es"},{"@type":"ImageObject","@id":"https:\/\/elpuucnoticias.com\/?p=9798#primaryimage","inLanguage":"es","url":"https:\/\/elpuucnoticias.com\/wp-content\/uploads\/2023\/10\/384547531_1377595309502175_1393334933852610986_n.jpg","contentUrl":"https:\/\/elpuucnoticias.com\/wp-content\/uploads\/2023\/10\/384547531_1377595309502175_1393334933852610986_n.jpg","width":1600,"height":1122},{"@type":"WebPage","@id":"https:\/\/elpuucnoticias.com\/?p=9798#webpage","url":"https:\/\/elpuucnoticias.com\/?p=9798","name":"Ticul da el \u00faltimo adi\u00f3s a don Evelio Bah G\u00f3ngora, propietario de la Panader\u00eda El Sagrado Coraz\u00f3n de Jes\u00fas, del barrio de San Juan - El Puuc Noticias","isPartOf":{"@id":"https:\/\/elpuucnoticias.com\/#website"},"primaryImageOfPage":{"@id":"https:\/\/elpuucnoticias.com\/?p=9798#primaryimage"},"datePublished":"2023-10-04T22:54:48+00:00","dateModified":"2023-10-04T22:54:50+00:00","author":{"@id":"https:\/\/elpuucnoticias.com\/#\/schema\/person\/d2ea09e4c97f0160b11cdfb1d856bd9e"},"breadcrumb":{"@id":"https:\/\/elpuucnoticias.com\/?p=9798#breadcrumb"},"inLanguage":"es","potentialAction":[{"@type":"ReadAction","target":["https:\/\/elpuucnoticias.com\/?p=9798"]}]},{"@type":"BreadcrumbList","@id":"https:\/\/elpuucnoticias.com\/?p=9798#breadcrumb","itemListElement":[{"@type":"ListItem","position":1,"name":"Portada","item":"https:\/\/elpuucnoticias.com\/"},{"@type":"ListItem","position":2,"name":"Ticul da el \u00faltimo adi\u00f3s a don Evelio Bah G\u00f3ngora, propietario de la Panader\u00eda El Sagrado Coraz\u00f3n de Jes\u00fas, del barrio de San Juan"}]},{"@type":"Person","@id":"https:\/\/elpuucnoticias.com\/#\/schema\/person\/d2ea09e4c97f0160b11cdfb1d856bd9e","name":"elpuucnoticias","image":{"@type":"ImageObject","@id":"https:\/\/elpuucnoticias.com\/#personlogo","inLanguage":"es","url":"https:\/\/secure.gravatar.com\/avatar\/5290a43657c74ffa15701dbe5b846bd85cc71930d803c84e91046a7333de6ce2?s=96&d=mm&r=g","contentUrl":"https:\/\/secure.gravatar.com\/avatar\/5290a43657c74ffa15701dbe5b846bd85cc71930d803c84e91046a7333de6ce2?s=96&d=mm&r=g","caption":"elpuucnoticias"},"sameAs":["https:\/\/elpuucnoticias.com"],"url":"https:\/\/elpuucnoticias.com\/?author=1"}]}},"_links":{"self":[{"href":"https:\/\/elpuucnoticias.com\/index.php?rest_route=\/wp\/v2\/posts\/9798","targetHints":{"allow":["GET"]}}],"collection":[{"href":"https:\/\/elpuucnoticias.com\/index.php?rest_route=\/wp\/v2\/posts"}],"about":[{"href":"https:\/\/elpuucnoticias.com\/index.php?rest_route=\/wp\/v2\/types\/post"}],"author":[{"embeddable":true,"href":"https:\/\/elpuucnoticias.com\/index.php?rest_route=\/wp\/v2\/users\/1"}],"replies":[{"embeddable":true,"href":"https:\/\/elpuucnoticias.com\/index.php?rest_route=%2Fwp%2Fv2%2Fcomments&post=9798"}],"version-history":[{"count":1,"href":"https:\/\/elpuucnoticias.com\/index.php?rest_route=\/wp\/v2\/posts\/9798\/revisions"}],"predecessor-version":[{"id":9802,"href":"https:\/\/elpuucnoticias.com\/index.php?rest_route=\/wp\/v2\/posts\/9798\/revisions\/9802"}],"wp:featuredmedia":[{"embeddable":true,"href":"https:\/\/elpuucnoticias.com\/index.php?rest_route=\/wp\/v2\/media\/9799"}],"wp:attachment":[{"href":"https:\/\/elpuucnoticias.com\/index.php?rest_route=%2Fwp%2Fv2%2Fmedia&parent=9798"}],"wp:term":[{"taxonomy":"category","embeddable":true,"href":"https:\/\/elpuucnoticias.com\/index.php?rest_route=%2Fwp%2Fv2%2Fcategories&post=9798"},{"taxonomy":"post_tag","embeddable":true,"href":"https:\/\/elpuucnoticias.com\/index.php?rest_route=%2Fwp%2Fv2%2Ftags&post=9798"}],"curies":[{"name":"wp","href":"https:\/\/api.w.org\/{rel}","templated":true}]}}