{"id":988,"date":"2022-04-11T02:29:42","date_gmt":"2022-04-11T08:29:42","guid":{"rendered":"https:\/\/elpuucnoticias.com\/?p=988"},"modified":"2022-04-11T02:29:42","modified_gmt":"2022-04-11T08:29:42","slug":"alcalde-de-oxkutzcab-insta-a-jovenes-a-continuar-sus-estudios-y-cursar-una-carrera-profesional","status":"publish","type":"post","link":"https:\/\/elpuucnoticias.com\/?p=988","title":{"rendered":"Alcalde de Oxkutzcab insta a j\u00f3venes a continuar sus estudios y cursar una carrera profesional"},"content":{"rendered":"\n<p>Con \u00e9xito se realiz\u00f3 en Oxkutzcab una Feria Vocacional que en su inauguraci\u00f3n el alcalde, Juan Jos\u00e9 Mart\u00edn Fragoso, se\u00f1al\u00f3 que es muy importante que los j\u00f3venes sepan elegir su carrera profesional.<\/p>\n\n\n\n<p>Al dar la bienvenida, el funcionario agradeci\u00f3 a la participaci\u00f3n de los j\u00f3venes en la feria y les pidi\u00f3 que pidan opiniones, a sus padres, amigos y maestros, a fin de poder tomar una mejor decisi\u00f3n.<\/p>\n\n\n\n<figure class=\"wp-block-gallery has-nested-images columns-default is-cropped wp-block-gallery-1 is-layout-flex wp-block-gallery-is-layout-flex\">\n<figure class=\"wp-block-image size-large\"><img loading=\"lazy\" decoding=\"async\" width=\"1024\" height=\"819\" data-id=\"990\" src=\"https:\/\/elpuucnoticias.com\/wp-content\/uploads\/2022\/04\/Feria09-1024x819.jpg\" alt=\"\" class=\"wp-image-990\" srcset=\"https:\/\/elpuucnoticias.com\/wp-content\/uploads\/2022\/04\/Feria09-1024x819.jpg 1024w, https:\/\/elpuucnoticias.com\/wp-content\/uploads\/2022\/04\/Feria09-300x240.jpg 300w, https:\/\/elpuucnoticias.com\/wp-content\/uploads\/2022\/04\/Feria09-768x615.jpg 768w, https:\/\/elpuucnoticias.com\/wp-content\/uploads\/2022\/04\/Feria09.jpg 1066w\" sizes=\"auto, (max-width: 1024px) 100vw, 1024px\" \/><\/figure>\n\n\n\n<figure class=\"wp-block-image size-large\"><img loading=\"lazy\" decoding=\"async\" width=\"1024\" height=\"819\" data-id=\"991\" src=\"https:\/\/elpuucnoticias.com\/wp-content\/uploads\/2022\/04\/Feria04-1024x819.jpg\" alt=\"\" class=\"wp-image-991\" srcset=\"https:\/\/elpuucnoticias.com\/wp-content\/uploads\/2022\/04\/Feria04-1024x819.jpg 1024w, https:\/\/elpuucnoticias.com\/wp-content\/uploads\/2022\/04\/Feria04-300x240.jpg 300w, https:\/\/elpuucnoticias.com\/wp-content\/uploads\/2022\/04\/Feria04-768x615.jpg 768w, https:\/\/elpuucnoticias.com\/wp-content\/uploads\/2022\/04\/Feria04.jpg 1066w\" sizes=\"auto, (max-width: 1024px) 100vw, 1024px\" \/><\/figure>\n<\/figure>\n\n\n\n<p>En su mensaje, Margarita del Rosario, regidora de Desarrollo Social, indic\u00f3 que es de suma importancia que los j\u00f3venes puedan ver \u00a0las ofertas educativas que tienen a su alcance.<\/p>\n\n\n\n<p>\u00abEn esta feria tienen la oportunidad de conocer las diferentes opciones de estudios de nivel superior que ofrecen las universidades del Sur del Estado\u00bb, refiere.<\/p>\n\n\n\n<p>Participaron planteles como el ITSSY de Oxkutzcab, CERT de Ticul, Academia de Belleza Martha de Oxkutzcab, la UTR de Tekax, el Igacem, el EuroAmericano, el Cesy, y la UT del Mayab, entre otros.<\/p>\n\n\n\n<p>La actividad fue organizada por la Direcci\u00f3n de Inclusi\u00f3n Social y la Secretar\u00eda de la Juventud, con el objetivo de que los j\u00f3venes conozcan la oferta educativa de cada universidad.\u2014 <em>El Puuc Noticias<\/em>\u00a0<\/p>\n","protected":false},"excerpt":{"rendered":"<p>Con \u00e9xito se realiz\u00f3 en Oxkutzcab una Feria Vocacional que en su inauguraci\u00f3n el alcalde, Juan Jos\u00e9 Mart\u00edn<\/p>\n","protected":false},"author":1,"featured_media":989,"comment_status":"closed","ping_status":"open","sticky":false,"template":"","format":"standard","meta":{"_monsterinsights_skip_tracking":false,"_monsterinsights_sitenote_active":false,"_monsterinsights_sitenote_note":"","_monsterinsights_sitenote_category":0,"footnotes":""},"categories":[11,14],"tags":[],"class_list":["post-988","post","type-post","status-publish","format-standard","has-post-thumbnail","hentry","category-noticias","category-oxkutzcab"],"yoast_head":"<!-- This site is optimized with the Yoast SEO plugin v18.3 - https:\/\/yoast.com\/wordpress\/plugins\/seo\/ -->\n<title>Alcalde de Oxkutzcab insta a j\u00f3venes a continuar sus estudios y cursar una carrera profesional - El Puuc Noticias<\/title>\n<meta name=\"robots\" content=\"index, follow, max-snippet:-1, max-image-preview:large, max-video-preview:-1\" \/>\n<link rel=\"canonical\" href=\"https:\/\/elpuucnoticias.com\/?p=988\" \/>\n<meta property=\"og:locale\" content=\"es_ES\" \/>\n<meta property=\"og:type\" content=\"article\" \/>\n<meta property=\"og:title\" content=\"Alcalde de Oxkutzcab insta a j\u00f3venes a continuar sus estudios y cursar una carrera profesional - El Puuc Noticias\" \/>\n<meta property=\"og:description\" content=\"Con \u00e9xito se realiz\u00f3 en Oxkutzcab una Feria Vocacional que en su inauguraci\u00f3n el alcalde, Juan Jos\u00e9 Mart\u00edn\" \/>\n<meta property=\"og:url\" content=\"https:\/\/elpuucnoticias.com\/?p=988\" \/>\n<meta property=\"og:site_name\" content=\"El Puuc Noticias\" \/>\n<meta property=\"article:published_time\" content=\"2022-04-11T08:29:42+00:00\" \/>\n<meta property=\"og:image\" content=\"https:\/\/elpuucnoticias.com\/wp-content\/uploads\/2022\/04\/Feria09-1024x819.jpg\" \/>\n<meta name=\"twitter:card\" content=\"summary_large_image\" \/>\n<meta name=\"twitter:label1\" content=\"Escrito por\" \/>\n\t<meta name=\"twitter:data1\" content=\"elpuucnoticias\" \/>\n\t<meta name=\"twitter:label2\" content=\"Tiempo de lectura\" \/>\n\t<meta name=\"twitter:data2\" content=\"1 minuto\" \/>\n<script type=\"application\/ld+json\" class=\"yoast-schema-graph\">{\"@context\":\"https:\/\/schema.org\",\"@graph\":[{\"@type\":\"WebSite\",\"@id\":\"https:\/\/elpuucnoticias.com\/#website\",\"url\":\"https:\/\/elpuucnoticias.com\/\",\"name\":\"El Puuc Noticias\",\"description\":\"Noticias - Entretenimiento - Deportes\",\"potentialAction\":[{\"@type\":\"SearchAction\",\"target\":{\"@type\":\"EntryPoint\",\"urlTemplate\":\"https:\/\/elpuucnoticias.com\/?s={search_term_string}\"},\"query-input\":\"required name=search_term_string\"}],\"inLanguage\":\"es\"},{\"@type\":\"ImageObject\",\"@id\":\"https:\/\/elpuucnoticias.com\/?p=988#primaryimage\",\"inLanguage\":\"es\",\"url\":\"https:\/\/elpuucnoticias.com\/wp-content\/uploads\/2022\/04\/Feria10.jpg\",\"contentUrl\":\"https:\/\/elpuucnoticias.com\/wp-content\/uploads\/2022\/04\/Feria10.jpg\",\"width\":1066,\"height\":853},{\"@type\":\"WebPage\",\"@id\":\"https:\/\/elpuucnoticias.com\/?p=988#webpage\",\"url\":\"https:\/\/elpuucnoticias.com\/?p=988\",\"name\":\"Alcalde de Oxkutzcab insta a j\u00f3venes a continuar sus estudios y cursar una carrera profesional - El Puuc Noticias\",\"isPartOf\":{\"@id\":\"https:\/\/elpuucnoticias.com\/#website\"},\"primaryImageOfPage\":{\"@id\":\"https:\/\/elpuucnoticias.com\/?p=988#primaryimage\"},\"datePublished\":\"2022-04-11T08:29:42+00:00\",\"dateModified\":\"2022-04-11T08:29:42+00:00\",\"author\":{\"@id\":\"https:\/\/elpuucnoticias.com\/#\/schema\/person\/d2ea09e4c97f0160b11cdfb1d856bd9e\"},\"breadcrumb\":{\"@id\":\"https:\/\/elpuucnoticias.com\/?p=988#breadcrumb\"},\"inLanguage\":\"es\",\"potentialAction\":[{\"@type\":\"ReadAction\",\"target\":[\"https:\/\/elpuucnoticias.com\/?p=988\"]}]},{\"@type\":\"BreadcrumbList\",\"@id\":\"https:\/\/elpuucnoticias.com\/?p=988#breadcrumb\",\"itemListElement\":[{\"@type\":\"ListItem\",\"position\":1,\"name\":\"Portada\",\"item\":\"https:\/\/elpuucnoticias.com\/\"},{\"@type\":\"ListItem\",\"position\":2,\"name\":\"Alcalde de Oxkutzcab insta a j\u00f3venes a continuar sus estudios y cursar una carrera profesional\"}]},{\"@type\":\"Person\",\"@id\":\"https:\/\/elpuucnoticias.com\/#\/schema\/person\/d2ea09e4c97f0160b11cdfb1d856bd9e\",\"name\":\"elpuucnoticias\",\"image\":{\"@type\":\"ImageObject\",\"@id\":\"https:\/\/elpuucnoticias.com\/#personlogo\",\"inLanguage\":\"es\",\"url\":\"https:\/\/secure.gravatar.com\/avatar\/5290a43657c74ffa15701dbe5b846bd85cc71930d803c84e91046a7333de6ce2?s=96&d=mm&r=g\",\"contentUrl\":\"https:\/\/secure.gravatar.com\/avatar\/5290a43657c74ffa15701dbe5b846bd85cc71930d803c84e91046a7333de6ce2?s=96&d=mm&r=g\",\"caption\":\"elpuucnoticias\"},\"sameAs\":[\"https:\/\/elpuucnoticias.com\"],\"url\":\"https:\/\/elpuucnoticias.com\/?author=1\"}]}<\/script>\n<!-- \/ Yoast SEO plugin. -->","yoast_head_json":{"title":"Alcalde de Oxkutzcab insta a j\u00f3venes a continuar sus estudios y cursar una carrera profesional - El Puuc Noticias","robots":{"index":"index","follow":"follow","max-snippet":"max-snippet:-1","max-image-preview":"max-image-preview:large","max-video-preview":"max-video-preview:-1"},"canonical":"https:\/\/elpuucnoticias.com\/?p=988","og_locale":"es_ES","og_type":"article","og_title":"Alcalde de Oxkutzcab insta a j\u00f3venes a continuar sus estudios y cursar una carrera profesional - El Puuc Noticias","og_description":"Con \u00e9xito se realiz\u00f3 en Oxkutzcab una Feria Vocacional que en su inauguraci\u00f3n el alcalde, Juan Jos\u00e9 Mart\u00edn","og_url":"https:\/\/elpuucnoticias.com\/?p=988","og_site_name":"El Puuc Noticias","article_published_time":"2022-04-11T08:29:42+00:00","og_image":[{"url":"https:\/\/elpuucnoticias.com\/wp-content\/uploads\/2022\/04\/Feria09-1024x819.jpg"}],"twitter_card":"summary_large_image","twitter_misc":{"Escrito por":"elpuucnoticias","Tiempo de lectura":"1 minuto"},"schema":{"@context":"https:\/\/schema.org","@graph":[{"@type":"WebSite","@id":"https:\/\/elpuucnoticias.com\/#website","url":"https:\/\/elpuucnoticias.com\/","name":"El Puuc Noticias","description":"Noticias - Entretenimiento - Deportes","potentialAction":[{"@type":"SearchAction","target":{"@type":"EntryPoint","urlTemplate":"https:\/\/elpuucnoticias.com\/?s={search_term_string}"},"query-input":"required name=search_term_string"}],"inLanguage":"es"},{"@type":"ImageObject","@id":"https:\/\/elpuucnoticias.com\/?p=988#primaryimage","inLanguage":"es","url":"https:\/\/elpuucnoticias.com\/wp-content\/uploads\/2022\/04\/Feria10.jpg","contentUrl":"https:\/\/elpuucnoticias.com\/wp-content\/uploads\/2022\/04\/Feria10.jpg","width":1066,"height":853},{"@type":"WebPage","@id":"https:\/\/elpuucnoticias.com\/?p=988#webpage","url":"https:\/\/elpuucnoticias.com\/?p=988","name":"Alcalde de Oxkutzcab insta a j\u00f3venes a continuar sus estudios y cursar una carrera profesional - El Puuc Noticias","isPartOf":{"@id":"https:\/\/elpuucnoticias.com\/#website"},"primaryImageOfPage":{"@id":"https:\/\/elpuucnoticias.com\/?p=988#primaryimage"},"datePublished":"2022-04-11T08:29:42+00:00","dateModified":"2022-04-11T08:29:42+00:00","author":{"@id":"https:\/\/elpuucnoticias.com\/#\/schema\/person\/d2ea09e4c97f0160b11cdfb1d856bd9e"},"breadcrumb":{"@id":"https:\/\/elpuucnoticias.com\/?p=988#breadcrumb"},"inLanguage":"es","potentialAction":[{"@type":"ReadAction","target":["https:\/\/elpuucnoticias.com\/?p=988"]}]},{"@type":"BreadcrumbList","@id":"https:\/\/elpuucnoticias.com\/?p=988#breadcrumb","itemListElement":[{"@type":"ListItem","position":1,"name":"Portada","item":"https:\/\/elpuucnoticias.com\/"},{"@type":"ListItem","position":2,"name":"Alcalde de Oxkutzcab insta a j\u00f3venes a continuar sus estudios y cursar una carrera profesional"}]},{"@type":"Person","@id":"https:\/\/elpuucnoticias.com\/#\/schema\/person\/d2ea09e4c97f0160b11cdfb1d856bd9e","name":"elpuucnoticias","image":{"@type":"ImageObject","@id":"https:\/\/elpuucnoticias.com\/#personlogo","inLanguage":"es","url":"https:\/\/secure.gravatar.com\/avatar\/5290a43657c74ffa15701dbe5b846bd85cc71930d803c84e91046a7333de6ce2?s=96&d=mm&r=g","contentUrl":"https:\/\/secure.gravatar.com\/avatar\/5290a43657c74ffa15701dbe5b846bd85cc71930d803c84e91046a7333de6ce2?s=96&d=mm&r=g","caption":"elpuucnoticias"},"sameAs":["https:\/\/elpuucnoticias.com"],"url":"https:\/\/elpuucnoticias.com\/?author=1"}]}},"_links":{"self":[{"href":"https:\/\/elpuucnoticias.com\/index.php?rest_route=\/wp\/v2\/posts\/988","targetHints":{"allow":["GET"]}}],"collection":[{"href":"https:\/\/elpuucnoticias.com\/index.php?rest_route=\/wp\/v2\/posts"}],"about":[{"href":"https:\/\/elpuucnoticias.com\/index.php?rest_route=\/wp\/v2\/types\/post"}],"author":[{"embeddable":true,"href":"https:\/\/elpuucnoticias.com\/index.php?rest_route=\/wp\/v2\/users\/1"}],"replies":[{"embeddable":true,"href":"https:\/\/elpuucnoticias.com\/index.php?rest_route=%2Fwp%2Fv2%2Fcomments&post=988"}],"version-history":[{"count":1,"href":"https:\/\/elpuucnoticias.com\/index.php?rest_route=\/wp\/v2\/posts\/988\/revisions"}],"predecessor-version":[{"id":992,"href":"https:\/\/elpuucnoticias.com\/index.php?rest_route=\/wp\/v2\/posts\/988\/revisions\/992"}],"wp:featuredmedia":[{"embeddable":true,"href":"https:\/\/elpuucnoticias.com\/index.php?rest_route=\/wp\/v2\/media\/989"}],"wp:attachment":[{"href":"https:\/\/elpuucnoticias.com\/index.php?rest_route=%2Fwp%2Fv2%2Fmedia&parent=988"}],"wp:term":[{"taxonomy":"category","embeddable":true,"href":"https:\/\/elpuucnoticias.com\/index.php?rest_route=%2Fwp%2Fv2%2Fcategories&post=988"},{"taxonomy":"post_tag","embeddable":true,"href":"https:\/\/elpuucnoticias.com\/index.php?rest_route=%2Fwp%2Fv2%2Ftags&post=988"}],"curies":[{"name":"wp","href":"https:\/\/api.w.org\/{rel}","templated":true}]}}